{"id":10056,"date":"2023-07-04T19:00:21","date_gmt":"2023-07-04T17:00:21","guid":{"rendered":"https:\/\/www.studiobrancaleone.it\/news\/?p=10056"},"modified":"2023-07-06T18:25:36","modified_gmt":"2023-07-06T16:25:36","slug":"dl-lavoro-convertito-in-gazzetta","status":"publish","type":"post","link":"https:\/\/www.studiobrancaleone.it\/news\/dl-lavoro-convertito-in-gazzetta\/","title":{"rendered":"Dl lavoro convertito in Gazzetta"},"content":{"rendered":"\n<p>Pubblicata in Gazzetta la<strong> Legge 3 luglio 2023, n. 85<\/strong> di conversione del&nbsp;<strong><a href=\"https:\/\/www.studiobrancaleone.it\/news\/dl-lavoro-misure-anche-in-tema-di-sicurezza\/\">decreto lavoro&nbsp;48\/2023<\/a><\/strong>, che prevede misure anche in tema di&nbsp;<strong>salute e sicurezza nei luoghi di lavoro<\/strong>.<\/p>\n\n\n\t\t\t\t<div class=\"wp-block-uagb-table-of-contents uagb-toc__align-left uagb-toc__columns-1  uagb-block-d71e3a8d      \"\n\t\t\t\t\tdata-scroll= \"1\"\n\t\t\t\t\tdata-offset= \"30\"\n\t\t\t\t\tstyle=\"\"\n\t\t\t\t>\n\t\t\t\t<div class=\"uagb-toc__wrap\">\n\t\t\t\t\t\t<div class=\"uagb-toc__title\">\n\t\t\t\t\t\t\tDl lavoro 48\/2023 convertito\t\t\t\t\t\t<\/div>\n\t\t\t\t\t\t\t\t\t\t\t\t\t\t\t\t\t\t\t\t\t\t<div class=\"uagb-toc__list-wrap \">\n\t\t\t\t\t\t<ol class=\"uagb-toc__list\"><li class=\"uagb-toc__list\"><a href=\"#modifiche-al-dlgs-812008\" class=\"uagb-toc-link__trigger\">Modifiche al dlgs 81\/2008<\/a><li class=\"uagb-toc__list\"><a href=\"#altre-disposizioni\" class=\"uagb-toc-link__trigger\">Altre disposizioni<\/a><ul class=\"uagb-toc__list\"><li class=\"uagb-toc__list\"><a href=\"#attivit\u00e0-ispettiva\" class=\"uagb-toc-link__trigger\">Attivit\u00e0 ispettiva<\/a><li class=\"uagb-toc__list\"><li class=\"uagb-toc__list\"><a href=\"#fondo-per-i-familiari-degli-studenti-vittime-di-infortuni\" class=\"uagb-toc-link__trigger\">Fondo per i familiari degli studenti vittime di infortuni<\/a><\/li><\/ul><\/li><li class=\"uagb-toc__list\"><a href=\"#testo\" class=\"uagb-toc-link__trigger\">Testo<\/a><ul class=\"uagb-toc__list\"><li class=\"uagb-toc__list\"><a href=\"#legge3-luglio-2023-n-85\" class=\"uagb-toc-link__trigger\">LEGGE\u00a03 luglio 2023, n. 85\u00a0<\/a><li class=\"uagb-toc__list\"><li class=\"uagb-toc__list\"><a href=\"#testo-coordinato-del-decreto-legge4-maggio-2023-n-48\" class=\"uagb-toc-link__trigger\">TESTO COORDINATO DEL DECRETO-LEGGE\u00a04 maggio 2023, n. 48\u00a0<\/a><\/ul><\/ul><\/ol>\t\t\t\t\t<\/div>\n\t\t\t\t\t\t\t\t\t<\/div>\n\t\t\t\t<\/div>\n\t\t\t\n\n\n<p>La <strong>legge 85\/2023<\/strong> &#8211; in <strong>vigore il 4 luglio 2023<\/strong> e che converte il&nbsp;<strong>dl 48\/2023<\/strong> (in vigore&nbsp;dal 5 maggio 2023) &#8211; conferma al&nbsp;<strong>Capo II&nbsp;<\/strong>(artt. 14-18) le modifiche al Testo Unico di Sicurezza (dlgs 81\/2008) rafforzando le regole di sicurezza sul lavoro e di tutela contro gli infortuni, nonch\u00e9 aggiorna il sistema di controlli ispettivi, con particolare riguardo agli <strong>obblighi in capo ai datori di lavoro, lavoratori autonomi, medico competente<\/strong>.<\/p>\n\n\n\n<h2 class=\"wp-block-heading\">Modifiche al dlgs 81\/2008<\/h2>\n\n\n\n<p>L&#8217;<strong>articolo 14<\/strong>, modificato in sede di conversione, introduce alcune <strong>modifiche al dlgs n. 81\/2008<\/strong>, in materia di salute e sicurezza nei luoghi di lavoro.<\/p>\n\n\n\n<ul class=\"wp-block-list\"><\/ul>\n\n\n\n<p>In particolare, le disposizioni previste dal dl lavoro, come convertito, <strong>prevedono<\/strong>:<\/p>\n\n\n\n<ul class=\"wp-block-list\">\n<li><strong>modificato l\u2019articolo 18<\/strong> prevedendo che il datore di lavoro o il dirigente sia obbligato alla nomina del <strong>medico competente<\/strong> anche qualora richiesto a seguito della valutazione dei rischi [comma 1, lettera a)];<\/li>\n\n\n\n<li><strong>introdotto, in sede di conversione, il comma 3.2-bis all\u2019articolo 18<\/strong> disponendo che gli obblighi previsti a carico delle amministrazioni tenute alla fornitura e manutenzione degli <strong>edifici scolastici statali<\/strong> si intendono assolti con l&#8217;effettuazione della valutazione congiunta dei rischi alla quale sia seguita la programmazione degli interventi necessari nel limite delle risorse disponibili [comma 1, lettera a-bis)];<\/li>\n\n\n\n<li><strong>modificato l\u2019articolo 21<\/strong> estendendo ai <strong>lavoratori autonomi<\/strong> e ai componenti dell\u2019impresa familiare l\u2019obbligo di utilizzo di idonee opere provvisionali in conformit\u00e0 alle norme in materia di sicurezza dei lavoratori nei cantieri temporanei o mobili [comma 1, lettera b)];<\/li>\n\n\n\n<li><strong>integrato l\u2019articolo 25<\/strong> in merito agli obblighi del medico competente, prevedendo che in occasione della visita medica preventiva sia richiesta al lavoratore copia della <strong>cartella sanitaria e di rischio<\/strong> [comma 1, lettera c)];<\/li>\n\n\n\n<li><strong>integrato l\u2019articolo 37<\/strong> prevedendo che il monitoraggio dell\u2019applicazione degli accordi in materia di <strong>formazione<\/strong>, nonch\u00e9 il controllo sulle attivit\u00e0 formative, sia contenuto nell\u2019ambito dell\u2019Accordo sulla formazione in materia di sicurezza concluso in sede di Conferenza Stato-regioni [comma 1, lettera d)];<\/li>\n\n\n\n<li><strong>integrato l\u2019articolo 72<\/strong> in materia di obblighi dei <strong>noleggiatori <\/strong>e dei concedenti in uso di attrezzature di lavoro senza operatore [comma 1, lettera f)];<\/li>\n\n\n\n<li><strong>introdotto il comma 4-bis all\u2019articolo 73<\/strong> prevedendo che il datore di lavoro, che fa uso di <strong>attrezzature che richiedono conoscenze particolari<\/strong>, provveda alla relativa formazione e al relativo addestramento [comma 1, lettere g) e h)];<\/li>\n\n\n\n<li><strong>modificato, in sede di conversione, l\u2019articolo 98<\/strong> prevedendo che anche la laurea conseguita in Tecniche della prevenzione nell&#8217;ambiente e nei luoghi di lavoro costituisca il requisito per lo <strong>svolgimento dell\u2019attivit\u00e0 di coordinatore per la progettazione<\/strong> e per l&#8217;esecuzione dei lavori [comma 1, lettera h-bis)].<\/li>\n<\/ul>\n\n\n\n<h2 class=\"wp-block-heading\">Altre disposizioni<\/h2>\n\n\n\n<p>Tra le altre disposizioni in materia di sicurezza previste al Capo II, si segnalano:<\/p>\n\n\n\n<h3 class=\"wp-block-heading\">Attivit\u00e0 ispettiva<\/h3>\n\n\n\n<p><strong>L&#8217;articolo 15<\/strong> (Rafforzamento della programmazione dell\u2019attivit\u00e0 ispettiva) prevede che, per le finalit\u00e0 ivi indicate, gli enti pubblici e privati condividano gratuitamente, anche attraverso cooperazione applicativa, le informazioni di cui dispongano con l&#8217;Ispettorato nazionale del lavoro (INL), con conseguente messa a disposizione delle stesse anche in favore del Corpo della Guardia di finanza.<\/p>\n\n\n\n<h3 class=\"wp-block-heading\">Fondo per i familiari degli studenti vittime di infortuni<\/h3>\n\n\n\n<p><strong>L&#8217;articolo 17<\/strong> istituisce un Fondo per il riconoscimento di una misura di sostegno economico in favore dei familiari degli studenti, ivi compresi quelli universitari o dei percorsi di istruzione e formazione professionale, deceduti a seguito di infortuni occorsi, successivamente al 1\u00b0 gennaio 2018, durante le attivit\u00e0 formative.<\/p>\n\n\n\n<p>La definizione dei requisiti e dei criteri di determinazione della misura di sostegno, nonch\u00e9 delle modalit\u00e0 di accesso al Fondo, \u00e8 demandata a un decreto ministeriale. Viene poi integrata la vigente disciplina relativa ai percorsi per le competenze trasversali e per l&#8217;orientamento (PCTO).<\/p>\n\n\n\n<hr class=\"wp-block-separator has-text-color has-ast-global-color-0-color has-alpha-channel-opacity has-ast-global-color-0-background-color has-background is-style-wide\"\/>\n\n\n\n<h2 class=\"wp-block-heading\">Testo<\/h2>\n\n\n\n<h4 class=\"wp-block-heading\"><a href=\"https:\/\/www.gazzettaufficiale.it\/atto\/serie_generale\/caricaDettaglioAtto\/originario?atto.dataPubblicazioneGazzetta=2023-07-03&amp;atto.codiceRedazionale=23G00095&amp;elenco30giorni=true\" target=\"_blank\" rel=\"noreferrer noopener\">LEGGE&nbsp;3 luglio 2023, n. 85&nbsp;<\/a><\/h4>\n\n\n\n<p><em>Conversione in legge, con modificazioni, del decreto-legge 4 maggio 2023, n. 48, recante misure urgenti per l&#8217;inclusione sociale e l&#8217;accesso al mondo del lavoro.<\/em><\/p>\n\n\n\n<h4 class=\"wp-block-heading\"><a href=\"https:\/\/www.gazzettaufficiale.it\/atto\/serie_generale\/caricaDettaglioAtto\/originario?atto.dataPubblicazioneGazzetta=2023-07-03&amp;atto.codiceRedazionale=23A03800&amp;elenco30giorni=true\" target=\"_blank\" rel=\"noreferrer noopener\">TESTO COORDINATO DEL DECRETO-LEGGE&nbsp;4 maggio 2023, n. 48&nbsp;<\/a><\/h4>\n\n\n\n<p><em>Testo del decreto-legge 4 maggio 2023, n. 48 (in Gazzetta Ufficiale &#8211; Serie generale &#8211; n. 103 del 4 maggio 2023), coordinato con la legge di conversione 3 luglio 2023, n. 85 (in questa stessa Gazzetta Ufficiale, alla pag. 53), recante: \u00abMisure urgenti per l&#8217;inclusione sociale e l&#8217;accesso al mondo del lavoro.\u00bb.<\/em><\/p>\n","protected":false},"excerpt":{"rendered":"<p>Pubblicata in Gazzetta la Legge 3 luglio 2023, n. 85 di conversione del&nbsp;decreto lavoro&nbsp;48\/2023, che prevede misure anche in tema di&nbsp;salute e sicurezza nei luoghi di lavoro. La legge 85\/2023 &#8211; in vigore il 4 luglio 2023 e che converte il&nbsp;dl 48\/2023 (in vigore&nbsp;dal 5 maggio 2023) &#8211; conferma al&nbsp;Capo II&nbsp;(artt. 14-18) le modifiche al [&hellip;]<\/p>\n","protected":false},"author":1,"featured_media":0,"comment_status":"closed","ping_status":"open","sticky":false,"template":"","format":"standard","meta":{"_uag_custom_page_level_css":"","site-sidebar-layout":"default","site-content-layout":"","ast-site-content-layout":"default","site-content-style":"default","site-sidebar-style":"default","ast-global-header-display":"","ast-banner-title-visibility":"","ast-main-header-display":"","ast-hfb-above-header-display":"","ast-hfb-below-header-display":"","ast-hfb-mobile-header-display":"","site-post-title":"","ast-breadcrumbs-content":"","ast-featured-img":"","footer-sml-layout":"","ast-disable-related-posts":"","theme-transparent-header-meta":"","adv-header-id-meta":"","stick-header-meta":"","header-above-stick-meta":"","header-main-stick-meta":"","header-below-stick-meta":"","astra-migrate-meta-layouts":"default","ast-page-background-enabled":"default","ast-page-background-meta":{"desktop":{"background-color":"var(--ast-global-color-4)","background-image":"","background-repeat":"repeat","background-position":"center center","background-size":"auto","background-attachment":"scroll","background-type":"","background-media":"","overlay-type":"","overlay-color":"","overlay-opacity":"","overlay-gradient":""},"tablet":{"background-color":"","background-image":"","background-repeat":"repeat","background-position":"center center","background-size":"auto","background-attachment":"scroll","background-type":"","background-media":"","overlay-type":"","overlay-color":"","overlay-opacity":"","overlay-gradient":""},"mobile":{"background-color":"","background-image":"","background-repeat":"repeat","background-position":"center center","background-size":"auto","background-attachment":"scroll","background-type":"","background-media":"","overlay-type":"","overlay-color":"","overlay-opacity":"","overlay-gradient":""}},"ast-content-background-meta":{"desktop":{"background-color":"var(--ast-global-color-5)","background-image":"","background-repeat":"repeat","background-position":"center center","background-size":"auto","background-attachment":"scroll","background-type":"","background-media":"","overlay-type":"","overlay-color":"","overlay-opacity":"","overlay-gradient":""},"tablet":{"background-color":"var(--ast-global-color-5)","background-image":"","background-repeat":"repeat","background-position":"center center","background-size":"auto","background-attachment":"scroll","background-type":"","background-media":"","overlay-type":"","overlay-color":"","overlay-opacity":"","overlay-gradient":""},"mobile":{"background-color":"var(--ast-global-color-5)","background-image":"","background-repeat":"repeat","background-position":"center center","background-size":"auto","background-attachment":"scroll","background-type":"","background-media":"","overlay-type":"","overlay-color":"","overlay-opacity":"","overlay-gradient":""}},"footnotes":""},"categories":[4],"tags":[47],"class_list":["post-10056","post","type-post","status-publish","format-standard","hentry","category-nazionali-ue","tag-sicurezza-sul-lavoro"],"yoast_head":"<!-- This site is optimized with the Yoast SEO plugin v27.5 - https:\/\/yoast.com\/product\/yoast-seo-wordpress\/ -->\r\n<title>Dl lavoro convertito in Gazzetta &#060; Studio Brancaleone<\/title>\r\n<meta name=\"description\" content=\"Pubblicata in Gazzetta la Legge 85\/2023 che converte il\u00a0dl\u00a048\/2023 che prevede norme anche in tema di\u00a0salute e sicurezza nei luoghi di lavoro.\" \/>\r\n<meta name=\"robots\" content=\"index, follow, max-snippet:-1, max-image-preview:large, max-video-preview:-1\" \/>\r\n<link rel=\"canonical\" href=\"https:\/\/www.studiobrancaleone.it\/news\/dl-lavoro-convertito-in-gazzetta\/\" \/>\r\n<meta property=\"og:locale\" content=\"it_IT\" \/>\r\n<meta property=\"og:type\" content=\"article\" \/>\r\n<meta property=\"og:title\" content=\"Dl lavoro convertito in Gazzetta &#060; Studio Brancaleone\" \/>\r\n<meta property=\"og:description\" content=\"Pubblicata in Gazzetta la Legge 85\/2023 che converte il\u00a0dl\u00a048\/2023 che prevede norme anche in tema di\u00a0salute e sicurezza nei luoghi di lavoro.\" \/>\r\n<meta property=\"og:url\" content=\"https:\/\/www.studiobrancaleone.it\/news\/dl-lavoro-convertito-in-gazzetta\/\" \/>\r\n<meta property=\"og:site_name\" content=\"Studio Brancaleone\" \/>\r\n<meta property=\"article:published_time\" content=\"2023-07-04T17:00:21+00:00\" \/>\r\n<meta property=\"article:modified_time\" content=\"2023-07-06T16:25:36+00:00\" \/>\r\n<meta name=\"author\" content=\"Giorgio Ferrari\" \/>\r\n<meta name=\"twitter:card\" content=\"summary_large_image\" \/>\r\n<meta name=\"twitter:label1\" content=\"Scritto da\" \/>\n\t<meta name=\"twitter:data1\" content=\"Giorgio Ferrari\" \/>\n\t<meta name=\"twitter:label2\" content=\"Tempo di lettura stimato\" \/>\n\t<meta name=\"twitter:data2\" content=\"4 minuti\" \/>\r\n<script type=\"application\/ld+json\" class=\"yoast-schema-graph\">{\"@context\":\"https:\\\/\\\/schema.org\",\"@graph\":[{\"@type\":\"Article\",\"@id\":\"https:\\\/\\\/www.studiobrancaleone.it\\\/news\\\/dl-lavoro-convertito-in-gazzetta\\\/#article\",\"isPartOf\":{\"@id\":\"https:\\\/\\\/www.studiobrancaleone.it\\\/news\\\/dl-lavoro-convertito-in-gazzetta\\\/\"},\"author\":{\"name\":\"Giorgio Ferrari\",\"@id\":\"https:\\\/\\\/www.studiobrancaleone.it\\\/news\\\/#\\\/schema\\\/person\\\/da5920864810e22fb65389a0a5cff7e3\"},\"headline\":\"Dl lavoro convertito in Gazzetta\",\"datePublished\":\"2023-07-04T17:00:21+00:00\",\"dateModified\":\"2023-07-06T16:25:36+00:00\",\"mainEntityOfPage\":{\"@id\":\"https:\\\/\\\/www.studiobrancaleone.it\\\/news\\\/dl-lavoro-convertito-in-gazzetta\\\/\"},\"wordCount\":694,\"publisher\":{\"@id\":\"https:\\\/\\\/www.studiobrancaleone.it\\\/news\\\/#organization\"},\"keywords\":[\"Sicurezza sul lavoro\"],\"articleSection\":[\"Nazionali\\\/Ue\"],\"inLanguage\":\"it-IT\"},{\"@type\":\"WebPage\",\"@id\":\"https:\\\/\\\/www.studiobrancaleone.it\\\/news\\\/dl-lavoro-convertito-in-gazzetta\\\/\",\"url\":\"https:\\\/\\\/www.studiobrancaleone.it\\\/news\\\/dl-lavoro-convertito-in-gazzetta\\\/\",\"name\":\"Dl lavoro convertito in Gazzetta &#060; Studio Brancaleone\",\"isPartOf\":{\"@id\":\"https:\\\/\\\/www.studiobrancaleone.it\\\/news\\\/#website\"},\"datePublished\":\"2023-07-04T17:00:21+00:00\",\"dateModified\":\"2023-07-06T16:25:36+00:00\",\"description\":\"Pubblicata in Gazzetta la Legge 85\\\/2023 che converte il\u00a0dl\u00a048\\\/2023 che prevede norme anche in tema di\u00a0salute e sicurezza nei luoghi di lavoro.\",\"breadcrumb\":{\"@id\":\"https:\\\/\\\/www.studiobrancaleone.it\\\/news\\\/dl-lavoro-convertito-in-gazzetta\\\/#breadcrumb\"},\"inLanguage\":\"it-IT\",\"potentialAction\":[{\"@type\":\"ReadAction\",\"target\":[\"https:\\\/\\\/www.studiobrancaleone.it\\\/news\\\/dl-lavoro-convertito-in-gazzetta\\\/\"]}]},{\"@type\":\"BreadcrumbList\",\"@id\":\"https:\\\/\\\/www.studiobrancaleone.it\\\/news\\\/dl-lavoro-convertito-in-gazzetta\\\/#breadcrumb\",\"itemListElement\":[{\"@type\":\"ListItem\",\"position\":1,\"name\":\"Home\",\"item\":\"https:\\\/\\\/www.studiobrancaleone.it\\\/news\\\/\"},{\"@type\":\"ListItem\",\"position\":2,\"name\":\"Dl lavoro convertito in Gazzetta\"}]},{\"@type\":\"WebSite\",\"@id\":\"https:\\\/\\\/www.studiobrancaleone.it\\\/news\\\/#website\",\"url\":\"https:\\\/\\\/www.studiobrancaleone.it\\\/news\\\/\",\"name\":\"Studio Brancaleone\",\"description\":\"Notizie giuridiche aggiornate regolarmente\",\"publisher\":{\"@id\":\"https:\\\/\\\/www.studiobrancaleone.it\\\/news\\\/#organization\"},\"potentialAction\":[{\"@type\":\"SearchAction\",\"target\":{\"@type\":\"EntryPoint\",\"urlTemplate\":\"https:\\\/\\\/www.studiobrancaleone.it\\\/news\\\/?s={search_term_string}\"},\"query-input\":{\"@type\":\"PropertyValueSpecification\",\"valueRequired\":true,\"valueName\":\"search_term_string\"}}],\"inLanguage\":\"it-IT\"},{\"@type\":\"Organization\",\"@id\":\"https:\\\/\\\/www.studiobrancaleone.it\\\/news\\\/#organization\",\"name\":\"Studio Brancaleone\",\"url\":\"https:\\\/\\\/www.studiobrancaleone.it\\\/news\\\/\",\"logo\":{\"@type\":\"ImageObject\",\"inLanguage\":\"it-IT\",\"@id\":\"https:\\\/\\\/www.studiobrancaleone.it\\\/news\\\/#\\\/schema\\\/logo\\\/image\\\/\",\"url\":\"https:\\\/\\\/www.studiobrancaleone.it\\\/news\\\/wp-content\\\/uploads\\\/2025\\\/02\\\/Testata-sito-scaled.webp\",\"contentUrl\":\"https:\\\/\\\/www.studiobrancaleone.it\\\/news\\\/wp-content\\\/uploads\\\/2025\\\/02\\\/Testata-sito-scaled.webp\",\"width\":2560,\"height\":481,\"caption\":\"Studio Brancaleone\"},\"image\":{\"@id\":\"https:\\\/\\\/www.studiobrancaleone.it\\\/news\\\/#\\\/schema\\\/logo\\\/image\\\/\"}},{\"@type\":\"Person\",\"@id\":\"https:\\\/\\\/www.studiobrancaleone.it\\\/news\\\/#\\\/schema\\\/person\\\/da5920864810e22fb65389a0a5cff7e3\",\"name\":\"Giorgio Ferrari\",\"image\":{\"@type\":\"ImageObject\",\"inLanguage\":\"it-IT\",\"@id\":\"https:\\\/\\\/secure.gravatar.com\\\/avatar\\\/e5a8c666e3c03788ccd80843664b7c6eb2fb548eb37bb5cd6598134bf5d56ae1?s=96&d=mm&r=g\",\"url\":\"https:\\\/\\\/secure.gravatar.com\\\/avatar\\\/e5a8c666e3c03788ccd80843664b7c6eb2fb548eb37bb5cd6598134bf5d56ae1?s=96&d=mm&r=g\",\"contentUrl\":\"https:\\\/\\\/secure.gravatar.com\\\/avatar\\\/e5a8c666e3c03788ccd80843664b7c6eb2fb548eb37bb5cd6598134bf5d56ae1?s=96&d=mm&r=g\",\"caption\":\"Giorgio Ferrari\"},\"sameAs\":[\"https:\\\/\\\/www.studiobrancaleone.it\\\/news\"],\"url\":\"https:\\\/\\\/www.studiobrancaleone.it\\\/news\\\/author\\\/giorfer\\\/\"}]}<\/script>\r\n<!-- \/ Yoast SEO plugin. -->","yoast_head_json":{"title":"Dl lavoro convertito in Gazzetta &#060; Studio Brancaleone","description":"Pubblicata in Gazzetta la Legge 85\/2023 che converte il\u00a0dl\u00a048\/2023 che prevede norme anche in tema di\u00a0salute e sicurezza nei luoghi di lavoro.","robots":{"index":"index","follow":"follow","max-snippet":"max-snippet:-1","max-image-preview":"max-image-preview:large","max-video-preview":"max-video-preview:-1"},"canonical":"https:\/\/www.studiobrancaleone.it\/news\/dl-lavoro-convertito-in-gazzetta\/","og_locale":"it_IT","og_type":"article","og_title":"Dl lavoro convertito in Gazzetta &#060; Studio Brancaleone","og_description":"Pubblicata in Gazzetta la Legge 85\/2023 che converte il\u00a0dl\u00a048\/2023 che prevede norme anche in tema di\u00a0salute e sicurezza nei luoghi di lavoro.","og_url":"https:\/\/www.studiobrancaleone.it\/news\/dl-lavoro-convertito-in-gazzetta\/","og_site_name":"Studio Brancaleone","article_published_time":"2023-07-04T17:00:21+00:00","article_modified_time":"2023-07-06T16:25:36+00:00","author":"Giorgio Ferrari","twitter_card":"summary_large_image","twitter_misc":{"Scritto da":"Giorgio Ferrari","Tempo di lettura stimato":"4 minuti"},"schema":{"@context":"https:\/\/schema.org","@graph":[{"@type":"Article","@id":"https:\/\/www.studiobrancaleone.it\/news\/dl-lavoro-convertito-in-gazzetta\/#article","isPartOf":{"@id":"https:\/\/www.studiobrancaleone.it\/news\/dl-lavoro-convertito-in-gazzetta\/"},"author":{"name":"Giorgio Ferrari","@id":"https:\/\/www.studiobrancaleone.it\/news\/#\/schema\/person\/da5920864810e22fb65389a0a5cff7e3"},"headline":"Dl lavoro convertito in Gazzetta","datePublished":"2023-07-04T17:00:21+00:00","dateModified":"2023-07-06T16:25:36+00:00","mainEntityOfPage":{"@id":"https:\/\/www.studiobrancaleone.it\/news\/dl-lavoro-convertito-in-gazzetta\/"},"wordCount":694,"publisher":{"@id":"https:\/\/www.studiobrancaleone.it\/news\/#organization"},"keywords":["Sicurezza sul lavoro"],"articleSection":["Nazionali\/Ue"],"inLanguage":"it-IT"},{"@type":"WebPage","@id":"https:\/\/www.studiobrancaleone.it\/news\/dl-lavoro-convertito-in-gazzetta\/","url":"https:\/\/www.studiobrancaleone.it\/news\/dl-lavoro-convertito-in-gazzetta\/","name":"Dl lavoro convertito in Gazzetta &#060; Studio Brancaleone","isPartOf":{"@id":"https:\/\/www.studiobrancaleone.it\/news\/#website"},"datePublished":"2023-07-04T17:00:21+00:00","dateModified":"2023-07-06T16:25:36+00:00","description":"Pubblicata in Gazzetta la Legge 85\/2023 che converte il\u00a0dl\u00a048\/2023 che prevede norme anche in tema di\u00a0salute e sicurezza nei luoghi di lavoro.","breadcrumb":{"@id":"https:\/\/www.studiobrancaleone.it\/news\/dl-lavoro-convertito-in-gazzetta\/#breadcrumb"},"inLanguage":"it-IT","potentialAction":[{"@type":"ReadAction","target":["https:\/\/www.studiobrancaleone.it\/news\/dl-lavoro-convertito-in-gazzetta\/"]}]},{"@type":"BreadcrumbList","@id":"https:\/\/www.studiobrancaleone.it\/news\/dl-lavoro-convertito-in-gazzetta\/#breadcrumb","itemListElement":[{"@type":"ListItem","position":1,"name":"Home","item":"https:\/\/www.studiobrancaleone.it\/news\/"},{"@type":"ListItem","position":2,"name":"Dl lavoro convertito in Gazzetta"}]},{"@type":"WebSite","@id":"https:\/\/www.studiobrancaleone.it\/news\/#website","url":"https:\/\/www.studiobrancaleone.it\/news\/","name":"Studio Brancaleone","description":"Notizie giuridiche aggiornate regolarmente","publisher":{"@id":"https:\/\/www.studiobrancaleone.it\/news\/#organization"},"potentialAction":[{"@type":"SearchAction","target":{"@type":"EntryPoint","urlTemplate":"https:\/\/www.studiobrancaleone.it\/news\/?s={search_term_string}"},"query-input":{"@type":"PropertyValueSpecification","valueRequired":true,"valueName":"search_term_string"}}],"inLanguage":"it-IT"},{"@type":"Organization","@id":"https:\/\/www.studiobrancaleone.it\/news\/#organization","name":"Studio Brancaleone","url":"https:\/\/www.studiobrancaleone.it\/news\/","logo":{"@type":"ImageObject","inLanguage":"it-IT","@id":"https:\/\/www.studiobrancaleone.it\/news\/#\/schema\/logo\/image\/","url":"https:\/\/www.studiobrancaleone.it\/news\/wp-content\/uploads\/2025\/02\/Testata-sito-scaled.webp","contentUrl":"https:\/\/www.studiobrancaleone.it\/news\/wp-content\/uploads\/2025\/02\/Testata-sito-scaled.webp","width":2560,"height":481,"caption":"Studio Brancaleone"},"image":{"@id":"https:\/\/www.studiobrancaleone.it\/news\/#\/schema\/logo\/image\/"}},{"@type":"Person","@id":"https:\/\/www.studiobrancaleone.it\/news\/#\/schema\/person\/da5920864810e22fb65389a0a5cff7e3","name":"Giorgio Ferrari","image":{"@type":"ImageObject","inLanguage":"it-IT","@id":"https:\/\/secure.gravatar.com\/avatar\/e5a8c666e3c03788ccd80843664b7c6eb2fb548eb37bb5cd6598134bf5d56ae1?s=96&d=mm&r=g","url":"https:\/\/secure.gravatar.com\/avatar\/e5a8c666e3c03788ccd80843664b7c6eb2fb548eb37bb5cd6598134bf5d56ae1?s=96&d=mm&r=g","contentUrl":"https:\/\/secure.gravatar.com\/avatar\/e5a8c666e3c03788ccd80843664b7c6eb2fb548eb37bb5cd6598134bf5d56ae1?s=96&d=mm&r=g","caption":"Giorgio Ferrari"},"sameAs":["https:\/\/www.studiobrancaleone.it\/news"],"url":"https:\/\/www.studiobrancaleone.it\/news\/author\/giorfer\/"}]}},"uagb_featured_image_src":{"full":false,"thumbnail":false,"medium":false,"medium_large":false,"large":false,"1536x1536":false,"2048x2048":false},"uagb_author_info":{"display_name":"Giorgio Ferrari","author_link":"https:\/\/www.studiobrancaleone.it\/news\/author\/giorfer\/"},"uagb_comment_info":0,"uagb_excerpt":"Pubblicata in Gazzetta la Legge 3 luglio 2023, n. 85 di conversione del&nbsp;decreto lavoro&nbsp;48\/2023, che prevede misure anche in tema di&nbsp;salute e sicurezza nei luoghi di lavoro. La legge 85\/2023 &#8211; in vigore il 4 luglio 2023 e che converte il&nbsp;dl 48\/2023 (in vigore&nbsp;dal 5 maggio 2023) &#8211; conferma al&nbsp;Capo II&nbsp;(artt. 14-18) le modifiche al&hellip;","_links":{"self":[{"href":"https:\/\/www.studiobrancaleone.it\/news\/wp-json\/wp\/v2\/posts\/10056","targetHints":{"allow":["GET"]}}],"collection":[{"href":"https:\/\/www.studiobrancaleone.it\/news\/wp-json\/wp\/v2\/posts"}],"about":[{"href":"https:\/\/www.studiobrancaleone.it\/news\/wp-json\/wp\/v2\/types\/post"}],"author":[{"embeddable":true,"href":"https:\/\/www.studiobrancaleone.it\/news\/wp-json\/wp\/v2\/users\/1"}],"replies":[{"embeddable":true,"href":"https:\/\/www.studiobrancaleone.it\/news\/wp-json\/wp\/v2\/comments?post=10056"}],"version-history":[{"count":0,"href":"https:\/\/www.studiobrancaleone.it\/news\/wp-json\/wp\/v2\/posts\/10056\/revisions"}],"wp:attachment":[{"href":"https:\/\/www.studiobrancaleone.it\/news\/wp-json\/wp\/v2\/media?parent=10056"}],"wp:term":[{"taxonomy":"category","embeddable":true,"href":"https:\/\/www.studiobrancaleone.it\/news\/wp-json\/wp\/v2\/categories?post=10056"},{"taxonomy":"post_tag","embeddable":true,"href":"https:\/\/www.studiobrancaleone.it\/news\/wp-json\/wp\/v2\/tags?post=10056"}],"curies":[{"name":"wp","href":"https:\/\/api.w.org\/{rel}","templated":true}]}}