{"id":10222,"date":"2023-07-17T12:31:20","date_gmt":"2023-07-17T10:31:20","guid":{"rendered":"https:\/\/www.studiobrancaleone.it\/news\/?p=10222"},"modified":"2023-07-17T12:31:25","modified_gmt":"2023-07-17T10:31:25","slug":"emilia-romagna-portale-regolazione-prelievi-idrici","status":"publish","type":"post","link":"https:\/\/www.studiobrancaleone.it\/news\/emilia-romagna-portale-regolazione-prelievi-idrici\/","title":{"rendered":"Emilia-Romagna, portale regolazione prelievi idrici"},"content":{"rendered":"\n<p>La regione Emilia-Romagna comunica la messa online del <strong>portale per regolare i prelievi in caso di scarsit\u00e0 idrica<\/strong>.<\/p>\n\n\n\n<p>Il portale, che<strong> rimarr\u00e0 online dal 15 luglio\u00a0fino al 31 ottobre 2023<\/strong>,\u00a0\u00e8 stato realizzato da Arpae per regolare i prelievi nel periodo estivo in Emilia-Romagna ed \u00e8 pensato per fornire a cittadini e gestori un\u2019informazione immediata, chiara e trasparente sullo stato idrologico dei corsi d\u2019acqua.<\/p>\n\n\n\n<h2 class=\"wp-block-heading\">Funzionamento portale<\/h2>\n\n\n\n<p>Il sistema <strong>mostra su mappa lo stato idrologico<\/strong>, misurato in alcune sezioni significative dei bacini della regione, rispetto al deflusso minimo vitale (Dmv) e rende immediatamente evidente, tramite una scala cromatica, la possibilit\u00e0 o meno di effettuare prelievi dal corpo idrico. <\/p>\n\n\n\n<p><em>Per <strong>deflusso minimo vitale <\/strong>(DMV) si intende la quantit\u00e0 minima di acqua che contribuisce a garantire la salvaguardia delle caratteristiche fisiche e chimico-fisiche dei corsi d\u2019acqua e dei fiumi e il raggiungimento degli obiettivi di qualit\u00e0 delle acque definiti in maniera univoca per tutti i Paesi della Unione europea dalla Direttiva Quadro sulle acque, nonch\u00e9 il mantenimento delle biocenosi tipiche delle condizioni naturali locali.<\/em><\/p>\n\n\n\n<p>Il divieto di prelievo idrico dai corpi idrici superficiali, ricompresi in un determinato bacino, entra in vigore quando lo stato idrologico dei corsi d\u2019acqua \u00e8 segnalato dalla cartografia del portale al di sotto del Dmv. Tale valore deve essere rispettato a valle del prelievo.<\/p>\n\n\n\n<p>Sulla mappa,\u00a0<strong>si utilizza un codice comunicativo semaforico<\/strong>: <\/p>\n\n\n\n<ul class=\"wp-block-list\">\n<li>in\u00a0<strong>rosso<\/strong>\u00a0sono rappresentate le aree con deflusso inferiore al Dmv nelle quali \u00e8 in atto il divieto di prelievo dal corpo idrico. In\u00a0<strong>verde<\/strong>\u00a0le aree nelle quali si pu\u00f2 prelevare liberamente;<\/li>\n\n\n\n<li>in\u00a0<strong>giallo<\/strong>\u00a0sono evidenziate le aree il cui deflusso \u00e8 in prossimit\u00e0 al Dmv ed \u00e8 prescritta per le grandi derivazioni irrigue una modulazione del prelievo in riduzione. <\/li>\n<\/ul>\n\n\n\n<p>Alcune aree non sono colorate in quanto collegate a canali per i quali non \u00e8 previsto un Dmv. Le misure di portata vengono aggiornate una volta a settimana, il marted\u00ec entro le 19. Eventuali divieti di prelievo entrano in vigore dal giorno seguente all&#8217;aggiornamento (quindi dalla mezzanotte di mercoled\u00ec) e permangono fino a nuovo aggiornamento.<\/p>\n\n\n\n<p>Il <strong>divieto di prelievo ha efficacia per i titolari di concessione di derivazione<\/strong>, di autorizzazione provvisoria e per coloro che abbiano presentato un\u2019istanza che legittima, ai sensi della normativa vigente, il prelievo nelle more della conclusione dell\u2019iter istruttorio. <\/p>\n\n\n\n<p>Il prelievo nel mancato rispetto del Dmv costituisce <strong>prelievo abusivo ed \u00e8 quindi soggetto alle sanzioni<\/strong> previste dall\u2019art.17 del R.D. n. 1775 dell\u201911 dicembre 1933. Gli utenti soggetti al divieto debbono mantenere chiuse\/disattivate le opere di presa fisse, o, in caso di pompe mobili, rimuovere dal corso d&#8217;acqua la parte terminale delle apparecchiature di prelievo, a pena della sanzione amministrativa di cui all\u2019art. 155, comma 2, della L.R. 21 aprile 1999 n. 3.<\/p>\n\n\n\n<p>I prelievi per i quali, con espresso atto regionale, sono stati definiti valori di Dmv diversi da quelli dell\u2019allegato D della D.G.R. n. 2067\/2015 devono rispettare detti valori specifici.<\/p>\n\n\n\n<h4 class=\"wp-block-heading\"><a href=\"https:\/\/www.arpae.it\/it\/autorizzazioni-e-concessioni\/stato-idrologico-dei-fiumi-e-divieti-di-prelievo\/stato-idrologico-dei-fiumi-in-emilia-romagna-e-divieti-di-prelievo\" target=\"_blank\" rel=\"noreferrer noopener\">Vai al portale<\/a><\/h4>\n\n\n\n<hr class=\"wp-block-separator has-text-color has-ast-global-color-0-color has-alpha-channel-opacity has-ast-global-color-0-background-color has-background is-style-wide\"\/>\n\n\n\n<p>Fonte: Regione Emilia-Romagna<\/p>\n\n\n\n<p>Per approfondimenti:<\/p>\n\n\n\n<h4 class=\"wp-block-heading\"><a href=\"https:\/\/apps.arpae.it\/documento\/DET2023601\" target=\"_blank\" rel=\"noreferrer noopener\">DET-2023-601 del 11\/07\/2023<\/a><\/h4>\n\n\n\n<p><em>Direzione Tecnica. Attivazione del portale di regolamentazione dei prelievi per l\u2019anno 2023.<\/em><\/p>\n","protected":false},"excerpt":{"rendered":"<p>La regione Emilia-Romagna comunica la messa online del portale per regolare i prelievi in caso di scarsit\u00e0 idrica. Il portale, che rimarr\u00e0 online dal 15 luglio\u00a0fino al 31 ottobre 2023,\u00a0\u00e8 stato realizzato da Arpae per regolare i prelievi nel periodo estivo in Emilia-Romagna ed \u00e8 pensato per fornire a cittadini e gestori un\u2019informazione immediata, chiara [&hellip;]<\/p>\n","protected":false},"author":1,"featured_media":0,"comment_status":"closed","ping_status":"open","sticky":false,"template":"","format":"standard","meta":{"_uag_custom_page_level_css":"","site-sidebar-layout":"default","site-content-layout":"","ast-site-content-layout":"default","site-content-style":"default","site-sidebar-style":"default","ast-global-header-display":"","ast-banner-title-visibility":"","ast-main-header-display":"","ast-hfb-above-header-display":"","ast-hfb-below-header-display":"","ast-hfb-mobile-header-display":"","site-post-title":"","ast-breadcrumbs-content":"","ast-featured-img":"","footer-sml-layout":"","ast-disable-related-posts":"","theme-transparent-header-meta":"","adv-header-id-meta":"","stick-header-meta":"","header-above-stick-meta":"","header-main-stick-meta":"","header-below-stick-meta":"","astra-migrate-meta-layouts":"default","ast-page-background-enabled":"default","ast-page-background-meta":{"desktop":{"background-color":"var(--ast-global-color-4)","background-image":"","background-repeat":"repeat","background-position":"center center","background-size":"auto","background-attachment":"scroll","background-type":"","background-media":"","overlay-type":"","overlay-color":"","overlay-opacity":"","overlay-gradient":""},"tablet":{"background-color":"","background-image":"","background-repeat":"repeat","background-position":"center center","background-size":"auto","background-attachment":"scroll","background-type":"","background-media":"","overlay-type":"","overlay-color":"","overlay-opacity":"","overlay-gradient":""},"mobile":{"background-color":"","background-image":"","background-repeat":"repeat","background-position":"center center","background-size":"auto","background-attachment":"scroll","background-type":"","background-media":"","overlay-type":"","overlay-color":"","overlay-opacity":"","overlay-gradient":""}},"ast-content-background-meta":{"desktop":{"background-color":"var(--ast-global-color-5)","background-image":"","background-repeat":"repeat","background-position":"center center","background-size":"auto","background-attachment":"scroll","background-type":"","background-media":"","overlay-type":"","overlay-color":"","overlay-opacity":"","overlay-gradient":""},"tablet":{"background-color":"var(--ast-global-color-5)","background-image":"","background-repeat":"repeat","background-position":"center center","background-size":"auto","background-attachment":"scroll","background-type":"","background-media":"","overlay-type":"","overlay-color":"","overlay-opacity":"","overlay-gradient":""},"mobile":{"background-color":"var(--ast-global-color-5)","background-image":"","background-repeat":"repeat","background-position":"center center","background-size":"auto","background-attachment":"scroll","background-type":"","background-media":"","overlay-type":"","overlay-color":"","overlay-opacity":"","overlay-gradient":""}},"footnotes":""},"categories":[18,8],"tags":[96],"class_list":["post-10222","post","type-post","status-publish","format-standard","hentry","category-emilia-romagna","category-regionali","tag-acque"],"yoast_head":"<!-- This site is optimized with the Yoast SEO plugin v27.4 - https:\/\/yoast.com\/product\/yoast-seo-wordpress\/ -->\r\n<title>Emilia-Romagna, portale regolazione prelievi idrici &#060; Studio Brancaleone<\/title>\r\n<meta name=\"description\" content=\"La regione Emilia-Romagna comunica la messa online del portale per regolare i prelievi in caso di scarsit\u00e0 idrica.\" \/>\r\n<meta name=\"robots\" content=\"index, follow, max-snippet:-1, max-image-preview:large, max-video-preview:-1\" \/>\r\n<link rel=\"canonical\" href=\"https:\/\/www.studiobrancaleone.it\/news\/emilia-romagna-portale-regolazione-prelievi-idrici\/\" \/>\r\n<meta property=\"og:locale\" content=\"it_IT\" \/>\r\n<meta property=\"og:type\" content=\"article\" \/>\r\n<meta property=\"og:title\" content=\"Emilia-Romagna, portale regolazione prelievi idrici &#060; Studio Brancaleone\" \/>\r\n<meta property=\"og:description\" content=\"La regione Emilia-Romagna comunica la messa online del portale per regolare i prelievi in caso di scarsit\u00e0 idrica.\" \/>\r\n<meta property=\"og:url\" content=\"https:\/\/www.studiobrancaleone.it\/news\/emilia-romagna-portale-regolazione-prelievi-idrici\/\" \/>\r\n<meta property=\"og:site_name\" content=\"Studio Brancaleone\" \/>\r\n<meta property=\"article:published_time\" content=\"2023-07-17T10:31:20+00:00\" \/>\r\n<meta property=\"article:modified_time\" content=\"2023-07-17T10:31:25+00:00\" \/>\r\n<meta name=\"author\" content=\"Giorgio Ferrari\" \/>\r\n<meta name=\"twitter:card\" content=\"summary_large_image\" \/>\r\n<meta name=\"twitter:label1\" content=\"Scritto da\" \/>\n\t<meta name=\"twitter:data1\" content=\"Giorgio Ferrari\" \/>\n\t<meta name=\"twitter:label2\" content=\"Tempo di lettura stimato\" \/>\n\t<meta name=\"twitter:data2\" content=\"3 minuti\" \/>\r\n<script type=\"application\/ld+json\" class=\"yoast-schema-graph\">{\"@context\":\"https:\\\/\\\/schema.org\",\"@graph\":[{\"@type\":\"Article\",\"@id\":\"https:\\\/\\\/www.studiobrancaleone.it\\\/news\\\/emilia-romagna-portale-regolazione-prelievi-idrici\\\/#article\",\"isPartOf\":{\"@id\":\"https:\\\/\\\/www.studiobrancaleone.it\\\/news\\\/emilia-romagna-portale-regolazione-prelievi-idrici\\\/\"},\"author\":{\"name\":\"Giorgio Ferrari\",\"@id\":\"https:\\\/\\\/www.studiobrancaleone.it\\\/news\\\/#\\\/schema\\\/person\\\/da5920864810e22fb65389a0a5cff7e3\"},\"headline\":\"Emilia-Romagna, portale regolazione prelievi idrici\",\"datePublished\":\"2023-07-17T10:31:20+00:00\",\"dateModified\":\"2023-07-17T10:31:25+00:00\",\"mainEntityOfPage\":{\"@id\":\"https:\\\/\\\/www.studiobrancaleone.it\\\/news\\\/emilia-romagna-portale-regolazione-prelievi-idrici\\\/\"},\"wordCount\":504,\"publisher\":{\"@id\":\"https:\\\/\\\/www.studiobrancaleone.it\\\/news\\\/#organization\"},\"keywords\":[\"Acque\"],\"articleSection\":[\"Emilia-Romagna\",\"Regionali\"],\"inLanguage\":\"it-IT\"},{\"@type\":\"WebPage\",\"@id\":\"https:\\\/\\\/www.studiobrancaleone.it\\\/news\\\/emilia-romagna-portale-regolazione-prelievi-idrici\\\/\",\"url\":\"https:\\\/\\\/www.studiobrancaleone.it\\\/news\\\/emilia-romagna-portale-regolazione-prelievi-idrici\\\/\",\"name\":\"Emilia-Romagna, portale regolazione prelievi idrici &#060; Studio Brancaleone\",\"isPartOf\":{\"@id\":\"https:\\\/\\\/www.studiobrancaleone.it\\\/news\\\/#website\"},\"datePublished\":\"2023-07-17T10:31:20+00:00\",\"dateModified\":\"2023-07-17T10:31:25+00:00\",\"description\":\"La regione Emilia-Romagna comunica la messa online del portale per regolare i prelievi in caso di scarsit\u00e0 idrica.\",\"breadcrumb\":{\"@id\":\"https:\\\/\\\/www.studiobrancaleone.it\\\/news\\\/emilia-romagna-portale-regolazione-prelievi-idrici\\\/#breadcrumb\"},\"inLanguage\":\"it-IT\",\"potentialAction\":[{\"@type\":\"ReadAction\",\"target\":[\"https:\\\/\\\/www.studiobrancaleone.it\\\/news\\\/emilia-romagna-portale-regolazione-prelievi-idrici\\\/\"]}]},{\"@type\":\"BreadcrumbList\",\"@id\":\"https:\\\/\\\/www.studiobrancaleone.it\\\/news\\\/emilia-romagna-portale-regolazione-prelievi-idrici\\\/#breadcrumb\",\"itemListElement\":[{\"@type\":\"ListItem\",\"position\":1,\"name\":\"Home\",\"item\":\"https:\\\/\\\/www.studiobrancaleone.it\\\/news\\\/\"},{\"@type\":\"ListItem\",\"position\":2,\"name\":\"Emilia-Romagna, portale regolazione prelievi idrici\"}]},{\"@type\":\"WebSite\",\"@id\":\"https:\\\/\\\/www.studiobrancaleone.it\\\/news\\\/#website\",\"url\":\"https:\\\/\\\/www.studiobrancaleone.it\\\/news\\\/\",\"name\":\"Studio Brancaleone\",\"description\":\"Notizie giuridiche aggiornate regolarmente\",\"publisher\":{\"@id\":\"https:\\\/\\\/www.studiobrancaleone.it\\\/news\\\/#organization\"},\"potentialAction\":[{\"@type\":\"SearchAction\",\"target\":{\"@type\":\"EntryPoint\",\"urlTemplate\":\"https:\\\/\\\/www.studiobrancaleone.it\\\/news\\\/?s={search_term_string}\"},\"query-input\":{\"@type\":\"PropertyValueSpecification\",\"valueRequired\":true,\"valueName\":\"search_term_string\"}}],\"inLanguage\":\"it-IT\"},{\"@type\":\"Organization\",\"@id\":\"https:\\\/\\\/www.studiobrancaleone.it\\\/news\\\/#organization\",\"name\":\"Studio Brancaleone\",\"url\":\"https:\\\/\\\/www.studiobrancaleone.it\\\/news\\\/\",\"logo\":{\"@type\":\"ImageObject\",\"inLanguage\":\"it-IT\",\"@id\":\"https:\\\/\\\/www.studiobrancaleone.it\\\/news\\\/#\\\/schema\\\/logo\\\/image\\\/\",\"url\":\"https:\\\/\\\/www.studiobrancaleone.it\\\/news\\\/wp-content\\\/uploads\\\/2025\\\/02\\\/Testata-sito-scaled.webp\",\"contentUrl\":\"https:\\\/\\\/www.studiobrancaleone.it\\\/news\\\/wp-content\\\/uploads\\\/2025\\\/02\\\/Testata-sito-scaled.webp\",\"width\":2560,\"height\":481,\"caption\":\"Studio Brancaleone\"},\"image\":{\"@id\":\"https:\\\/\\\/www.studiobrancaleone.it\\\/news\\\/#\\\/schema\\\/logo\\\/image\\\/\"}},{\"@type\":\"Person\",\"@id\":\"https:\\\/\\\/www.studiobrancaleone.it\\\/news\\\/#\\\/schema\\\/person\\\/da5920864810e22fb65389a0a5cff7e3\",\"name\":\"Giorgio Ferrari\",\"image\":{\"@type\":\"ImageObject\",\"inLanguage\":\"it-IT\",\"@id\":\"https:\\\/\\\/secure.gravatar.com\\\/avatar\\\/e5a8c666e3c03788ccd80843664b7c6eb2fb548eb37bb5cd6598134bf5d56ae1?s=96&d=mm&r=g\",\"url\":\"https:\\\/\\\/secure.gravatar.com\\\/avatar\\\/e5a8c666e3c03788ccd80843664b7c6eb2fb548eb37bb5cd6598134bf5d56ae1?s=96&d=mm&r=g\",\"contentUrl\":\"https:\\\/\\\/secure.gravatar.com\\\/avatar\\\/e5a8c666e3c03788ccd80843664b7c6eb2fb548eb37bb5cd6598134bf5d56ae1?s=96&d=mm&r=g\",\"caption\":\"Giorgio Ferrari\"},\"sameAs\":[\"https:\\\/\\\/www.studiobrancaleone.it\\\/news\"],\"url\":\"https:\\\/\\\/www.studiobrancaleone.it\\\/news\\\/author\\\/giorfer\\\/\"}]}<\/script>\r\n<!-- \/ Yoast SEO plugin. -->","yoast_head_json":{"title":"Emilia-Romagna, portale regolazione prelievi idrici &#060; Studio Brancaleone","description":"La regione Emilia-Romagna comunica la messa online del portale per regolare i prelievi in caso di scarsit\u00e0 idrica.","robots":{"index":"index","follow":"follow","max-snippet":"max-snippet:-1","max-image-preview":"max-image-preview:large","max-video-preview":"max-video-preview:-1"},"canonical":"https:\/\/www.studiobrancaleone.it\/news\/emilia-romagna-portale-regolazione-prelievi-idrici\/","og_locale":"it_IT","og_type":"article","og_title":"Emilia-Romagna, portale regolazione prelievi idrici &#060; Studio Brancaleone","og_description":"La regione Emilia-Romagna comunica la messa online del portale per regolare i prelievi in caso di scarsit\u00e0 idrica.","og_url":"https:\/\/www.studiobrancaleone.it\/news\/emilia-romagna-portale-regolazione-prelievi-idrici\/","og_site_name":"Studio Brancaleone","article_published_time":"2023-07-17T10:31:20+00:00","article_modified_time":"2023-07-17T10:31:25+00:00","author":"Giorgio Ferrari","twitter_card":"summary_large_image","twitter_misc":{"Scritto da":"Giorgio Ferrari","Tempo di lettura stimato":"3 minuti"},"schema":{"@context":"https:\/\/schema.org","@graph":[{"@type":"Article","@id":"https:\/\/www.studiobrancaleone.it\/news\/emilia-romagna-portale-regolazione-prelievi-idrici\/#article","isPartOf":{"@id":"https:\/\/www.studiobrancaleone.it\/news\/emilia-romagna-portale-regolazione-prelievi-idrici\/"},"author":{"name":"Giorgio Ferrari","@id":"https:\/\/www.studiobrancaleone.it\/news\/#\/schema\/person\/da5920864810e22fb65389a0a5cff7e3"},"headline":"Emilia-Romagna, portale regolazione prelievi idrici","datePublished":"2023-07-17T10:31:20+00:00","dateModified":"2023-07-17T10:31:25+00:00","mainEntityOfPage":{"@id":"https:\/\/www.studiobrancaleone.it\/news\/emilia-romagna-portale-regolazione-prelievi-idrici\/"},"wordCount":504,"publisher":{"@id":"https:\/\/www.studiobrancaleone.it\/news\/#organization"},"keywords":["Acque"],"articleSection":["Emilia-Romagna","Regionali"],"inLanguage":"it-IT"},{"@type":"WebPage","@id":"https:\/\/www.studiobrancaleone.it\/news\/emilia-romagna-portale-regolazione-prelievi-idrici\/","url":"https:\/\/www.studiobrancaleone.it\/news\/emilia-romagna-portale-regolazione-prelievi-idrici\/","name":"Emilia-Romagna, portale regolazione prelievi idrici &#060; Studio Brancaleone","isPartOf":{"@id":"https:\/\/www.studiobrancaleone.it\/news\/#website"},"datePublished":"2023-07-17T10:31:20+00:00","dateModified":"2023-07-17T10:31:25+00:00","description":"La regione Emilia-Romagna comunica la messa online del portale per regolare i prelievi in caso di scarsit\u00e0 idrica.","breadcrumb":{"@id":"https:\/\/www.studiobrancaleone.it\/news\/emilia-romagna-portale-regolazione-prelievi-idrici\/#breadcrumb"},"inLanguage":"it-IT","potentialAction":[{"@type":"ReadAction","target":["https:\/\/www.studiobrancaleone.it\/news\/emilia-romagna-portale-regolazione-prelievi-idrici\/"]}]},{"@type":"BreadcrumbList","@id":"https:\/\/www.studiobrancaleone.it\/news\/emilia-romagna-portale-regolazione-prelievi-idrici\/#breadcrumb","itemListElement":[{"@type":"ListItem","position":1,"name":"Home","item":"https:\/\/www.studiobrancaleone.it\/news\/"},{"@type":"ListItem","position":2,"name":"Emilia-Romagna, portale regolazione prelievi idrici"}]},{"@type":"WebSite","@id":"https:\/\/www.studiobrancaleone.it\/news\/#website","url":"https:\/\/www.studiobrancaleone.it\/news\/","name":"Studio Brancaleone","description":"Notizie giuridiche aggiornate regolarmente","publisher":{"@id":"https:\/\/www.studiobrancaleone.it\/news\/#organization"},"potentialAction":[{"@type":"SearchAction","target":{"@type":"EntryPoint","urlTemplate":"https:\/\/www.studiobrancaleone.it\/news\/?s={search_term_string}"},"query-input":{"@type":"PropertyValueSpecification","valueRequired":true,"valueName":"search_term_string"}}],"inLanguage":"it-IT"},{"@type":"Organization","@id":"https:\/\/www.studiobrancaleone.it\/news\/#organization","name":"Studio Brancaleone","url":"https:\/\/www.studiobrancaleone.it\/news\/","logo":{"@type":"ImageObject","inLanguage":"it-IT","@id":"https:\/\/www.studiobrancaleone.it\/news\/#\/schema\/logo\/image\/","url":"https:\/\/www.studiobrancaleone.it\/news\/wp-content\/uploads\/2025\/02\/Testata-sito-scaled.webp","contentUrl":"https:\/\/www.studiobrancaleone.it\/news\/wp-content\/uploads\/2025\/02\/Testata-sito-scaled.webp","width":2560,"height":481,"caption":"Studio Brancaleone"},"image":{"@id":"https:\/\/www.studiobrancaleone.it\/news\/#\/schema\/logo\/image\/"}},{"@type":"Person","@id":"https:\/\/www.studiobrancaleone.it\/news\/#\/schema\/person\/da5920864810e22fb65389a0a5cff7e3","name":"Giorgio Ferrari","image":{"@type":"ImageObject","inLanguage":"it-IT","@id":"https:\/\/secure.gravatar.com\/avatar\/e5a8c666e3c03788ccd80843664b7c6eb2fb548eb37bb5cd6598134bf5d56ae1?s=96&d=mm&r=g","url":"https:\/\/secure.gravatar.com\/avatar\/e5a8c666e3c03788ccd80843664b7c6eb2fb548eb37bb5cd6598134bf5d56ae1?s=96&d=mm&r=g","contentUrl":"https:\/\/secure.gravatar.com\/avatar\/e5a8c666e3c03788ccd80843664b7c6eb2fb548eb37bb5cd6598134bf5d56ae1?s=96&d=mm&r=g","caption":"Giorgio Ferrari"},"sameAs":["https:\/\/www.studiobrancaleone.it\/news"],"url":"https:\/\/www.studiobrancaleone.it\/news\/author\/giorfer\/"}]}},"uagb_featured_image_src":{"full":false,"thumbnail":false,"medium":false,"medium_large":false,"large":false,"1536x1536":false,"2048x2048":false},"uagb_author_info":{"display_name":"Giorgio Ferrari","author_link":"https:\/\/www.studiobrancaleone.it\/news\/author\/giorfer\/"},"uagb_comment_info":0,"uagb_excerpt":"La regione Emilia-Romagna comunica la messa online del portale per regolare i prelievi in caso di scarsit\u00e0 idrica. Il portale, che rimarr\u00e0 online dal 15 luglio\u00a0fino al 31 ottobre 2023,\u00a0\u00e8 stato realizzato da Arpae per regolare i prelievi nel periodo estivo in Emilia-Romagna ed \u00e8 pensato per fornire a cittadini e gestori un\u2019informazione immediata, chiara&hellip;","_links":{"self":[{"href":"https:\/\/www.studiobrancaleone.it\/news\/wp-json\/wp\/v2\/posts\/10222","targetHints":{"allow":["GET"]}}],"collection":[{"href":"https:\/\/www.studiobrancaleone.it\/news\/wp-json\/wp\/v2\/posts"}],"about":[{"href":"https:\/\/www.studiobrancaleone.it\/news\/wp-json\/wp\/v2\/types\/post"}],"author":[{"embeddable":true,"href":"https:\/\/www.studiobrancaleone.it\/news\/wp-json\/wp\/v2\/users\/1"}],"replies":[{"embeddable":true,"href":"https:\/\/www.studiobrancaleone.it\/news\/wp-json\/wp\/v2\/comments?post=10222"}],"version-history":[{"count":0,"href":"https:\/\/www.studiobrancaleone.it\/news\/wp-json\/wp\/v2\/posts\/10222\/revisions"}],"wp:attachment":[{"href":"https:\/\/www.studiobrancaleone.it\/news\/wp-json\/wp\/v2\/media?parent=10222"}],"wp:term":[{"taxonomy":"category","embeddable":true,"href":"https:\/\/www.studiobrancaleone.it\/news\/wp-json\/wp\/v2\/categories?post=10222"},{"taxonomy":"post_tag","embeddable":true,"href":"https:\/\/www.studiobrancaleone.it\/news\/wp-json\/wp\/v2\/tags?post=10222"}],"curies":[{"name":"wp","href":"https:\/\/api.w.org\/{rel}","templated":true}]}}