{"id":10238,"date":"2023-07-19T18:35:07","date_gmt":"2023-07-19T16:35:07","guid":{"rendered":"https:\/\/www.studiobrancaleone.it\/news\/?p=10238"},"modified":"2023-08-15T10:59:35","modified_gmt":"2023-08-15T08:59:35","slug":"mase-chiarimenti-chiusura-discarica","status":"publish","type":"post","link":"https:\/\/www.studiobrancaleone.it\/news\/mase-chiarimenti-chiusura-discarica\/","title":{"rendered":"Mase, chiarimenti chiusura discarica"},"content":{"rendered":"\n<p>Il Mase, in risposta ad interpello, fornisce chiarimenti in materia di <strong>chiusura\u00a0discarica<\/strong>\u00a0e di accordi interregionali per l\u2019avvio di\u00a0<strong>operazioni di recupero<\/strong>.<\/p>\n\n\n\t\t\t\t<div class=\"wp-block-uagb-table-of-contents uagb-toc__align-left uagb-toc__columns-1  uagb-block-08f68b58      \"\n\t\t\t\t\tdata-scroll= \"1\"\n\t\t\t\t\tdata-offset= \"30\"\n\t\t\t\t\tstyle=\"\"\n\t\t\t\t>\n\t\t\t\t<div class=\"uagb-toc__wrap\">\n\t\t\t\t\t\t<div class=\"uagb-toc__title\">\n\t\t\t\t\t\t\tInterpello discariche\t\t\t\t\t\t<\/div>\n\t\t\t\t\t\t\t\t\t\t\t\t\t\t\t\t\t\t\t\t\t\t<div class=\"uagb-toc__list-wrap \">\n\t\t\t\t\t\t<ol class=\"uagb-toc__list\"><li class=\"uagb-toc__list\"><a href=\"#interpello\" class=\"uagb-toc-link__trigger\">Interpello<\/a><li class=\"uagb-toc__list\"><a href=\"#risposta-mase\" class=\"uagb-toc-link__trigger\">Risposta Mase<\/a><li class=\"uagb-toc__list\"><a href=\"#testo\" class=\"uagb-toc-link__trigger\">Testo<\/a><ul class=\"uagb-toc__list\"><li class=\"uagb-toc__list\"><a href=\"#mase-interpello-13-luglio-2023-n-115039\" class=\"uagb-toc-link__trigger\">Mase, Interpello 13 luglio 2023, n. 115039<\/a><\/ul><\/ol>\t\t\t\t\t<\/div>\n\t\t\t\t\t\t\t\t\t<\/div>\n\t\t\t\t<\/div>\n\t\t\t\n\n\n<h2 class=\"wp-block-heading\">Interpello<\/h2>\n\n\n\n<p>Confindustria chiede di chiarire:<\/p>\n\n\n\n<ol class=\"wp-block-list\">\n<li>se la modifica normativa introdotta al paragrafo 2.4.1, Allegato 1, D.Lgs. n. 36\/2003 introdotta dal D.Lgs. n. 121\/2020, che dispone: \u201c<em>dopo due anni dall\u2019ultimo conferimento, a seguito della valutazione di eventuali cedimenti secondari del corpo discarica, deve essere predisposto il sistema di copertura finale, da completarsi entro i successivi 36 mesi<\/em>\u201d, non debba essere applicabile alle discariche autorizzate precedentemente all\u2019entrata in vigore dello stesso;<\/li>\n\n\n\n<li>se il biennio occorrente per la valutazione degli eventuali cedimenti, nonch\u00e9 la tempistica necessaria per la realizzazione della copertura finale, debbano essere ricompresi all\u2019interno del periodo di gestione operativa della discarica oppure in quello di gestione post-operativa. In particolare, si chiede conferma che le operazioni successive alla chiusura della discarica (ivi compresa la realizzazione della copertura superficiale finale eventualmente preceduta dalla copertura temporanea) siano ricomprese all\u2019interno della gestione post-operativa;<\/li>\n\n\n\n<li>se il termine di due anni dall\u2019ultimo conferimento per la predisposizione della chiusura definitiva debba essere considerata come tempistica massima, dando pertanto la facolt\u00e0 al gestore, dopo aver verificato l\u2019assenza di assestamenti sul corpo discarica, di effettuare una copertura definitiva in un tempo inferiore;<\/li>\n\n\n\n<li>se \u00e8 obbligatorio o meno ricorrere all\u2019accordo interregionale di cui all\u2019art.182, comma 3 del D.Lgs. n. 152\/2006 nell\u2019ipotesi in cui venga effettuato il conferimento presso impianti di recupero (per lo svolgimento di operazioni di recupero di tipo R3), con particolare riferimento a quelli per il trattamento meccanico-biologico (c.d. TMB) di rifiuti urbani indifferenziati contrassegnati con il codice EER 20.03.01 prodotti in regioni diverse da quelle in cui \u00e8 localizzato l\u2019impianto di TMB.<\/li>\n<\/ol>\n\n\n\n<h2 class=\"wp-block-heading\">Risposta Mase<\/h2>\n\n\n\n<p><strong>1)<\/strong>\u00a0In considerazione del fatto che la norma nulla dispone relativamente alle discariche esistenti gi\u00e0 autorizzate per le quali non si intenda realizzare nuovi lotti, \u00e8 rimesso alla <strong>discrezionalit\u00e0 del gestore dell\u2019impianto<\/strong> di discarica la scelta di procedere alla copertura finale per come progettata e gi\u00e0 autorizzata, ovvero di presentare all\u2019autorit\u00e0 competente una proposta di modifica della copertura finale con adeguamento ai nuovi criteri costruttivi.<\/p>\n\n\n\n<p>Quest\u2019ultima ipotesi non \u00e8 quindi preclusa per le discariche esistenti, purch\u00e9 le scelte progettuali siano in linea con le disposizioni di nuova introduzione e che le stesse garantiscano la tutela dell\u2019ambiente e della salute, senza alcun pregiudizio per la gestione post operativa della discarica. Resta fermo che il sistema di copertura finale deve comunque tener conto degli assestamenti del corpo discarica.<\/p>\n\n\n\n<p><strong>2)<\/strong>\u00a0Per quanto riguarda il secondo quesito, il Mase precisa che, come stabilito nell\u2019articolo 12 del DLgs n. 36\/2003 recante \u201cprocedura di chiusura\u201d, <strong>la chiusura della discarica avviene dopo l\u2019ispezione degli enti di controllo<\/strong> per la verifica di conformit\u00e0 morfologica della copertura finale della discarica nonch\u00e9 della conformit\u00e0 della discarica a quanto previsto nel progetto. <\/p>\n\n\n\n<p><strong>3)<\/strong>\u00a0in relazione al terzo quesito, Il <strong>termine di due anni \u00e8 da considerare come termine minimo<\/strong> nel quale cautelativamente si presuppone che i cedimenti siano in gran parte avvenuti e che pertanto la morfologia della discarica sia quella definitiva.<\/p>\n\n\n\n<p><strong>4)<\/strong>\u00a0Per quanto riguarda l\u2019ultimo quesito, occorre far riferimento all\u2019articolo 182, comma 3, del DLgs n. 152\/2006 che vieta lo smaltimento dei rifiuti urbani non pericolosi al di fuori della regione in cui sono prodotti, fatti salvi eventuali accordi tra regioni.<\/p>\n\n\n\n<p>Il Mase quindi ricorda che, ad oggi, anche per il <strong>recupero dei rifiuti urbani indifferenziati<\/strong> si prevede di utilizzare lo strumento dell\u2019accordo interregionale nel caso in cui non sia possibile raggiungere l\u2019autosufficienza.<\/p>\n\n\n\n<hr class=\"wp-block-separator has-text-color has-ast-global-color-0-color has-alpha-channel-opacity has-ast-global-color-0-background-color has-background is-style-wide\"\/>\n\n\n\n<h2 class=\"wp-block-heading\">Testo<\/h2>\n\n\n\n<h4 class=\"wp-block-heading\"><a href=\"https:\/\/www.mase.gov.it\/sites\/default\/files\/archivio\/allegati\/interpello_ambientale\/ECI\/nota_0115039_13-07-2023.pdf\" target=\"_blank\" rel=\"noreferrer noopener\">Mase, Interpello 13 luglio 2023, n. 115039<\/a><\/h4>\n\n\n\n<p><em>Indicazioni in merito a interpello ex art. 3-septies del D.Lgs 152\/2006 in materia di discariche e di accordi interregionali per l\u2019avvio ad operazioni di recupero.<\/em><\/p>\n","protected":false},"excerpt":{"rendered":"<p>Il Mase, in risposta ad interpello, fornisce chiarimenti in materia di chiusura\u00a0discarica\u00a0e di accordi interregionali per l\u2019avvio di\u00a0operazioni di recupero. Interpello Confindustria chiede di chiarire: Risposta Mase 1)\u00a0In considerazione del fatto che la norma nulla dispone relativamente alle discariche esistenti gi\u00e0 autorizzate per le quali non si intenda realizzare nuovi lotti, \u00e8 rimesso alla discrezionalit\u00e0 [&hellip;]<\/p>\n","protected":false},"author":1,"featured_media":0,"comment_status":"closed","ping_status":"open","sticky":false,"template":"","format":"standard","meta":{"_uag_custom_page_level_css":"","site-sidebar-layout":"default","site-content-layout":"","ast-site-content-layout":"default","site-content-style":"default","site-sidebar-style":"default","ast-global-header-display":"","ast-banner-title-visibility":"","ast-main-header-display":"","ast-hfb-above-header-display":"","ast-hfb-below-header-display":"","ast-hfb-mobile-header-display":"","site-post-title":"","ast-breadcrumbs-content":"","ast-featured-img":"","footer-sml-layout":"","ast-disable-related-posts":"","theme-transparent-header-meta":"","adv-header-id-meta":"","stick-header-meta":"","header-above-stick-meta":"","header-main-stick-meta":"","header-below-stick-meta":"","astra-migrate-meta-layouts":"default","ast-page-background-enabled":"default","ast-page-background-meta":{"desktop":{"background-color":"var(--ast-global-color-4)","background-image":"","background-repeat":"repeat","background-position":"center center","background-size":"auto","background-attachment":"scroll","background-type":"","background-media":"","overlay-type":"","overlay-color":"","overlay-opacity":"","overlay-gradient":""},"tablet":{"background-color":"","background-image":"","background-repeat":"repeat","background-position":"center center","background-size":"auto","background-attachment":"scroll","background-type":"","background-media":"","overlay-type":"","overlay-color":"","overlay-opacity":"","overlay-gradient":""},"mobile":{"background-color":"","background-image":"","background-repeat":"repeat","background-position":"center center","background-size":"auto","background-attachment":"scroll","background-type":"","background-media":"","overlay-type":"","overlay-color":"","overlay-opacity":"","overlay-gradient":""}},"ast-content-background-meta":{"desktop":{"background-color":"var(--ast-global-color-5)","background-image":"","background-repeat":"repeat","background-position":"center center","background-size":"auto","background-attachment":"scroll","background-type":"","background-media":"","overlay-type":"","overlay-color":"","overlay-opacity":"","overlay-gradient":""},"tablet":{"background-color":"var(--ast-global-color-5)","background-image":"","background-repeat":"repeat","background-position":"center center","background-size":"auto","background-attachment":"scroll","background-type":"","background-media":"","overlay-type":"","overlay-color":"","overlay-opacity":"","overlay-gradient":""},"mobile":{"background-color":"var(--ast-global-color-5)","background-image":"","background-repeat":"repeat","background-position":"center center","background-size":"auto","background-attachment":"scroll","background-type":"","background-media":"","overlay-type":"","overlay-color":"","overlay-opacity":"","overlay-gradient":""}},"footnotes":""},"categories":[4],"tags":[32],"class_list":["post-10238","post","type-post","status-publish","format-standard","hentry","category-nazionali-ue","tag-rifiuti"],"yoast_head":"<!-- This site is optimized with the Yoast SEO plugin v27.5 - https:\/\/yoast.com\/product\/yoast-seo-wordpress\/ -->\r\n<title>Mase, chiarimenti chiusura discarica &#060; Studio Brancaleone<\/title>\r\n<meta name=\"description\" content=\"Il Mase, in risposta ad interpello, fornisce chiarimenti in materia di chiusura\u00a0discarica\u00a0e di accordi interregionali per l\u2019avvio di\u00a0operazioni di recupero.\" \/>\r\n<meta name=\"robots\" content=\"index, follow, max-snippet:-1, max-image-preview:large, max-video-preview:-1\" \/>\r\n<link rel=\"canonical\" href=\"https:\/\/www.studiobrancaleone.it\/news\/mase-chiarimenti-chiusura-discarica\/\" \/>\r\n<meta property=\"og:locale\" content=\"it_IT\" \/>\r\n<meta property=\"og:type\" content=\"article\" \/>\r\n<meta property=\"og:title\" content=\"Mase, chiarimenti chiusura discarica &#060; Studio Brancaleone\" \/>\r\n<meta property=\"og:description\" content=\"Il Mase, in risposta ad interpello, fornisce chiarimenti in materia di chiusura\u00a0discarica\u00a0e di accordi interregionali per l\u2019avvio di\u00a0operazioni di recupero.\" \/>\r\n<meta property=\"og:url\" content=\"https:\/\/www.studiobrancaleone.it\/news\/mase-chiarimenti-chiusura-discarica\/\" \/>\r\n<meta property=\"og:site_name\" content=\"Studio Brancaleone\" \/>\r\n<meta property=\"article:published_time\" content=\"2023-07-19T16:35:07+00:00\" \/>\r\n<meta property=\"article:modified_time\" content=\"2023-08-15T08:59:35+00:00\" \/>\r\n<meta name=\"author\" content=\"Giorgio Ferrari\" \/>\r\n<meta name=\"twitter:card\" content=\"summary_large_image\" \/>\r\n<meta name=\"twitter:label1\" content=\"Scritto da\" \/>\n\t<meta name=\"twitter:data1\" content=\"Giorgio Ferrari\" \/>\n\t<meta name=\"twitter:label2\" content=\"Tempo di lettura stimato\" \/>\n\t<meta name=\"twitter:data2\" content=\"4 minuti\" \/>\r\n<script type=\"application\/ld+json\" class=\"yoast-schema-graph\">{\"@context\":\"https:\\\/\\\/schema.org\",\"@graph\":[{\"@type\":\"Article\",\"@id\":\"https:\\\/\\\/www.studiobrancaleone.it\\\/news\\\/mase-chiarimenti-chiusura-discarica\\\/#article\",\"isPartOf\":{\"@id\":\"https:\\\/\\\/www.studiobrancaleone.it\\\/news\\\/mase-chiarimenti-chiusura-discarica\\\/\"},\"author\":{\"name\":\"Giorgio Ferrari\",\"@id\":\"https:\\\/\\\/www.studiobrancaleone.it\\\/news\\\/#\\\/schema\\\/person\\\/da5920864810e22fb65389a0a5cff7e3\"},\"headline\":\"Mase, chiarimenti chiusura discarica\",\"datePublished\":\"2023-07-19T16:35:07+00:00\",\"dateModified\":\"2023-08-15T08:59:35+00:00\",\"mainEntityOfPage\":{\"@id\":\"https:\\\/\\\/www.studiobrancaleone.it\\\/news\\\/mase-chiarimenti-chiusura-discarica\\\/\"},\"wordCount\":611,\"publisher\":{\"@id\":\"https:\\\/\\\/www.studiobrancaleone.it\\\/news\\\/#organization\"},\"keywords\":[\"Rifiuti\"],\"articleSection\":[\"Nazionali\\\/Ue\"],\"inLanguage\":\"it-IT\"},{\"@type\":\"WebPage\",\"@id\":\"https:\\\/\\\/www.studiobrancaleone.it\\\/news\\\/mase-chiarimenti-chiusura-discarica\\\/\",\"url\":\"https:\\\/\\\/www.studiobrancaleone.it\\\/news\\\/mase-chiarimenti-chiusura-discarica\\\/\",\"name\":\"Mase, chiarimenti chiusura discarica &#060; Studio Brancaleone\",\"isPartOf\":{\"@id\":\"https:\\\/\\\/www.studiobrancaleone.it\\\/news\\\/#website\"},\"datePublished\":\"2023-07-19T16:35:07+00:00\",\"dateModified\":\"2023-08-15T08:59:35+00:00\",\"description\":\"Il Mase, in risposta ad interpello, fornisce chiarimenti in materia di chiusura\u00a0discarica\u00a0e di accordi interregionali per l\u2019avvio di\u00a0operazioni di recupero.\",\"breadcrumb\":{\"@id\":\"https:\\\/\\\/www.studiobrancaleone.it\\\/news\\\/mase-chiarimenti-chiusura-discarica\\\/#breadcrumb\"},\"inLanguage\":\"it-IT\",\"potentialAction\":[{\"@type\":\"ReadAction\",\"target\":[\"https:\\\/\\\/www.studiobrancaleone.it\\\/news\\\/mase-chiarimenti-chiusura-discarica\\\/\"]}]},{\"@type\":\"BreadcrumbList\",\"@id\":\"https:\\\/\\\/www.studiobrancaleone.it\\\/news\\\/mase-chiarimenti-chiusura-discarica\\\/#breadcrumb\",\"itemListElement\":[{\"@type\":\"ListItem\",\"position\":1,\"name\":\"Home\",\"item\":\"https:\\\/\\\/www.studiobrancaleone.it\\\/news\\\/\"},{\"@type\":\"ListItem\",\"position\":2,\"name\":\"Mase, chiarimenti chiusura discarica\"}]},{\"@type\":\"WebSite\",\"@id\":\"https:\\\/\\\/www.studiobrancaleone.it\\\/news\\\/#website\",\"url\":\"https:\\\/\\\/www.studiobrancaleone.it\\\/news\\\/\",\"name\":\"Studio Brancaleone\",\"description\":\"Notizie giuridiche aggiornate regolarmente\",\"publisher\":{\"@id\":\"https:\\\/\\\/www.studiobrancaleone.it\\\/news\\\/#organization\"},\"potentialAction\":[{\"@type\":\"SearchAction\",\"target\":{\"@type\":\"EntryPoint\",\"urlTemplate\":\"https:\\\/\\\/www.studiobrancaleone.it\\\/news\\\/?s={search_term_string}\"},\"query-input\":{\"@type\":\"PropertyValueSpecification\",\"valueRequired\":true,\"valueName\":\"search_term_string\"}}],\"inLanguage\":\"it-IT\"},{\"@type\":\"Organization\",\"@id\":\"https:\\\/\\\/www.studiobrancaleone.it\\\/news\\\/#organization\",\"name\":\"Studio Brancaleone\",\"url\":\"https:\\\/\\\/www.studiobrancaleone.it\\\/news\\\/\",\"logo\":{\"@type\":\"ImageObject\",\"inLanguage\":\"it-IT\",\"@id\":\"https:\\\/\\\/www.studiobrancaleone.it\\\/news\\\/#\\\/schema\\\/logo\\\/image\\\/\",\"url\":\"https:\\\/\\\/www.studiobrancaleone.it\\\/news\\\/wp-content\\\/uploads\\\/2025\\\/02\\\/Testata-sito-scaled.webp\",\"contentUrl\":\"https:\\\/\\\/www.studiobrancaleone.it\\\/news\\\/wp-content\\\/uploads\\\/2025\\\/02\\\/Testata-sito-scaled.webp\",\"width\":2560,\"height\":481,\"caption\":\"Studio Brancaleone\"},\"image\":{\"@id\":\"https:\\\/\\\/www.studiobrancaleone.it\\\/news\\\/#\\\/schema\\\/logo\\\/image\\\/\"}},{\"@type\":\"Person\",\"@id\":\"https:\\\/\\\/www.studiobrancaleone.it\\\/news\\\/#\\\/schema\\\/person\\\/da5920864810e22fb65389a0a5cff7e3\",\"name\":\"Giorgio Ferrari\",\"image\":{\"@type\":\"ImageObject\",\"inLanguage\":\"it-IT\",\"@id\":\"https:\\\/\\\/secure.gravatar.com\\\/avatar\\\/e5a8c666e3c03788ccd80843664b7c6eb2fb548eb37bb5cd6598134bf5d56ae1?s=96&d=mm&r=g\",\"url\":\"https:\\\/\\\/secure.gravatar.com\\\/avatar\\\/e5a8c666e3c03788ccd80843664b7c6eb2fb548eb37bb5cd6598134bf5d56ae1?s=96&d=mm&r=g\",\"contentUrl\":\"https:\\\/\\\/secure.gravatar.com\\\/avatar\\\/e5a8c666e3c03788ccd80843664b7c6eb2fb548eb37bb5cd6598134bf5d56ae1?s=96&d=mm&r=g\",\"caption\":\"Giorgio Ferrari\"},\"sameAs\":[\"https:\\\/\\\/www.studiobrancaleone.it\\\/news\"],\"url\":\"https:\\\/\\\/www.studiobrancaleone.it\\\/news\\\/author\\\/giorfer\\\/\"}]}<\/script>\r\n<!-- \/ Yoast SEO plugin. -->","yoast_head_json":{"title":"Mase, chiarimenti chiusura discarica &#060; Studio Brancaleone","description":"Il Mase, in risposta ad interpello, fornisce chiarimenti in materia di chiusura\u00a0discarica\u00a0e di accordi interregionali per l\u2019avvio di\u00a0operazioni di recupero.","robots":{"index":"index","follow":"follow","max-snippet":"max-snippet:-1","max-image-preview":"max-image-preview:large","max-video-preview":"max-video-preview:-1"},"canonical":"https:\/\/www.studiobrancaleone.it\/news\/mase-chiarimenti-chiusura-discarica\/","og_locale":"it_IT","og_type":"article","og_title":"Mase, chiarimenti chiusura discarica &#060; Studio Brancaleone","og_description":"Il Mase, in risposta ad interpello, fornisce chiarimenti in materia di chiusura\u00a0discarica\u00a0e di accordi interregionali per l\u2019avvio di\u00a0operazioni di recupero.","og_url":"https:\/\/www.studiobrancaleone.it\/news\/mase-chiarimenti-chiusura-discarica\/","og_site_name":"Studio Brancaleone","article_published_time":"2023-07-19T16:35:07+00:00","article_modified_time":"2023-08-15T08:59:35+00:00","author":"Giorgio Ferrari","twitter_card":"summary_large_image","twitter_misc":{"Scritto da":"Giorgio Ferrari","Tempo di lettura stimato":"4 minuti"},"schema":{"@context":"https:\/\/schema.org","@graph":[{"@type":"Article","@id":"https:\/\/www.studiobrancaleone.it\/news\/mase-chiarimenti-chiusura-discarica\/#article","isPartOf":{"@id":"https:\/\/www.studiobrancaleone.it\/news\/mase-chiarimenti-chiusura-discarica\/"},"author":{"name":"Giorgio Ferrari","@id":"https:\/\/www.studiobrancaleone.it\/news\/#\/schema\/person\/da5920864810e22fb65389a0a5cff7e3"},"headline":"Mase, chiarimenti chiusura discarica","datePublished":"2023-07-19T16:35:07+00:00","dateModified":"2023-08-15T08:59:35+00:00","mainEntityOfPage":{"@id":"https:\/\/www.studiobrancaleone.it\/news\/mase-chiarimenti-chiusura-discarica\/"},"wordCount":611,"publisher":{"@id":"https:\/\/www.studiobrancaleone.it\/news\/#organization"},"keywords":["Rifiuti"],"articleSection":["Nazionali\/Ue"],"inLanguage":"it-IT"},{"@type":"WebPage","@id":"https:\/\/www.studiobrancaleone.it\/news\/mase-chiarimenti-chiusura-discarica\/","url":"https:\/\/www.studiobrancaleone.it\/news\/mase-chiarimenti-chiusura-discarica\/","name":"Mase, chiarimenti chiusura discarica &#060; Studio Brancaleone","isPartOf":{"@id":"https:\/\/www.studiobrancaleone.it\/news\/#website"},"datePublished":"2023-07-19T16:35:07+00:00","dateModified":"2023-08-15T08:59:35+00:00","description":"Il Mase, in risposta ad interpello, fornisce chiarimenti in materia di chiusura\u00a0discarica\u00a0e di accordi interregionali per l\u2019avvio di\u00a0operazioni di recupero.","breadcrumb":{"@id":"https:\/\/www.studiobrancaleone.it\/news\/mase-chiarimenti-chiusura-discarica\/#breadcrumb"},"inLanguage":"it-IT","potentialAction":[{"@type":"ReadAction","target":["https:\/\/www.studiobrancaleone.it\/news\/mase-chiarimenti-chiusura-discarica\/"]}]},{"@type":"BreadcrumbList","@id":"https:\/\/www.studiobrancaleone.it\/news\/mase-chiarimenti-chiusura-discarica\/#breadcrumb","itemListElement":[{"@type":"ListItem","position":1,"name":"Home","item":"https:\/\/www.studiobrancaleone.it\/news\/"},{"@type":"ListItem","position":2,"name":"Mase, chiarimenti chiusura discarica"}]},{"@type":"WebSite","@id":"https:\/\/www.studiobrancaleone.it\/news\/#website","url":"https:\/\/www.studiobrancaleone.it\/news\/","name":"Studio Brancaleone","description":"Notizie giuridiche aggiornate regolarmente","publisher":{"@id":"https:\/\/www.studiobrancaleone.it\/news\/#organization"},"potentialAction":[{"@type":"SearchAction","target":{"@type":"EntryPoint","urlTemplate":"https:\/\/www.studiobrancaleone.it\/news\/?s={search_term_string}"},"query-input":{"@type":"PropertyValueSpecification","valueRequired":true,"valueName":"search_term_string"}}],"inLanguage":"it-IT"},{"@type":"Organization","@id":"https:\/\/www.studiobrancaleone.it\/news\/#organization","name":"Studio Brancaleone","url":"https:\/\/www.studiobrancaleone.it\/news\/","logo":{"@type":"ImageObject","inLanguage":"it-IT","@id":"https:\/\/www.studiobrancaleone.it\/news\/#\/schema\/logo\/image\/","url":"https:\/\/www.studiobrancaleone.it\/news\/wp-content\/uploads\/2025\/02\/Testata-sito-scaled.webp","contentUrl":"https:\/\/www.studiobrancaleone.it\/news\/wp-content\/uploads\/2025\/02\/Testata-sito-scaled.webp","width":2560,"height":481,"caption":"Studio Brancaleone"},"image":{"@id":"https:\/\/www.studiobrancaleone.it\/news\/#\/schema\/logo\/image\/"}},{"@type":"Person","@id":"https:\/\/www.studiobrancaleone.it\/news\/#\/schema\/person\/da5920864810e22fb65389a0a5cff7e3","name":"Giorgio Ferrari","image":{"@type":"ImageObject","inLanguage":"it-IT","@id":"https:\/\/secure.gravatar.com\/avatar\/e5a8c666e3c03788ccd80843664b7c6eb2fb548eb37bb5cd6598134bf5d56ae1?s=96&d=mm&r=g","url":"https:\/\/secure.gravatar.com\/avatar\/e5a8c666e3c03788ccd80843664b7c6eb2fb548eb37bb5cd6598134bf5d56ae1?s=96&d=mm&r=g","contentUrl":"https:\/\/secure.gravatar.com\/avatar\/e5a8c666e3c03788ccd80843664b7c6eb2fb548eb37bb5cd6598134bf5d56ae1?s=96&d=mm&r=g","caption":"Giorgio Ferrari"},"sameAs":["https:\/\/www.studiobrancaleone.it\/news"],"url":"https:\/\/www.studiobrancaleone.it\/news\/author\/giorfer\/"}]}},"uagb_featured_image_src":{"full":false,"thumbnail":false,"medium":false,"medium_large":false,"large":false,"1536x1536":false,"2048x2048":false},"uagb_author_info":{"display_name":"Giorgio Ferrari","author_link":"https:\/\/www.studiobrancaleone.it\/news\/author\/giorfer\/"},"uagb_comment_info":0,"uagb_excerpt":"Il Mase, in risposta ad interpello, fornisce chiarimenti in materia di chiusura\u00a0discarica\u00a0e di accordi interregionali per l\u2019avvio di\u00a0operazioni di recupero. Interpello Confindustria chiede di chiarire: Risposta Mase 1)\u00a0In considerazione del fatto che la norma nulla dispone relativamente alle discariche esistenti gi\u00e0 autorizzate per le quali non si intenda realizzare nuovi lotti, \u00e8 rimesso alla discrezionalit\u00e0&hellip;","_links":{"self":[{"href":"https:\/\/www.studiobrancaleone.it\/news\/wp-json\/wp\/v2\/posts\/10238","targetHints":{"allow":["GET"]}}],"collection":[{"href":"https:\/\/www.studiobrancaleone.it\/news\/wp-json\/wp\/v2\/posts"}],"about":[{"href":"https:\/\/www.studiobrancaleone.it\/news\/wp-json\/wp\/v2\/types\/post"}],"author":[{"embeddable":true,"href":"https:\/\/www.studiobrancaleone.it\/news\/wp-json\/wp\/v2\/users\/1"}],"replies":[{"embeddable":true,"href":"https:\/\/www.studiobrancaleone.it\/news\/wp-json\/wp\/v2\/comments?post=10238"}],"version-history":[{"count":0,"href":"https:\/\/www.studiobrancaleone.it\/news\/wp-json\/wp\/v2\/posts\/10238\/revisions"}],"wp:attachment":[{"href":"https:\/\/www.studiobrancaleone.it\/news\/wp-json\/wp\/v2\/media?parent=10238"}],"wp:term":[{"taxonomy":"category","embeddable":true,"href":"https:\/\/www.studiobrancaleone.it\/news\/wp-json\/wp\/v2\/categories?post=10238"},{"taxonomy":"post_tag","embeddable":true,"href":"https:\/\/www.studiobrancaleone.it\/news\/wp-json\/wp\/v2\/tags?post=10238"}],"curies":[{"name":"wp","href":"https:\/\/api.w.org\/{rel}","templated":true}]}}