{"id":10378,"date":"2023-07-31T15:49:29","date_gmt":"2023-07-31T13:49:29","guid":{"rendered":"https:\/\/www.studiobrancaleone.it\/news\/?p=10378"},"modified":"2023-07-31T16:05:53","modified_gmt":"2023-07-31T14:05:53","slug":"emilia-romagna-ordinanze-emergenza-rifiuti","status":"publish","type":"post","link":"https:\/\/www.studiobrancaleone.it\/news\/emilia-romagna-ordinanze-emergenza-rifiuti\/","title":{"rendered":"Emilia-Romagna, ordinanze emergenza rifiuti"},"content":{"rendered":"\n<p>La regione Emilia-Romagna, con le<strong> ordinanze n. 123\/2023 e n. 125\/2023<\/strong>, dispone rispettivamente in merito alla <strong>gestione emergenziale dei rifiuti <\/strong>per gli eventi meteorici di luglio 2023 e detta ulteriori disposizioni sulla <strong>gestione dello smaltimento rifiuti<\/strong> per l&#8217;alluvione di maggio 2023.<\/p>\n\n\n\t\t\t\t<div class=\"wp-block-uagb-table-of-contents uagb-toc__align-left uagb-toc__columns-1  uagb-block-bba0bf51      \"\n\t\t\t\t\tdata-scroll= \"1\"\n\t\t\t\t\tdata-offset= \"30\"\n\t\t\t\t\tstyle=\"\"\n\t\t\t\t>\n\t\t\t\t<div class=\"uagb-toc__wrap\">\n\t\t\t\t\t\t<div class=\"uagb-toc__title\">\n\t\t\t\t\t\t\tEmergenza rifiuti\t\t\t\t\t\t<\/div>\n\t\t\t\t\t\t\t\t\t\t\t\t\t\t\t\t\t\t\t\t\t\t<div class=\"uagb-toc__list-wrap \">\n\t\t\t\t\t\t<ol class=\"uagb-toc__list\"><li class=\"uagb-toc__list\"><a href=\"#ordinanza-n-1232023\" class=\"uagb-toc-link__trigger\">Ordinanza n. 123\/2023<\/a><li class=\"uagb-toc__list\"><a href=\"#ordinanza-n-1252023\" class=\"uagb-toc-link__trigger\">Ordinanza n. 125\/2023<\/a><li class=\"uagb-toc__list\"><a href=\"#testo\" class=\"uagb-toc-link__trigger\">Testo<\/a><ul class=\"uagb-toc__list\"><li class=\"uagb-toc__list\"><a href=\"#ordinanza-del-presidente-della-giunta-regionale-27-luglio-2023-n-123\" class=\"uagb-toc-link__trigger\">ORDINANZA DEL PRESIDENTE DELLA GIUNTA REGIONALE 27 LUGLIO 2023, N. 123<\/a><li class=\"uagb-toc__list\"><li class=\"uagb-toc__list\"><a href=\"#ordinanza-del-presidente-della-giunta-regionale-28-luglio-2023-n-125\" class=\"uagb-toc-link__trigger\">ORDINANZA DEL PRESIDENTE DELLA GIUNTA REGIONALE 28 LUGLIO 2023, N. 125<\/a><\/ul><\/ol>\t\t\t\t\t<\/div>\n\t\t\t\t\t\t\t\t\t<\/div>\n\t\t\t\t<\/div>\n\t\t\t\n\n\n<h2 class=\"wp-block-heading\">Ordinanza n. 123\/2023<\/h2>\n\n\n\n<p><em>Eventi meteorici del luglio 2023. Disposizioni per la gestione emergenziale dei rifiuti<\/em><\/p>\n\n\n\n<p>L&#8217;ordinanza, <strong>efficace per sei mesi<\/strong> relativamente ai territori colpiti, \u00e8 adottata in conseguenza degli eventi meteorici di luglio 2023 che hanno determinato una situazione di estrema gravit\u00e0 nei territori colpiti che ha provocato (anche a seguito della caduta di alberi e pali) danni a edifici, infrastrutture e al suolo, con il rischio di gravi conseguenze relative all\u2019ambiente e alla salute pubblica.<\/p>\n\n\n\n<p>In particolare, l&#8217;ordinanza, che si riporta, dispone:<\/p>\n\n\n\n<ul class=\"wp-block-list\">\n<li>1) I rifiuti derivanti dai suddetti eventi meteorici eccezionali, provenienti da edifici pubblici e privati, sono classificati come rifiuti urbani. A tali rifiuti \u00e8 attribuito prevalentemente il codice EER 20.03.01, ovvero 20.03.07 per i rifiuti ingombranti, ferma restando la possibilit\u00e0 di attribuire il codice EER 20.03.99 ove ne ricorrano le condizioni. Ai fini dei conseguenti adempimenti amministrativi, il produttore di tali rifiuti \u00e8 il Comune di origine dei rifiuti stessi;<\/li>\n\n\n\n<li>2) Il detentore dei rifiuti di cui al punto 1) potr\u00e0 conferirli in prossimit\u00e0 della sede stradale, ove lo consentano le dimensioni e purch\u00e9 non arrechino pregiudizio alla libera circolazione, affinch\u00e9 il gestore del servizio provveda alla loro raccolta. Qualora l\u2019ingombro di detti rifiuti sia tale da non consentirne il collocamento nei pressi della sede stradale, essi saranno raccolti, dal gestore del servizio, su chiamata del detentore;<\/li>\n\n\n\n<li>3) Resta ferma, ai fini dell\u2019avvio a recupero, la possibilit\u00e0 di attribuire ai rifiuti provenienti dalla selezione e cernita, tra gli altri, i codici di seguito elencati: al ferro e acciaio il codice EER 17.04.05, ai metalli misti il codice EER 17.04.07, al legno il codice EER 17.02.01, ai materiali costruzione il codice EER 17.01.07, ai materiali da costruzione contenenti amianto EER 17.06,05*, ai materiali isolanti contenenti amianto il codice EER 17.06.01*, ai materiali da costruzione a base di gesso il codice EER 17.08.01* oppure il codice EER 17.08.02;<\/li>\n\n\n\n<li>4) i materiali vegetali derivanti dagli eventi meteorici eccezionali non sono rifiuti anche qualora vengano raccolti dal gestore del servizio pubblico;<\/li>\n\n\n\n<li>5) I rifiuti urbani di cui al punto 1) sono gestiti dai soggetti competenti sul territorio per il servizio pubblico di gestione che sono autorizzati a derogare all\u2019ordinaria modalit\u00e0 di svolgimento della raccolta, laddove non sia possibile effettuarla secondo le normali procedure di esercizio;<\/li>\n\n\n\n<li>6) Il trasporto dei rifiuti urbani di cui al punto 1) \u00e8 svolto dai gestori del servizio pubblico, o da soggetti da loro incaricati, mediante mezzi idonei e iscritti all\u2019Albo nazionale dei gestori ambientali. Il trasporto dei rifiuti urbani di cui al punto 1) con codice 20.03.99 potr\u00e0 essere eseguito in deroga ai provvedimenti d\u2019iscrizione in essere. L\u2019elenco dei veicoli utilizzati in deroga all\u2019iscrizione all\u2019Albo Gestori Ambientali dovr\u00e0 essere comunicato all\u2019impianto di destinazione e, a consuntivo, alla Regione, ad ARPAE e alla Sezione Regionale dell\u2019Albo Gestori Ambientali;<\/li>\n\n\n\n<li>7) In deroga ai precedenti punti da 1) a 6), nel caso in cui i rifiuti urbani derivanti dagli eventi meteorici eccezionali siano costituiti da materiali pericolosi giacenti sul suolo, contenenti ad esempio amianto, il detentore deve contattare il soggetto competente sul territorio per il servizio pubblico di gestione dei rifiuti urbani informando contestualmente il Comune. Il gestore, anche tramite apposita ditta terza autorizzata per la gestione dei rifiuti contenenti amianto, effettua un sopralluogo per la verifica delle condizioni dei rifiuti medesimi e provvede, in condizioni di sicurezza, alla rimozione e al trasporto dei rifiuti contenenti amianto presso un idoneo impianto di destinazione previo inoltro di formale comunicazione al Comune e all\u2019Ausl competente;<\/li>\n\n\n\n<li>8) I rifiuti solidi di cui al punto 1) non sono computati ai fini del calcolo della flessibilit\u00e0 di cui all\u2019art. 18 delle NTA del PRRB e, qualora le condizioni o le caratteristiche dei rifiuti non consentano l\u2019avvio a termovalorizzazione, in deroga a quanto previsto nel D.Lgs. n. 36 del 2003, tali rifiuti possono essere conferiti tal quali in discarica;<\/li>\n\n\n\n<li>9) Gli impianti di destinazione dei rifiuti di cui alla presente ordinanza, in deroga all\u2019elenco delle tipologie gi\u00e0 autorizzate, sono autorizzati a ricevere anche i codici EER 20.03.01, 20.03.07 e 20.03.99 ad eccezione dei rifiuti di cui al punto 7) che devono essere conferiti ad impianti autorizzati in via ordinaria a ricevere detto materiale;<\/li>\n\n\n\n<li>10) I rifiuti di cui al punto 1) e 7) sono pesati all\u2019ingresso dell\u2019impianto di destinazione e viene redatto un registro riportante i quantitativi di rifiuti conferiti con annotazione dell\u2019origine riconducibile agli eventi meteorici eccezionali;<\/li>\n\n\n\n<li>11) Gli impianti di destinazione dei rifiuti di cui alla presente ordinanza dovranno garantire il proprio funzionamento in fasce orarie pi\u00f9 ampie rispetto a quelle ordinarie e nei giorni festivi in ragione dell\u2019esigenza della celere gestione dei rifiuti;<\/li>\n\n\n\n<li>12) In deroga a quanto previsto dal comma 1, dell\u2019articolo 13 della L.R. n. 31\/1996, per la determinazione dell&#8217;ammontare dell&#8217;imposta del tributo speciale per lo smaltimento in discarica dei rifiuti di cui ai punti 1) e 7) deve essere utilizzata l\u2019imposta minima unitaria stabilita dal comma 29, dell\u2019articolo 3 della Legge n. 549\/1995;<\/li>\n\n\n\n<li>13) ARPAE Emilia-Romagna e le AUSL territorialmente competenti, nell\u2019ambito delle proprie competenze, assicurano la vigilanza per il rispetto della presente ordinanza;<\/li>\n\n\n\n<li>14) Da parte del soggetto gestore dovr\u00e0 essere garantito il monitoraggio dei rifiuti di cui al punto 1) e 7), al fine di mantenerne la completa tracciabilit\u00e0 in tutte le fasi gestionali, e la rendicontabilit\u00e0 ai fini dei costi relativi all\u2019attuazione della presente ordinanza. I documenti di tracciabilit\u00e0 dei rifiuti dovranno riportare le opportune informazioni circa il Comune di raccolta e la connessione alla gestione dell\u2019emergenza dovuta agli eccezionali eventi meteorici del 22 luglio;<\/li>\n\n\n\n<li>15) La presente ordinanza ha efficacia per un periodo pari a sei mesi ed \u00e8 pubblicata integralmente nel Bollettino Ufficiale della Regione Emilia-Romagna Telematico e comunicata al Presidente del Consiglio dei Ministri, al Ministro dell&#8217;ambiente e della sicurezza energetica, al Ministro della salute, al Ministro delle imprese e del Made in Italy, alle Prefetture, ai Comuni, alle Province, ad ARPAE, ad ATERSIR, alla AUSL e alla Sezione regionale dell\u2019Albo dei gestori ambientali, nonch\u00e9 ai concessionari del servizio pubblico di gestione dei rifiuti urbani e ai gestori degli impianti di termovalorizzazione e di discarica ubicati nel territorio della regione Emilia-Romagna.<\/li>\n<\/ul>\n\n\n\n<h2 class=\"wp-block-heading\">Ordinanza n. 125\/2023<\/h2>\n\n\n\n<p><em>Disposizioni ulteriori sulla gestione dello smaltimento rifiuti a seguito degli eventi alluvionali del maggio 2023<\/em><\/p>\n\n\n\n<p>A tal riguardo, in relazione all\u2019emergenza in corso, al fine di fronteggiarne le criticit\u00e0 e di rispondere alle esigenze della popolazione colpita, sussiste attualmente l\u2019urgenza di specificare e integrare alcune disposizioni delle precedenti ordinanze, in particolare:<\/p>\n\n\n\n<ul class=\"wp-block-list\">\n<li>stabilire, fermo restando quanto previsto dall\u2019<a href=\"https:\/\/www.studiobrancaleone.it\/news\/emilia-romagna-ordinanza-ulteriori-disposizioni-rifiuti\/\">ordinanza n. 73\/2023<\/a> per quanto riguarda il differimento dei termini per il versamento del tributo speciale per lo smaltimento in discarica dei rifiuti generati a seguito degli eventi alluvionali, che in deroga a quanto previsto dall\u2019art. 13, comma 1, della legge regionale n. 31\/1996 l\u2019importo del tributo sia determinato in base ai valori minimi consentiti dall\u2019art. 3, comma 29, della Legge n. 549\/1995;<\/li>\n\n\n\n<li>precisare l\u2019ambito di applicazione del punto 13 dell\u2019ordinanza n. 66\/2023 e del punto 8) dell\u2019ordinanza n. 78\/2023 tenuto conto dell\u2019esigenza di celere ripristino degli stoccaggi al fine di prevenire il rischio di incendio;<\/li>\n\n\n\n<li>garantire lo smaltimento presso gli impianti di trattamento chimico, chimico-fisico e chimico-fisico-biologico dei maggiori quantitativi di percolato prodotti dalle discariche ubicate nei Comuni interessati dagli eventi alluvionali;<\/li>\n\n\n\n<li>estendere la sospensione dei termini procedimentali in materia ambientale nel periodo dal 1 maggio 2023 al 31 agosto 2023 nei confronti dei soggetti che alla data del 1 maggio 2023 avevano la residenza, il domicilio ovvero la sede legale o la sede operativa in tutti i territori colpiti dallo stato di emergenza;<\/li>\n\n\n\n<li>prevedere la possibilit\u00e0 che la durata dei provvedimenti indicati al punto 9) della propria ordinanza n. 73\/2023, gi\u00e0 prorogata dalla medesima ordinanza fino al 30\/11\/2023, possa essere prorogata dalle amministrazioni competenti fino al termine dello stato di emergenza;<\/li>\n\n\n\n<li>prevedere che la proroga dei termini prevista al punto 9) della gi\u00e0 citata Ordinanza n. 73\/2023 trovi applicazione anche per la presentazione delle dichiarazioni ambientali;<\/li>\n\n\n\n<li>prevedere la possibilit\u00e0 per la Regione di comprimere i tempi endo-procedimentali dei Piani le cui previsioni possano incidere sul miglioramento della gestione degli interventi connessi all\u2019alluvione;<\/li>\n<\/ul>\n\n\n\n<hr class=\"wp-block-separator has-text-color has-ast-global-color-0-color has-alpha-channel-opacity has-ast-global-color-0-background-color has-background is-style-wide\"\/>\n\n\n\n<h2 class=\"wp-block-heading\">Testo<\/h2>\n\n\n\n<p>Regione Emilia-Romagna<\/p>\n\n\n\n<h4 class=\"wp-block-heading\"><a href=\"https:\/\/bur.regione.emilia-romagna.it\/dettaglio-inserzione?i=4961d59cb4ec48789fe609d8beca58b9\" target=\"_blank\" rel=\"noreferrer noopener\">ORDINANZA DEL PRESIDENTE DELLA GIUNTA REGIONALE 27 LUGLIO 2023, N. 123<\/a><\/h4>\n\n\n\n<p><em>Eventi meteorici del luglio 2023. Disposizioni per la gestione emergenziale dei rifiuti<\/em><\/p>\n\n\n\n<p>Regione Emilia-Romagna<\/p>\n\n\n\n<h4 class=\"wp-block-heading\"><a href=\"https:\/\/bur.regione.emilia-romagna.it\/dettaglio-inserzione?i=efdd4c4ccbef4850a901a7e82c1395fe\" target=\"_blank\" rel=\"noreferrer noopener\">ORDINANZA DEL PRESIDENTE DELLA GIUNTA REGIONALE 28 LUGLIO 2023, N. 125<\/a><\/h4>\n\n\n\n<p><em>Disposizioni ulteriori sulla gestione dello smaltimento rifiuti a seguito degli eventi alluvionali del maggio 2023<\/em><\/p>\n","protected":false},"excerpt":{"rendered":"<p>La regione Emilia-Romagna, con le ordinanze n. 123\/2023 e n. 125\/2023, dispone rispettivamente in merito alla gestione emergenziale dei rifiuti per gli eventi meteorici di luglio 2023 e detta ulteriori disposizioni sulla gestione dello smaltimento rifiuti per l&#8217;alluvione di maggio 2023. Ordinanza n. 123\/2023 Eventi meteorici del luglio 2023. Disposizioni per la gestione emergenziale dei [&hellip;]<\/p>\n","protected":false},"author":1,"featured_media":0,"comment_status":"closed","ping_status":"open","sticky":false,"template":"","format":"standard","meta":{"_uag_custom_page_level_css":"","site-sidebar-layout":"default","site-content-layout":"","ast-site-content-layout":"default","site-content-style":"default","site-sidebar-style":"default","ast-global-header-display":"","ast-banner-title-visibility":"","ast-main-header-display":"","ast-hfb-above-header-display":"","ast-hfb-below-header-display":"","ast-hfb-mobile-header-display":"","site-post-title":"","ast-breadcrumbs-content":"","ast-featured-img":"","footer-sml-layout":"","ast-disable-related-posts":"","theme-transparent-header-meta":"","adv-header-id-meta":"","stick-header-meta":"","header-above-stick-meta":"","header-main-stick-meta":"","header-below-stick-meta":"","astra-migrate-meta-layouts":"default","ast-page-background-enabled":"default","ast-page-background-meta":{"desktop":{"background-color":"var(--ast-global-color-4)","background-image":"","background-repeat":"repeat","background-position":"center center","background-size":"auto","background-attachment":"scroll","background-type":"","background-media":"","overlay-type":"","overlay-color":"","overlay-opacity":"","overlay-gradient":""},"tablet":{"background-color":"","background-image":"","background-repeat":"repeat","background-position":"center center","background-size":"auto","background-attachment":"scroll","background-type":"","background-media":"","overlay-type":"","overlay-color":"","overlay-opacity":"","overlay-gradient":""},"mobile":{"background-color":"","background-image":"","background-repeat":"repeat","background-position":"center center","background-size":"auto","background-attachment":"scroll","background-type":"","background-media":"","overlay-type":"","overlay-color":"","overlay-opacity":"","overlay-gradient":""}},"ast-content-background-meta":{"desktop":{"background-color":"var(--ast-global-color-5)","background-image":"","background-repeat":"repeat","background-position":"center center","background-size":"auto","background-attachment":"scroll","background-type":"","background-media":"","overlay-type":"","overlay-color":"","overlay-opacity":"","overlay-gradient":""},"tablet":{"background-color":"var(--ast-global-color-5)","background-image":"","background-repeat":"repeat","background-position":"center center","background-size":"auto","background-attachment":"scroll","background-type":"","background-media":"","overlay-type":"","overlay-color":"","overlay-opacity":"","overlay-gradient":""},"mobile":{"background-color":"var(--ast-global-color-5)","background-image":"","background-repeat":"repeat","background-position":"center center","background-size":"auto","background-attachment":"scroll","background-type":"","background-media":"","overlay-type":"","overlay-color":"","overlay-opacity":"","overlay-gradient":""}},"footnotes":""},"categories":[18,8],"tags":[32],"class_list":["post-10378","post","type-post","status-publish","format-standard","hentry","category-emilia-romagna","category-regionali","tag-rifiuti"],"yoast_head":"<!-- This site is optimized with the Yoast SEO plugin v27.5 - https:\/\/yoast.com\/product\/yoast-seo-wordpress\/ -->\r\n<title>Emilia-Romagna, ordinanze emergenza rifiuti &#060; Studio Brancaleone<\/title>\r\n<meta name=\"description\" content=\"L&#039;Emilia-Romagna con ordinanze 123\/2023 e 125\/2023 dispone sull&#039;emergenza rifiuti per gli eventi meteorici di luglio 2023 e l&#039;alluvione di maggio 2023.\" \/>\r\n<meta name=\"robots\" content=\"index, follow, max-snippet:-1, max-image-preview:large, max-video-preview:-1\" \/>\r\n<link rel=\"canonical\" href=\"https:\/\/www.studiobrancaleone.it\/news\/emilia-romagna-ordinanze-emergenza-rifiuti\/\" \/>\r\n<meta property=\"og:locale\" content=\"it_IT\" \/>\r\n<meta property=\"og:type\" content=\"article\" \/>\r\n<meta property=\"og:title\" content=\"Emilia-Romagna, ordinanze emergenza rifiuti &#060; Studio Brancaleone\" \/>\r\n<meta property=\"og:description\" content=\"L&#039;Emilia-Romagna con ordinanze 123\/2023 e 125\/2023 dispone sull&#039;emergenza rifiuti per gli eventi meteorici di luglio 2023 e l&#039;alluvione di maggio 2023.\" \/>\r\n<meta property=\"og:url\" content=\"https:\/\/www.studiobrancaleone.it\/news\/emilia-romagna-ordinanze-emergenza-rifiuti\/\" \/>\r\n<meta property=\"og:site_name\" content=\"Studio Brancaleone\" \/>\r\n<meta property=\"article:published_time\" content=\"2023-07-31T13:49:29+00:00\" \/>\r\n<meta property=\"article:modified_time\" content=\"2023-07-31T14:05:53+00:00\" \/>\r\n<meta name=\"author\" content=\"Giorgio Ferrari\" \/>\r\n<meta name=\"twitter:card\" content=\"summary_large_image\" \/>\r\n<meta name=\"twitter:label1\" content=\"Scritto da\" \/>\n\t<meta name=\"twitter:data1\" content=\"Giorgio Ferrari\" \/>\n\t<meta name=\"twitter:label2\" content=\"Tempo di lettura stimato\" \/>\n\t<meta name=\"twitter:data2\" content=\"8 minuti\" \/>\r\n<script type=\"application\/ld+json\" class=\"yoast-schema-graph\">{\"@context\":\"https:\\\/\\\/schema.org\",\"@graph\":[{\"@type\":\"Article\",\"@id\":\"https:\\\/\\\/www.studiobrancaleone.it\\\/news\\\/emilia-romagna-ordinanze-emergenza-rifiuti\\\/#article\",\"isPartOf\":{\"@id\":\"https:\\\/\\\/www.studiobrancaleone.it\\\/news\\\/emilia-romagna-ordinanze-emergenza-rifiuti\\\/\"},\"author\":{\"name\":\"Giorgio Ferrari\",\"@id\":\"https:\\\/\\\/www.studiobrancaleone.it\\\/news\\\/#\\\/schema\\\/person\\\/da5920864810e22fb65389a0a5cff7e3\"},\"headline\":\"Emilia-Romagna, ordinanze emergenza rifiuti\",\"datePublished\":\"2023-07-31T13:49:29+00:00\",\"dateModified\":\"2023-07-31T14:05:53+00:00\",\"mainEntityOfPage\":{\"@id\":\"https:\\\/\\\/www.studiobrancaleone.it\\\/news\\\/emilia-romagna-ordinanze-emergenza-rifiuti\\\/\"},\"wordCount\":1377,\"publisher\":{\"@id\":\"https:\\\/\\\/www.studiobrancaleone.it\\\/news\\\/#organization\"},\"keywords\":[\"Rifiuti\"],\"articleSection\":[\"Emilia-Romagna\",\"Regionali\"],\"inLanguage\":\"it-IT\"},{\"@type\":\"WebPage\",\"@id\":\"https:\\\/\\\/www.studiobrancaleone.it\\\/news\\\/emilia-romagna-ordinanze-emergenza-rifiuti\\\/\",\"url\":\"https:\\\/\\\/www.studiobrancaleone.it\\\/news\\\/emilia-romagna-ordinanze-emergenza-rifiuti\\\/\",\"name\":\"Emilia-Romagna, ordinanze emergenza rifiuti &#060; Studio Brancaleone\",\"isPartOf\":{\"@id\":\"https:\\\/\\\/www.studiobrancaleone.it\\\/news\\\/#website\"},\"datePublished\":\"2023-07-31T13:49:29+00:00\",\"dateModified\":\"2023-07-31T14:05:53+00:00\",\"description\":\"L'Emilia-Romagna con ordinanze 123\\\/2023 e 125\\\/2023 dispone sull'emergenza rifiuti per gli eventi meteorici di luglio 2023 e l'alluvione di maggio 2023.\",\"breadcrumb\":{\"@id\":\"https:\\\/\\\/www.studiobrancaleone.it\\\/news\\\/emilia-romagna-ordinanze-emergenza-rifiuti\\\/#breadcrumb\"},\"inLanguage\":\"it-IT\",\"potentialAction\":[{\"@type\":\"ReadAction\",\"target\":[\"https:\\\/\\\/www.studiobrancaleone.it\\\/news\\\/emilia-romagna-ordinanze-emergenza-rifiuti\\\/\"]}]},{\"@type\":\"BreadcrumbList\",\"@id\":\"https:\\\/\\\/www.studiobrancaleone.it\\\/news\\\/emilia-romagna-ordinanze-emergenza-rifiuti\\\/#breadcrumb\",\"itemListElement\":[{\"@type\":\"ListItem\",\"position\":1,\"name\":\"Home\",\"item\":\"https:\\\/\\\/www.studiobrancaleone.it\\\/news\\\/\"},{\"@type\":\"ListItem\",\"position\":2,\"name\":\"Emilia-Romagna, ordinanze emergenza rifiuti\"}]},{\"@type\":\"WebSite\",\"@id\":\"https:\\\/\\\/www.studiobrancaleone.it\\\/news\\\/#website\",\"url\":\"https:\\\/\\\/www.studiobrancaleone.it\\\/news\\\/\",\"name\":\"Studio Brancaleone\",\"description\":\"Notizie giuridiche aggiornate regolarmente\",\"publisher\":{\"@id\":\"https:\\\/\\\/www.studiobrancaleone.it\\\/news\\\/#organization\"},\"potentialAction\":[{\"@type\":\"SearchAction\",\"target\":{\"@type\":\"EntryPoint\",\"urlTemplate\":\"https:\\\/\\\/www.studiobrancaleone.it\\\/news\\\/?s={search_term_string}\"},\"query-input\":{\"@type\":\"PropertyValueSpecification\",\"valueRequired\":true,\"valueName\":\"search_term_string\"}}],\"inLanguage\":\"it-IT\"},{\"@type\":\"Organization\",\"@id\":\"https:\\\/\\\/www.studiobrancaleone.it\\\/news\\\/#organization\",\"name\":\"Studio Brancaleone\",\"url\":\"https:\\\/\\\/www.studiobrancaleone.it\\\/news\\\/\",\"logo\":{\"@type\":\"ImageObject\",\"inLanguage\":\"it-IT\",\"@id\":\"https:\\\/\\\/www.studiobrancaleone.it\\\/news\\\/#\\\/schema\\\/logo\\\/image\\\/\",\"url\":\"https:\\\/\\\/www.studiobrancaleone.it\\\/news\\\/wp-content\\\/uploads\\\/2025\\\/02\\\/Testata-sito-scaled.webp\",\"contentUrl\":\"https:\\\/\\\/www.studiobrancaleone.it\\\/news\\\/wp-content\\\/uploads\\\/2025\\\/02\\\/Testata-sito-scaled.webp\",\"width\":2560,\"height\":481,\"caption\":\"Studio Brancaleone\"},\"image\":{\"@id\":\"https:\\\/\\\/www.studiobrancaleone.it\\\/news\\\/#\\\/schema\\\/logo\\\/image\\\/\"}},{\"@type\":\"Person\",\"@id\":\"https:\\\/\\\/www.studiobrancaleone.it\\\/news\\\/#\\\/schema\\\/person\\\/da5920864810e22fb65389a0a5cff7e3\",\"name\":\"Giorgio Ferrari\",\"image\":{\"@type\":\"ImageObject\",\"inLanguage\":\"it-IT\",\"@id\":\"https:\\\/\\\/secure.gravatar.com\\\/avatar\\\/e5a8c666e3c03788ccd80843664b7c6eb2fb548eb37bb5cd6598134bf5d56ae1?s=96&d=mm&r=g\",\"url\":\"https:\\\/\\\/secure.gravatar.com\\\/avatar\\\/e5a8c666e3c03788ccd80843664b7c6eb2fb548eb37bb5cd6598134bf5d56ae1?s=96&d=mm&r=g\",\"contentUrl\":\"https:\\\/\\\/secure.gravatar.com\\\/avatar\\\/e5a8c666e3c03788ccd80843664b7c6eb2fb548eb37bb5cd6598134bf5d56ae1?s=96&d=mm&r=g\",\"caption\":\"Giorgio Ferrari\"},\"sameAs\":[\"https:\\\/\\\/www.studiobrancaleone.it\\\/news\"],\"url\":\"https:\\\/\\\/www.studiobrancaleone.it\\\/news\\\/author\\\/giorfer\\\/\"}]}<\/script>\r\n<!-- \/ Yoast SEO plugin. -->","yoast_head_json":{"title":"Emilia-Romagna, ordinanze emergenza rifiuti &#060; Studio Brancaleone","description":"L'Emilia-Romagna con ordinanze 123\/2023 e 125\/2023 dispone sull'emergenza rifiuti per gli eventi meteorici di luglio 2023 e l'alluvione di maggio 2023.","robots":{"index":"index","follow":"follow","max-snippet":"max-snippet:-1","max-image-preview":"max-image-preview:large","max-video-preview":"max-video-preview:-1"},"canonical":"https:\/\/www.studiobrancaleone.it\/news\/emilia-romagna-ordinanze-emergenza-rifiuti\/","og_locale":"it_IT","og_type":"article","og_title":"Emilia-Romagna, ordinanze emergenza rifiuti &#060; Studio Brancaleone","og_description":"L'Emilia-Romagna con ordinanze 123\/2023 e 125\/2023 dispone sull'emergenza rifiuti per gli eventi meteorici di luglio 2023 e l'alluvione di maggio 2023.","og_url":"https:\/\/www.studiobrancaleone.it\/news\/emilia-romagna-ordinanze-emergenza-rifiuti\/","og_site_name":"Studio Brancaleone","article_published_time":"2023-07-31T13:49:29+00:00","article_modified_time":"2023-07-31T14:05:53+00:00","author":"Giorgio Ferrari","twitter_card":"summary_large_image","twitter_misc":{"Scritto da":"Giorgio Ferrari","Tempo di lettura stimato":"8 minuti"},"schema":{"@context":"https:\/\/schema.org","@graph":[{"@type":"Article","@id":"https:\/\/www.studiobrancaleone.it\/news\/emilia-romagna-ordinanze-emergenza-rifiuti\/#article","isPartOf":{"@id":"https:\/\/www.studiobrancaleone.it\/news\/emilia-romagna-ordinanze-emergenza-rifiuti\/"},"author":{"name":"Giorgio Ferrari","@id":"https:\/\/www.studiobrancaleone.it\/news\/#\/schema\/person\/da5920864810e22fb65389a0a5cff7e3"},"headline":"Emilia-Romagna, ordinanze emergenza rifiuti","datePublished":"2023-07-31T13:49:29+00:00","dateModified":"2023-07-31T14:05:53+00:00","mainEntityOfPage":{"@id":"https:\/\/www.studiobrancaleone.it\/news\/emilia-romagna-ordinanze-emergenza-rifiuti\/"},"wordCount":1377,"publisher":{"@id":"https:\/\/www.studiobrancaleone.it\/news\/#organization"},"keywords":["Rifiuti"],"articleSection":["Emilia-Romagna","Regionali"],"inLanguage":"it-IT"},{"@type":"WebPage","@id":"https:\/\/www.studiobrancaleone.it\/news\/emilia-romagna-ordinanze-emergenza-rifiuti\/","url":"https:\/\/www.studiobrancaleone.it\/news\/emilia-romagna-ordinanze-emergenza-rifiuti\/","name":"Emilia-Romagna, ordinanze emergenza rifiuti &#060; Studio Brancaleone","isPartOf":{"@id":"https:\/\/www.studiobrancaleone.it\/news\/#website"},"datePublished":"2023-07-31T13:49:29+00:00","dateModified":"2023-07-31T14:05:53+00:00","description":"L'Emilia-Romagna con ordinanze 123\/2023 e 125\/2023 dispone sull'emergenza rifiuti per gli eventi meteorici di luglio 2023 e l'alluvione di maggio 2023.","breadcrumb":{"@id":"https:\/\/www.studiobrancaleone.it\/news\/emilia-romagna-ordinanze-emergenza-rifiuti\/#breadcrumb"},"inLanguage":"it-IT","potentialAction":[{"@type":"ReadAction","target":["https:\/\/www.studiobrancaleone.it\/news\/emilia-romagna-ordinanze-emergenza-rifiuti\/"]}]},{"@type":"BreadcrumbList","@id":"https:\/\/www.studiobrancaleone.it\/news\/emilia-romagna-ordinanze-emergenza-rifiuti\/#breadcrumb","itemListElement":[{"@type":"ListItem","position":1,"name":"Home","item":"https:\/\/www.studiobrancaleone.it\/news\/"},{"@type":"ListItem","position":2,"name":"Emilia-Romagna, ordinanze emergenza rifiuti"}]},{"@type":"WebSite","@id":"https:\/\/www.studiobrancaleone.it\/news\/#website","url":"https:\/\/www.studiobrancaleone.it\/news\/","name":"Studio Brancaleone","description":"Notizie giuridiche aggiornate regolarmente","publisher":{"@id":"https:\/\/www.studiobrancaleone.it\/news\/#organization"},"potentialAction":[{"@type":"SearchAction","target":{"@type":"EntryPoint","urlTemplate":"https:\/\/www.studiobrancaleone.it\/news\/?s={search_term_string}"},"query-input":{"@type":"PropertyValueSpecification","valueRequired":true,"valueName":"search_term_string"}}],"inLanguage":"it-IT"},{"@type":"Organization","@id":"https:\/\/www.studiobrancaleone.it\/news\/#organization","name":"Studio Brancaleone","url":"https:\/\/www.studiobrancaleone.it\/news\/","logo":{"@type":"ImageObject","inLanguage":"it-IT","@id":"https:\/\/www.studiobrancaleone.it\/news\/#\/schema\/logo\/image\/","url":"https:\/\/www.studiobrancaleone.it\/news\/wp-content\/uploads\/2025\/02\/Testata-sito-scaled.webp","contentUrl":"https:\/\/www.studiobrancaleone.it\/news\/wp-content\/uploads\/2025\/02\/Testata-sito-scaled.webp","width":2560,"height":481,"caption":"Studio Brancaleone"},"image":{"@id":"https:\/\/www.studiobrancaleone.it\/news\/#\/schema\/logo\/image\/"}},{"@type":"Person","@id":"https:\/\/www.studiobrancaleone.it\/news\/#\/schema\/person\/da5920864810e22fb65389a0a5cff7e3","name":"Giorgio Ferrari","image":{"@type":"ImageObject","inLanguage":"it-IT","@id":"https:\/\/secure.gravatar.com\/avatar\/e5a8c666e3c03788ccd80843664b7c6eb2fb548eb37bb5cd6598134bf5d56ae1?s=96&d=mm&r=g","url":"https:\/\/secure.gravatar.com\/avatar\/e5a8c666e3c03788ccd80843664b7c6eb2fb548eb37bb5cd6598134bf5d56ae1?s=96&d=mm&r=g","contentUrl":"https:\/\/secure.gravatar.com\/avatar\/e5a8c666e3c03788ccd80843664b7c6eb2fb548eb37bb5cd6598134bf5d56ae1?s=96&d=mm&r=g","caption":"Giorgio Ferrari"},"sameAs":["https:\/\/www.studiobrancaleone.it\/news"],"url":"https:\/\/www.studiobrancaleone.it\/news\/author\/giorfer\/"}]}},"uagb_featured_image_src":{"full":false,"thumbnail":false,"medium":false,"medium_large":false,"large":false,"1536x1536":false,"2048x2048":false},"uagb_author_info":{"display_name":"Giorgio Ferrari","author_link":"https:\/\/www.studiobrancaleone.it\/news\/author\/giorfer\/"},"uagb_comment_info":0,"uagb_excerpt":"La regione Emilia-Romagna, con le ordinanze n. 123\/2023 e n. 125\/2023, dispone rispettivamente in merito alla gestione emergenziale dei rifiuti per gli eventi meteorici di luglio 2023 e detta ulteriori disposizioni sulla gestione dello smaltimento rifiuti per l&#8217;alluvione di maggio 2023. Ordinanza n. 123\/2023 Eventi meteorici del luglio 2023. Disposizioni per la gestione emergenziale dei&hellip;","_links":{"self":[{"href":"https:\/\/www.studiobrancaleone.it\/news\/wp-json\/wp\/v2\/posts\/10378","targetHints":{"allow":["GET"]}}],"collection":[{"href":"https:\/\/www.studiobrancaleone.it\/news\/wp-json\/wp\/v2\/posts"}],"about":[{"href":"https:\/\/www.studiobrancaleone.it\/news\/wp-json\/wp\/v2\/types\/post"}],"author":[{"embeddable":true,"href":"https:\/\/www.studiobrancaleone.it\/news\/wp-json\/wp\/v2\/users\/1"}],"replies":[{"embeddable":true,"href":"https:\/\/www.studiobrancaleone.it\/news\/wp-json\/wp\/v2\/comments?post=10378"}],"version-history":[{"count":0,"href":"https:\/\/www.studiobrancaleone.it\/news\/wp-json\/wp\/v2\/posts\/10378\/revisions"}],"wp:attachment":[{"href":"https:\/\/www.studiobrancaleone.it\/news\/wp-json\/wp\/v2\/media?parent=10378"}],"wp:term":[{"taxonomy":"category","embeddable":true,"href":"https:\/\/www.studiobrancaleone.it\/news\/wp-json\/wp\/v2\/categories?post=10378"},{"taxonomy":"post_tag","embeddable":true,"href":"https:\/\/www.studiobrancaleone.it\/news\/wp-json\/wp\/v2\/tags?post=10378"}],"curies":[{"name":"wp","href":"https:\/\/api.w.org\/{rel}","templated":true}]}}