{"id":10666,"date":"2023-08-30T10:53:30","date_gmt":"2023-08-30T08:53:30","guid":{"rendered":"https:\/\/www.studiobrancaleone.it\/news\/?p=10666"},"modified":"2023-08-30T11:04:54","modified_gmt":"2023-08-30T09:04:54","slug":"tar-conglomerato-bituminoso","status":"publish","type":"post","link":"https:\/\/www.studiobrancaleone.it\/news\/tar-conglomerato-bituminoso\/","title":{"rendered":"Tar, conglomerato bituminoso"},"content":{"rendered":"\n<p>Il Tar Lombardia, con la <strong>sentenza n. 1792\/2023<\/strong>, si \u00e8 pronunciato sui<strong> criteri specifici<\/strong> in presenza dei quali il <strong>conglomerato bituminoso cessa di essere qualificato come rifiuto<\/strong>.<\/p>\n\n\n\n<p>Il <strong>d.m. n. 69 del 2018 stabilisce i criteri specifici in presenza dei quali il conglomerato bituminoso cessa di essere qualificato come rifiuto<\/strong> ai sensi e per gli effetti dell&#8217;articolo 184-ter del d.lgs. n. 152 del 2006. <\/p>\n\n\n\n<p>L\u2019art. 4, primo comma, dello stesso d.m. attribuisce al <strong>produttore l\u2019onere di attestare, mediante dichiarazione sostitutiva di atto di notoriet\u00e0<\/strong>, la conformit\u00e0 del materiale prodotto alle caratteristiche tecniche sopra indicate. Il successivo art. 6 contiene poi una <strong>norma transitoria<\/strong> con la quale si \u00e8 stabilito che lo stesso produttore avrebbe dovuto provvedere, entro il termine di centoventi giorni dall\u2019entrata in vigore del decreto, a richiedere l\u2019adeguamento dell\u2019autorizzazione per conformarla ai nuovi criteri. Nelle more dell\u2019aggiornamento, il materiale prodotto avrebbe comunque potuto essere commercializzato se in possesso delle caratteristiche previste. Il possesso di tali caratteristiche avrebbe dovuto essere attestato sempre dal produttore con sua dichiarazione. <\/p>\n\n\n\n<p>Come si vede, queste norme sono chiare nel prevedere, sia <strong>per il periodo a regime che per il periodo transitorio, che debba essere il produttore del materiale a dover attestare<\/strong>, mediante propria dichiarazione, la presenza delle caratteristiche indicate nel d.m. n. 69 del 2018. <\/p>\n\n\n\n<p><strong>Nessun obbligo di questo tipo viene invece posto in capo all\u2019amministrazione<\/strong> la quale deve, quindi, limitarsi a ricevere le suddette dichiarazioni ed effettuare gli eventuali successivi controlli.<\/p>\n\n\n\n<p>Nel <strong>caso di specie<\/strong>, l\u2019Amministrazione ha vietato la commercializzazione del <strong>conglomerato bituminoso<\/strong> come MPS in quanto la ricorrente non avrebbe compiuto le formalit\u00e0 previste dal d.m. n. 69 del 2018, mentre la ricorrente sostiene che tale decisione sarebbe illegittima in quanto ci\u00f2 che unicamente rileverebbe, ai fini della possibilit\u00e0 di commercializzazione del suddetto materiale, \u00e8 che esso abbia caratteristiche conformi ai nuovi criteri determinati dal citato d.m. n. 69 del 2018, conformit\u00e0 che l\u2019Amministrazione ben avrebbe potuto accertare d\u2019ufficio.<\/p>\n\n\n\n<p>Diversamente, secondo il Tar &#8211; non contestato che la ricorrente non ha reso alcuna delle suddette dichiarazioni &#8211; <strong>manca l\u2019attestazione<\/strong> che il materiale stoccato presso il suo impianto possegga le caratteristiche necessarie per poter essere considerato alla stregua di MPS e di conseguenza \u00e8 da <strong>ritenersi corretta la decisione dell\u2019Amministrazione di vietarne la commercializzazione<\/strong>.<\/p>\n\n\n\n<hr class=\"wp-block-separator has-text-color has-ast-global-color-0-color has-alpha-channel-opacity has-ast-global-color-0-background-color has-background is-style-wide\"\/>\n","protected":false},"excerpt":{"rendered":"<p>Il Tar Lombardia, con la sentenza n. 1792\/2023, si \u00e8 pronunciato sui criteri specifici in presenza dei quali il conglomerato bituminoso cessa di essere qualificato come rifiuto. Il d.m. n. 69 del 2018 stabilisce i criteri specifici in presenza dei quali il conglomerato bituminoso cessa di essere qualificato come rifiuto ai sensi e per gli [&hellip;]<\/p>\n","protected":false},"author":1,"featured_media":0,"comment_status":"closed","ping_status":"open","sticky":false,"template":"","format":"standard","meta":{"_uag_custom_page_level_css":"","site-sidebar-layout":"default","site-content-layout":"","ast-site-content-layout":"default","site-content-style":"default","site-sidebar-style":"default","ast-global-header-display":"","ast-banner-title-visibility":"","ast-main-header-display":"","ast-hfb-above-header-display":"","ast-hfb-below-header-display":"","ast-hfb-mobile-header-display":"","site-post-title":"","ast-breadcrumbs-content":"","ast-featured-img":"","footer-sml-layout":"","ast-disable-related-posts":"","theme-transparent-header-meta":"","adv-header-id-meta":"","stick-header-meta":"","header-above-stick-meta":"","header-main-stick-meta":"","header-below-stick-meta":"","astra-migrate-meta-layouts":"set","ast-page-background-enabled":"default","ast-page-background-meta":{"desktop":{"background-color":"var(--ast-global-color-4)","background-image":"","background-repeat":"repeat","background-position":"center center","background-size":"auto","background-attachment":"scroll","background-type":"","background-media":"","overlay-type":"","overlay-color":"","overlay-opacity":"","overlay-gradient":""},"tablet":{"background-color":"","background-image":"","background-repeat":"repeat","background-position":"center center","background-size":"auto","background-attachment":"scroll","background-type":"","background-media":"","overlay-type":"","overlay-color":"","overlay-opacity":"","overlay-gradient":""},"mobile":{"background-color":"","background-image":"","background-repeat":"repeat","background-position":"center center","background-size":"auto","background-attachment":"scroll","background-type":"","background-media":"","overlay-type":"","overlay-color":"","overlay-opacity":"","overlay-gradient":""}},"ast-content-background-meta":{"desktop":{"background-color":"var(--ast-global-color-5)","background-image":"","background-repeat":"repeat","background-position":"center center","background-size":"auto","background-attachment":"scroll","background-type":"","background-media":"","overlay-type":"","overlay-color":"","overlay-opacity":"","overlay-gradient":""},"tablet":{"background-color":"var(--ast-global-color-5)","background-image":"","background-repeat":"repeat","background-position":"center center","background-size":"auto","background-attachment":"scroll","background-type":"","background-media":"","overlay-type":"","overlay-color":"","overlay-opacity":"","overlay-gradient":""},"mobile":{"background-color":"var(--ast-global-color-5)","background-image":"","background-repeat":"repeat","background-position":"center center","background-size":"auto","background-attachment":"scroll","background-type":"","background-media":"","overlay-type":"","overlay-color":"","overlay-opacity":"","overlay-gradient":""}},"footnotes":""},"categories":[9],"tags":[32],"class_list":["post-10666","post","type-post","status-publish","format-standard","hentry","category-giurisprudenza","tag-rifiuti"],"yoast_head":"<!-- This site is optimized with the Yoast SEO plugin v27.5 - https:\/\/yoast.com\/product\/yoast-seo-wordpress\/ -->\r\n<title>Tar, conglomerato bituminoso &#060; Studio Brancaleone<\/title>\r\n<meta name=\"description\" content=\"Il Tar si \u00e8 pronunciato sui criteri specifici in presenza dei quali il conglomerato bituminoso cessa di essere qualificato come rifiuto.\" \/>\r\n<meta name=\"robots\" content=\"index, follow, max-snippet:-1, max-image-preview:large, max-video-preview:-1\" \/>\r\n<link rel=\"canonical\" href=\"https:\/\/www.studiobrancaleone.it\/news\/tar-conglomerato-bituminoso\/\" \/>\r\n<meta property=\"og:locale\" content=\"it_IT\" \/>\r\n<meta property=\"og:type\" content=\"article\" \/>\r\n<meta property=\"og:title\" content=\"Tar, conglomerato bituminoso &#060; Studio Brancaleone\" \/>\r\n<meta property=\"og:description\" content=\"Il Tar si \u00e8 pronunciato sui criteri specifici in presenza dei quali il conglomerato bituminoso cessa di essere qualificato come rifiuto.\" \/>\r\n<meta property=\"og:url\" content=\"https:\/\/www.studiobrancaleone.it\/news\/tar-conglomerato-bituminoso\/\" \/>\r\n<meta property=\"og:site_name\" content=\"Studio Brancaleone\" \/>\r\n<meta property=\"article:published_time\" content=\"2023-08-30T08:53:30+00:00\" \/>\r\n<meta property=\"article:modified_time\" content=\"2023-08-30T09:04:54+00:00\" \/>\r\n<meta name=\"author\" content=\"Giorgio Ferrari\" \/>\r\n<meta name=\"twitter:card\" content=\"summary_large_image\" \/>\r\n<meta name=\"twitter:label1\" content=\"Scritto da\" \/>\n\t<meta name=\"twitter:data1\" content=\"Giorgio Ferrari\" \/>\n\t<meta name=\"twitter:label2\" content=\"Tempo di lettura stimato\" \/>\n\t<meta name=\"twitter:data2\" content=\"2 minuti\" \/>\r\n<script type=\"application\/ld+json\" class=\"yoast-schema-graph\">{\"@context\":\"https:\\\/\\\/schema.org\",\"@graph\":[{\"@type\":\"Article\",\"@id\":\"https:\\\/\\\/www.studiobrancaleone.it\\\/news\\\/tar-conglomerato-bituminoso\\\/#article\",\"isPartOf\":{\"@id\":\"https:\\\/\\\/www.studiobrancaleone.it\\\/news\\\/tar-conglomerato-bituminoso\\\/\"},\"author\":{\"name\":\"Giorgio Ferrari\",\"@id\":\"https:\\\/\\\/www.studiobrancaleone.it\\\/news\\\/#\\\/schema\\\/person\\\/da5920864810e22fb65389a0a5cff7e3\"},\"headline\":\"Tar, conglomerato bituminoso\",\"datePublished\":\"2023-08-30T08:53:30+00:00\",\"dateModified\":\"2023-08-30T09:04:54+00:00\",\"mainEntityOfPage\":{\"@id\":\"https:\\\/\\\/www.studiobrancaleone.it\\\/news\\\/tar-conglomerato-bituminoso\\\/\"},\"wordCount\":377,\"publisher\":{\"@id\":\"https:\\\/\\\/www.studiobrancaleone.it\\\/news\\\/#organization\"},\"keywords\":[\"Rifiuti\"],\"articleSection\":[\"Giurisprudenza\"],\"inLanguage\":\"it-IT\"},{\"@type\":\"WebPage\",\"@id\":\"https:\\\/\\\/www.studiobrancaleone.it\\\/news\\\/tar-conglomerato-bituminoso\\\/\",\"url\":\"https:\\\/\\\/www.studiobrancaleone.it\\\/news\\\/tar-conglomerato-bituminoso\\\/\",\"name\":\"Tar, conglomerato bituminoso &#060; Studio Brancaleone\",\"isPartOf\":{\"@id\":\"https:\\\/\\\/www.studiobrancaleone.it\\\/news\\\/#website\"},\"datePublished\":\"2023-08-30T08:53:30+00:00\",\"dateModified\":\"2023-08-30T09:04:54+00:00\",\"description\":\"Il Tar si \u00e8 pronunciato sui criteri specifici in presenza dei quali il conglomerato bituminoso cessa di essere qualificato come rifiuto.\",\"breadcrumb\":{\"@id\":\"https:\\\/\\\/www.studiobrancaleone.it\\\/news\\\/tar-conglomerato-bituminoso\\\/#breadcrumb\"},\"inLanguage\":\"it-IT\",\"potentialAction\":[{\"@type\":\"ReadAction\",\"target\":[\"https:\\\/\\\/www.studiobrancaleone.it\\\/news\\\/tar-conglomerato-bituminoso\\\/\"]}]},{\"@type\":\"BreadcrumbList\",\"@id\":\"https:\\\/\\\/www.studiobrancaleone.it\\\/news\\\/tar-conglomerato-bituminoso\\\/#breadcrumb\",\"itemListElement\":[{\"@type\":\"ListItem\",\"position\":1,\"name\":\"Home\",\"item\":\"https:\\\/\\\/www.studiobrancaleone.it\\\/news\\\/\"},{\"@type\":\"ListItem\",\"position\":2,\"name\":\"Tar, conglomerato bituminoso\"}]},{\"@type\":\"WebSite\",\"@id\":\"https:\\\/\\\/www.studiobrancaleone.it\\\/news\\\/#website\",\"url\":\"https:\\\/\\\/www.studiobrancaleone.it\\\/news\\\/\",\"name\":\"Studio Brancaleone\",\"description\":\"Notizie giuridiche aggiornate regolarmente\",\"publisher\":{\"@id\":\"https:\\\/\\\/www.studiobrancaleone.it\\\/news\\\/#organization\"},\"potentialAction\":[{\"@type\":\"SearchAction\",\"target\":{\"@type\":\"EntryPoint\",\"urlTemplate\":\"https:\\\/\\\/www.studiobrancaleone.it\\\/news\\\/?s={search_term_string}\"},\"query-input\":{\"@type\":\"PropertyValueSpecification\",\"valueRequired\":true,\"valueName\":\"search_term_string\"}}],\"inLanguage\":\"it-IT\"},{\"@type\":\"Organization\",\"@id\":\"https:\\\/\\\/www.studiobrancaleone.it\\\/news\\\/#organization\",\"name\":\"Studio Brancaleone\",\"url\":\"https:\\\/\\\/www.studiobrancaleone.it\\\/news\\\/\",\"logo\":{\"@type\":\"ImageObject\",\"inLanguage\":\"it-IT\",\"@id\":\"https:\\\/\\\/www.studiobrancaleone.it\\\/news\\\/#\\\/schema\\\/logo\\\/image\\\/\",\"url\":\"https:\\\/\\\/www.studiobrancaleone.it\\\/news\\\/wp-content\\\/uploads\\\/2025\\\/02\\\/Testata-sito-scaled.webp\",\"contentUrl\":\"https:\\\/\\\/www.studiobrancaleone.it\\\/news\\\/wp-content\\\/uploads\\\/2025\\\/02\\\/Testata-sito-scaled.webp\",\"width\":2560,\"height\":481,\"caption\":\"Studio Brancaleone\"},\"image\":{\"@id\":\"https:\\\/\\\/www.studiobrancaleone.it\\\/news\\\/#\\\/schema\\\/logo\\\/image\\\/\"}},{\"@type\":\"Person\",\"@id\":\"https:\\\/\\\/www.studiobrancaleone.it\\\/news\\\/#\\\/schema\\\/person\\\/da5920864810e22fb65389a0a5cff7e3\",\"name\":\"Giorgio Ferrari\",\"image\":{\"@type\":\"ImageObject\",\"inLanguage\":\"it-IT\",\"@id\":\"https:\\\/\\\/secure.gravatar.com\\\/avatar\\\/e5a8c666e3c03788ccd80843664b7c6eb2fb548eb37bb5cd6598134bf5d56ae1?s=96&d=mm&r=g\",\"url\":\"https:\\\/\\\/secure.gravatar.com\\\/avatar\\\/e5a8c666e3c03788ccd80843664b7c6eb2fb548eb37bb5cd6598134bf5d56ae1?s=96&d=mm&r=g\",\"contentUrl\":\"https:\\\/\\\/secure.gravatar.com\\\/avatar\\\/e5a8c666e3c03788ccd80843664b7c6eb2fb548eb37bb5cd6598134bf5d56ae1?s=96&d=mm&r=g\",\"caption\":\"Giorgio Ferrari\"},\"sameAs\":[\"https:\\\/\\\/www.studiobrancaleone.it\\\/news\"],\"url\":\"https:\\\/\\\/www.studiobrancaleone.it\\\/news\\\/author\\\/giorfer\\\/\"}]}<\/script>\r\n<!-- \/ Yoast SEO plugin. -->","yoast_head_json":{"title":"Tar, conglomerato bituminoso &#060; Studio Brancaleone","description":"Il Tar si \u00e8 pronunciato sui criteri specifici in presenza dei quali il conglomerato bituminoso cessa di essere qualificato come rifiuto.","robots":{"index":"index","follow":"follow","max-snippet":"max-snippet:-1","max-image-preview":"max-image-preview:large","max-video-preview":"max-video-preview:-1"},"canonical":"https:\/\/www.studiobrancaleone.it\/news\/tar-conglomerato-bituminoso\/","og_locale":"it_IT","og_type":"article","og_title":"Tar, conglomerato bituminoso &#060; Studio Brancaleone","og_description":"Il Tar si \u00e8 pronunciato sui criteri specifici in presenza dei quali il conglomerato bituminoso cessa di essere qualificato come rifiuto.","og_url":"https:\/\/www.studiobrancaleone.it\/news\/tar-conglomerato-bituminoso\/","og_site_name":"Studio Brancaleone","article_published_time":"2023-08-30T08:53:30+00:00","article_modified_time":"2023-08-30T09:04:54+00:00","author":"Giorgio Ferrari","twitter_card":"summary_large_image","twitter_misc":{"Scritto da":"Giorgio Ferrari","Tempo di lettura stimato":"2 minuti"},"schema":{"@context":"https:\/\/schema.org","@graph":[{"@type":"Article","@id":"https:\/\/www.studiobrancaleone.it\/news\/tar-conglomerato-bituminoso\/#article","isPartOf":{"@id":"https:\/\/www.studiobrancaleone.it\/news\/tar-conglomerato-bituminoso\/"},"author":{"name":"Giorgio Ferrari","@id":"https:\/\/www.studiobrancaleone.it\/news\/#\/schema\/person\/da5920864810e22fb65389a0a5cff7e3"},"headline":"Tar, conglomerato bituminoso","datePublished":"2023-08-30T08:53:30+00:00","dateModified":"2023-08-30T09:04:54+00:00","mainEntityOfPage":{"@id":"https:\/\/www.studiobrancaleone.it\/news\/tar-conglomerato-bituminoso\/"},"wordCount":377,"publisher":{"@id":"https:\/\/www.studiobrancaleone.it\/news\/#organization"},"keywords":["Rifiuti"],"articleSection":["Giurisprudenza"],"inLanguage":"it-IT"},{"@type":"WebPage","@id":"https:\/\/www.studiobrancaleone.it\/news\/tar-conglomerato-bituminoso\/","url":"https:\/\/www.studiobrancaleone.it\/news\/tar-conglomerato-bituminoso\/","name":"Tar, conglomerato bituminoso &#060; Studio Brancaleone","isPartOf":{"@id":"https:\/\/www.studiobrancaleone.it\/news\/#website"},"datePublished":"2023-08-30T08:53:30+00:00","dateModified":"2023-08-30T09:04:54+00:00","description":"Il Tar si \u00e8 pronunciato sui criteri specifici in presenza dei quali il conglomerato bituminoso cessa di essere qualificato come rifiuto.","breadcrumb":{"@id":"https:\/\/www.studiobrancaleone.it\/news\/tar-conglomerato-bituminoso\/#breadcrumb"},"inLanguage":"it-IT","potentialAction":[{"@type":"ReadAction","target":["https:\/\/www.studiobrancaleone.it\/news\/tar-conglomerato-bituminoso\/"]}]},{"@type":"BreadcrumbList","@id":"https:\/\/www.studiobrancaleone.it\/news\/tar-conglomerato-bituminoso\/#breadcrumb","itemListElement":[{"@type":"ListItem","position":1,"name":"Home","item":"https:\/\/www.studiobrancaleone.it\/news\/"},{"@type":"ListItem","position":2,"name":"Tar, conglomerato bituminoso"}]},{"@type":"WebSite","@id":"https:\/\/www.studiobrancaleone.it\/news\/#website","url":"https:\/\/www.studiobrancaleone.it\/news\/","name":"Studio Brancaleone","description":"Notizie giuridiche aggiornate regolarmente","publisher":{"@id":"https:\/\/www.studiobrancaleone.it\/news\/#organization"},"potentialAction":[{"@type":"SearchAction","target":{"@type":"EntryPoint","urlTemplate":"https:\/\/www.studiobrancaleone.it\/news\/?s={search_term_string}"},"query-input":{"@type":"PropertyValueSpecification","valueRequired":true,"valueName":"search_term_string"}}],"inLanguage":"it-IT"},{"@type":"Organization","@id":"https:\/\/www.studiobrancaleone.it\/news\/#organization","name":"Studio Brancaleone","url":"https:\/\/www.studiobrancaleone.it\/news\/","logo":{"@type":"ImageObject","inLanguage":"it-IT","@id":"https:\/\/www.studiobrancaleone.it\/news\/#\/schema\/logo\/image\/","url":"https:\/\/www.studiobrancaleone.it\/news\/wp-content\/uploads\/2025\/02\/Testata-sito-scaled.webp","contentUrl":"https:\/\/www.studiobrancaleone.it\/news\/wp-content\/uploads\/2025\/02\/Testata-sito-scaled.webp","width":2560,"height":481,"caption":"Studio Brancaleone"},"image":{"@id":"https:\/\/www.studiobrancaleone.it\/news\/#\/schema\/logo\/image\/"}},{"@type":"Person","@id":"https:\/\/www.studiobrancaleone.it\/news\/#\/schema\/person\/da5920864810e22fb65389a0a5cff7e3","name":"Giorgio Ferrari","image":{"@type":"ImageObject","inLanguage":"it-IT","@id":"https:\/\/secure.gravatar.com\/avatar\/e5a8c666e3c03788ccd80843664b7c6eb2fb548eb37bb5cd6598134bf5d56ae1?s=96&d=mm&r=g","url":"https:\/\/secure.gravatar.com\/avatar\/e5a8c666e3c03788ccd80843664b7c6eb2fb548eb37bb5cd6598134bf5d56ae1?s=96&d=mm&r=g","contentUrl":"https:\/\/secure.gravatar.com\/avatar\/e5a8c666e3c03788ccd80843664b7c6eb2fb548eb37bb5cd6598134bf5d56ae1?s=96&d=mm&r=g","caption":"Giorgio Ferrari"},"sameAs":["https:\/\/www.studiobrancaleone.it\/news"],"url":"https:\/\/www.studiobrancaleone.it\/news\/author\/giorfer\/"}]}},"uagb_featured_image_src":{"full":false,"thumbnail":false,"medium":false,"medium_large":false,"large":false,"1536x1536":false,"2048x2048":false},"uagb_author_info":{"display_name":"Giorgio Ferrari","author_link":"https:\/\/www.studiobrancaleone.it\/news\/author\/giorfer\/"},"uagb_comment_info":0,"uagb_excerpt":"Il Tar Lombardia, con la sentenza n. 1792\/2023, si \u00e8 pronunciato sui criteri specifici in presenza dei quali il conglomerato bituminoso cessa di essere qualificato come rifiuto. Il d.m. n. 69 del 2018 stabilisce i criteri specifici in presenza dei quali il conglomerato bituminoso cessa di essere qualificato come rifiuto ai sensi e per gli&hellip;","_links":{"self":[{"href":"https:\/\/www.studiobrancaleone.it\/news\/wp-json\/wp\/v2\/posts\/10666","targetHints":{"allow":["GET"]}}],"collection":[{"href":"https:\/\/www.studiobrancaleone.it\/news\/wp-json\/wp\/v2\/posts"}],"about":[{"href":"https:\/\/www.studiobrancaleone.it\/news\/wp-json\/wp\/v2\/types\/post"}],"author":[{"embeddable":true,"href":"https:\/\/www.studiobrancaleone.it\/news\/wp-json\/wp\/v2\/users\/1"}],"replies":[{"embeddable":true,"href":"https:\/\/www.studiobrancaleone.it\/news\/wp-json\/wp\/v2\/comments?post=10666"}],"version-history":[{"count":0,"href":"https:\/\/www.studiobrancaleone.it\/news\/wp-json\/wp\/v2\/posts\/10666\/revisions"}],"wp:attachment":[{"href":"https:\/\/www.studiobrancaleone.it\/news\/wp-json\/wp\/v2\/media?parent=10666"}],"wp:term":[{"taxonomy":"category","embeddable":true,"href":"https:\/\/www.studiobrancaleone.it\/news\/wp-json\/wp\/v2\/categories?post=10666"},{"taxonomy":"post_tag","embeddable":true,"href":"https:\/\/www.studiobrancaleone.it\/news\/wp-json\/wp\/v2\/tags?post=10666"}],"curies":[{"name":"wp","href":"https:\/\/api.w.org\/{rel}","templated":true}]}}