{"id":10986,"date":"2023-09-22T13:00:30","date_gmt":"2023-09-22T11:00:30","guid":{"rendered":"https:\/\/www.studiobrancaleone.it\/news\/?p=10986"},"modified":"2023-09-22T15:52:06","modified_gmt":"2023-09-22T13:52:06","slug":"agenda-2030-approvata-strategia-sviluppo-sostenibile","status":"publish","type":"post","link":"https:\/\/www.studiobrancaleone.it\/news\/agenda-2030-approvata-strategia-sviluppo-sostenibile\/","title":{"rendered":"Agenda 2030: approvata Strategia Sviluppo Sostenibile"},"content":{"rendered":"\n<p>Il <strong>CITE<\/strong>, Comitato Interministeriale per la Transizione Ecologica, ha approvato la nuova <strong>Strategia Nazionale per lo Sviluppo Sostenibile<\/strong> il documento che declina gli obiettivi dell\u2019<strong>Agenda 2030 dell\u2019ONU<\/strong> adattandoli al contesto italiano, con <strong>obiettivi e target<\/strong> associati a 55 indicatori per misurare la <strong>sostenibilit\u00e0 <\/strong>in Italia.<\/p>\n\n\n\t\t\t\t<div class=\"wp-block-uagb-table-of-contents uagb-toc__align-left uagb-toc__columns-1  uagb-block-ed4a4653      \"\n\t\t\t\t\tdata-scroll= \"1\"\n\t\t\t\t\tdata-offset= \"30\"\n\t\t\t\t\tstyle=\"\"\n\t\t\t\t>\n\t\t\t\t<div class=\"uagb-toc__wrap\">\n\t\t\t\t\t\t<div class=\"uagb-toc__title\">\n\t\t\t\t\t\t\tLa Strategia Nazionale OSS\t\t\t\t\t\t<\/div>\n\t\t\t\t\t\t\t\t\t\t\t\t\t\t\t\t\t\t\t\t\t\t<div class=\"uagb-toc__list-wrap \">\n\t\t\t\t\t\t<ol class=\"uagb-toc__list\"><li class=\"uagb-toc__list\"><a href=\"#i-contenuti\" class=\"uagb-toc-link__trigger\">I contenuti<\/a><li class=\"uagb-toc__list\"><a href=\"#le-cinque-p\" class=\"uagb-toc-link__trigger\">Le cinque &quot;P&quot;<\/a><li class=\"uagb-toc__list\"><a href=\"#i-valori-obiettivo\" class=\"uagb-toc-link__trigger\">I valori obiettivo<\/a><\/ol>\t\t\t\t\t<\/div>\n\t\t\t\t\t\t\t\t\t<\/div>\n\t\t\t\t<\/div>\n\t\t\t\n\n\n<h2 class=\"wp-block-heading\">I contenuti<\/h2>\n\n\n\n<p>Approvata la prima volta nel 2017, la <strong>Strategia <\/strong>\u00e8 stata revisionata nel 2022 dopo un ampio processo partecipativo, che ha coinvolto i ministeri competenti, la Conferenza Stato-Regioni-Province Autonome, gli enti territoriali, la societ\u00e0 civile e gli attori non statali riuniti nel Forum nazionale per lo Sviluppo Sostenibile.<\/p>\n\n\n\n<p>L\u2019Italia si dota cos\u00ec, mentre ci troviamo al \u201cgiro di boa\u201d dell\u2019Agenda 2030, di una sua <strong>Strategia aggiornata<\/strong> e connessa con quelle delle singole Regioni, Province autonome e Citt\u00e0 metropolitane. Il documento \u00e8 stato realizzato con la reg\u00eca e il coordinamento da parte del <strong>MASE<\/strong> per la parte nazionale e del <strong>MAECI<\/strong> per quella internazionale.<\/p>\n\n\n\n<h2 class=\"wp-block-heading\">Le cinque &#8220;P&#8221;<\/h2>\n\n\n\n<p>Per raggiungere i 17 \u201c<em>goals<\/em>\u201d dell\u2019Agenda delle Nazioni Unite, la Strategia parte dalle cosiddette <strong>cinque \u201c<em>P<\/em>\u201d<\/strong>, che connettono trasversalmente dinamiche <strong>economiche<\/strong>, questioni <strong>sociali <\/strong>e qualit\u00e0 <strong>ambientale<\/strong>: <\/p>\n\n\n\n<ul class=\"wp-block-list\">\n<li>Persone, <\/li>\n\n\n\n<li>Pianeta, <\/li>\n\n\n\n<li>Prosperit\u00e0, <\/li>\n\n\n\n<li>Pace, <\/li>\n\n\n\n<li>Partnership. <\/li>\n<\/ul>\n\n\n\n<p>Da queste discendono quindici <strong>scelte strategiche<\/strong> su tutti i campi d\u2019azione della Strategia: <\/p>\n\n\n\n<ul class=\"wp-block-list\">\n<li>gestione sostenibile delle risorse naturali,<\/li>\n\n\n\n<li>abbattimento delle emissioni climalteranti, <\/li>\n\n\n\n<li>promozione di un benessere economico sostenibile, <\/li>\n\n\n\n<li>contrasto alla povert\u00e0<\/li>\n\n\n\n<li>sviluppo di un\u2019occupazione di qualit\u00e0, <\/li>\n\n\n\n<li>una societ\u00e0 non violenta, inclusiva e rispettosa dei diritti umani, senza discriminazioni.<\/li>\n<\/ul>\n\n\n\n<h2 class=\"wp-block-heading\">I valori obiettivo<\/h2>\n\n\n\n<p>Nell\u2019ottica di dare quanta pi\u00f9 concretezza al percorso, tra le <strong>novit\u00e0 <\/strong>della nuova Strategia vi \u00e8 la definizione di \u201c<strong>valori obiettivo<\/strong>\u201d, che sono misurati annualmente attraverso una serie di <strong>indicatori<\/strong>: 55 sono definiti <strong>di primo livello<\/strong> e costituiscono un nucleo comune per tutte le amministrazioni centrali e territoriali. Altri 190 si definiscono <strong>di secondo livello <\/strong>e garantiscono il <strong>monitoraggio <\/strong>complessivo degli obiettivi posti. L\u2019approfondito lavoro svolto ha permesso di associare ogni indicatore a <strong>obiettivi specifici<\/strong> da raggiungere, come all\u2019eventuale quadro strategico e di finanziamento gi\u00e0 presente.<\/p>\n\n\n\n<p>Nella stesura del testo, si \u00e8 deciso inoltre di dare particolare evidenza ai cosiddetti tre \u201c<em>vettori di sostenibilit\u00e0<\/em>\u201d: <\/p>\n\n\n\n<ul class=\"wp-block-list\">\n<li>la coerenza delle politiche per lo sviluppo sostenibile, <\/li>\n\n\n\n<li>la cultura,<\/li>\n\n\n\n<li>la partecipazione per lo sviluppo sostenibile. <\/li>\n<\/ul>\n\n\n\n<p>Viene evidenziata l\u2019importanza dei territori e di una governance multilivello, delle attivit\u00e0 di valutazione e monitoraggio, di educazione, formazione e comunicazione, di collaborazioni e partenariati.<\/p>\n\n\n\n<p>Per l\u2019attuazione della Strategia il CIPESS del 20 luglio ultimo scorso ha stanziato per l\u2019annualit\u00e0 2023\/2024 una cifra pari a circa <strong>17 milioni di euro<\/strong>.<\/p>\n\n\n\n<hr class=\"wp-block-separator has-text-color has-ast-global-color-0-color has-alpha-channel-opacity has-ast-global-color-0-background-color has-background is-style-wide\"\/>\n\n\n\n<p>Fonte: Ministero dell\u2019Ambiente e della Sicurezza Energetica<\/p>\n","protected":false},"excerpt":{"rendered":"<p>Il CITE, Comitato Interministeriale per la Transizione Ecologica, ha approvato la nuova Strategia Nazionale per lo Sviluppo Sostenibile il documento che declina gli obiettivi dell\u2019Agenda 2030 dell\u2019ONU adattandoli al contesto italiano, con obiettivi e target associati a 55 indicatori per misurare la sostenibilit\u00e0 in Italia. I contenuti Approvata la prima volta nel 2017, la Strategia [&hellip;]<\/p>\n","protected":false},"author":2,"featured_media":0,"comment_status":"closed","ping_status":"open","sticky":false,"template":"","format":"standard","meta":{"_uag_custom_page_level_css":"","site-sidebar-layout":"default","site-content-layout":null,"ast-site-content-layout":"default","site-content-style":"default","site-sidebar-style":"default","ast-global-header-display":"","ast-banner-title-visibility":"","ast-main-header-display":"","ast-hfb-above-header-display":"","ast-hfb-below-header-display":"","ast-hfb-mobile-header-display":"","site-post-title":"","ast-breadcrumbs-content":"","ast-featured-img":"","footer-sml-layout":"","ast-disable-related-posts":"","theme-transparent-header-meta":"","adv-header-id-meta":"","stick-header-meta":"","header-above-stick-meta":"","header-main-stick-meta":"","header-below-stick-meta":"","astra-migrate-meta-layouts":"set","ast-page-background-enabled":"default","ast-page-background-meta":{"desktop":{"background-color":"var(--ast-global-color-4)","background-image":"","background-repeat":"repeat","background-position":"center center","background-size":"auto","background-attachment":"scroll","background-type":"","background-media":"","overlay-type":"","overlay-color":"","overlay-opacity":"","overlay-gradient":""},"tablet":{"background-color":"","background-image":"","background-repeat":"repeat","background-position":"center center","background-size":"auto","background-attachment":"scroll","background-type":"","background-media":"","overlay-type":"","overlay-color":"","overlay-opacity":"","overlay-gradient":""},"mobile":{"background-color":"","background-image":"","background-repeat":"repeat","background-position":"center center","background-size":"auto","background-attachment":"scroll","background-type":"","background-media":"","overlay-type":"","overlay-color":"","overlay-opacity":"","overlay-gradient":""}},"ast-content-background-meta":{"desktop":{"background-color":"var(--ast-global-color-5)","background-image":"","background-repeat":"repeat","background-position":"center center","background-size":"auto","background-attachment":"scroll","background-type":"","background-media":"","overlay-type":"","overlay-color":"","overlay-opacity":"","overlay-gradient":""},"tablet":{"background-color":"var(--ast-global-color-5)","background-image":"","background-repeat":"repeat","background-position":"center center","background-size":"auto","background-attachment":"scroll","background-type":"","background-media":"","overlay-type":"","overlay-color":"","overlay-opacity":"","overlay-gradient":""},"mobile":{"background-color":"var(--ast-global-color-5)","background-image":"","background-repeat":"repeat","background-position":"center center","background-size":"auto","background-attachment":"scroll","background-type":"","background-media":"","overlay-type":"","overlay-color":"","overlay-opacity":"","overlay-gradient":""}},"footnotes":""},"categories":[4],"tags":[142],"class_list":["post-10986","post","type-post","status-publish","format-standard","hentry","category-nazionali-ue","tag-sostenibilita"],"yoast_head":"<!-- This site is optimized with the Yoast SEO plugin v27.5 - https:\/\/yoast.com\/product\/yoast-seo-wordpress\/ -->\r\n<title>Agenda 2030: approvata Strategia Sviluppo Sostenibile &#060; Studio Brancaleone<\/title>\r\n<meta name=\"description\" content=\"Il CITE ha approvato la nuova Strategia Nazionale per lo Sviluppo Sostenibile il documento che declina gli obiettivi dell\u2019Agenda 2030 dell\u2019ONU.\" \/>\r\n<meta name=\"robots\" content=\"index, follow, max-snippet:-1, max-image-preview:large, max-video-preview:-1\" \/>\r\n<link rel=\"canonical\" href=\"https:\/\/www.studiobrancaleone.it\/news\/agenda-2030-approvata-strategia-sviluppo-sostenibile\/\" \/>\r\n<meta property=\"og:locale\" content=\"it_IT\" \/>\r\n<meta property=\"og:type\" content=\"article\" \/>\r\n<meta property=\"og:title\" content=\"Agenda 2030: approvata Strategia Sviluppo Sostenibile &#060; Studio Brancaleone\" \/>\r\n<meta property=\"og:description\" content=\"Il CITE ha approvato la nuova Strategia Nazionale per lo Sviluppo Sostenibile il documento che declina gli obiettivi dell\u2019Agenda 2030 dell\u2019ONU.\" \/>\r\n<meta property=\"og:url\" content=\"https:\/\/www.studiobrancaleone.it\/news\/agenda-2030-approvata-strategia-sviluppo-sostenibile\/\" \/>\r\n<meta property=\"og:site_name\" content=\"Studio Brancaleone\" \/>\r\n<meta property=\"article:published_time\" content=\"2023-09-22T11:00:30+00:00\" \/>\r\n<meta property=\"article:modified_time\" content=\"2023-09-22T13:52:06+00:00\" \/>\r\n<meta name=\"author\" content=\"Ivana Brancaleone\" \/>\r\n<meta name=\"twitter:card\" content=\"summary_large_image\" \/>\r\n<meta name=\"twitter:label1\" content=\"Scritto da\" \/>\n\t<meta name=\"twitter:data1\" content=\"Ivana Brancaleone\" \/>\n\t<meta name=\"twitter:label2\" content=\"Tempo di lettura stimato\" \/>\n\t<meta name=\"twitter:data2\" content=\"3 minuti\" \/>\r\n<script type=\"application\/ld+json\" class=\"yoast-schema-graph\">{\"@context\":\"https:\\\/\\\/schema.org\",\"@graph\":[{\"@type\":\"Article\",\"@id\":\"https:\\\/\\\/www.studiobrancaleone.it\\\/news\\\/agenda-2030-approvata-strategia-sviluppo-sostenibile\\\/#article\",\"isPartOf\":{\"@id\":\"https:\\\/\\\/www.studiobrancaleone.it\\\/news\\\/agenda-2030-approvata-strategia-sviluppo-sostenibile\\\/\"},\"author\":{\"name\":\"Ivana Brancaleone\",\"@id\":\"https:\\\/\\\/www.studiobrancaleone.it\\\/news\\\/#\\\/schema\\\/person\\\/3df132515081baef5f0ea457e1dfcf6d\"},\"headline\":\"Agenda 2030: approvata Strategia Sviluppo Sostenibile\",\"datePublished\":\"2023-09-22T11:00:30+00:00\",\"dateModified\":\"2023-09-22T13:52:06+00:00\",\"mainEntityOfPage\":{\"@id\":\"https:\\\/\\\/www.studiobrancaleone.it\\\/news\\\/agenda-2030-approvata-strategia-sviluppo-sostenibile\\\/\"},\"wordCount\":416,\"publisher\":{\"@id\":\"https:\\\/\\\/www.studiobrancaleone.it\\\/news\\\/#organization\"},\"keywords\":[\"Sostenibilit\u00e0\"],\"articleSection\":[\"Nazionali\\\/Ue\"],\"inLanguage\":\"it-IT\"},{\"@type\":\"WebPage\",\"@id\":\"https:\\\/\\\/www.studiobrancaleone.it\\\/news\\\/agenda-2030-approvata-strategia-sviluppo-sostenibile\\\/\",\"url\":\"https:\\\/\\\/www.studiobrancaleone.it\\\/news\\\/agenda-2030-approvata-strategia-sviluppo-sostenibile\\\/\",\"name\":\"Agenda 2030: approvata Strategia Sviluppo Sostenibile &#060; Studio Brancaleone\",\"isPartOf\":{\"@id\":\"https:\\\/\\\/www.studiobrancaleone.it\\\/news\\\/#website\"},\"datePublished\":\"2023-09-22T11:00:30+00:00\",\"dateModified\":\"2023-09-22T13:52:06+00:00\",\"description\":\"Il CITE ha approvato la nuova Strategia Nazionale per lo Sviluppo Sostenibile il documento che declina gli obiettivi dell\u2019Agenda 2030 dell\u2019ONU.\",\"breadcrumb\":{\"@id\":\"https:\\\/\\\/www.studiobrancaleone.it\\\/news\\\/agenda-2030-approvata-strategia-sviluppo-sostenibile\\\/#breadcrumb\"},\"inLanguage\":\"it-IT\",\"potentialAction\":[{\"@type\":\"ReadAction\",\"target\":[\"https:\\\/\\\/www.studiobrancaleone.it\\\/news\\\/agenda-2030-approvata-strategia-sviluppo-sostenibile\\\/\"]}]},{\"@type\":\"BreadcrumbList\",\"@id\":\"https:\\\/\\\/www.studiobrancaleone.it\\\/news\\\/agenda-2030-approvata-strategia-sviluppo-sostenibile\\\/#breadcrumb\",\"itemListElement\":[{\"@type\":\"ListItem\",\"position\":1,\"name\":\"Home\",\"item\":\"https:\\\/\\\/www.studiobrancaleone.it\\\/news\\\/\"},{\"@type\":\"ListItem\",\"position\":2,\"name\":\"Agenda 2030: approvata Strategia Sviluppo Sostenibile\"}]},{\"@type\":\"WebSite\",\"@id\":\"https:\\\/\\\/www.studiobrancaleone.it\\\/news\\\/#website\",\"url\":\"https:\\\/\\\/www.studiobrancaleone.it\\\/news\\\/\",\"name\":\"Studio Brancaleone\",\"description\":\"Notizie giuridiche aggiornate regolarmente\",\"publisher\":{\"@id\":\"https:\\\/\\\/www.studiobrancaleone.it\\\/news\\\/#organization\"},\"potentialAction\":[{\"@type\":\"SearchAction\",\"target\":{\"@type\":\"EntryPoint\",\"urlTemplate\":\"https:\\\/\\\/www.studiobrancaleone.it\\\/news\\\/?s={search_term_string}\"},\"query-input\":{\"@type\":\"PropertyValueSpecification\",\"valueRequired\":true,\"valueName\":\"search_term_string\"}}],\"inLanguage\":\"it-IT\"},{\"@type\":\"Organization\",\"@id\":\"https:\\\/\\\/www.studiobrancaleone.it\\\/news\\\/#organization\",\"name\":\"Studio Brancaleone\",\"url\":\"https:\\\/\\\/www.studiobrancaleone.it\\\/news\\\/\",\"logo\":{\"@type\":\"ImageObject\",\"inLanguage\":\"it-IT\",\"@id\":\"https:\\\/\\\/www.studiobrancaleone.it\\\/news\\\/#\\\/schema\\\/logo\\\/image\\\/\",\"url\":\"https:\\\/\\\/www.studiobrancaleone.it\\\/news\\\/wp-content\\\/uploads\\\/2025\\\/02\\\/Testata-sito-scaled.webp\",\"contentUrl\":\"https:\\\/\\\/www.studiobrancaleone.it\\\/news\\\/wp-content\\\/uploads\\\/2025\\\/02\\\/Testata-sito-scaled.webp\",\"width\":2560,\"height\":481,\"caption\":\"Studio Brancaleone\"},\"image\":{\"@id\":\"https:\\\/\\\/www.studiobrancaleone.it\\\/news\\\/#\\\/schema\\\/logo\\\/image\\\/\"}},{\"@type\":\"Person\",\"@id\":\"https:\\\/\\\/www.studiobrancaleone.it\\\/news\\\/#\\\/schema\\\/person\\\/3df132515081baef5f0ea457e1dfcf6d\",\"name\":\"Ivana Brancaleone\",\"image\":{\"@type\":\"ImageObject\",\"inLanguage\":\"it-IT\",\"@id\":\"https:\\\/\\\/secure.gravatar.com\\\/avatar\\\/9f6d2be41a5115d34c5114a0a78ade583fa3a3bd63a144dfc88c9da356eca16c?s=96&d=mm&r=g\",\"url\":\"https:\\\/\\\/secure.gravatar.com\\\/avatar\\\/9f6d2be41a5115d34c5114a0a78ade583fa3a3bd63a144dfc88c9da356eca16c?s=96&d=mm&r=g\",\"contentUrl\":\"https:\\\/\\\/secure.gravatar.com\\\/avatar\\\/9f6d2be41a5115d34c5114a0a78ade583fa3a3bd63a144dfc88c9da356eca16c?s=96&d=mm&r=g\",\"caption\":\"Ivana Brancaleone\"},\"url\":\"https:\\\/\\\/www.studiobrancaleone.it\\\/news\\\/author\\\/ivanbra\\\/\"}]}<\/script>\r\n<!-- \/ Yoast SEO plugin. -->","yoast_head_json":{"title":"Agenda 2030: approvata Strategia Sviluppo Sostenibile &#060; Studio Brancaleone","description":"Il CITE ha approvato la nuova Strategia Nazionale per lo Sviluppo Sostenibile il documento che declina gli obiettivi dell\u2019Agenda 2030 dell\u2019ONU.","robots":{"index":"index","follow":"follow","max-snippet":"max-snippet:-1","max-image-preview":"max-image-preview:large","max-video-preview":"max-video-preview:-1"},"canonical":"https:\/\/www.studiobrancaleone.it\/news\/agenda-2030-approvata-strategia-sviluppo-sostenibile\/","og_locale":"it_IT","og_type":"article","og_title":"Agenda 2030: approvata Strategia Sviluppo Sostenibile &#060; Studio Brancaleone","og_description":"Il CITE ha approvato la nuova Strategia Nazionale per lo Sviluppo Sostenibile il documento che declina gli obiettivi dell\u2019Agenda 2030 dell\u2019ONU.","og_url":"https:\/\/www.studiobrancaleone.it\/news\/agenda-2030-approvata-strategia-sviluppo-sostenibile\/","og_site_name":"Studio Brancaleone","article_published_time":"2023-09-22T11:00:30+00:00","article_modified_time":"2023-09-22T13:52:06+00:00","author":"Ivana Brancaleone","twitter_card":"summary_large_image","twitter_misc":{"Scritto da":"Ivana Brancaleone","Tempo di lettura stimato":"3 minuti"},"schema":{"@context":"https:\/\/schema.org","@graph":[{"@type":"Article","@id":"https:\/\/www.studiobrancaleone.it\/news\/agenda-2030-approvata-strategia-sviluppo-sostenibile\/#article","isPartOf":{"@id":"https:\/\/www.studiobrancaleone.it\/news\/agenda-2030-approvata-strategia-sviluppo-sostenibile\/"},"author":{"name":"Ivana Brancaleone","@id":"https:\/\/www.studiobrancaleone.it\/news\/#\/schema\/person\/3df132515081baef5f0ea457e1dfcf6d"},"headline":"Agenda 2030: approvata Strategia Sviluppo Sostenibile","datePublished":"2023-09-22T11:00:30+00:00","dateModified":"2023-09-22T13:52:06+00:00","mainEntityOfPage":{"@id":"https:\/\/www.studiobrancaleone.it\/news\/agenda-2030-approvata-strategia-sviluppo-sostenibile\/"},"wordCount":416,"publisher":{"@id":"https:\/\/www.studiobrancaleone.it\/news\/#organization"},"keywords":["Sostenibilit\u00e0"],"articleSection":["Nazionali\/Ue"],"inLanguage":"it-IT"},{"@type":"WebPage","@id":"https:\/\/www.studiobrancaleone.it\/news\/agenda-2030-approvata-strategia-sviluppo-sostenibile\/","url":"https:\/\/www.studiobrancaleone.it\/news\/agenda-2030-approvata-strategia-sviluppo-sostenibile\/","name":"Agenda 2030: approvata Strategia Sviluppo Sostenibile &#060; Studio Brancaleone","isPartOf":{"@id":"https:\/\/www.studiobrancaleone.it\/news\/#website"},"datePublished":"2023-09-22T11:00:30+00:00","dateModified":"2023-09-22T13:52:06+00:00","description":"Il CITE ha approvato la nuova Strategia Nazionale per lo Sviluppo Sostenibile il documento che declina gli obiettivi dell\u2019Agenda 2030 dell\u2019ONU.","breadcrumb":{"@id":"https:\/\/www.studiobrancaleone.it\/news\/agenda-2030-approvata-strategia-sviluppo-sostenibile\/#breadcrumb"},"inLanguage":"it-IT","potentialAction":[{"@type":"ReadAction","target":["https:\/\/www.studiobrancaleone.it\/news\/agenda-2030-approvata-strategia-sviluppo-sostenibile\/"]}]},{"@type":"BreadcrumbList","@id":"https:\/\/www.studiobrancaleone.it\/news\/agenda-2030-approvata-strategia-sviluppo-sostenibile\/#breadcrumb","itemListElement":[{"@type":"ListItem","position":1,"name":"Home","item":"https:\/\/www.studiobrancaleone.it\/news\/"},{"@type":"ListItem","position":2,"name":"Agenda 2030: approvata Strategia Sviluppo Sostenibile"}]},{"@type":"WebSite","@id":"https:\/\/www.studiobrancaleone.it\/news\/#website","url":"https:\/\/www.studiobrancaleone.it\/news\/","name":"Studio Brancaleone","description":"Notizie giuridiche aggiornate regolarmente","publisher":{"@id":"https:\/\/www.studiobrancaleone.it\/news\/#organization"},"potentialAction":[{"@type":"SearchAction","target":{"@type":"EntryPoint","urlTemplate":"https:\/\/www.studiobrancaleone.it\/news\/?s={search_term_string}"},"query-input":{"@type":"PropertyValueSpecification","valueRequired":true,"valueName":"search_term_string"}}],"inLanguage":"it-IT"},{"@type":"Organization","@id":"https:\/\/www.studiobrancaleone.it\/news\/#organization","name":"Studio Brancaleone","url":"https:\/\/www.studiobrancaleone.it\/news\/","logo":{"@type":"ImageObject","inLanguage":"it-IT","@id":"https:\/\/www.studiobrancaleone.it\/news\/#\/schema\/logo\/image\/","url":"https:\/\/www.studiobrancaleone.it\/news\/wp-content\/uploads\/2025\/02\/Testata-sito-scaled.webp","contentUrl":"https:\/\/www.studiobrancaleone.it\/news\/wp-content\/uploads\/2025\/02\/Testata-sito-scaled.webp","width":2560,"height":481,"caption":"Studio Brancaleone"},"image":{"@id":"https:\/\/www.studiobrancaleone.it\/news\/#\/schema\/logo\/image\/"}},{"@type":"Person","@id":"https:\/\/www.studiobrancaleone.it\/news\/#\/schema\/person\/3df132515081baef5f0ea457e1dfcf6d","name":"Ivana Brancaleone","image":{"@type":"ImageObject","inLanguage":"it-IT","@id":"https:\/\/secure.gravatar.com\/avatar\/9f6d2be41a5115d34c5114a0a78ade583fa3a3bd63a144dfc88c9da356eca16c?s=96&d=mm&r=g","url":"https:\/\/secure.gravatar.com\/avatar\/9f6d2be41a5115d34c5114a0a78ade583fa3a3bd63a144dfc88c9da356eca16c?s=96&d=mm&r=g","contentUrl":"https:\/\/secure.gravatar.com\/avatar\/9f6d2be41a5115d34c5114a0a78ade583fa3a3bd63a144dfc88c9da356eca16c?s=96&d=mm&r=g","caption":"Ivana Brancaleone"},"url":"https:\/\/www.studiobrancaleone.it\/news\/author\/ivanbra\/"}]}},"uagb_featured_image_src":{"full":false,"thumbnail":false,"medium":false,"medium_large":false,"large":false,"1536x1536":false,"2048x2048":false},"uagb_author_info":{"display_name":"Ivana Brancaleone","author_link":"https:\/\/www.studiobrancaleone.it\/news\/author\/ivanbra\/"},"uagb_comment_info":0,"uagb_excerpt":"Il CITE, Comitato Interministeriale per la Transizione Ecologica, ha approvato la nuova Strategia Nazionale per lo Sviluppo Sostenibile il documento che declina gli obiettivi dell\u2019Agenda 2030 dell\u2019ONU adattandoli al contesto italiano, con obiettivi e target associati a 55 indicatori per misurare la sostenibilit\u00e0 in Italia. I contenuti Approvata la prima volta nel 2017, la Strategia&hellip;","_links":{"self":[{"href":"https:\/\/www.studiobrancaleone.it\/news\/wp-json\/wp\/v2\/posts\/10986","targetHints":{"allow":["GET"]}}],"collection":[{"href":"https:\/\/www.studiobrancaleone.it\/news\/wp-json\/wp\/v2\/posts"}],"about":[{"href":"https:\/\/www.studiobrancaleone.it\/news\/wp-json\/wp\/v2\/types\/post"}],"author":[{"embeddable":true,"href":"https:\/\/www.studiobrancaleone.it\/news\/wp-json\/wp\/v2\/users\/2"}],"replies":[{"embeddable":true,"href":"https:\/\/www.studiobrancaleone.it\/news\/wp-json\/wp\/v2\/comments?post=10986"}],"version-history":[{"count":0,"href":"https:\/\/www.studiobrancaleone.it\/news\/wp-json\/wp\/v2\/posts\/10986\/revisions"}],"wp:attachment":[{"href":"https:\/\/www.studiobrancaleone.it\/news\/wp-json\/wp\/v2\/media?parent=10986"}],"wp:term":[{"taxonomy":"category","embeddable":true,"href":"https:\/\/www.studiobrancaleone.it\/news\/wp-json\/wp\/v2\/categories?post=10986"},{"taxonomy":"post_tag","embeddable":true,"href":"https:\/\/www.studiobrancaleone.it\/news\/wp-json\/wp\/v2\/tags?post=10986"}],"curies":[{"name":"wp","href":"https:\/\/api.w.org\/{rel}","templated":true}]}}