{"id":11384,"date":"2023-10-30T18:32:00","date_gmt":"2023-10-30T17:32:00","guid":{"rendered":"https:\/\/www.studiobrancaleone.it\/news\/?p=11384"},"modified":"2023-10-30T20:39:03","modified_gmt":"2023-10-30T19:39:03","slug":"rapporto-asvis-sviluppo-sostenibile-2023","status":"publish","type":"post","link":"https:\/\/www.studiobrancaleone.it\/news\/rapporto-asvis-sviluppo-sostenibile-2023\/","title":{"rendered":"Rapporto ASviS Sviluppo Sostenibile 2023"},"content":{"rendered":"\n<p>Pubblicata l\u2019ottava edizione del <strong>Rapporto <\/strong>\u201cL\u2019Italia e gli Obiettivi dello Sviluppo Sostenibile\u201d, realizzato dall\u2019Alleanza Italiana per lo Sviluppo Sostenibile (<strong>ASviS<\/strong>) che riporta analisi sui ritardi e proposte per l&#8217;avanzamento del nostro Paese rispetto agli <strong>SDGs<\/strong>, gli Obiettivi di Sviluppo Sostenibile dell&#8217;<strong>Agenda 2030 ONU<\/strong>. <\/p>\n\n\n\t\t\t\t<div class=\"wp-block-uagb-table-of-contents uagb-toc__align-left uagb-toc__columns-1  uagb-block-3cf54d0f      \"\n\t\t\t\t\tdata-scroll= \"1\"\n\t\t\t\t\tdata-offset= \"30\"\n\t\t\t\t\tstyle=\"\"\n\t\t\t\t>\n\t\t\t\t<div class=\"uagb-toc__wrap\">\n\t\t\t\t\t\t<div class=\"uagb-toc__title\">\n\t\t\t\t\t\t\tRapporto ASviS 2023\t\t\t\t\t\t<\/div>\n\t\t\t\t\t\t\t\t\t\t\t\t\t\t\t\t\t\t\t\t\t\t<div class=\"uagb-toc__list-wrap \">\n\t\t\t\t\t\t<ol class=\"uagb-toc__list\"><li class=\"uagb-toc__list\"><a href=\"#sintesi\" class=\"uagb-toc-link__trigger\">Sintesi<\/a><li class=\"uagb-toc__list\"><a href=\"#i-contenuti-del-rapporto\" class=\"uagb-toc-link__trigger\">I contenuti del Rapporto<\/a><li class=\"uagb-toc__list\"><a href=\"#i-dati-del-nostro-paese\" class=\"uagb-toc-link__trigger\">I dati del nostro Paese<\/a><li class=\"uagb-toc__list\"><a href=\"#i-dati-per-litalia-leuropa-e-il-mondo\" class=\"uagb-toc-link__trigger\">I dati per l\u2019Italia, l\u2019Europa e il Mondo<\/a><li class=\"uagb-toc__list\"><a href=\"#proposte-asvis\" class=\"uagb-toc-link__trigger\">Proposte Asvis<\/a><\/ol>\t\t\t\t\t<\/div>\n\t\t\t\t\t\t\t\t\t<\/div>\n\t\t\t\t<\/div>\n\t\t\t\n\n\n<h2 class=\"wp-block-heading\">Sintesi<\/h2>\n\n\n\n<p>A met\u00e0 del percorso verso l\u2019<strong>attuazione<\/strong> dell\u2019<strong>Agenda 2030<\/strong>, qual \u00e8 la situazione dell\u2019Italia?&nbsp;<\/p>\n\n\n\n<ul class=\"wp-block-list\">\n<li>Per 8 dei 17 SDGs si registrano timidi miglioramenti<\/li>\n\n\n\n<li>Per 6 dei 17 SDGs la situazione peggiora<\/li>\n\n\n\n<li>Per 3 dei 17 SDGs la situazione \u00e8 stabile.<\/li>\n<\/ul>\n\n\n\n<p>Dei <strong>33 Target<\/strong> valutabili con indicatori quantitativi, solo per <strong>otto <\/strong>si raggiunger\u00e0 il valore fissato per il 2030, per <strong>quattordici <\/strong>sar\u00e0 molto difficile o impossibile raggiungerlo, per <strong>nove<\/strong> si registrano andamenti contraddittori, per <strong>due <\/strong>ci sono dati insufficienti.&nbsp;<\/p>\n\n\n\n<h2 class=\"wp-block-heading\">I contenuti del Rapporto<\/h2>\n\n\n\n<p>Il Rapporto Asvis, presentato il 19 ottobre scorso, \u00e8 stato realizzato con il contributo di mille esperte ed esperti e offre analisi e proposte per il <strong>percorso <\/strong>di <strong>sviluppo sostenibile<\/strong> del nostro <strong>Paese <\/strong>in linea con gli SDGs Agenda 2030 ONU.<\/p>\n\n\n\n<p>In <strong>Italia <\/strong>lo sviluppo sostenibile <strong>arretra <\/strong>e solo un profondo cambiamento delle politiche pubbliche pu\u00f2 invertire questa tendenza.<\/p>\n\n\n\n<p>L\u2019Italia \u00e8 lontana dal raggiungimento degli <strong>Obiettivi dell\u2019Agenda 2030<\/strong>. Solo un deciso e rapido cambio delle politiche pubbliche consentirebbe di recuperare il terreno perduto, ridurre le povert\u00e0 e le disuguaglianze, migliorare la qualit\u00e0 dell\u2019ambiente e accompagnare le imprese per cogliere i vantaggi della transizione ecologica e digitale. <\/p>\n\n\n\n<p>Nei prossimi 12 mesi Onu e Unione europea assumeranno importanti decisioni, ma Governo e Parlamento devono scegliere urgentemente quale posizione assumere.<br>L\u2019ASviS avanza proposte \u201ctrasformative\u201d, a partire dalla legge per il clima, per determinare l\u2019accelerazione verso lo sviluppo sostenibile che il Governo si \u00e8 impegnato a realizzare in sede Onu e UE.<\/p>\n\n\n\n<h2 class=\"wp-block-heading\">I dati del nostro Paese<\/h2>\n\n\n\n<p>A met\u00e0 del percorso verso l\u2019attuazione dell\u2019Agenda 2030 per lo sviluppo sostenibile, l\u2019Italia mostra forti ritardi e rischia di non rispettare gli impegni assunti nel 2015 in sede Onu: rispetto al 2010, per otto dei 17 Obiettivi (Sustainable Development Goals \u2013 SDGs) si registrano contenuti miglioramenti, per sei la situazione \u00e8 peggiorata e per tre \u00e8 stabile. <\/p>\n\n\n\n<p>Guardando ai 33 Target valutabili con indicatori quantitativi, solo per otto si raggiunger\u00e0 presumibilmente il valore fissato per il 2030, per quattordici sar\u00e0 molto difficile o impossibile raggiungerlo, per nove si registrano andamenti contraddittori, per due la mancanza di dati impedisce di esprimere un giudizio. <\/p>\n\n\n\n<p>I ritardi accumulati potrebbero essere in parte recuperati, ma bisogna attuare con urgenza e incisivit\u00e0 una serie di interventi e di riforme, come peraltro l\u2019Italia si \u00e8 impegnata a fare nel corso del Summit Onu del 18-19 settembre 2023. \u00c8 ora di trasformare le promesse in atti concreti, ma il tempo a disposizione \u00e8 molto limitato.<br>\u00c8 quanto emerge dall\u2019ottavo Rapporto \u201cL\u2019Italia e gli Obiettivi dello Sviluppo Sostenibile\u201d, realizzato dall\u2019Alleanza Italiana per lo Sviluppo Sostenibile (ASviS).<\/p>\n\n\n\n<h2 class=\"wp-block-heading\">I dati per l\u2019Italia, l\u2019Europa e il Mondo<\/h2>\n\n\n\n<p>Gli indicatori compositi elaborati dall\u2019ASviS per l\u2019<strong>Italia<\/strong> mostrano <strong>peggioramenti <\/strong>rispetto al 2010 per la povert\u00e0 (Goal 1), i sistemi idrici e sociosanitari (Goal 6), la qualit\u00e0 degli ecosistemi terrestri e marini (Goal 14 e 15), la governance (Goal 16) e la partnership (Goal 17), una sostanziale <strong>stabilit\u00e0 <\/strong>per gli aspetti legati al cibo (Goal 2), alle disuguaglianze (Goal 10) e alle citt\u00e0 sostenibili (Goal 11), mentre per gli altri otto Goal i miglioramenti sono <strong>inferiori <\/strong>al 10% in 12 anni, eccetto che per la salute (Goal 3) e l\u2019economia circolare (Goal 12), per i quali l\u2019aumento \u00e8 leggermente superiore.<\/p>\n\n\n\n<p>In termini di <strong>disuguaglianze <\/strong>territoriali, sui quattordici Goal per cui sono disponibili dati regionali solo per due (Goal 10 e 16) si evidenzia una loro riduzione, per tre (2, 9 e 12) una stabilit\u00e0 e per i restanti nove un aumento, in totale contraddizione con il principio chiave dell\u2019Agenda 2030 di \u201cnon lasciare nessuno indietro.<\/p>\n\n\n\n<p>Purtroppo, il nostro Paese \u00e8 in buona compagnia. Secondo l\u2019Onu, guardando ai Target dell\u2019Agenda 2030 per cui sono disponibili dati affidabili, nel <strong>mondo <\/strong>solo nel 12% dei casi si \u00e8 sulla buona strada per raggiungere i valori obiettivo. Pi\u00f9 della met\u00e0, invece, nonostante qualche progresso, sono \u201cmoderatamente o gravemente fuori strada\u201d e circa il 30% non ha fatto registrare alcun avanzamento o si trova oggi in una condizione peggiore di quella del 2015. <\/p>\n\n\n\n<p>A livello di <strong>Unione Europea<\/strong>, gli indicatori dell\u2019ASviS mostrano come dal 2010 in avanti ci siano stati progressi per gran parte degli Obiettivi, ma in vari casi si tratta di miglioramenti contenuti e ancora insufficienti per centrare i Target dell\u2019Agenda 2030 entro questa decade. <\/p>\n\n\n\n<p>Inoltre, si nota una riduzione delle disuguaglianze tra Paesi nel conseguimento degli Obiettivi solo per otto di essi, mentre per tre le distanze sono rimaste costanti e per cinque sono addirittura aumentate.<\/p>\n\n\n\n<h2 class=\"wp-block-heading\">Proposte Asvis<\/h2>\n\n\n\n<p>Le proposte dell\u2019ASviS per mettere la sostenibilit\u00e0 al centro delle politiche e accelerare il cammino dell\u2019Agenda 2030.<\/p>\n\n\n\n<p>il Governo si \u00e8 impegnato all\u2019Assemblea Generale dell\u2019Onu a predisporre un \u2018Piano di accelerazione\u2019 per il conseguimento degli Obiettivi.<\/p>\n\n\n\n<p>A tal proposito, l\u2019ASviS avanza al Governo tre <strong>proposte <\/strong>concrete: <\/p>\n\n\n\n<ul class=\"wp-block-list\">\n<li>assegnare alla Presidenza del Consiglio il compito di predisporre il Piano; <\/li>\n\n\n\n<li>predisporlo entro marzo 2024, affinch\u00e9 esso contribuisca alla preparazione del prossimo Documento di Economia e Finanza; <\/li>\n\n\n\n<li>coinvolgere la societ\u00e0 civile e gli enti territoriali attraverso il Forum per lo sviluppo sostenibile esistente presso il Ministero dell\u2019Ambiente e della Sicurezza Energetica (MASE).<\/li>\n<\/ul>\n\n\n\n<hr class=\"wp-block-separator has-text-color has-ast-global-color-0-color has-alpha-channel-opacity has-ast-global-color-0-background-color has-background is-style-wide\"\/>\n\n\n\n<p>Fonte: New <a href=\"https:\/\/asvis.it\/notizie-sull-alleanza\/19-18364\/rapporto-asvis-su-sviluppo-sostenibile-urge-netta-inversione-delle-politiche\">Asvis<\/a><\/p>\n\n\n\n<p>Pagina dedicata <a href=\"https:\/\/asvis.it\/rapporto-2023\/\">Infografiche, dati e approfondimenti<\/a><\/p>\n","protected":false},"excerpt":{"rendered":"<p>Pubblicata l\u2019ottava edizione del Rapporto \u201cL\u2019Italia e gli Obiettivi dello Sviluppo Sostenibile\u201d, realizzato dall\u2019Alleanza Italiana per lo Sviluppo Sostenibile (ASviS) che riporta analisi sui ritardi e proposte per l&#8217;avanzamento del nostro Paese rispetto agli SDGs, gli Obiettivi di Sviluppo Sostenibile dell&#8217;Agenda 2030 ONU. Sintesi A met\u00e0 del percorso verso l\u2019attuazione dell\u2019Agenda 2030, qual \u00e8 la [&hellip;]<\/p>\n","protected":false},"author":2,"featured_media":0,"comment_status":"closed","ping_status":"open","sticky":false,"template":"","format":"standard","meta":{"_uag_custom_page_level_css":"","site-sidebar-layout":"default","site-content-layout":null,"ast-site-content-layout":"default","site-content-style":"default","site-sidebar-style":"default","ast-global-header-display":"","ast-banner-title-visibility":"","ast-main-header-display":"","ast-hfb-above-header-display":"","ast-hfb-below-header-display":"","ast-hfb-mobile-header-display":"","site-post-title":"","ast-breadcrumbs-content":"","ast-featured-img":"","footer-sml-layout":"","ast-disable-related-posts":"","theme-transparent-header-meta":"","adv-header-id-meta":"","stick-header-meta":"","header-above-stick-meta":"","header-main-stick-meta":"","header-below-stick-meta":"","astra-migrate-meta-layouts":"set","ast-page-background-enabled":"default","ast-page-background-meta":{"desktop":{"background-color":"var(--ast-global-color-4)","background-image":"","background-repeat":"repeat","background-position":"center center","background-size":"auto","background-attachment":"scroll","background-type":"","background-media":"","overlay-type":"","overlay-color":"","overlay-opacity":"","overlay-gradient":""},"tablet":{"background-color":"","background-image":"","background-repeat":"repeat","background-position":"center center","background-size":"auto","background-attachment":"scroll","background-type":"","background-media":"","overlay-type":"","overlay-color":"","overlay-opacity":"","overlay-gradient":""},"mobile":{"background-color":"","background-image":"","background-repeat":"repeat","background-position":"center center","background-size":"auto","background-attachment":"scroll","background-type":"","background-media":"","overlay-type":"","overlay-color":"","overlay-opacity":"","overlay-gradient":""}},"ast-content-background-meta":{"desktop":{"background-color":"var(--ast-global-color-5)","background-image":"","background-repeat":"repeat","background-position":"center center","background-size":"auto","background-attachment":"scroll","background-type":"","background-media":"","overlay-type":"","overlay-color":"","overlay-opacity":"","overlay-gradient":""},"tablet":{"background-color":"var(--ast-global-color-5)","background-image":"","background-repeat":"repeat","background-position":"center center","background-size":"auto","background-attachment":"scroll","background-type":"","background-media":"","overlay-type":"","overlay-color":"","overlay-opacity":"","overlay-gradient":""},"mobile":{"background-color":"var(--ast-global-color-5)","background-image":"","background-repeat":"repeat","background-position":"center center","background-size":"auto","background-attachment":"scroll","background-type":"","background-media":"","overlay-type":"","overlay-color":"","overlay-opacity":"","overlay-gradient":""}},"footnotes":""},"categories":[143,4],"tags":[142],"class_list":["post-11384","post","type-post","status-publish","format-standard","hentry","category-approfondimenti","category-nazionali-ue","tag-sostenibilita"],"yoast_head":"<!-- This site is optimized with the Yoast SEO plugin v27.5 - https:\/\/yoast.com\/product\/yoast-seo-wordpress\/ -->\r\n<title>Rapporto ASviS Sviluppo Sostenibile 2023 &#060; Studio Brancaleone<\/title>\r\n<meta name=\"description\" content=\"Pubblicata l\u2019ottava edizione del Rapporto \u201cL\u2019Italia e gli Obiettivi dello Sviluppo Sostenibile\u201d, realizzato dall\u2019Alleanza Italiana per lo Sviluppo Sostenibile (ASviS) che riporta analisi sui ritardi e proposte per l&#039;avanzamento del nostro Paese rispetto agli SDGs, gli Obiettivi di Sviluppo Sostenibile dell&#039;Agenda 2030 ONU.\" \/>\r\n<meta name=\"robots\" content=\"index, follow, max-snippet:-1, max-image-preview:large, max-video-preview:-1\" \/>\r\n<link rel=\"canonical\" href=\"https:\/\/www.studiobrancaleone.it\/news\/rapporto-asvis-sviluppo-sostenibile-2023\/\" \/>\r\n<meta property=\"og:locale\" content=\"it_IT\" \/>\r\n<meta property=\"og:type\" content=\"article\" \/>\r\n<meta property=\"og:title\" content=\"Rapporto ASviS Sviluppo Sostenibile 2023 &#060; Studio Brancaleone\" \/>\r\n<meta property=\"og:description\" content=\"Pubblicata l\u2019ottava edizione del Rapporto \u201cL\u2019Italia e gli Obiettivi dello Sviluppo Sostenibile\u201d, realizzato dall\u2019Alleanza Italiana per lo Sviluppo Sostenibile (ASviS) che riporta analisi sui ritardi e proposte per l&#039;avanzamento del nostro Paese rispetto agli SDGs, gli Obiettivi di Sviluppo Sostenibile dell&#039;Agenda 2030 ONU.\" \/>\r\n<meta property=\"og:url\" content=\"https:\/\/www.studiobrancaleone.it\/news\/rapporto-asvis-sviluppo-sostenibile-2023\/\" \/>\r\n<meta property=\"og:site_name\" content=\"Studio Brancaleone\" \/>\r\n<meta property=\"article:published_time\" content=\"2023-10-30T17:32:00+00:00\" \/>\r\n<meta property=\"article:modified_time\" content=\"2023-10-30T19:39:03+00:00\" \/>\r\n<meta name=\"author\" content=\"Ivana Brancaleone\" \/>\r\n<meta name=\"twitter:card\" content=\"summary_large_image\" \/>\r\n<meta name=\"twitter:label1\" content=\"Scritto da\" \/>\n\t<meta name=\"twitter:data1\" content=\"Ivana Brancaleone\" \/>\n\t<meta name=\"twitter:label2\" content=\"Tempo di lettura stimato\" \/>\n\t<meta name=\"twitter:data2\" content=\"5 minuti\" \/>\r\n<script type=\"application\/ld+json\" class=\"yoast-schema-graph\">{\"@context\":\"https:\\\/\\\/schema.org\",\"@graph\":[{\"@type\":\"Article\",\"@id\":\"https:\\\/\\\/www.studiobrancaleone.it\\\/news\\\/rapporto-asvis-sviluppo-sostenibile-2023\\\/#article\",\"isPartOf\":{\"@id\":\"https:\\\/\\\/www.studiobrancaleone.it\\\/news\\\/rapporto-asvis-sviluppo-sostenibile-2023\\\/\"},\"author\":{\"name\":\"Ivana Brancaleone\",\"@id\":\"https:\\\/\\\/www.studiobrancaleone.it\\\/news\\\/#\\\/schema\\\/person\\\/3df132515081baef5f0ea457e1dfcf6d\"},\"headline\":\"Rapporto ASviS Sviluppo Sostenibile 2023\",\"datePublished\":\"2023-10-30T17:32:00+00:00\",\"dateModified\":\"2023-10-30T19:39:03+00:00\",\"mainEntityOfPage\":{\"@id\":\"https:\\\/\\\/www.studiobrancaleone.it\\\/news\\\/rapporto-asvis-sviluppo-sostenibile-2023\\\/\"},\"wordCount\":864,\"publisher\":{\"@id\":\"https:\\\/\\\/www.studiobrancaleone.it\\\/news\\\/#organization\"},\"keywords\":[\"Sostenibilit\u00e0\"],\"articleSection\":[\"Approfondimenti\",\"Nazionali\\\/Ue\"],\"inLanguage\":\"it-IT\"},{\"@type\":\"WebPage\",\"@id\":\"https:\\\/\\\/www.studiobrancaleone.it\\\/news\\\/rapporto-asvis-sviluppo-sostenibile-2023\\\/\",\"url\":\"https:\\\/\\\/www.studiobrancaleone.it\\\/news\\\/rapporto-asvis-sviluppo-sostenibile-2023\\\/\",\"name\":\"Rapporto ASviS Sviluppo Sostenibile 2023 &#060; Studio Brancaleone\",\"isPartOf\":{\"@id\":\"https:\\\/\\\/www.studiobrancaleone.it\\\/news\\\/#website\"},\"datePublished\":\"2023-10-30T17:32:00+00:00\",\"dateModified\":\"2023-10-30T19:39:03+00:00\",\"description\":\"Pubblicata l\u2019ottava edizione del Rapporto \u201cL\u2019Italia e gli Obiettivi dello Sviluppo Sostenibile\u201d, realizzato dall\u2019Alleanza Italiana per lo Sviluppo Sostenibile (ASviS) che riporta analisi sui ritardi e proposte per l'avanzamento del nostro Paese rispetto agli SDGs, gli Obiettivi di Sviluppo Sostenibile dell'Agenda 2030 ONU.\",\"breadcrumb\":{\"@id\":\"https:\\\/\\\/www.studiobrancaleone.it\\\/news\\\/rapporto-asvis-sviluppo-sostenibile-2023\\\/#breadcrumb\"},\"inLanguage\":\"it-IT\",\"potentialAction\":[{\"@type\":\"ReadAction\",\"target\":[\"https:\\\/\\\/www.studiobrancaleone.it\\\/news\\\/rapporto-asvis-sviluppo-sostenibile-2023\\\/\"]}]},{\"@type\":\"BreadcrumbList\",\"@id\":\"https:\\\/\\\/www.studiobrancaleone.it\\\/news\\\/rapporto-asvis-sviluppo-sostenibile-2023\\\/#breadcrumb\",\"itemListElement\":[{\"@type\":\"ListItem\",\"position\":1,\"name\":\"Home\",\"item\":\"https:\\\/\\\/www.studiobrancaleone.it\\\/news\\\/\"},{\"@type\":\"ListItem\",\"position\":2,\"name\":\"Rapporto ASviS Sviluppo Sostenibile 2023\"}]},{\"@type\":\"WebSite\",\"@id\":\"https:\\\/\\\/www.studiobrancaleone.it\\\/news\\\/#website\",\"url\":\"https:\\\/\\\/www.studiobrancaleone.it\\\/news\\\/\",\"name\":\"Studio Brancaleone\",\"description\":\"Notizie giuridiche aggiornate regolarmente\",\"publisher\":{\"@id\":\"https:\\\/\\\/www.studiobrancaleone.it\\\/news\\\/#organization\"},\"potentialAction\":[{\"@type\":\"SearchAction\",\"target\":{\"@type\":\"EntryPoint\",\"urlTemplate\":\"https:\\\/\\\/www.studiobrancaleone.it\\\/news\\\/?s={search_term_string}\"},\"query-input\":{\"@type\":\"PropertyValueSpecification\",\"valueRequired\":true,\"valueName\":\"search_term_string\"}}],\"inLanguage\":\"it-IT\"},{\"@type\":\"Organization\",\"@id\":\"https:\\\/\\\/www.studiobrancaleone.it\\\/news\\\/#organization\",\"name\":\"Studio Brancaleone\",\"url\":\"https:\\\/\\\/www.studiobrancaleone.it\\\/news\\\/\",\"logo\":{\"@type\":\"ImageObject\",\"inLanguage\":\"it-IT\",\"@id\":\"https:\\\/\\\/www.studiobrancaleone.it\\\/news\\\/#\\\/schema\\\/logo\\\/image\\\/\",\"url\":\"https:\\\/\\\/www.studiobrancaleone.it\\\/news\\\/wp-content\\\/uploads\\\/2025\\\/02\\\/Testata-sito-scaled.webp\",\"contentUrl\":\"https:\\\/\\\/www.studiobrancaleone.it\\\/news\\\/wp-content\\\/uploads\\\/2025\\\/02\\\/Testata-sito-scaled.webp\",\"width\":2560,\"height\":481,\"caption\":\"Studio Brancaleone\"},\"image\":{\"@id\":\"https:\\\/\\\/www.studiobrancaleone.it\\\/news\\\/#\\\/schema\\\/logo\\\/image\\\/\"}},{\"@type\":\"Person\",\"@id\":\"https:\\\/\\\/www.studiobrancaleone.it\\\/news\\\/#\\\/schema\\\/person\\\/3df132515081baef5f0ea457e1dfcf6d\",\"name\":\"Ivana Brancaleone\",\"image\":{\"@type\":\"ImageObject\",\"inLanguage\":\"it-IT\",\"@id\":\"https:\\\/\\\/secure.gravatar.com\\\/avatar\\\/9f6d2be41a5115d34c5114a0a78ade583fa3a3bd63a144dfc88c9da356eca16c?s=96&d=mm&r=g\",\"url\":\"https:\\\/\\\/secure.gravatar.com\\\/avatar\\\/9f6d2be41a5115d34c5114a0a78ade583fa3a3bd63a144dfc88c9da356eca16c?s=96&d=mm&r=g\",\"contentUrl\":\"https:\\\/\\\/secure.gravatar.com\\\/avatar\\\/9f6d2be41a5115d34c5114a0a78ade583fa3a3bd63a144dfc88c9da356eca16c?s=96&d=mm&r=g\",\"caption\":\"Ivana Brancaleone\"},\"url\":\"https:\\\/\\\/www.studiobrancaleone.it\\\/news\\\/author\\\/ivanbra\\\/\"}]}<\/script>\r\n<!-- \/ Yoast SEO plugin. -->","yoast_head_json":{"title":"Rapporto ASviS Sviluppo Sostenibile 2023 &#060; Studio Brancaleone","description":"Pubblicata l\u2019ottava edizione del Rapporto \u201cL\u2019Italia e gli Obiettivi dello Sviluppo Sostenibile\u201d, realizzato dall\u2019Alleanza Italiana per lo Sviluppo Sostenibile (ASviS) che riporta analisi sui ritardi e proposte per l'avanzamento del nostro Paese rispetto agli SDGs, gli Obiettivi di Sviluppo Sostenibile dell'Agenda 2030 ONU.","robots":{"index":"index","follow":"follow","max-snippet":"max-snippet:-1","max-image-preview":"max-image-preview:large","max-video-preview":"max-video-preview:-1"},"canonical":"https:\/\/www.studiobrancaleone.it\/news\/rapporto-asvis-sviluppo-sostenibile-2023\/","og_locale":"it_IT","og_type":"article","og_title":"Rapporto ASviS Sviluppo Sostenibile 2023 &#060; Studio Brancaleone","og_description":"Pubblicata l\u2019ottava edizione del Rapporto \u201cL\u2019Italia e gli Obiettivi dello Sviluppo Sostenibile\u201d, realizzato dall\u2019Alleanza Italiana per lo Sviluppo Sostenibile (ASviS) che riporta analisi sui ritardi e proposte per l'avanzamento del nostro Paese rispetto agli SDGs, gli Obiettivi di Sviluppo Sostenibile dell'Agenda 2030 ONU.","og_url":"https:\/\/www.studiobrancaleone.it\/news\/rapporto-asvis-sviluppo-sostenibile-2023\/","og_site_name":"Studio Brancaleone","article_published_time":"2023-10-30T17:32:00+00:00","article_modified_time":"2023-10-30T19:39:03+00:00","author":"Ivana Brancaleone","twitter_card":"summary_large_image","twitter_misc":{"Scritto da":"Ivana Brancaleone","Tempo di lettura stimato":"5 minuti"},"schema":{"@context":"https:\/\/schema.org","@graph":[{"@type":"Article","@id":"https:\/\/www.studiobrancaleone.it\/news\/rapporto-asvis-sviluppo-sostenibile-2023\/#article","isPartOf":{"@id":"https:\/\/www.studiobrancaleone.it\/news\/rapporto-asvis-sviluppo-sostenibile-2023\/"},"author":{"name":"Ivana Brancaleone","@id":"https:\/\/www.studiobrancaleone.it\/news\/#\/schema\/person\/3df132515081baef5f0ea457e1dfcf6d"},"headline":"Rapporto ASviS Sviluppo Sostenibile 2023","datePublished":"2023-10-30T17:32:00+00:00","dateModified":"2023-10-30T19:39:03+00:00","mainEntityOfPage":{"@id":"https:\/\/www.studiobrancaleone.it\/news\/rapporto-asvis-sviluppo-sostenibile-2023\/"},"wordCount":864,"publisher":{"@id":"https:\/\/www.studiobrancaleone.it\/news\/#organization"},"keywords":["Sostenibilit\u00e0"],"articleSection":["Approfondimenti","Nazionali\/Ue"],"inLanguage":"it-IT"},{"@type":"WebPage","@id":"https:\/\/www.studiobrancaleone.it\/news\/rapporto-asvis-sviluppo-sostenibile-2023\/","url":"https:\/\/www.studiobrancaleone.it\/news\/rapporto-asvis-sviluppo-sostenibile-2023\/","name":"Rapporto ASviS Sviluppo Sostenibile 2023 &#060; Studio Brancaleone","isPartOf":{"@id":"https:\/\/www.studiobrancaleone.it\/news\/#website"},"datePublished":"2023-10-30T17:32:00+00:00","dateModified":"2023-10-30T19:39:03+00:00","description":"Pubblicata l\u2019ottava edizione del Rapporto \u201cL\u2019Italia e gli Obiettivi dello Sviluppo Sostenibile\u201d, realizzato dall\u2019Alleanza Italiana per lo Sviluppo Sostenibile (ASviS) che riporta analisi sui ritardi e proposte per l'avanzamento del nostro Paese rispetto agli SDGs, gli Obiettivi di Sviluppo Sostenibile dell'Agenda 2030 ONU.","breadcrumb":{"@id":"https:\/\/www.studiobrancaleone.it\/news\/rapporto-asvis-sviluppo-sostenibile-2023\/#breadcrumb"},"inLanguage":"it-IT","potentialAction":[{"@type":"ReadAction","target":["https:\/\/www.studiobrancaleone.it\/news\/rapporto-asvis-sviluppo-sostenibile-2023\/"]}]},{"@type":"BreadcrumbList","@id":"https:\/\/www.studiobrancaleone.it\/news\/rapporto-asvis-sviluppo-sostenibile-2023\/#breadcrumb","itemListElement":[{"@type":"ListItem","position":1,"name":"Home","item":"https:\/\/www.studiobrancaleone.it\/news\/"},{"@type":"ListItem","position":2,"name":"Rapporto ASviS Sviluppo Sostenibile 2023"}]},{"@type":"WebSite","@id":"https:\/\/www.studiobrancaleone.it\/news\/#website","url":"https:\/\/www.studiobrancaleone.it\/news\/","name":"Studio Brancaleone","description":"Notizie giuridiche aggiornate regolarmente","publisher":{"@id":"https:\/\/www.studiobrancaleone.it\/news\/#organization"},"potentialAction":[{"@type":"SearchAction","target":{"@type":"EntryPoint","urlTemplate":"https:\/\/www.studiobrancaleone.it\/news\/?s={search_term_string}"},"query-input":{"@type":"PropertyValueSpecification","valueRequired":true,"valueName":"search_term_string"}}],"inLanguage":"it-IT"},{"@type":"Organization","@id":"https:\/\/www.studiobrancaleone.it\/news\/#organization","name":"Studio Brancaleone","url":"https:\/\/www.studiobrancaleone.it\/news\/","logo":{"@type":"ImageObject","inLanguage":"it-IT","@id":"https:\/\/www.studiobrancaleone.it\/news\/#\/schema\/logo\/image\/","url":"https:\/\/www.studiobrancaleone.it\/news\/wp-content\/uploads\/2025\/02\/Testata-sito-scaled.webp","contentUrl":"https:\/\/www.studiobrancaleone.it\/news\/wp-content\/uploads\/2025\/02\/Testata-sito-scaled.webp","width":2560,"height":481,"caption":"Studio Brancaleone"},"image":{"@id":"https:\/\/www.studiobrancaleone.it\/news\/#\/schema\/logo\/image\/"}},{"@type":"Person","@id":"https:\/\/www.studiobrancaleone.it\/news\/#\/schema\/person\/3df132515081baef5f0ea457e1dfcf6d","name":"Ivana Brancaleone","image":{"@type":"ImageObject","inLanguage":"it-IT","@id":"https:\/\/secure.gravatar.com\/avatar\/9f6d2be41a5115d34c5114a0a78ade583fa3a3bd63a144dfc88c9da356eca16c?s=96&d=mm&r=g","url":"https:\/\/secure.gravatar.com\/avatar\/9f6d2be41a5115d34c5114a0a78ade583fa3a3bd63a144dfc88c9da356eca16c?s=96&d=mm&r=g","contentUrl":"https:\/\/secure.gravatar.com\/avatar\/9f6d2be41a5115d34c5114a0a78ade583fa3a3bd63a144dfc88c9da356eca16c?s=96&d=mm&r=g","caption":"Ivana Brancaleone"},"url":"https:\/\/www.studiobrancaleone.it\/news\/author\/ivanbra\/"}]}},"uagb_featured_image_src":{"full":false,"thumbnail":false,"medium":false,"medium_large":false,"large":false,"1536x1536":false,"2048x2048":false},"uagb_author_info":{"display_name":"Ivana Brancaleone","author_link":"https:\/\/www.studiobrancaleone.it\/news\/author\/ivanbra\/"},"uagb_comment_info":0,"uagb_excerpt":"Pubblicata l\u2019ottava edizione del Rapporto \u201cL\u2019Italia e gli Obiettivi dello Sviluppo Sostenibile\u201d, realizzato dall\u2019Alleanza Italiana per lo Sviluppo Sostenibile (ASviS) che riporta analisi sui ritardi e proposte per l&#8217;avanzamento del nostro Paese rispetto agli SDGs, gli Obiettivi di Sviluppo Sostenibile dell&#8217;Agenda 2030 ONU. Sintesi A met\u00e0 del percorso verso l\u2019attuazione dell\u2019Agenda 2030, qual \u00e8 la&hellip;","_links":{"self":[{"href":"https:\/\/www.studiobrancaleone.it\/news\/wp-json\/wp\/v2\/posts\/11384","targetHints":{"allow":["GET"]}}],"collection":[{"href":"https:\/\/www.studiobrancaleone.it\/news\/wp-json\/wp\/v2\/posts"}],"about":[{"href":"https:\/\/www.studiobrancaleone.it\/news\/wp-json\/wp\/v2\/types\/post"}],"author":[{"embeddable":true,"href":"https:\/\/www.studiobrancaleone.it\/news\/wp-json\/wp\/v2\/users\/2"}],"replies":[{"embeddable":true,"href":"https:\/\/www.studiobrancaleone.it\/news\/wp-json\/wp\/v2\/comments?post=11384"}],"version-history":[{"count":0,"href":"https:\/\/www.studiobrancaleone.it\/news\/wp-json\/wp\/v2\/posts\/11384\/revisions"}],"wp:attachment":[{"href":"https:\/\/www.studiobrancaleone.it\/news\/wp-json\/wp\/v2\/media?parent=11384"}],"wp:term":[{"taxonomy":"category","embeddable":true,"href":"https:\/\/www.studiobrancaleone.it\/news\/wp-json\/wp\/v2\/categories?post=11384"},{"taxonomy":"post_tag","embeddable":true,"href":"https:\/\/www.studiobrancaleone.it\/news\/wp-json\/wp\/v2\/tags?post=11384"}],"curies":[{"name":"wp","href":"https:\/\/api.w.org\/{rel}","templated":true}]}}