{"id":12017,"date":"2023-12-14T18:31:05","date_gmt":"2023-12-14T17:31:05","guid":{"rendered":"https:\/\/www.studiobrancaleone.it\/news\/?p=12017"},"modified":"2024-06-25T17:59:59","modified_gmt":"2024-06-25T15:59:59","slug":"ilva-conclusioni-avvocato-generale-ue","status":"publish","type":"post","link":"https:\/\/www.studiobrancaleone.it\/news\/ilva-conclusioni-avvocato-generale-ue\/","title":{"rendered":"Ilva, conclusioni avvocato generale Ue"},"content":{"rendered":"\n<p>L&#8217;avvocato generale Ue si \u00e8 <strong>pronunciato sull&#8217;acciaieria Ilva (causa C-626\/22) in merito all&#8217;interpretazione delle condizioni generali di autorizzazione<\/strong>, ai sensi della direttiva IPPC (direttiva 2010\/75\/UE) relativa alle emissioni industriali.<\/p>\n\n\n\n<h2 class=\"wp-block-heading\">Aggiornamento<\/h2>\n\n\n\n<p>La Corte di Giustizia Ue, con <a href=\"https:\/\/www.studiobrancaleone.it\/news\/corte-di-giustizia-ue-attivita-da-sospendere-se-presenta-pericoli\/\">sentenza del 25 giugno 2024<\/a>, ha affermato che <strong>qualora l\u2019attivit\u00e0 dell\u2019installazione presenti pericoli gravi e rilevanti per l\u2019ambiente e per la salute umana l\u2019esercizio di tale installazione deve essere sospeso<\/strong><\/p>\n\n\n\n<p>Le conclusioni seguono la <strong>domanda di pronuncia pregiudiziale<\/strong> proposta dal Tribunale di Milano&nbsp;per stabilire quale <strong>rilevanza abbiano talune informazioni<\/strong> relative all\u2019impatto dell\u2019acciaieria sulla salute umana e quali <strong>emissioni debbano essere prese in considerazione<\/strong>, nonch\u00e9 se sia ammesso il <strong>ripetuto differimento<\/strong> del termine di attuazione di determinate condizioni di autorizzazione.<\/p>\n\n\n\n<p>A tal riguardo, diversi abitanti della citt\u00e0 di Taranto hanno agito in giudizio dinanzi al Tribunale di Milano affinch\u00e9 sia <strong>impedito il proseguimento dell&#8217;attivit\u00e0<\/strong> dell&#8217;acciaieria Ilva, stabilita a Taranto sostenendo che le emissioni dell&#8217;acciaieria minacciano la loro salute e che l\u2019impianto non \u00e8 conforme ai requisiti della direttiva UE sulle emissioni industriali.<\/p>\n\n\n\n<p>Come riportato nel comunicato, l&#8217;avvocato generale<strong> propone alla Corte di interpretare <\/strong>(non vincolante per la Corte di giustizia) la direttiva come segue:<\/p>\n\n\n\n<ul class=\"wp-block-list\">\n<li>Nell\u2019autorizzare un impianto e nel riesaminare un&#8217;autorizzazione <strong>devono essere considerate tutte le sostanze inquinanti<\/strong> emesse in quantit\u00e0 significativa che possono essere previste e il loro impatto sulla salute umana.<\/li>\n\n\n\n<li>Qualora i fenomeni di inquinamento ambientale derivanti dall&#8217;impianto o prevedibili, nonostante l&#8217;uso delle migliori tecniche disponibili, causino danni eccessivi alla salute umana devono essere <strong>adottate misure protettive ulteriori<\/strong>. Se misure in tal senso non risultino attuabili, <strong>l\u2019impianto non pu\u00f2 essere autorizzato<\/strong>. La<br>tutela della salute umana pu\u00f2 in tal caso giustificare anche rilevanti pregiudizi economici. In particolare, non possono essere tollerati fenomeni di inquinamento ambientale che, danneggiando la salute umana, violano i diritti fondamentali degli interessati, come accertato dalla CEDU con riferimento all\u2019acciaieria Ilva.<\/li>\n\n\n\n<li>Le condizioni di autorizzazione necessarie per garantire il rispetto di direttive anteriori a decorrere dal 30 ottobre 2007 e il rispetto della direttiva relativa alle emissioni industriali a decorrere dal 7 gennaio 2014 <strong>dovevano e devono continuare ad essere applicate, senza ulteriori differimenti<\/strong>, dall&#8217;entrata in vigore<br>dell&#8217;autorizzazione. Solo in circostanze particolari \u00e8 possibile un differimento, ad esempio qualora la Commissione abbia adottato una nuova decisione sulle migliori tecniche disponibili<\/li>\n<\/ul>\n\n\n\n<hr class=\"wp-block-separator has-text-color has-ast-global-color-0-color has-alpha-channel-opacity has-ast-global-color-0-background-color has-background is-style-wide\"\/>\n\n\n\n<p>Per approfondire:<\/p>\n\n\n\n<p>Testo integrale delle conclusioni e domanda di pronuncia pregiudiziale: <a href=\"https:\/\/curia.europa.eu\/juris\/documents.jsf?num=C-626\/22\" target=\"_blank\" rel=\"noreferrer noopener\">CURIA &#8211; Elenco dei risultati (europa.eu)<\/a><\/p>\n\n\n\n<h4 class=\"wp-block-heading\"><a href=\"https:\/\/curia.europa.eu\/jcms\/upload\/docs\/application\/pdf\/2023-12\/cp230193it.pdf\" target=\"_blank\" rel=\"noreferrer noopener\">Comunicato stampa n. 193\/23<\/a><\/h4>\n\n\n\n<p><em>Conclusioni dell\u2019avvocato generale nella causa C-626\/22 | Ilva e a<\/em><\/p>\n","protected":false},"excerpt":{"rendered":"<p>L&#8217;avvocato generale Ue si \u00e8 pronunciato sull&#8217;acciaieria Ilva (causa C-626\/22) in merito all&#8217;interpretazione delle condizioni generali di autorizzazione, ai sensi della direttiva IPPC (direttiva 2010\/75\/UE) relativa alle emissioni industriali. Aggiornamento La Corte di Giustizia Ue, con sentenza del 25 giugno 2024, ha affermato che qualora l\u2019attivit\u00e0 dell\u2019installazione presenti pericoli gravi e rilevanti per l\u2019ambiente e [&hellip;]<\/p>\n","protected":false},"author":1,"featured_media":0,"comment_status":"closed","ping_status":"open","sticky":false,"template":"","format":"standard","meta":{"_uag_custom_page_level_css":"","site-sidebar-layout":"default","site-content-layout":"","ast-site-content-layout":"default","site-content-style":"default","site-sidebar-style":"default","ast-global-header-display":"","ast-banner-title-visibility":"","ast-main-header-display":"","ast-hfb-above-header-display":"","ast-hfb-below-header-display":"","ast-hfb-mobile-header-display":"","site-post-title":"","ast-breadcrumbs-content":"","ast-featured-img":"","footer-sml-layout":"","ast-disable-related-posts":"","theme-transparent-header-meta":"","adv-header-id-meta":"","stick-header-meta":"","header-above-stick-meta":"","header-main-stick-meta":"","header-below-stick-meta":"","astra-migrate-meta-layouts":"set","ast-page-background-enabled":"default","ast-page-background-meta":{"desktop":{"background-color":"var(--ast-global-color-4)","background-image":"","background-repeat":"repeat","background-position":"center center","background-size":"auto","background-attachment":"scroll","background-type":"","background-media":"","overlay-type":"","overlay-color":"","overlay-opacity":"","overlay-gradient":""},"tablet":{"background-color":"","background-image":"","background-repeat":"repeat","background-position":"center center","background-size":"auto","background-attachment":"scroll","background-type":"","background-media":"","overlay-type":"","overlay-color":"","overlay-opacity":"","overlay-gradient":""},"mobile":{"background-color":"","background-image":"","background-repeat":"repeat","background-position":"center center","background-size":"auto","background-attachment":"scroll","background-type":"","background-media":"","overlay-type":"","overlay-color":"","overlay-opacity":"","overlay-gradient":""}},"ast-content-background-meta":{"desktop":{"background-color":"var(--ast-global-color-5)","background-image":"","background-repeat":"repeat","background-position":"center center","background-size":"auto","background-attachment":"scroll","background-type":"","background-media":"","overlay-type":"","overlay-color":"","overlay-opacity":"","overlay-gradient":""},"tablet":{"background-color":"var(--ast-global-color-5)","background-image":"","background-repeat":"repeat","background-position":"center center","background-size":"auto","background-attachment":"scroll","background-type":"","background-media":"","overlay-type":"","overlay-color":"","overlay-opacity":"","overlay-gradient":""},"mobile":{"background-color":"var(--ast-global-color-5)","background-image":"","background-repeat":"repeat","background-position":"center center","background-size":"auto","background-attachment":"scroll","background-type":"","background-media":"","overlay-type":"","overlay-color":"","overlay-opacity":"","overlay-gradient":""}},"footnotes":""},"categories":[9],"tags":[54],"class_list":["post-12017","post","type-post","status-publish","format-standard","hentry","category-giurisprudenza","tag-aia"],"yoast_head":"<!-- This site is optimized with the Yoast SEO plugin v27.5 - https:\/\/yoast.com\/product\/yoast-seo-wordpress\/ -->\r\n<title>Ilva, conclusioni avvocato generale Ue &#060; Studio Brancaleone<\/title>\r\n<meta name=\"description\" content=\"L&#039;avvocato generale Ue si \u00e8 pronunciato sull&#039;acciaieria Ilva (causa C-626\/22) in merito all&#039;interpretazione delle condizioni generali di autorizzazione, ai sensi della direttiva IPPC (direttiva 2010\/75\/UE) relativa alle emissioni industriali.\" \/>\r\n<meta name=\"robots\" content=\"index, follow, max-snippet:-1, max-image-preview:large, max-video-preview:-1\" \/>\r\n<link rel=\"canonical\" href=\"https:\/\/www.studiobrancaleone.it\/news\/ilva-conclusioni-avvocato-generale-ue\/\" \/>\r\n<meta property=\"og:locale\" content=\"it_IT\" \/>\r\n<meta property=\"og:type\" content=\"article\" \/>\r\n<meta property=\"og:title\" content=\"Ilva, conclusioni avvocato generale Ue &#060; Studio Brancaleone\" \/>\r\n<meta property=\"og:description\" content=\"L&#039;avvocato generale Ue si \u00e8 pronunciato sull&#039;acciaieria Ilva (causa C-626\/22) in merito all&#039;interpretazione delle condizioni generali di autorizzazione, ai sensi della direttiva IPPC (direttiva 2010\/75\/UE) relativa alle emissioni industriali.\" \/>\r\n<meta property=\"og:url\" content=\"https:\/\/www.studiobrancaleone.it\/news\/ilva-conclusioni-avvocato-generale-ue\/\" \/>\r\n<meta property=\"og:site_name\" content=\"Studio Brancaleone\" \/>\r\n<meta property=\"article:published_time\" content=\"2023-12-14T17:31:05+00:00\" \/>\r\n<meta property=\"article:modified_time\" content=\"2024-06-25T15:59:59+00:00\" \/>\r\n<meta name=\"author\" content=\"Giorgio Ferrari\" \/>\r\n<meta name=\"twitter:card\" content=\"summary_large_image\" \/>\r\n<meta name=\"twitter:label1\" content=\"Scritto da\" \/>\n\t<meta name=\"twitter:data1\" content=\"Giorgio Ferrari\" \/>\n\t<meta name=\"twitter:label2\" content=\"Tempo di lettura stimato\" \/>\n\t<meta name=\"twitter:data2\" content=\"3 minuti\" \/>\r\n<script type=\"application\/ld+json\" class=\"yoast-schema-graph\">{\"@context\":\"https:\\\/\\\/schema.org\",\"@graph\":[{\"@type\":\"Article\",\"@id\":\"https:\\\/\\\/www.studiobrancaleone.it\\\/news\\\/ilva-conclusioni-avvocato-generale-ue\\\/#article\",\"isPartOf\":{\"@id\":\"https:\\\/\\\/www.studiobrancaleone.it\\\/news\\\/ilva-conclusioni-avvocato-generale-ue\\\/\"},\"author\":{\"name\":\"Giorgio Ferrari\",\"@id\":\"https:\\\/\\\/www.studiobrancaleone.it\\\/news\\\/#\\\/schema\\\/person\\\/da5920864810e22fb65389a0a5cff7e3\"},\"headline\":\"Ilva, conclusioni avvocato generale Ue\",\"datePublished\":\"2023-12-14T17:31:05+00:00\",\"dateModified\":\"2024-06-25T15:59:59+00:00\",\"mainEntityOfPage\":{\"@id\":\"https:\\\/\\\/www.studiobrancaleone.it\\\/news\\\/ilva-conclusioni-avvocato-generale-ue\\\/\"},\"wordCount\":420,\"publisher\":{\"@id\":\"https:\\\/\\\/www.studiobrancaleone.it\\\/news\\\/#organization\"},\"keywords\":[\"Aia-Ippc\"],\"articleSection\":[\"Giurisprudenza\"],\"inLanguage\":\"it-IT\"},{\"@type\":\"WebPage\",\"@id\":\"https:\\\/\\\/www.studiobrancaleone.it\\\/news\\\/ilva-conclusioni-avvocato-generale-ue\\\/\",\"url\":\"https:\\\/\\\/www.studiobrancaleone.it\\\/news\\\/ilva-conclusioni-avvocato-generale-ue\\\/\",\"name\":\"Ilva, conclusioni avvocato generale Ue &#060; Studio Brancaleone\",\"isPartOf\":{\"@id\":\"https:\\\/\\\/www.studiobrancaleone.it\\\/news\\\/#website\"},\"datePublished\":\"2023-12-14T17:31:05+00:00\",\"dateModified\":\"2024-06-25T15:59:59+00:00\",\"description\":\"L'avvocato generale Ue si \u00e8 pronunciato sull'acciaieria Ilva (causa C-626\\\/22) in merito all'interpretazione delle condizioni generali di autorizzazione, ai sensi della direttiva IPPC (direttiva 2010\\\/75\\\/UE) relativa alle emissioni industriali.\",\"breadcrumb\":{\"@id\":\"https:\\\/\\\/www.studiobrancaleone.it\\\/news\\\/ilva-conclusioni-avvocato-generale-ue\\\/#breadcrumb\"},\"inLanguage\":\"it-IT\",\"potentialAction\":[{\"@type\":\"ReadAction\",\"target\":[\"https:\\\/\\\/www.studiobrancaleone.it\\\/news\\\/ilva-conclusioni-avvocato-generale-ue\\\/\"]}]},{\"@type\":\"BreadcrumbList\",\"@id\":\"https:\\\/\\\/www.studiobrancaleone.it\\\/news\\\/ilva-conclusioni-avvocato-generale-ue\\\/#breadcrumb\",\"itemListElement\":[{\"@type\":\"ListItem\",\"position\":1,\"name\":\"Home\",\"item\":\"https:\\\/\\\/www.studiobrancaleone.it\\\/news\\\/\"},{\"@type\":\"ListItem\",\"position\":2,\"name\":\"Ilva, conclusioni avvocato generale Ue\"}]},{\"@type\":\"WebSite\",\"@id\":\"https:\\\/\\\/www.studiobrancaleone.it\\\/news\\\/#website\",\"url\":\"https:\\\/\\\/www.studiobrancaleone.it\\\/news\\\/\",\"name\":\"Studio Brancaleone\",\"description\":\"Notizie giuridiche aggiornate regolarmente\",\"publisher\":{\"@id\":\"https:\\\/\\\/www.studiobrancaleone.it\\\/news\\\/#organization\"},\"potentialAction\":[{\"@type\":\"SearchAction\",\"target\":{\"@type\":\"EntryPoint\",\"urlTemplate\":\"https:\\\/\\\/www.studiobrancaleone.it\\\/news\\\/?s={search_term_string}\"},\"query-input\":{\"@type\":\"PropertyValueSpecification\",\"valueRequired\":true,\"valueName\":\"search_term_string\"}}],\"inLanguage\":\"it-IT\"},{\"@type\":\"Organization\",\"@id\":\"https:\\\/\\\/www.studiobrancaleone.it\\\/news\\\/#organization\",\"name\":\"Studio Brancaleone\",\"url\":\"https:\\\/\\\/www.studiobrancaleone.it\\\/news\\\/\",\"logo\":{\"@type\":\"ImageObject\",\"inLanguage\":\"it-IT\",\"@id\":\"https:\\\/\\\/www.studiobrancaleone.it\\\/news\\\/#\\\/schema\\\/logo\\\/image\\\/\",\"url\":\"https:\\\/\\\/www.studiobrancaleone.it\\\/news\\\/wp-content\\\/uploads\\\/2025\\\/02\\\/Testata-sito-scaled.webp\",\"contentUrl\":\"https:\\\/\\\/www.studiobrancaleone.it\\\/news\\\/wp-content\\\/uploads\\\/2025\\\/02\\\/Testata-sito-scaled.webp\",\"width\":2560,\"height\":481,\"caption\":\"Studio Brancaleone\"},\"image\":{\"@id\":\"https:\\\/\\\/www.studiobrancaleone.it\\\/news\\\/#\\\/schema\\\/logo\\\/image\\\/\"}},{\"@type\":\"Person\",\"@id\":\"https:\\\/\\\/www.studiobrancaleone.it\\\/news\\\/#\\\/schema\\\/person\\\/da5920864810e22fb65389a0a5cff7e3\",\"name\":\"Giorgio Ferrari\",\"image\":{\"@type\":\"ImageObject\",\"inLanguage\":\"it-IT\",\"@id\":\"https:\\\/\\\/secure.gravatar.com\\\/avatar\\\/e5a8c666e3c03788ccd80843664b7c6eb2fb548eb37bb5cd6598134bf5d56ae1?s=96&d=mm&r=g\",\"url\":\"https:\\\/\\\/secure.gravatar.com\\\/avatar\\\/e5a8c666e3c03788ccd80843664b7c6eb2fb548eb37bb5cd6598134bf5d56ae1?s=96&d=mm&r=g\",\"contentUrl\":\"https:\\\/\\\/secure.gravatar.com\\\/avatar\\\/e5a8c666e3c03788ccd80843664b7c6eb2fb548eb37bb5cd6598134bf5d56ae1?s=96&d=mm&r=g\",\"caption\":\"Giorgio Ferrari\"},\"sameAs\":[\"https:\\\/\\\/www.studiobrancaleone.it\\\/news\"],\"url\":\"https:\\\/\\\/www.studiobrancaleone.it\\\/news\\\/author\\\/giorfer\\\/\"}]}<\/script>\r\n<!-- \/ Yoast SEO plugin. -->","yoast_head_json":{"title":"Ilva, conclusioni avvocato generale Ue &#060; Studio Brancaleone","description":"L'avvocato generale Ue si \u00e8 pronunciato sull'acciaieria Ilva (causa C-626\/22) in merito all'interpretazione delle condizioni generali di autorizzazione, ai sensi della direttiva IPPC (direttiva 2010\/75\/UE) relativa alle emissioni industriali.","robots":{"index":"index","follow":"follow","max-snippet":"max-snippet:-1","max-image-preview":"max-image-preview:large","max-video-preview":"max-video-preview:-1"},"canonical":"https:\/\/www.studiobrancaleone.it\/news\/ilva-conclusioni-avvocato-generale-ue\/","og_locale":"it_IT","og_type":"article","og_title":"Ilva, conclusioni avvocato generale Ue &#060; Studio Brancaleone","og_description":"L'avvocato generale Ue si \u00e8 pronunciato sull'acciaieria Ilva (causa C-626\/22) in merito all'interpretazione delle condizioni generali di autorizzazione, ai sensi della direttiva IPPC (direttiva 2010\/75\/UE) relativa alle emissioni industriali.","og_url":"https:\/\/www.studiobrancaleone.it\/news\/ilva-conclusioni-avvocato-generale-ue\/","og_site_name":"Studio Brancaleone","article_published_time":"2023-12-14T17:31:05+00:00","article_modified_time":"2024-06-25T15:59:59+00:00","author":"Giorgio Ferrari","twitter_card":"summary_large_image","twitter_misc":{"Scritto da":"Giorgio Ferrari","Tempo di lettura stimato":"3 minuti"},"schema":{"@context":"https:\/\/schema.org","@graph":[{"@type":"Article","@id":"https:\/\/www.studiobrancaleone.it\/news\/ilva-conclusioni-avvocato-generale-ue\/#article","isPartOf":{"@id":"https:\/\/www.studiobrancaleone.it\/news\/ilva-conclusioni-avvocato-generale-ue\/"},"author":{"name":"Giorgio Ferrari","@id":"https:\/\/www.studiobrancaleone.it\/news\/#\/schema\/person\/da5920864810e22fb65389a0a5cff7e3"},"headline":"Ilva, conclusioni avvocato generale Ue","datePublished":"2023-12-14T17:31:05+00:00","dateModified":"2024-06-25T15:59:59+00:00","mainEntityOfPage":{"@id":"https:\/\/www.studiobrancaleone.it\/news\/ilva-conclusioni-avvocato-generale-ue\/"},"wordCount":420,"publisher":{"@id":"https:\/\/www.studiobrancaleone.it\/news\/#organization"},"keywords":["Aia-Ippc"],"articleSection":["Giurisprudenza"],"inLanguage":"it-IT"},{"@type":"WebPage","@id":"https:\/\/www.studiobrancaleone.it\/news\/ilva-conclusioni-avvocato-generale-ue\/","url":"https:\/\/www.studiobrancaleone.it\/news\/ilva-conclusioni-avvocato-generale-ue\/","name":"Ilva, conclusioni avvocato generale Ue &#060; Studio Brancaleone","isPartOf":{"@id":"https:\/\/www.studiobrancaleone.it\/news\/#website"},"datePublished":"2023-12-14T17:31:05+00:00","dateModified":"2024-06-25T15:59:59+00:00","description":"L'avvocato generale Ue si \u00e8 pronunciato sull'acciaieria Ilva (causa C-626\/22) in merito all'interpretazione delle condizioni generali di autorizzazione, ai sensi della direttiva IPPC (direttiva 2010\/75\/UE) relativa alle emissioni industriali.","breadcrumb":{"@id":"https:\/\/www.studiobrancaleone.it\/news\/ilva-conclusioni-avvocato-generale-ue\/#breadcrumb"},"inLanguage":"it-IT","potentialAction":[{"@type":"ReadAction","target":["https:\/\/www.studiobrancaleone.it\/news\/ilva-conclusioni-avvocato-generale-ue\/"]}]},{"@type":"BreadcrumbList","@id":"https:\/\/www.studiobrancaleone.it\/news\/ilva-conclusioni-avvocato-generale-ue\/#breadcrumb","itemListElement":[{"@type":"ListItem","position":1,"name":"Home","item":"https:\/\/www.studiobrancaleone.it\/news\/"},{"@type":"ListItem","position":2,"name":"Ilva, conclusioni avvocato generale Ue"}]},{"@type":"WebSite","@id":"https:\/\/www.studiobrancaleone.it\/news\/#website","url":"https:\/\/www.studiobrancaleone.it\/news\/","name":"Studio Brancaleone","description":"Notizie giuridiche aggiornate regolarmente","publisher":{"@id":"https:\/\/www.studiobrancaleone.it\/news\/#organization"},"potentialAction":[{"@type":"SearchAction","target":{"@type":"EntryPoint","urlTemplate":"https:\/\/www.studiobrancaleone.it\/news\/?s={search_term_string}"},"query-input":{"@type":"PropertyValueSpecification","valueRequired":true,"valueName":"search_term_string"}}],"inLanguage":"it-IT"},{"@type":"Organization","@id":"https:\/\/www.studiobrancaleone.it\/news\/#organization","name":"Studio Brancaleone","url":"https:\/\/www.studiobrancaleone.it\/news\/","logo":{"@type":"ImageObject","inLanguage":"it-IT","@id":"https:\/\/www.studiobrancaleone.it\/news\/#\/schema\/logo\/image\/","url":"https:\/\/www.studiobrancaleone.it\/news\/wp-content\/uploads\/2025\/02\/Testata-sito-scaled.webp","contentUrl":"https:\/\/www.studiobrancaleone.it\/news\/wp-content\/uploads\/2025\/02\/Testata-sito-scaled.webp","width":2560,"height":481,"caption":"Studio Brancaleone"},"image":{"@id":"https:\/\/www.studiobrancaleone.it\/news\/#\/schema\/logo\/image\/"}},{"@type":"Person","@id":"https:\/\/www.studiobrancaleone.it\/news\/#\/schema\/person\/da5920864810e22fb65389a0a5cff7e3","name":"Giorgio Ferrari","image":{"@type":"ImageObject","inLanguage":"it-IT","@id":"https:\/\/secure.gravatar.com\/avatar\/e5a8c666e3c03788ccd80843664b7c6eb2fb548eb37bb5cd6598134bf5d56ae1?s=96&d=mm&r=g","url":"https:\/\/secure.gravatar.com\/avatar\/e5a8c666e3c03788ccd80843664b7c6eb2fb548eb37bb5cd6598134bf5d56ae1?s=96&d=mm&r=g","contentUrl":"https:\/\/secure.gravatar.com\/avatar\/e5a8c666e3c03788ccd80843664b7c6eb2fb548eb37bb5cd6598134bf5d56ae1?s=96&d=mm&r=g","caption":"Giorgio Ferrari"},"sameAs":["https:\/\/www.studiobrancaleone.it\/news"],"url":"https:\/\/www.studiobrancaleone.it\/news\/author\/giorfer\/"}]}},"uagb_featured_image_src":{"full":false,"thumbnail":false,"medium":false,"medium_large":false,"large":false,"1536x1536":false,"2048x2048":false},"uagb_author_info":{"display_name":"Giorgio Ferrari","author_link":"https:\/\/www.studiobrancaleone.it\/news\/author\/giorfer\/"},"uagb_comment_info":0,"uagb_excerpt":"L&#8217;avvocato generale Ue si \u00e8 pronunciato sull&#8217;acciaieria Ilva (causa C-626\/22) in merito all&#8217;interpretazione delle condizioni generali di autorizzazione, ai sensi della direttiva IPPC (direttiva 2010\/75\/UE) relativa alle emissioni industriali. Aggiornamento La Corte di Giustizia Ue, con sentenza del 25 giugno 2024, ha affermato che qualora l\u2019attivit\u00e0 dell\u2019installazione presenti pericoli gravi e rilevanti per l\u2019ambiente e&hellip;","_links":{"self":[{"href":"https:\/\/www.studiobrancaleone.it\/news\/wp-json\/wp\/v2\/posts\/12017","targetHints":{"allow":["GET"]}}],"collection":[{"href":"https:\/\/www.studiobrancaleone.it\/news\/wp-json\/wp\/v2\/posts"}],"about":[{"href":"https:\/\/www.studiobrancaleone.it\/news\/wp-json\/wp\/v2\/types\/post"}],"author":[{"embeddable":true,"href":"https:\/\/www.studiobrancaleone.it\/news\/wp-json\/wp\/v2\/users\/1"}],"replies":[{"embeddable":true,"href":"https:\/\/www.studiobrancaleone.it\/news\/wp-json\/wp\/v2\/comments?post=12017"}],"version-history":[{"count":0,"href":"https:\/\/www.studiobrancaleone.it\/news\/wp-json\/wp\/v2\/posts\/12017\/revisions"}],"wp:attachment":[{"href":"https:\/\/www.studiobrancaleone.it\/news\/wp-json\/wp\/v2\/media?parent=12017"}],"wp:term":[{"taxonomy":"category","embeddable":true,"href":"https:\/\/www.studiobrancaleone.it\/news\/wp-json\/wp\/v2\/categories?post=12017"},{"taxonomy":"post_tag","embeddable":true,"href":"https:\/\/www.studiobrancaleone.it\/news\/wp-json\/wp\/v2\/tags?post=12017"}],"curies":[{"name":"wp","href":"https:\/\/api.w.org\/{rel}","templated":true}]}}