{"id":12430,"date":"2024-01-24T12:23:21","date_gmt":"2024-01-24T11:23:21","guid":{"rendered":"https:\/\/www.studiobrancaleone.it\/news\/?p=12430"},"modified":"2024-02-28T16:39:54","modified_gmt":"2024-02-28T15:39:54","slug":"mase-pubblicato-decreto-cer","status":"publish","type":"post","link":"https:\/\/www.studiobrancaleone.it\/news\/mase-pubblicato-decreto-cer\/","title":{"rendered":"Mase, pubblicato decreto CER"},"content":{"rendered":"\n<p>Il Mase ha pubblicato sul proprio sito il decreto che stimola la nascita e lo sviluppo delle <strong>Comunit\u00e0 energetiche rinnovabili<\/strong> (Cer) e dell\u2019<strong>autoconsumo<\/strong>.<\/p>\n\n\n\t\t\t\t<div class=\"wp-block-uagb-table-of-contents uagb-toc__align-left uagb-toc__columns-1  uagb-block-bbb015e5      \"\n\t\t\t\t\tdata-scroll= \"1\"\n\t\t\t\t\tdata-offset= \"30\"\n\t\t\t\t\tstyle=\"\"\n\t\t\t\t>\n\t\t\t\t<div class=\"uagb-toc__wrap\">\n\t\t\t\t\t\t<div class=\"uagb-toc__title\">\n\t\t\t\t\t\t\tDecreto Cer 414\/2023\t\t\t\t\t\t<\/div>\n\t\t\t\t\t\t\t\t\t\t\t\t\t\t\t\t\t\t\t\t\t\t<div class=\"uagb-toc__list-wrap \">\n\t\t\t\t\t\t<ol class=\"uagb-toc__list\"><li class=\"uagb-toc__list\"><a href=\"#sintesi-decreto\" class=\"uagb-toc-link__trigger\">Sintesi decreto<\/a><li class=\"uagb-toc__list\"><a href=\"#articolato-decreto\" class=\"uagb-toc-link__trigger\">Articolato decreto<\/a><li class=\"uagb-toc__list\"><a href=\"#testo\" class=\"uagb-toc-link__trigger\">Testo<\/a><ul class=\"uagb-toc__list\"><li class=\"uagb-toc__list\"><a href=\"#decreto-cer\" class=\"uagb-toc-link__trigger\">Decreto CER<\/a><li class=\"uagb-toc__list\"><li class=\"uagb-toc__list\"><a href=\"#le-comunit\u00e0-energetiche-rinnovabili-faq\" class=\"uagb-toc-link__trigger\">Le Comunit\u00e0 Energetiche Rinnovabili &#8211; FAQ<\/a><\/ul><\/ol>\t\t\t\t\t<\/div>\n\t\t\t\t\t\t\t\t\t<\/div>\n\t\t\t\t<\/div>\n\t\t\t\n\n\n<h2 class=\"wp-block-heading\">Sintesi decreto<\/h2>\n\n\n\n<p>Il <strong>decreto n. 414\/2023<\/strong>, in vigore dal 24 gennaio 2024, in sintesi:<\/p>\n\n\n\n<ul class=\"wp-block-list\">\n<li>disciplina le modalit\u00e0 di incentivazione per sostenere l\u2019energia elettrica prodotta da impianti a fonti rinnovabili inseriti in configurazioni di autoconsumo per la condivisione dell\u2019energia rinnovabile;<\/li>\n\n\n\n<li>definisce criteri e modalit\u00e0 per la concessione dei contributi previsti dal PNRR.<\/li>\n<\/ul>\n\n\n\n<p>Entro i successivi trenta giorni saranno approvate dal Ministero, previa verifica da parte dell\u2019ARERA e su proposta del Gestore dei Servizi Energetici, le <a href=\"https:\/\/www.studiobrancaleone.it\/news\/energia-approvate-regole-attuative-per-le-cer\/\"><strong>regole operative<\/strong><\/a> che dovranno disciplinare le modalit\u00e0 e le tempistiche di riconoscimento degli incentivi. <\/p>\n\n\n\n<p>Il GSE, soggetto gestore della misura, metter\u00e0 in esercizio i portali attraverso i quali sar\u00e0 possibile presentare le richieste, entro 45 giorni dall\u2019approvazione delle regole.<\/p>\n\n\n\n<p>Il testo individua due strade per promuovere lo sviluppo nel Paese delle CER:<\/p>\n\n\n\n<ul class=\"wp-block-list\">\n<li>un contributo a fondo perduto fino al 40% dei costi ammissibili, finanziato dal PNRR e rivolto alle comunit\u00e0 i cui impianti sono realizzati nei comuni sotto i cinquemila abitanti che supporter\u00e0 lo sviluppo di due gigawatt complessivi;<\/li>\n\n\n\n<li>una tariffa incentivante sull\u2019energia rinnovabile prodotta e condivisa per tutto il territorio nazionale. I due benefici sono tra loro cumulabili. Attraverso il provvedimento sar\u00e0 dunque favorito lo sviluppo di cinque gigawatt complessivi di impianti di produzione di energia rinnovabile.<\/li>\n<\/ul>\n\n\n\n<p>Il GSE, inoltre, render\u00e0 disponibili sul proprio sito istituzionale (<a href=\"https:\/\/eur05.safelinks.protection.outlook.com\/?url=http%3A%2F%2Fwww.gse.it%2F&amp;data=05%7C02%7Cufficiostampa%40mase.gov.it%7Cb09660841fcb4ee1fa8308dc1c338c07%7C49ea7387144b4c06b54d6a66b2b79d71%7C0%7C0%7C638416254925636718%7CUnknown%7CTWFpbGZsb3d8eyJWIjoiMC4wLjAwMDAiLCJQIjoiV2luMzIiLCJBTiI6Ik1haWwiLCJXVCI6Mn0%3D%7C3000%7C%7C%7C&amp;sdata=RJe3mIR8NDOZG3y00PtwFjsWO6lfghs3esc85uY3yAk%3D&amp;reserved=0\">www.gse.it<\/a>) documenti e guide informative, oltre a canali di supporto dedicati, per accompagnare gli utenti nella costituzione delle CER.<\/p>\n\n\n\n<p>Inizialmente, sono online alcune \u201cFAQ\u201d per iniziare ad orientare cittadini, piccole e medie imprese, enti, cooperative e tutti gli altri destinatari del provvedimento.<\/p>\n\n\n\n<p>Sar\u00e0 presto online sul sito del GSE anche un simulatore per la valutazione energetica ed economica delle iniziative, mentre \u00e8 gi\u00e0 disponibile la mappa interattiva delle cabine primarie su territorio nazionale.<\/p>\n\n\n\n<h2 class=\"wp-block-heading\">Articolato decreto<\/h2>\n\n\n\n<p>Il provvedimento, composto da sedici articoli e tre allegati, \u00e8 suddiviso in<strong> tre titoli<\/strong>:<\/p>\n\n\n\n<ul class=\"wp-block-list\">\n<li><strong>Titolo I&nbsp;(Finalit\u00e0, ambito di applicazione e definizioni) (articoli 1 e 2)<\/strong> &#8211; nel perseguire gli obiettivi di decarbonizzazione al 2030, disciplina le modalit\u00e0 di incentivazione per sostenere l\u2019energia elettrica prodotta da impianti a fonti rinnovabili inseriti in configurazioni di autoconsumo per la condivisione dell\u2019energia rinnovabile e definisce criteri e modalit\u00e0 per la concessione dei contributi previsti dalla Missione 2, Componente 2, Investimento 1.2 (Promozione rinnovabili per le comunit\u00e0 energetiche e l\u2019autoconsumo) del PNRR.&nbsp;<\/li>\n\n\n\n<li><strong>Titolo II&nbsp;(Incentivi per la condivisione dell\u2019energia) (articoli 3-6)<\/strong>&nbsp;&#8211; reca disposizioni per la definizione degli incentivi sotto forma di tariffa incentivante sulla quota di energia condivisa per gli impianti a fonti rinnovabili inseriti in configurazioni di autoconsumo per la condivisione dell\u2019energia rinnovabile e si applica fino al trentesimo giorno successivo alla data del raggiungimento di un contingente di potenza incentivata pari a 5 GW, e comunque non oltre il 31 dicembre 2027.<\/li>\n\n\n\n<li><strong>Titolo III&nbsp;(Concessione dei benefici PNRR) (articoli 7-10)<\/strong>&nbsp;&#8211; reca disposizioni per l\u2019erogazione di contributi in conto capitale fino al 40% dei costi ammissibili per lo sviluppo delle comunit\u00e0 energetiche e delle configurazioni di autoconsumo collettivo nei comuni con popolazione inferiore ai 5.000 abitanti attraverso la realizzazione di impianti a fonti rinnovabili, anche abbinati a sistemi di accumulo di energia in attuazione della Missione 2, Componente 2, Investimento 1.2 (Promozione rinnovabili per le comunit\u00e0 energetiche e l\u2019autoconsumo) del PNRR. Le disposizioni del Titolo III si applicano fino al 30 giugno 2026 per la realizzazione di una potenza complessiva pari almeno a 2 GW, ed una produzione indicativa di almeno 2.500 GWh\/anno e nel limite delle risorse finanziarie attribuite a valere sul PNRR.<\/li>\n<\/ul>\n\n\n\n<ul class=\"wp-block-list\">\n<li><strong>Titolo IV&nbsp;(Disposizioni finali) (articoli 11-16)&nbsp;<\/strong>&#8211; reca disposizioni in materia di: regole operative per l\u2019accesso ai benefici (mediante un emanando decreto); verifica preliminare di ammissibilit\u00e0, monitoraggio e pubblicazione semestrale, da parte del GSE, di un bollettino informativo sulla diffusione delle configurazioni; individuazione di un soggetto indipendente a cui affidare la valutazione della misura (soggetto valutatore); partecipazione delle configurazioni di autoconsumo per la condivisione dell\u2019energia rinnovabile (CACER) ubicate in stati membri dell\u2019UE, o in stati terzi confinanti con l\u2019Italia e con i quali la UE ha stipulato un accordo di libero scambio; disposizioni finali.&nbsp;<\/li>\n<\/ul>\n\n\n\n<hr class=\"wp-block-separator has-text-color has-ast-global-color-0-color has-alpha-channel-opacity has-ast-global-color-0-background-color has-background is-style-wide\"\/>\n\n\n\n<h2 class=\"wp-block-heading\">Testo<\/h2>\n\n\n\n<p>Per approfondimenti, si rimanda al <a href=\"https:\/\/www.mase.gov.it\/comunicati\/energia-mase-pubblicato-decreto-cer-da-domani-vigore\" target=\"_blank\" rel=\"noreferrer noopener\">comunicato del Mase<\/a><\/p>\n\n\n\n<h4 class=\"wp-block-heading\"><a href=\"https:\/\/www.mase.gov.it\/sites\/default\/files\/Decreto%20CER.pdf\" target=\"_blank\" rel=\"noreferrer noopener\">Decreto CER<\/a><\/h4>\n\n\n\n<h4 class=\"wp-block-heading\"><a href=\"https:\/\/www.mase.gov.it\/sites\/default\/files\/Le%20Comunita%CC%80%20Energetiche%20Rinnovabili%20-%20FAQ.pdf\" target=\"_blank\" rel=\"noreferrer noopener\">Le Comunit\u00e0 Energetiche Rinnovabili &#8211; FAQ<\/a><\/h4>\n","protected":false},"excerpt":{"rendered":"<p>Il Mase ha pubblicato sul proprio sito il decreto che stimola la nascita e lo sviluppo delle Comunit\u00e0 energetiche rinnovabili (Cer) e dell\u2019autoconsumo. Sintesi decreto Il decreto n. 414\/2023, in vigore dal 24 gennaio 2024, in sintesi: Entro i successivi trenta giorni saranno approvate dal Ministero, previa verifica da parte dell\u2019ARERA e su proposta del [&hellip;]<\/p>\n","protected":false},"author":1,"featured_media":0,"comment_status":"closed","ping_status":"open","sticky":false,"template":"","format":"standard","meta":{"_uag_custom_page_level_css":"","site-sidebar-layout":"default","site-content-layout":"","ast-site-content-layout":"default","site-content-style":"default","site-sidebar-style":"default","ast-global-header-display":"","ast-banner-title-visibility":"","ast-main-header-display":"","ast-hfb-above-header-display":"","ast-hfb-below-header-display":"","ast-hfb-mobile-header-display":"","site-post-title":"","ast-breadcrumbs-content":"","ast-featured-img":"","footer-sml-layout":"","ast-disable-related-posts":"","theme-transparent-header-meta":"","adv-header-id-meta":"","stick-header-meta":"","header-above-stick-meta":"","header-main-stick-meta":"","header-below-stick-meta":"","astra-migrate-meta-layouts":"set","ast-page-background-enabled":"default","ast-page-background-meta":{"desktop":{"background-color":"var(--ast-global-color-4)","background-image":"","background-repeat":"repeat","background-position":"center center","background-size":"auto","background-attachment":"scroll","background-type":"","background-media":"","overlay-type":"","overlay-color":"","overlay-opacity":"","overlay-gradient":""},"tablet":{"background-color":"","background-image":"","background-repeat":"repeat","background-position":"center center","background-size":"auto","background-attachment":"scroll","background-type":"","background-media":"","overlay-type":"","overlay-color":"","overlay-opacity":"","overlay-gradient":""},"mobile":{"background-color":"","background-image":"","background-repeat":"repeat","background-position":"center center","background-size":"auto","background-attachment":"scroll","background-type":"","background-media":"","overlay-type":"","overlay-color":"","overlay-opacity":"","overlay-gradient":""}},"ast-content-background-meta":{"desktop":{"background-color":"var(--ast-global-color-5)","background-image":"","background-repeat":"repeat","background-position":"center center","background-size":"auto","background-attachment":"scroll","background-type":"","background-media":"","overlay-type":"","overlay-color":"","overlay-opacity":"","overlay-gradient":""},"tablet":{"background-color":"var(--ast-global-color-5)","background-image":"","background-repeat":"repeat","background-position":"center center","background-size":"auto","background-attachment":"scroll","background-type":"","background-media":"","overlay-type":"","overlay-color":"","overlay-opacity":"","overlay-gradient":""},"mobile":{"background-color":"var(--ast-global-color-5)","background-image":"","background-repeat":"repeat","background-position":"center center","background-size":"auto","background-attachment":"scroll","background-type":"","background-media":"","overlay-type":"","overlay-color":"","overlay-opacity":"","overlay-gradient":""}},"footnotes":""},"categories":[10],"tags":[],"class_list":["post-12430","post","type-post","status-publish","format-standard","hentry","category-finanziamenti"],"yoast_head":"<!-- This site is optimized with the Yoast SEO plugin v27.5 - https:\/\/yoast.com\/product\/yoast-seo-wordpress\/ -->\r\n<title>Mase, pubblicato decreto CER &#060; Studio Brancaleone<\/title>\r\n<meta name=\"description\" content=\"Il Mase ha pubblicato sul proprio sito il decreto che stimola la nascita e lo sviluppo delle Comunit\u00e0 energetiche rinnovabili (Cer) e dell\u2019autoconsumo.\" \/>\r\n<meta name=\"robots\" content=\"index, follow, max-snippet:-1, max-image-preview:large, max-video-preview:-1\" \/>\r\n<link rel=\"canonical\" href=\"https:\/\/www.studiobrancaleone.it\/news\/mase-pubblicato-decreto-cer\/\" \/>\r\n<meta property=\"og:locale\" content=\"it_IT\" \/>\r\n<meta property=\"og:type\" content=\"article\" \/>\r\n<meta property=\"og:title\" content=\"Mase, pubblicato decreto CER &#060; Studio Brancaleone\" \/>\r\n<meta property=\"og:description\" content=\"Il Mase ha pubblicato sul proprio sito il decreto che stimola la nascita e lo sviluppo delle Comunit\u00e0 energetiche rinnovabili (Cer) e dell\u2019autoconsumo.\" \/>\r\n<meta property=\"og:url\" content=\"https:\/\/www.studiobrancaleone.it\/news\/mase-pubblicato-decreto-cer\/\" \/>\r\n<meta property=\"og:site_name\" content=\"Studio Brancaleone\" \/>\r\n<meta property=\"article:published_time\" content=\"2024-01-24T11:23:21+00:00\" \/>\r\n<meta property=\"article:modified_time\" content=\"2024-02-28T15:39:54+00:00\" \/>\r\n<meta name=\"author\" content=\"Giorgio Ferrari\" \/>\r\n<meta name=\"twitter:card\" content=\"summary_large_image\" \/>\r\n<meta name=\"twitter:label1\" content=\"Scritto da\" \/>\n\t<meta name=\"twitter:data1\" content=\"Giorgio Ferrari\" \/>\n\t<meta name=\"twitter:label2\" content=\"Tempo di lettura stimato\" \/>\n\t<meta name=\"twitter:data2\" content=\"4 minuti\" \/>\r\n<script type=\"application\/ld+json\" class=\"yoast-schema-graph\">{\"@context\":\"https:\\\/\\\/schema.org\",\"@graph\":[{\"@type\":\"Article\",\"@id\":\"https:\\\/\\\/www.studiobrancaleone.it\\\/news\\\/mase-pubblicato-decreto-cer\\\/#article\",\"isPartOf\":{\"@id\":\"https:\\\/\\\/www.studiobrancaleone.it\\\/news\\\/mase-pubblicato-decreto-cer\\\/\"},\"author\":{\"name\":\"Giorgio Ferrari\",\"@id\":\"https:\\\/\\\/www.studiobrancaleone.it\\\/news\\\/#\\\/schema\\\/person\\\/da5920864810e22fb65389a0a5cff7e3\"},\"headline\":\"Mase, pubblicato decreto CER\",\"datePublished\":\"2024-01-24T11:23:21+00:00\",\"dateModified\":\"2024-02-28T15:39:54+00:00\",\"mainEntityOfPage\":{\"@id\":\"https:\\\/\\\/www.studiobrancaleone.it\\\/news\\\/mase-pubblicato-decreto-cer\\\/\"},\"wordCount\":711,\"publisher\":{\"@id\":\"https:\\\/\\\/www.studiobrancaleone.it\\\/news\\\/#organization\"},\"articleSection\":[\"Finanziamenti\"],\"inLanguage\":\"it-IT\"},{\"@type\":\"WebPage\",\"@id\":\"https:\\\/\\\/www.studiobrancaleone.it\\\/news\\\/mase-pubblicato-decreto-cer\\\/\",\"url\":\"https:\\\/\\\/www.studiobrancaleone.it\\\/news\\\/mase-pubblicato-decreto-cer\\\/\",\"name\":\"Mase, pubblicato decreto CER &#060; Studio Brancaleone\",\"isPartOf\":{\"@id\":\"https:\\\/\\\/www.studiobrancaleone.it\\\/news\\\/#website\"},\"datePublished\":\"2024-01-24T11:23:21+00:00\",\"dateModified\":\"2024-02-28T15:39:54+00:00\",\"description\":\"Il Mase ha pubblicato sul proprio sito il decreto che stimola la nascita e lo sviluppo delle Comunit\u00e0 energetiche rinnovabili (Cer) e dell\u2019autoconsumo.\",\"breadcrumb\":{\"@id\":\"https:\\\/\\\/www.studiobrancaleone.it\\\/news\\\/mase-pubblicato-decreto-cer\\\/#breadcrumb\"},\"inLanguage\":\"it-IT\",\"potentialAction\":[{\"@type\":\"ReadAction\",\"target\":[\"https:\\\/\\\/www.studiobrancaleone.it\\\/news\\\/mase-pubblicato-decreto-cer\\\/\"]}]},{\"@type\":\"BreadcrumbList\",\"@id\":\"https:\\\/\\\/www.studiobrancaleone.it\\\/news\\\/mase-pubblicato-decreto-cer\\\/#breadcrumb\",\"itemListElement\":[{\"@type\":\"ListItem\",\"position\":1,\"name\":\"Home\",\"item\":\"https:\\\/\\\/www.studiobrancaleone.it\\\/news\\\/\"},{\"@type\":\"ListItem\",\"position\":2,\"name\":\"Mase, pubblicato decreto CER\"}]},{\"@type\":\"WebSite\",\"@id\":\"https:\\\/\\\/www.studiobrancaleone.it\\\/news\\\/#website\",\"url\":\"https:\\\/\\\/www.studiobrancaleone.it\\\/news\\\/\",\"name\":\"Studio Brancaleone\",\"description\":\"Notizie giuridiche aggiornate regolarmente\",\"publisher\":{\"@id\":\"https:\\\/\\\/www.studiobrancaleone.it\\\/news\\\/#organization\"},\"potentialAction\":[{\"@type\":\"SearchAction\",\"target\":{\"@type\":\"EntryPoint\",\"urlTemplate\":\"https:\\\/\\\/www.studiobrancaleone.it\\\/news\\\/?s={search_term_string}\"},\"query-input\":{\"@type\":\"PropertyValueSpecification\",\"valueRequired\":true,\"valueName\":\"search_term_string\"}}],\"inLanguage\":\"it-IT\"},{\"@type\":\"Organization\",\"@id\":\"https:\\\/\\\/www.studiobrancaleone.it\\\/news\\\/#organization\",\"name\":\"Studio Brancaleone\",\"url\":\"https:\\\/\\\/www.studiobrancaleone.it\\\/news\\\/\",\"logo\":{\"@type\":\"ImageObject\",\"inLanguage\":\"it-IT\",\"@id\":\"https:\\\/\\\/www.studiobrancaleone.it\\\/news\\\/#\\\/schema\\\/logo\\\/image\\\/\",\"url\":\"https:\\\/\\\/www.studiobrancaleone.it\\\/news\\\/wp-content\\\/uploads\\\/2025\\\/02\\\/Testata-sito-scaled.webp\",\"contentUrl\":\"https:\\\/\\\/www.studiobrancaleone.it\\\/news\\\/wp-content\\\/uploads\\\/2025\\\/02\\\/Testata-sito-scaled.webp\",\"width\":2560,\"height\":481,\"caption\":\"Studio Brancaleone\"},\"image\":{\"@id\":\"https:\\\/\\\/www.studiobrancaleone.it\\\/news\\\/#\\\/schema\\\/logo\\\/image\\\/\"}},{\"@type\":\"Person\",\"@id\":\"https:\\\/\\\/www.studiobrancaleone.it\\\/news\\\/#\\\/schema\\\/person\\\/da5920864810e22fb65389a0a5cff7e3\",\"name\":\"Giorgio Ferrari\",\"image\":{\"@type\":\"ImageObject\",\"inLanguage\":\"it-IT\",\"@id\":\"https:\\\/\\\/secure.gravatar.com\\\/avatar\\\/e5a8c666e3c03788ccd80843664b7c6eb2fb548eb37bb5cd6598134bf5d56ae1?s=96&d=mm&r=g\",\"url\":\"https:\\\/\\\/secure.gravatar.com\\\/avatar\\\/e5a8c666e3c03788ccd80843664b7c6eb2fb548eb37bb5cd6598134bf5d56ae1?s=96&d=mm&r=g\",\"contentUrl\":\"https:\\\/\\\/secure.gravatar.com\\\/avatar\\\/e5a8c666e3c03788ccd80843664b7c6eb2fb548eb37bb5cd6598134bf5d56ae1?s=96&d=mm&r=g\",\"caption\":\"Giorgio Ferrari\"},\"sameAs\":[\"https:\\\/\\\/www.studiobrancaleone.it\\\/news\"],\"url\":\"https:\\\/\\\/www.studiobrancaleone.it\\\/news\\\/author\\\/giorfer\\\/\"}]}<\/script>\r\n<!-- \/ Yoast SEO plugin. -->","yoast_head_json":{"title":"Mase, pubblicato decreto CER &#060; Studio Brancaleone","description":"Il Mase ha pubblicato sul proprio sito il decreto che stimola la nascita e lo sviluppo delle Comunit\u00e0 energetiche rinnovabili (Cer) e dell\u2019autoconsumo.","robots":{"index":"index","follow":"follow","max-snippet":"max-snippet:-1","max-image-preview":"max-image-preview:large","max-video-preview":"max-video-preview:-1"},"canonical":"https:\/\/www.studiobrancaleone.it\/news\/mase-pubblicato-decreto-cer\/","og_locale":"it_IT","og_type":"article","og_title":"Mase, pubblicato decreto CER &#060; Studio Brancaleone","og_description":"Il Mase ha pubblicato sul proprio sito il decreto che stimola la nascita e lo sviluppo delle Comunit\u00e0 energetiche rinnovabili (Cer) e dell\u2019autoconsumo.","og_url":"https:\/\/www.studiobrancaleone.it\/news\/mase-pubblicato-decreto-cer\/","og_site_name":"Studio Brancaleone","article_published_time":"2024-01-24T11:23:21+00:00","article_modified_time":"2024-02-28T15:39:54+00:00","author":"Giorgio Ferrari","twitter_card":"summary_large_image","twitter_misc":{"Scritto da":"Giorgio Ferrari","Tempo di lettura stimato":"4 minuti"},"schema":{"@context":"https:\/\/schema.org","@graph":[{"@type":"Article","@id":"https:\/\/www.studiobrancaleone.it\/news\/mase-pubblicato-decreto-cer\/#article","isPartOf":{"@id":"https:\/\/www.studiobrancaleone.it\/news\/mase-pubblicato-decreto-cer\/"},"author":{"name":"Giorgio Ferrari","@id":"https:\/\/www.studiobrancaleone.it\/news\/#\/schema\/person\/da5920864810e22fb65389a0a5cff7e3"},"headline":"Mase, pubblicato decreto CER","datePublished":"2024-01-24T11:23:21+00:00","dateModified":"2024-02-28T15:39:54+00:00","mainEntityOfPage":{"@id":"https:\/\/www.studiobrancaleone.it\/news\/mase-pubblicato-decreto-cer\/"},"wordCount":711,"publisher":{"@id":"https:\/\/www.studiobrancaleone.it\/news\/#organization"},"articleSection":["Finanziamenti"],"inLanguage":"it-IT"},{"@type":"WebPage","@id":"https:\/\/www.studiobrancaleone.it\/news\/mase-pubblicato-decreto-cer\/","url":"https:\/\/www.studiobrancaleone.it\/news\/mase-pubblicato-decreto-cer\/","name":"Mase, pubblicato decreto CER &#060; Studio Brancaleone","isPartOf":{"@id":"https:\/\/www.studiobrancaleone.it\/news\/#website"},"datePublished":"2024-01-24T11:23:21+00:00","dateModified":"2024-02-28T15:39:54+00:00","description":"Il Mase ha pubblicato sul proprio sito il decreto che stimola la nascita e lo sviluppo delle Comunit\u00e0 energetiche rinnovabili (Cer) e dell\u2019autoconsumo.","breadcrumb":{"@id":"https:\/\/www.studiobrancaleone.it\/news\/mase-pubblicato-decreto-cer\/#breadcrumb"},"inLanguage":"it-IT","potentialAction":[{"@type":"ReadAction","target":["https:\/\/www.studiobrancaleone.it\/news\/mase-pubblicato-decreto-cer\/"]}]},{"@type":"BreadcrumbList","@id":"https:\/\/www.studiobrancaleone.it\/news\/mase-pubblicato-decreto-cer\/#breadcrumb","itemListElement":[{"@type":"ListItem","position":1,"name":"Home","item":"https:\/\/www.studiobrancaleone.it\/news\/"},{"@type":"ListItem","position":2,"name":"Mase, pubblicato decreto CER"}]},{"@type":"WebSite","@id":"https:\/\/www.studiobrancaleone.it\/news\/#website","url":"https:\/\/www.studiobrancaleone.it\/news\/","name":"Studio Brancaleone","description":"Notizie giuridiche aggiornate regolarmente","publisher":{"@id":"https:\/\/www.studiobrancaleone.it\/news\/#organization"},"potentialAction":[{"@type":"SearchAction","target":{"@type":"EntryPoint","urlTemplate":"https:\/\/www.studiobrancaleone.it\/news\/?s={search_term_string}"},"query-input":{"@type":"PropertyValueSpecification","valueRequired":true,"valueName":"search_term_string"}}],"inLanguage":"it-IT"},{"@type":"Organization","@id":"https:\/\/www.studiobrancaleone.it\/news\/#organization","name":"Studio Brancaleone","url":"https:\/\/www.studiobrancaleone.it\/news\/","logo":{"@type":"ImageObject","inLanguage":"it-IT","@id":"https:\/\/www.studiobrancaleone.it\/news\/#\/schema\/logo\/image\/","url":"https:\/\/www.studiobrancaleone.it\/news\/wp-content\/uploads\/2025\/02\/Testata-sito-scaled.webp","contentUrl":"https:\/\/www.studiobrancaleone.it\/news\/wp-content\/uploads\/2025\/02\/Testata-sito-scaled.webp","width":2560,"height":481,"caption":"Studio Brancaleone"},"image":{"@id":"https:\/\/www.studiobrancaleone.it\/news\/#\/schema\/logo\/image\/"}},{"@type":"Person","@id":"https:\/\/www.studiobrancaleone.it\/news\/#\/schema\/person\/da5920864810e22fb65389a0a5cff7e3","name":"Giorgio Ferrari","image":{"@type":"ImageObject","inLanguage":"it-IT","@id":"https:\/\/secure.gravatar.com\/avatar\/e5a8c666e3c03788ccd80843664b7c6eb2fb548eb37bb5cd6598134bf5d56ae1?s=96&d=mm&r=g","url":"https:\/\/secure.gravatar.com\/avatar\/e5a8c666e3c03788ccd80843664b7c6eb2fb548eb37bb5cd6598134bf5d56ae1?s=96&d=mm&r=g","contentUrl":"https:\/\/secure.gravatar.com\/avatar\/e5a8c666e3c03788ccd80843664b7c6eb2fb548eb37bb5cd6598134bf5d56ae1?s=96&d=mm&r=g","caption":"Giorgio Ferrari"},"sameAs":["https:\/\/www.studiobrancaleone.it\/news"],"url":"https:\/\/www.studiobrancaleone.it\/news\/author\/giorfer\/"}]}},"uagb_featured_image_src":{"full":false,"thumbnail":false,"medium":false,"medium_large":false,"large":false,"1536x1536":false,"2048x2048":false},"uagb_author_info":{"display_name":"Giorgio Ferrari","author_link":"https:\/\/www.studiobrancaleone.it\/news\/author\/giorfer\/"},"uagb_comment_info":0,"uagb_excerpt":"Il Mase ha pubblicato sul proprio sito il decreto che stimola la nascita e lo sviluppo delle Comunit\u00e0 energetiche rinnovabili (Cer) e dell\u2019autoconsumo. Sintesi decreto Il decreto n. 414\/2023, in vigore dal 24 gennaio 2024, in sintesi: Entro i successivi trenta giorni saranno approvate dal Ministero, previa verifica da parte dell\u2019ARERA e su proposta del&hellip;","_links":{"self":[{"href":"https:\/\/www.studiobrancaleone.it\/news\/wp-json\/wp\/v2\/posts\/12430","targetHints":{"allow":["GET"]}}],"collection":[{"href":"https:\/\/www.studiobrancaleone.it\/news\/wp-json\/wp\/v2\/posts"}],"about":[{"href":"https:\/\/www.studiobrancaleone.it\/news\/wp-json\/wp\/v2\/types\/post"}],"author":[{"embeddable":true,"href":"https:\/\/www.studiobrancaleone.it\/news\/wp-json\/wp\/v2\/users\/1"}],"replies":[{"embeddable":true,"href":"https:\/\/www.studiobrancaleone.it\/news\/wp-json\/wp\/v2\/comments?post=12430"}],"version-history":[{"count":0,"href":"https:\/\/www.studiobrancaleone.it\/news\/wp-json\/wp\/v2\/posts\/12430\/revisions"}],"wp:attachment":[{"href":"https:\/\/www.studiobrancaleone.it\/news\/wp-json\/wp\/v2\/media?parent=12430"}],"wp:term":[{"taxonomy":"category","embeddable":true,"href":"https:\/\/www.studiobrancaleone.it\/news\/wp-json\/wp\/v2\/categories?post=12430"},{"taxonomy":"post_tag","embeddable":true,"href":"https:\/\/www.studiobrancaleone.it\/news\/wp-json\/wp\/v2\/tags?post=12430"}],"curies":[{"name":"wp","href":"https:\/\/api.w.org\/{rel}","templated":true}]}}