{"id":12497,"date":"2024-02-01T09:00:00","date_gmt":"2024-02-01T08:00:00","guid":{"rendered":"https:\/\/www.studiobrancaleone.it\/news\/?p=12497"},"modified":"2024-01-31T22:59:15","modified_gmt":"2024-01-31T21:59:15","slug":"emilia-romagna-approvato-il-pair-2030","status":"publish","type":"post","link":"https:\/\/www.studiobrancaleone.it\/news\/emilia-romagna-approvato-il-pair-2030\/","title":{"rendered":"Emilia-Romagna, Approvato il Pair 2030"},"content":{"rendered":"\n<p>La <strong>Regione Emilia-Romagna<\/strong> il 30 gennaio 2024 ha dato il via libera<strong><strong> <\/strong><\/strong>al<strong> Pair 2030<\/strong> &#8220;Piano aria integrato regionale&#8221; con l&#8217;obiettivo di raggiungere i <strong>livelli di<\/strong> <strong>qualit\u00e0 dell\u2019aria<\/strong> stabiliti dalle <strong>norme europee e nazionali<\/strong> in modo da <strong>evitare<\/strong>, <strong>prevenire <\/strong>o <strong>ridurre <\/strong>gli <strong>effetti nocivi<\/strong> dell\u2019<strong>inquinamento<\/strong> per la <strong>salute umana<\/strong> e l\u2019<strong>ambiente<\/strong>.<\/p>\n\n\n\t\t\t\t<div class=\"wp-block-uagb-table-of-contents uagb-toc__align-left uagb-toc__columns-1  uagb-block-f9dd5aa2      \"\n\t\t\t\t\tdata-scroll= \"1\"\n\t\t\t\t\tdata-offset= \"30\"\n\t\t\t\t\tstyle=\"\"\n\t\t\t\t>\n\t\t\t\t<div class=\"uagb-toc__wrap\">\n\t\t\t\t\t\t<div class=\"uagb-toc__title\">\n\t\t\t\t\t\t\tPair 2030\t\t\t\t\t\t<\/div>\n\t\t\t\t\t\t\t\t\t\t\t\t\t\t\t\t\t\t\t\t\t\t<div class=\"uagb-toc__list-wrap \">\n\t\t\t\t\t\t<ol class=\"uagb-toc__list\"><li class=\"uagb-toc__list\"><a href=\"#approvazione-piano\" class=\"uagb-toc-link__trigger\">Approvazione piano<\/a><li class=\"uagb-toc__list\"><a href=\"#risorse-stanziate\" class=\"uagb-toc-link__trigger\">Risorse stanziate<\/a><li class=\"uagb-toc__list\"><a href=\"#ambiti-di-intervento\" class=\"uagb-toc-link__trigger\">Ambiti di intervento<\/a><li class=\"uagb-toc__list\"><a href=\"#obiettivi-qualit\u00e0-aria\" class=\"uagb-toc-link__trigger\">Obiettivi qualit\u00e0 aria<\/a><li class=\"uagb-toc__list\"><a href=\"#la-strategia-del-piano\" class=\"uagb-toc-link__trigger\">La strategia del Piano<\/a><li class=\"uagb-toc__list\"><a href=\"#il-percorso-del-piano\" class=\"uagb-toc-link__trigger\">Il percorso del Piano<\/a><\/ol>\t\t\t\t\t<\/div>\n\t\t\t\t\t\t\t\t\t<\/div>\n\t\t\t\t<\/div>\n\t\t\t\n\n\n<h2 class=\"wp-block-heading\">Approvazione piano<\/h2>\n\n\n\n<p>Il <strong>30 gennaio 2024<\/strong> l&#8217;<strong>Assemblea legislativa<\/strong> della Regione Emilia-Romagna ha approvato il &#8220;Piano aria integrato regionale&#8221; <strong>Pair 2030<\/strong>.<\/p>\n\n\n\n<p><\/p>\n\n\n\n<h2 class=\"wp-block-heading\">Risorse stanziate<\/h2>\n\n\n\n<p>Il Piano aria integrato regionale potr\u00e0 contare su risorse per <strong>154,6 milioni <\/strong>di euro. Nello specifico, nel <strong>primo triennio<\/strong> ci sar\u00e0 l\u2019attuazione, da parte della Regione, per quasi <strong>64 milioni<\/strong> di euro.<\/p>\n\n\n\n<h2 class=\"wp-block-heading\">Ambiti di intervento<\/h2>\n\n\n\n<p><strong>Oltre 60 \u201cazioni\u201d<\/strong> per <strong>cinque ambiti<\/strong> di intervento:<\/p>\n\n\n\n<ol class=\"wp-block-list\">\n<li>citt\u00e0 e aree di pianura, <\/li>\n\n\n\n<li>trasporti e mobilit\u00e0, <\/li>\n\n\n\n<li>energia e biomasse per il riscaldamento domestico, <\/li>\n\n\n\n<li>attivit\u00e0 produttive, <\/li>\n\n\n\n<li>agricoltura e zootecnia. <\/li>\n<\/ol>\n\n\n\n<h2 class=\"wp-block-heading\">Obiettivi qualit\u00e0 aria<\/h2>\n\n\n\n<p>Gli obiettivi sono raggiungere, nel pi\u00f9 breve tempo possibile, e mantenere i <strong>livelli di<\/strong> <strong>qualit\u00e0 dell\u2019aria<\/strong> stabiliti dalle <strong>norme europee e nazionali<\/strong> in modo da <strong>evitare<\/strong>, <strong>prevenire <\/strong>o <strong>ridurre <\/strong>gli <strong>effetti nocivi<\/strong> dell\u2019<strong>inquinamento<\/strong> per la <strong>salute umana<\/strong> e l\u2019<strong>ambiente<\/strong>.<\/p>\n\n\n\n<p>Il Piano \u201cpoggia\u201d su <strong>8 pilastri tematici di cui 3 trasversali<\/strong>, che rappresentano gli <strong>ambiti di intervento prioritari<\/strong> per il raggiungimento degli obiettivi di qualit\u00e0 dell\u2019aria a partire da quello <strong>urbano<\/strong>, della <strong>mobilit\u00e0<\/strong>, dell\u2019<strong>energia<\/strong> e delle <strong>biomasse<\/strong>, delle <strong>attivit\u00e0 produttive<\/strong> e dell\u2019<strong>agricoltura<\/strong> a cui si aggiungono i tre trasversali che riguardano gli <strong>strumenti di gestione <\/strong>della <strong>qualit\u00e0 dell\u2019aria<\/strong>, gli <strong>acquisti verdi<\/strong> nelle PA e le attivit\u00e0 di <strong>comunicazione, informazione e formazione<\/strong>.<\/p>\n\n\n\n<h2 class=\"wp-block-heading\">La strategia del Piano<\/h2>\n\n\n\n<p>In estrema sintesi, la strategia del Pair 2030, per cui sono stati identificati gli ambiti di intervento e le misure collegate mira ai seguenti punti:<\/p>\n\n\n\n<ul class=\"wp-block-list\">\n<li>Ridurre le emissioni sia di inquinanti primari sia di precursori degli inquinanti secondari; <\/li>\n\n\n\n<li>Agire simultaneamente sui principali <strong>settori emissivi <\/strong>&#8211; combustione di biomasse (PM\u2081\u2080), agricoltura (NH\u2083, ammoniaca), trasporti (NO\u2093, ossidi di azoto) -; <\/li>\n\n\n\n<li>Intervenire sia su <strong>scala locale<\/strong> che su <strong>scala estesa<\/strong>, dal bacino padano al livello nazionale; <\/li>\n\n\n\n<li>Prevenire gli episodi di <strong>inquinamento acuto<\/strong> al fine di ridurre i picchi locali.<\/li>\n<\/ul>\n\n\n\n<h2 class=\"wp-block-heading\">Il percorso del Piano<\/h2>\n\n\n\n<p>Dopo l\u2019<strong>adozione della proposta di Piano<\/strong> (con delibera n. 527 del 3 aprile dello scorso anno e la pubblicazione sul Bollettino Ufficiale della Regione Emilia-Romagna del 20 aprile 2023), sono seguiti il deposito del testo e la raccolta delle osservazioni (su agricoltura e zootecnica, energia e biomasse, attivit\u00e0 produttive, misure in ambito urbano, misure emergenziali, trasporti e mobilit\u00e0, e cos\u00ec via) per 45 giorni, cio\u00e8 fino al 5 giugno 2023.<\/p>\n\n\n\n<p>Le osservazioni sono state discusse, come concordato con tutte le forze politiche, in <strong>5 sessioni di lavoro dalla Commissione Territorio, Ambiente e Mobilit\u00e0<\/strong>. Una specifica discussione, inerente agli aspetti pi\u00f9 strettamente <strong>sanitari<\/strong>, si \u00e8 tenuta in un apposito incontro della Commissione Politiche per la Salute e Politiche sociali.<\/p>\n\n\n\n<hr class=\"wp-block-separator has-text-color has-ast-global-color-0-color has-alpha-channel-opacity has-ast-global-color-0-background-color has-background is-style-wide\" \/>\n\n\n\n<p>Fonte: Regione Emilia-Romagna<\/p>\n\n\n\n<ul class=\"wp-block-list\">\n<li><a href=\"https:\/\/ambiente.regione.emilia-romagna.it\/it\/notizie\/allegati\/allegati-2024\/misure-previste-dal-piano-aria.pdf\/@@download\/file\/Misure%20previste%20dal%20Piano%20aria.pdf\" target=\"_blank\" rel=\"noreferrer noopener\">Le misure previste dal Piano aria<\/a><\/li>\n<\/ul>\n","protected":false},"excerpt":{"rendered":"<p>La Regione Emilia-Romagna il 30 gennaio 2024 ha dato il via libera al Pair 2030 &#8220;Piano aria integrato regionale&#8221; con l&#8217;obiettivo di raggiungere i livelli di qualit\u00e0 dell\u2019aria stabiliti dalle norme europee e nazionali in modo da evitare, prevenire o ridurre gli effetti nocivi dell\u2019inquinamento per la salute umana e l\u2019ambiente. Approvazione piano Il 30 [&hellip;]<\/p>\n","protected":false},"author":2,"featured_media":0,"comment_status":"closed","ping_status":"open","sticky":false,"template":"","format":"standard","meta":{"_uag_custom_page_level_css":"","site-sidebar-layout":"default","site-content-layout":"","ast-site-content-layout":"default","site-content-style":"default","site-sidebar-style":"default","ast-global-header-display":"","ast-banner-title-visibility":"","ast-main-header-display":"","ast-hfb-above-header-display":"","ast-hfb-below-header-display":"","ast-hfb-mobile-header-display":"","site-post-title":"","ast-breadcrumbs-content":"","ast-featured-img":"","footer-sml-layout":"","ast-disable-related-posts":"","theme-transparent-header-meta":"","adv-header-id-meta":"","stick-header-meta":"","header-above-stick-meta":"","header-main-stick-meta":"","header-below-stick-meta":"","astra-migrate-meta-layouts":"set","ast-page-background-enabled":"default","ast-page-background-meta":{"desktop":{"background-color":"var(--ast-global-color-4)","background-image":"","background-repeat":"repeat","background-position":"center center","background-size":"auto","background-attachment":"scroll","background-type":"","background-media":"","overlay-type":"","overlay-color":"","overlay-opacity":"","overlay-gradient":""},"tablet":{"background-color":"","background-image":"","background-repeat":"repeat","background-position":"center center","background-size":"auto","background-attachment":"scroll","background-type":"","background-media":"","overlay-type":"","overlay-color":"","overlay-opacity":"","overlay-gradient":""},"mobile":{"background-color":"","background-image":"","background-repeat":"repeat","background-position":"center center","background-size":"auto","background-attachment":"scroll","background-type":"","background-media":"","overlay-type":"","overlay-color":"","overlay-opacity":"","overlay-gradient":""}},"ast-content-background-meta":{"desktop":{"background-color":"var(--ast-global-color-5)","background-image":"","background-repeat":"repeat","background-position":"center center","background-size":"auto","background-attachment":"scroll","background-type":"","background-media":"","overlay-type":"","overlay-color":"","overlay-opacity":"","overlay-gradient":""},"tablet":{"background-color":"var(--ast-global-color-5)","background-image":"","background-repeat":"repeat","background-position":"center center","background-size":"auto","background-attachment":"scroll","background-type":"","background-media":"","overlay-type":"","overlay-color":"","overlay-opacity":"","overlay-gradient":""},"mobile":{"background-color":"var(--ast-global-color-5)","background-image":"","background-repeat":"repeat","background-position":"center center","background-size":"auto","background-attachment":"scroll","background-type":"","background-media":"","overlay-type":"","overlay-color":"","overlay-opacity":"","overlay-gradient":""}},"footnotes":""},"categories":[18,8],"tags":[78],"class_list":["post-12497","post","type-post","status-publish","format-standard","hentry","category-emilia-romagna","category-regionali","tag-aria"],"yoast_head":"<!-- This site is optimized with the Yoast SEO plugin v27.5 - https:\/\/yoast.com\/product\/yoast-seo-wordpress\/ -->\r\n<title>Emilia-Romagna, Approvato il Pair 2030 &#060; Studio Brancaleone<\/title>\r\n<meta name=\"description\" content=\"L&#039;Emilia-Romagna il 30 gennaio 2024 ha dato il via libera al Pair 2030 &quot;Piano aria integrato regionale&quot;.\" \/>\r\n<meta name=\"robots\" content=\"index, follow, max-snippet:-1, max-image-preview:large, max-video-preview:-1\" \/>\r\n<link rel=\"canonical\" href=\"https:\/\/www.studiobrancaleone.it\/news\/emilia-romagna-approvato-il-pair-2030\/\" \/>\r\n<meta property=\"og:locale\" content=\"it_IT\" \/>\r\n<meta property=\"og:type\" content=\"article\" \/>\r\n<meta property=\"og:title\" content=\"Emilia-Romagna, Approvato il Pair 2030 &#060; Studio Brancaleone\" \/>\r\n<meta property=\"og:description\" content=\"L&#039;Emilia-Romagna il 30 gennaio 2024 ha dato il via libera al Pair 2030 &quot;Piano aria integrato regionale&quot;.\" \/>\r\n<meta property=\"og:url\" content=\"https:\/\/www.studiobrancaleone.it\/news\/emilia-romagna-approvato-il-pair-2030\/\" \/>\r\n<meta property=\"og:site_name\" content=\"Studio Brancaleone\" \/>\r\n<meta property=\"article:published_time\" content=\"2024-02-01T08:00:00+00:00\" \/>\r\n<meta name=\"author\" content=\"Ivana Brancaleone\" \/>\r\n<meta name=\"twitter:card\" content=\"summary_large_image\" \/>\r\n<meta name=\"twitter:label1\" content=\"Scritto da\" \/>\n\t<meta name=\"twitter:data1\" content=\"Ivana Brancaleone\" \/>\n\t<meta name=\"twitter:label2\" content=\"Tempo di lettura stimato\" \/>\n\t<meta name=\"twitter:data2\" content=\"3 minuti\" \/>\r\n<script type=\"application\/ld+json\" class=\"yoast-schema-graph\">{\"@context\":\"https:\\\/\\\/schema.org\",\"@graph\":[{\"@type\":\"Article\",\"@id\":\"https:\\\/\\\/www.studiobrancaleone.it\\\/news\\\/emilia-romagna-approvato-il-pair-2030\\\/#article\",\"isPartOf\":{\"@id\":\"https:\\\/\\\/www.studiobrancaleone.it\\\/news\\\/emilia-romagna-approvato-il-pair-2030\\\/\"},\"author\":{\"name\":\"Ivana Brancaleone\",\"@id\":\"https:\\\/\\\/www.studiobrancaleone.it\\\/news\\\/#\\\/schema\\\/person\\\/3df132515081baef5f0ea457e1dfcf6d\"},\"headline\":\"Emilia-Romagna, Approvato il Pair 2030\",\"datePublished\":\"2024-02-01T08:00:00+00:00\",\"mainEntityOfPage\":{\"@id\":\"https:\\\/\\\/www.studiobrancaleone.it\\\/news\\\/emilia-romagna-approvato-il-pair-2030\\\/\"},\"wordCount\":467,\"publisher\":{\"@id\":\"https:\\\/\\\/www.studiobrancaleone.it\\\/news\\\/#organization\"},\"keywords\":[\"Aria\"],\"articleSection\":[\"Emilia-Romagna\",\"Regionali\"],\"inLanguage\":\"it-IT\"},{\"@type\":\"WebPage\",\"@id\":\"https:\\\/\\\/www.studiobrancaleone.it\\\/news\\\/emilia-romagna-approvato-il-pair-2030\\\/\",\"url\":\"https:\\\/\\\/www.studiobrancaleone.it\\\/news\\\/emilia-romagna-approvato-il-pair-2030\\\/\",\"name\":\"Emilia-Romagna, Approvato il Pair 2030 &#060; Studio Brancaleone\",\"isPartOf\":{\"@id\":\"https:\\\/\\\/www.studiobrancaleone.it\\\/news\\\/#website\"},\"datePublished\":\"2024-02-01T08:00:00+00:00\",\"description\":\"L'Emilia-Romagna il 30 gennaio 2024 ha dato il via libera al Pair 2030 \\\"Piano aria integrato regionale\\\".\",\"breadcrumb\":{\"@id\":\"https:\\\/\\\/www.studiobrancaleone.it\\\/news\\\/emilia-romagna-approvato-il-pair-2030\\\/#breadcrumb\"},\"inLanguage\":\"it-IT\",\"potentialAction\":[{\"@type\":\"ReadAction\",\"target\":[\"https:\\\/\\\/www.studiobrancaleone.it\\\/news\\\/emilia-romagna-approvato-il-pair-2030\\\/\"]}]},{\"@type\":\"BreadcrumbList\",\"@id\":\"https:\\\/\\\/www.studiobrancaleone.it\\\/news\\\/emilia-romagna-approvato-il-pair-2030\\\/#breadcrumb\",\"itemListElement\":[{\"@type\":\"ListItem\",\"position\":1,\"name\":\"Home\",\"item\":\"https:\\\/\\\/www.studiobrancaleone.it\\\/news\\\/\"},{\"@type\":\"ListItem\",\"position\":2,\"name\":\"Emilia-Romagna, Approvato il Pair 2030\"}]},{\"@type\":\"WebSite\",\"@id\":\"https:\\\/\\\/www.studiobrancaleone.it\\\/news\\\/#website\",\"url\":\"https:\\\/\\\/www.studiobrancaleone.it\\\/news\\\/\",\"name\":\"Studio Brancaleone\",\"description\":\"Notizie giuridiche aggiornate regolarmente\",\"publisher\":{\"@id\":\"https:\\\/\\\/www.studiobrancaleone.it\\\/news\\\/#organization\"},\"potentialAction\":[{\"@type\":\"SearchAction\",\"target\":{\"@type\":\"EntryPoint\",\"urlTemplate\":\"https:\\\/\\\/www.studiobrancaleone.it\\\/news\\\/?s={search_term_string}\"},\"query-input\":{\"@type\":\"PropertyValueSpecification\",\"valueRequired\":true,\"valueName\":\"search_term_string\"}}],\"inLanguage\":\"it-IT\"},{\"@type\":\"Organization\",\"@id\":\"https:\\\/\\\/www.studiobrancaleone.it\\\/news\\\/#organization\",\"name\":\"Studio Brancaleone\",\"url\":\"https:\\\/\\\/www.studiobrancaleone.it\\\/news\\\/\",\"logo\":{\"@type\":\"ImageObject\",\"inLanguage\":\"it-IT\",\"@id\":\"https:\\\/\\\/www.studiobrancaleone.it\\\/news\\\/#\\\/schema\\\/logo\\\/image\\\/\",\"url\":\"https:\\\/\\\/www.studiobrancaleone.it\\\/news\\\/wp-content\\\/uploads\\\/2025\\\/02\\\/Testata-sito-scaled.webp\",\"contentUrl\":\"https:\\\/\\\/www.studiobrancaleone.it\\\/news\\\/wp-content\\\/uploads\\\/2025\\\/02\\\/Testata-sito-scaled.webp\",\"width\":2560,\"height\":481,\"caption\":\"Studio Brancaleone\"},\"image\":{\"@id\":\"https:\\\/\\\/www.studiobrancaleone.it\\\/news\\\/#\\\/schema\\\/logo\\\/image\\\/\"}},{\"@type\":\"Person\",\"@id\":\"https:\\\/\\\/www.studiobrancaleone.it\\\/news\\\/#\\\/schema\\\/person\\\/3df132515081baef5f0ea457e1dfcf6d\",\"name\":\"Ivana Brancaleone\",\"image\":{\"@type\":\"ImageObject\",\"inLanguage\":\"it-IT\",\"@id\":\"https:\\\/\\\/secure.gravatar.com\\\/avatar\\\/9f6d2be41a5115d34c5114a0a78ade583fa3a3bd63a144dfc88c9da356eca16c?s=96&d=mm&r=g\",\"url\":\"https:\\\/\\\/secure.gravatar.com\\\/avatar\\\/9f6d2be41a5115d34c5114a0a78ade583fa3a3bd63a144dfc88c9da356eca16c?s=96&d=mm&r=g\",\"contentUrl\":\"https:\\\/\\\/secure.gravatar.com\\\/avatar\\\/9f6d2be41a5115d34c5114a0a78ade583fa3a3bd63a144dfc88c9da356eca16c?s=96&d=mm&r=g\",\"caption\":\"Ivana Brancaleone\"},\"url\":\"https:\\\/\\\/www.studiobrancaleone.it\\\/news\\\/author\\\/ivanbra\\\/\"}]}<\/script>\r\n<!-- \/ Yoast SEO plugin. -->","yoast_head_json":{"title":"Emilia-Romagna, Approvato il Pair 2030 &#060; Studio Brancaleone","description":"L'Emilia-Romagna il 30 gennaio 2024 ha dato il via libera al Pair 2030 \"Piano aria integrato regionale\".","robots":{"index":"index","follow":"follow","max-snippet":"max-snippet:-1","max-image-preview":"max-image-preview:large","max-video-preview":"max-video-preview:-1"},"canonical":"https:\/\/www.studiobrancaleone.it\/news\/emilia-romagna-approvato-il-pair-2030\/","og_locale":"it_IT","og_type":"article","og_title":"Emilia-Romagna, Approvato il Pair 2030 &#060; Studio Brancaleone","og_description":"L'Emilia-Romagna il 30 gennaio 2024 ha dato il via libera al Pair 2030 \"Piano aria integrato regionale\".","og_url":"https:\/\/www.studiobrancaleone.it\/news\/emilia-romagna-approvato-il-pair-2030\/","og_site_name":"Studio Brancaleone","article_published_time":"2024-02-01T08:00:00+00:00","author":"Ivana Brancaleone","twitter_card":"summary_large_image","twitter_misc":{"Scritto da":"Ivana Brancaleone","Tempo di lettura stimato":"3 minuti"},"schema":{"@context":"https:\/\/schema.org","@graph":[{"@type":"Article","@id":"https:\/\/www.studiobrancaleone.it\/news\/emilia-romagna-approvato-il-pair-2030\/#article","isPartOf":{"@id":"https:\/\/www.studiobrancaleone.it\/news\/emilia-romagna-approvato-il-pair-2030\/"},"author":{"name":"Ivana Brancaleone","@id":"https:\/\/www.studiobrancaleone.it\/news\/#\/schema\/person\/3df132515081baef5f0ea457e1dfcf6d"},"headline":"Emilia-Romagna, Approvato il Pair 2030","datePublished":"2024-02-01T08:00:00+00:00","mainEntityOfPage":{"@id":"https:\/\/www.studiobrancaleone.it\/news\/emilia-romagna-approvato-il-pair-2030\/"},"wordCount":467,"publisher":{"@id":"https:\/\/www.studiobrancaleone.it\/news\/#organization"},"keywords":["Aria"],"articleSection":["Emilia-Romagna","Regionali"],"inLanguage":"it-IT"},{"@type":"WebPage","@id":"https:\/\/www.studiobrancaleone.it\/news\/emilia-romagna-approvato-il-pair-2030\/","url":"https:\/\/www.studiobrancaleone.it\/news\/emilia-romagna-approvato-il-pair-2030\/","name":"Emilia-Romagna, Approvato il Pair 2030 &#060; Studio Brancaleone","isPartOf":{"@id":"https:\/\/www.studiobrancaleone.it\/news\/#website"},"datePublished":"2024-02-01T08:00:00+00:00","description":"L'Emilia-Romagna il 30 gennaio 2024 ha dato il via libera al Pair 2030 \"Piano aria integrato regionale\".","breadcrumb":{"@id":"https:\/\/www.studiobrancaleone.it\/news\/emilia-romagna-approvato-il-pair-2030\/#breadcrumb"},"inLanguage":"it-IT","potentialAction":[{"@type":"ReadAction","target":["https:\/\/www.studiobrancaleone.it\/news\/emilia-romagna-approvato-il-pair-2030\/"]}]},{"@type":"BreadcrumbList","@id":"https:\/\/www.studiobrancaleone.it\/news\/emilia-romagna-approvato-il-pair-2030\/#breadcrumb","itemListElement":[{"@type":"ListItem","position":1,"name":"Home","item":"https:\/\/www.studiobrancaleone.it\/news\/"},{"@type":"ListItem","position":2,"name":"Emilia-Romagna, Approvato il Pair 2030"}]},{"@type":"WebSite","@id":"https:\/\/www.studiobrancaleone.it\/news\/#website","url":"https:\/\/www.studiobrancaleone.it\/news\/","name":"Studio Brancaleone","description":"Notizie giuridiche aggiornate regolarmente","publisher":{"@id":"https:\/\/www.studiobrancaleone.it\/news\/#organization"},"potentialAction":[{"@type":"SearchAction","target":{"@type":"EntryPoint","urlTemplate":"https:\/\/www.studiobrancaleone.it\/news\/?s={search_term_string}"},"query-input":{"@type":"PropertyValueSpecification","valueRequired":true,"valueName":"search_term_string"}}],"inLanguage":"it-IT"},{"@type":"Organization","@id":"https:\/\/www.studiobrancaleone.it\/news\/#organization","name":"Studio Brancaleone","url":"https:\/\/www.studiobrancaleone.it\/news\/","logo":{"@type":"ImageObject","inLanguage":"it-IT","@id":"https:\/\/www.studiobrancaleone.it\/news\/#\/schema\/logo\/image\/","url":"https:\/\/www.studiobrancaleone.it\/news\/wp-content\/uploads\/2025\/02\/Testata-sito-scaled.webp","contentUrl":"https:\/\/www.studiobrancaleone.it\/news\/wp-content\/uploads\/2025\/02\/Testata-sito-scaled.webp","width":2560,"height":481,"caption":"Studio Brancaleone"},"image":{"@id":"https:\/\/www.studiobrancaleone.it\/news\/#\/schema\/logo\/image\/"}},{"@type":"Person","@id":"https:\/\/www.studiobrancaleone.it\/news\/#\/schema\/person\/3df132515081baef5f0ea457e1dfcf6d","name":"Ivana Brancaleone","image":{"@type":"ImageObject","inLanguage":"it-IT","@id":"https:\/\/secure.gravatar.com\/avatar\/9f6d2be41a5115d34c5114a0a78ade583fa3a3bd63a144dfc88c9da356eca16c?s=96&d=mm&r=g","url":"https:\/\/secure.gravatar.com\/avatar\/9f6d2be41a5115d34c5114a0a78ade583fa3a3bd63a144dfc88c9da356eca16c?s=96&d=mm&r=g","contentUrl":"https:\/\/secure.gravatar.com\/avatar\/9f6d2be41a5115d34c5114a0a78ade583fa3a3bd63a144dfc88c9da356eca16c?s=96&d=mm&r=g","caption":"Ivana Brancaleone"},"url":"https:\/\/www.studiobrancaleone.it\/news\/author\/ivanbra\/"}]}},"uagb_featured_image_src":{"full":false,"thumbnail":false,"medium":false,"medium_large":false,"large":false,"1536x1536":false,"2048x2048":false},"uagb_author_info":{"display_name":"Ivana Brancaleone","author_link":"https:\/\/www.studiobrancaleone.it\/news\/author\/ivanbra\/"},"uagb_comment_info":0,"uagb_excerpt":"La Regione Emilia-Romagna il 30 gennaio 2024 ha dato il via libera al Pair 2030 &#8220;Piano aria integrato regionale&#8221; con l&#8217;obiettivo di raggiungere i livelli di qualit\u00e0 dell\u2019aria stabiliti dalle norme europee e nazionali in modo da evitare, prevenire o ridurre gli effetti nocivi dell\u2019inquinamento per la salute umana e l\u2019ambiente. Approvazione piano Il 30&hellip;","_links":{"self":[{"href":"https:\/\/www.studiobrancaleone.it\/news\/wp-json\/wp\/v2\/posts\/12497","targetHints":{"allow":["GET"]}}],"collection":[{"href":"https:\/\/www.studiobrancaleone.it\/news\/wp-json\/wp\/v2\/posts"}],"about":[{"href":"https:\/\/www.studiobrancaleone.it\/news\/wp-json\/wp\/v2\/types\/post"}],"author":[{"embeddable":true,"href":"https:\/\/www.studiobrancaleone.it\/news\/wp-json\/wp\/v2\/users\/2"}],"replies":[{"embeddable":true,"href":"https:\/\/www.studiobrancaleone.it\/news\/wp-json\/wp\/v2\/comments?post=12497"}],"version-history":[{"count":0,"href":"https:\/\/www.studiobrancaleone.it\/news\/wp-json\/wp\/v2\/posts\/12497\/revisions"}],"wp:attachment":[{"href":"https:\/\/www.studiobrancaleone.it\/news\/wp-json\/wp\/v2\/media?parent=12497"}],"wp:term":[{"taxonomy":"category","embeddable":true,"href":"https:\/\/www.studiobrancaleone.it\/news\/wp-json\/wp\/v2\/categories?post=12497"},{"taxonomy":"post_tag","embeddable":true,"href":"https:\/\/www.studiobrancaleone.it\/news\/wp-json\/wp\/v2\/tags?post=12497"}],"curies":[{"name":"wp","href":"https:\/\/api.w.org\/{rel}","templated":true}]}}