{"id":13135,"date":"2024-04-02T08:45:00","date_gmt":"2024-04-02T06:45:00","guid":{"rendered":"https:\/\/www.studiobrancaleone.it\/news\/?p=13135"},"modified":"2024-06-06T18:29:15","modified_gmt":"2024-06-06T16:29:15","slug":"marche-criteri-individuazione-aree-impianti-fotovoltaici","status":"publish","type":"post","link":"https:\/\/www.studiobrancaleone.it\/news\/marche-criteri-individuazione-aree-impianti-fotovoltaici\/","title":{"rendered":"Marche, criteri individuazione aree impianti fotovoltaici"},"content":{"rendered":"\n<p>La regione Marche, con <strong>Legge n. 4\/2024<\/strong>, individua aree con<strong> indicatori di presunta non idoneit\u00e0<\/strong>, nonch\u00e9 aree con <strong>indicatori di idoneit\u00e0<\/strong> alla realizzazione di <strong>impianti fotovoltaici<\/strong>.<\/p>\n\n\n\t\t\t\t<div class=\"wp-block-uagb-table-of-contents uagb-toc__align-left uagb-toc__columns-1  uagb-block-6362d978      \"\n\t\t\t\t\tdata-scroll= \"1\"\n\t\t\t\t\tdata-offset= \"30\"\n\t\t\t\t\tstyle=\"\"\n\t\t\t\t>\n\t\t\t\t<div class=\"uagb-toc__wrap\">\n\t\t\t\t\t\t<div class=\"uagb-toc__title\">\n\t\t\t\t\t\t\tSommario\t\t\t\t\t\t<\/div>\n\t\t\t\t\t\t\t\t\t\t\t\t\t\t\t\t\t\t\t\t\t\t<div class=\"uagb-toc__list-wrap \">\n\t\t\t\t\t\t<ol class=\"uagb-toc__list\"><li class=\"uagb-toc__list\"><a href=\"#sintesi\" class=\"uagb-toc-link__trigger\">Sintesi<\/a><li class=\"uagb-toc__list\"><a href=\"#aree-non-idonee\" class=\"uagb-toc-link__trigger\">Aree non idonee<\/a><li class=\"uagb-toc__list\"><a href=\"#aree-idonee\" class=\"uagb-toc-link__trigger\">Aree idonee<\/a><li class=\"uagb-toc__list\"><a href=\"#aggiornamento\" class=\"uagb-toc-link__trigger\">Aggiornamento<\/a><li class=\"uagb-toc__list\"><a href=\"#testo\" class=\"uagb-toc-link__trigger\">Testo<\/a><ul class=\"uagb-toc__list\"><li class=\"uagb-toc__list\"><a href=\"#legge-regionale-21-marzo-2024-n-4\" class=\"uagb-toc-link__trigger\">Legge Regionale 21 marzo 2024, n. 4<\/a><\/ul><\/ol>\t\t\t\t\t<\/div>\n\t\t\t\t\t\t\t\t\t<\/div>\n\t\t\t\t<\/div>\n\t\t\t\n\n\n<h2 class=\"wp-block-heading\">Sintesi<\/h2>\n\n\n\n<p>La legge, in <strong>vigore dal 29 marzo 2024<\/strong>, si \u00e8 resa necessaria per definire una valida disciplina autorizzatoria per le richieste di concessione alla realizzazione di impianti fotovoltaici &#8211; <strong>nelle more della individuazione delle \u201caree idonee<\/strong>\u201d, cos\u00ec come prevista dall\u2019art. 20 del Dlgs n. 199\/2021 &#8211; e <strong>si applica agli impianti fotovoltaici, agrivoltaici e flottanti o galleggianti<\/strong>. <\/p>\n\n\n\n<p>L&#8217;<strong>individuazione delle aree<\/strong>, al fine di preservare il suolo agricolo, \u00e8 effettuata attraverso un <strong>contemperamento degli interessi<\/strong> coinvolti dalla realizzazione degli impianti con i valori della&nbsp;tutela dell&#8217;ambiente, del&nbsp;paesaggio, del&nbsp;patrimonio storico-artistico, delle&nbsp;tradizioni agroalimentari&nbsp;locali e della&nbsp;biodiversit\u00e0.<\/p>\n\n\n\n<p>Gli <strong>Enti competenti valuteranno le istanze di insediamento di impianti fotovoltaici<\/strong> con riferimento alla tipologia degli stessi impianti, alle soluzioni progettuali proposte, ai limiti di potenza, alle scelte di localizzazione, anche in funzione del conseguimento degli obiettivi di produzione di energia da fonti rinnovabili come definiti nel PNIEC e nella normativa pianificatoria vincolante dell\u2019Unione europea e statale in materia di energia.<\/p>\n\n\n\n<h2 class=\"wp-block-heading\">Aree non idonee<\/h2>\n\n\n\n<p>L&#8217;articolo 2 individua le aree presunte non idonee, tra cui:<\/p>\n\n\n\n<ul class=\"wp-block-list\">\n<li>i&nbsp;siti&nbsp;inseriti nella lista del patrimonio mondiale dell&#8217;UNESCO&nbsp;e relative fasce di rispetto (buffer zone);<\/li>\n\n\n\n<li>le aree, immobili e beni di notevole&nbsp;interesse culturale;<\/li>\n\n\n\n<li>aree ed immobili dichiarati di notevole interesse pubblico;<\/li>\n\n\n\n<li>zone situate in prossimit\u00e0 di parchi archeologici, di aree soggette a scavi archeologici e nelle aree contermini ad emergenze di particolare interesse culturale, storico e\/o religioso;<\/li>\n\n\n\n<li>aree naturali protette ai diversi livelli (nazionale, regionale, locale) e inserite nell\u2019elenco delle aree naturali protette (ad esclusione di impianti con determinate potenze);<\/li>\n\n\n\n<li>le aree importanti per&nbsp;uccelli e biodiversit\u00e0 (ad esclusione di impianti con determinate potenze);<\/li>\n\n\n\n<li>le aree agricole interessate da produzioni agricolo-alimentari di qualit\u00e0 (produzioni biologiche, produzioni&nbsp;D.O.P.,&nbsp;I.G.P., S.T.G., D.O.C., D.O.C.G., DE.CO e produzioni tradizionali);<\/li>\n\n\n\n<li>le aree indicate dal Piano Paesistico Ambientale Regionale (PPAR);<\/li>\n\n\n\n<li>le aree incluse nella&nbsp;Rete Natura 2000 (ad esclusione di impianti con determinate potenze).<\/li>\n<\/ul>\n\n\n\n<h2 class=\"wp-block-heading\">Aree idonee<\/h2>\n\n\n\n<p>L&#8217;articolo 4, invece individua le aree dotate di indicatori di idoneit\u00e0:<\/p>\n\n\n\n<ul class=\"wp-block-list\">\n<li>le aree a destinazione&nbsp;industriale,&nbsp;artigianale, per servizi e logistica, incluse quelle dismesse;<\/li>\n\n\n\n<li>i&nbsp;terreni agricoli abbandonati&nbsp;o&nbsp;incolti, che non siano stati destinati a uso produttivo da almeno dieci annate agrarie;<\/li>\n\n\n\n<li>le superfici di tutte le strutture edificate, compresi capannoni industriali e parcheggi;<\/li>\n\n\n\n<li>le aree interessate da&nbsp;discariche, miniere e cave;<\/li>\n\n\n\n<li>le aree gi\u00e0 interessate da processi di&nbsp;urbanizzazione&nbsp;o dalla realizzazione di opere pubbliche o di attrezzature o impianti di interesse pubblico;<\/li>\n\n\n\n<li>i siti ove sono gi\u00e0 installati impianti della stessa tipologia (a determinate condizioni).<\/li>\n<\/ul>\n\n\n\n<h2 class=\"wp-block-heading\">Aggiornamento<\/h2>\n\n\n\n<p>La legge \u00e8 stata modificata dalla <a href=\"https:\/\/www.studiobrancaleone.it\/news\/marche-modifica-norme-transitorie-impianti-fotovoltaici\/\"><strong>Legge Regionale 22 maggio 2024, n. 11<\/strong><\/a>, tra cui l&#8217;<strong>articolo 2<\/strong> recante l&#8217;Individuazione degli<strong> indicatori di presuntiva non idoneit\u00e0<\/strong> delle aree utilizzabili ai fini della realizzazione di impianti e l&#8217;<strong>articolo 4<\/strong> sulle aree con indicatori di <strong>idoneit\u00e0<\/strong>.<\/p>\n\n\n\n<hr class=\"wp-block-separator has-text-color has-ast-global-color-0-color has-alpha-channel-opacity has-ast-global-color-0-background-color has-background is-style-wide\"\/>\n\n\n\n<h2 class=\"wp-block-heading\">Testo<\/h2>\n\n\n\n<h4 class=\"wp-block-heading\"><a href=\"https:\/\/www.studiobrancaleone.it\/lex\/marche-lr-21-03-2024-n-4.pdf\" target=\"_blank\" rel=\"noreferrer noopener\">Legge Regionale 21 marzo 2024, n. 4<\/a><\/h4>\n\n\n\n<p><em>Norme transitorie in materia di realizzazione di impianti fotovoltaici in attuazione degli articoli 9, terzo comma, 41, secondo comma, e 117, terzo comma, della Costituzione.<\/em><\/p>\n","protected":false},"excerpt":{"rendered":"<p>La regione Marche, con Legge n. 4\/2024, individua aree con indicatori di presunta non idoneit\u00e0, nonch\u00e9 aree con indicatori di idoneit\u00e0 alla realizzazione di impianti fotovoltaici. Sintesi La legge, in vigore dal 29 marzo 2024, si \u00e8 resa necessaria per definire una valida disciplina autorizzatoria per le richieste di concessione alla realizzazione di impianti fotovoltaici [&hellip;]<\/p>\n","protected":false},"author":1,"featured_media":0,"comment_status":"closed","ping_status":"open","sticky":false,"template":"","format":"standard","meta":{"_uag_custom_page_level_css":"","site-sidebar-layout":"default","site-content-layout":"","ast-site-content-layout":"default","site-content-style":"default","site-sidebar-style":"default","ast-global-header-display":"","ast-banner-title-visibility":"","ast-main-header-display":"","ast-hfb-above-header-display":"","ast-hfb-below-header-display":"","ast-hfb-mobile-header-display":"","site-post-title":"","ast-breadcrumbs-content":"","ast-featured-img":"","footer-sml-layout":"","ast-disable-related-posts":"","theme-transparent-header-meta":"","adv-header-id-meta":"","stick-header-meta":"","header-above-stick-meta":"","header-main-stick-meta":"","header-below-stick-meta":"","astra-migrate-meta-layouts":"set","ast-page-background-enabled":"default","ast-page-background-meta":{"desktop":{"background-color":"var(--ast-global-color-4)","background-image":"","background-repeat":"repeat","background-position":"center center","background-size":"auto","background-attachment":"scroll","background-type":"","background-media":"","overlay-type":"","overlay-color":"","overlay-opacity":"","overlay-gradient":""},"tablet":{"background-color":"","background-image":"","background-repeat":"repeat","background-position":"center center","background-size":"auto","background-attachment":"scroll","background-type":"","background-media":"","overlay-type":"","overlay-color":"","overlay-opacity":"","overlay-gradient":""},"mobile":{"background-color":"","background-image":"","background-repeat":"repeat","background-position":"center center","background-size":"auto","background-attachment":"scroll","background-type":"","background-media":"","overlay-type":"","overlay-color":"","overlay-opacity":"","overlay-gradient":""}},"ast-content-background-meta":{"desktop":{"background-color":"var(--ast-global-color-5)","background-image":"","background-repeat":"repeat","background-position":"center center","background-size":"auto","background-attachment":"scroll","background-type":"","background-media":"","overlay-type":"","overlay-color":"","overlay-opacity":"","overlay-gradient":""},"tablet":{"background-color":"var(--ast-global-color-5)","background-image":"","background-repeat":"repeat","background-position":"center center","background-size":"auto","background-attachment":"scroll","background-type":"","background-media":"","overlay-type":"","overlay-color":"","overlay-opacity":"","overlay-gradient":""},"mobile":{"background-color":"var(--ast-global-color-5)","background-image":"","background-repeat":"repeat","background-position":"center center","background-size":"auto","background-attachment":"scroll","background-type":"","background-media":"","overlay-type":"","overlay-color":"","overlay-opacity":"","overlay-gradient":""}},"footnotes":""},"categories":[141,8],"tags":[104],"class_list":["post-13135","post","type-post","status-publish","format-standard","hentry","category-marche","category-regionali","tag-energia"],"yoast_head":"<!-- This site is optimized with the Yoast SEO plugin v27.5 - https:\/\/yoast.com\/product\/yoast-seo-wordpress\/ -->\r\n<title>Marche, criteri individuazione aree impianti fotovoltaici &#060; Studio Brancaleone<\/title>\r\n<meta name=\"description\" content=\"La regione Marche, con Legge n. 4\/2024, individua aree con indicatori di presunta non idoneit\u00e0, nonch\u00e9 aree con indicatori di idoneit\u00e0 alla realizzazione di impianti fotovoltaici.\" \/>\r\n<meta name=\"robots\" content=\"index, follow, max-snippet:-1, max-image-preview:large, max-video-preview:-1\" \/>\r\n<link rel=\"canonical\" href=\"https:\/\/www.studiobrancaleone.it\/news\/marche-criteri-individuazione-aree-impianti-fotovoltaici\/\" \/>\r\n<meta property=\"og:locale\" content=\"it_IT\" \/>\r\n<meta property=\"og:type\" content=\"article\" \/>\r\n<meta property=\"og:title\" content=\"Marche, criteri individuazione aree impianti fotovoltaici &#060; Studio Brancaleone\" \/>\r\n<meta property=\"og:description\" content=\"La regione Marche, con Legge n. 4\/2024, individua aree con indicatori di presunta non idoneit\u00e0, nonch\u00e9 aree con indicatori di idoneit\u00e0 alla realizzazione di impianti fotovoltaici.\" \/>\r\n<meta property=\"og:url\" content=\"https:\/\/www.studiobrancaleone.it\/news\/marche-criteri-individuazione-aree-impianti-fotovoltaici\/\" \/>\r\n<meta property=\"og:site_name\" content=\"Studio Brancaleone\" \/>\r\n<meta property=\"article:published_time\" content=\"2024-04-02T06:45:00+00:00\" \/>\r\n<meta property=\"article:modified_time\" content=\"2024-06-06T16:29:15+00:00\" \/>\r\n<meta name=\"author\" content=\"Giorgio Ferrari\" \/>\r\n<meta name=\"twitter:card\" content=\"summary_large_image\" \/>\r\n<meta name=\"twitter:label1\" content=\"Scritto da\" \/>\n\t<meta name=\"twitter:data1\" content=\"Giorgio Ferrari\" \/>\n\t<meta name=\"twitter:label2\" content=\"Tempo di lettura stimato\" \/>\n\t<meta name=\"twitter:data2\" content=\"3 minuti\" \/>\r\n<script type=\"application\/ld+json\" class=\"yoast-schema-graph\">{\"@context\":\"https:\\\/\\\/schema.org\",\"@graph\":[{\"@type\":\"Article\",\"@id\":\"https:\\\/\\\/www.studiobrancaleone.it\\\/news\\\/marche-criteri-individuazione-aree-impianti-fotovoltaici\\\/#article\",\"isPartOf\":{\"@id\":\"https:\\\/\\\/www.studiobrancaleone.it\\\/news\\\/marche-criteri-individuazione-aree-impianti-fotovoltaici\\\/\"},\"author\":{\"name\":\"Giorgio Ferrari\",\"@id\":\"https:\\\/\\\/www.studiobrancaleone.it\\\/news\\\/#\\\/schema\\\/person\\\/da5920864810e22fb65389a0a5cff7e3\"},\"headline\":\"Marche, criteri individuazione aree impianti fotovoltaici\",\"datePublished\":\"2024-04-02T06:45:00+00:00\",\"dateModified\":\"2024-06-06T16:29:15+00:00\",\"mainEntityOfPage\":{\"@id\":\"https:\\\/\\\/www.studiobrancaleone.it\\\/news\\\/marche-criteri-individuazione-aree-impianti-fotovoltaici\\\/\"},\"wordCount\":545,\"publisher\":{\"@id\":\"https:\\\/\\\/www.studiobrancaleone.it\\\/news\\\/#organization\"},\"keywords\":[\"Energia\"],\"articleSection\":[\"Marche\",\"Regionali\"],\"inLanguage\":\"it-IT\"},{\"@type\":\"WebPage\",\"@id\":\"https:\\\/\\\/www.studiobrancaleone.it\\\/news\\\/marche-criteri-individuazione-aree-impianti-fotovoltaici\\\/\",\"url\":\"https:\\\/\\\/www.studiobrancaleone.it\\\/news\\\/marche-criteri-individuazione-aree-impianti-fotovoltaici\\\/\",\"name\":\"Marche, criteri individuazione aree impianti fotovoltaici &#060; Studio Brancaleone\",\"isPartOf\":{\"@id\":\"https:\\\/\\\/www.studiobrancaleone.it\\\/news\\\/#website\"},\"datePublished\":\"2024-04-02T06:45:00+00:00\",\"dateModified\":\"2024-06-06T16:29:15+00:00\",\"description\":\"La regione Marche, con Legge n. 4\\\/2024, individua aree con indicatori di presunta non idoneit\u00e0, nonch\u00e9 aree con indicatori di idoneit\u00e0 alla realizzazione di impianti fotovoltaici.\",\"breadcrumb\":{\"@id\":\"https:\\\/\\\/www.studiobrancaleone.it\\\/news\\\/marche-criteri-individuazione-aree-impianti-fotovoltaici\\\/#breadcrumb\"},\"inLanguage\":\"it-IT\",\"potentialAction\":[{\"@type\":\"ReadAction\",\"target\":[\"https:\\\/\\\/www.studiobrancaleone.it\\\/news\\\/marche-criteri-individuazione-aree-impianti-fotovoltaici\\\/\"]}]},{\"@type\":\"BreadcrumbList\",\"@id\":\"https:\\\/\\\/www.studiobrancaleone.it\\\/news\\\/marche-criteri-individuazione-aree-impianti-fotovoltaici\\\/#breadcrumb\",\"itemListElement\":[{\"@type\":\"ListItem\",\"position\":1,\"name\":\"Home\",\"item\":\"https:\\\/\\\/www.studiobrancaleone.it\\\/news\\\/\"},{\"@type\":\"ListItem\",\"position\":2,\"name\":\"Marche, criteri individuazione aree impianti fotovoltaici\"}]},{\"@type\":\"WebSite\",\"@id\":\"https:\\\/\\\/www.studiobrancaleone.it\\\/news\\\/#website\",\"url\":\"https:\\\/\\\/www.studiobrancaleone.it\\\/news\\\/\",\"name\":\"Studio Brancaleone\",\"description\":\"Notizie giuridiche aggiornate regolarmente\",\"publisher\":{\"@id\":\"https:\\\/\\\/www.studiobrancaleone.it\\\/news\\\/#organization\"},\"potentialAction\":[{\"@type\":\"SearchAction\",\"target\":{\"@type\":\"EntryPoint\",\"urlTemplate\":\"https:\\\/\\\/www.studiobrancaleone.it\\\/news\\\/?s={search_term_string}\"},\"query-input\":{\"@type\":\"PropertyValueSpecification\",\"valueRequired\":true,\"valueName\":\"search_term_string\"}}],\"inLanguage\":\"it-IT\"},{\"@type\":\"Organization\",\"@id\":\"https:\\\/\\\/www.studiobrancaleone.it\\\/news\\\/#organization\",\"name\":\"Studio Brancaleone\",\"url\":\"https:\\\/\\\/www.studiobrancaleone.it\\\/news\\\/\",\"logo\":{\"@type\":\"ImageObject\",\"inLanguage\":\"it-IT\",\"@id\":\"https:\\\/\\\/www.studiobrancaleone.it\\\/news\\\/#\\\/schema\\\/logo\\\/image\\\/\",\"url\":\"https:\\\/\\\/www.studiobrancaleone.it\\\/news\\\/wp-content\\\/uploads\\\/2025\\\/02\\\/Testata-sito-scaled.webp\",\"contentUrl\":\"https:\\\/\\\/www.studiobrancaleone.it\\\/news\\\/wp-content\\\/uploads\\\/2025\\\/02\\\/Testata-sito-scaled.webp\",\"width\":2560,\"height\":481,\"caption\":\"Studio Brancaleone\"},\"image\":{\"@id\":\"https:\\\/\\\/www.studiobrancaleone.it\\\/news\\\/#\\\/schema\\\/logo\\\/image\\\/\"}},{\"@type\":\"Person\",\"@id\":\"https:\\\/\\\/www.studiobrancaleone.it\\\/news\\\/#\\\/schema\\\/person\\\/da5920864810e22fb65389a0a5cff7e3\",\"name\":\"Giorgio Ferrari\",\"image\":{\"@type\":\"ImageObject\",\"inLanguage\":\"it-IT\",\"@id\":\"https:\\\/\\\/secure.gravatar.com\\\/avatar\\\/e5a8c666e3c03788ccd80843664b7c6eb2fb548eb37bb5cd6598134bf5d56ae1?s=96&d=mm&r=g\",\"url\":\"https:\\\/\\\/secure.gravatar.com\\\/avatar\\\/e5a8c666e3c03788ccd80843664b7c6eb2fb548eb37bb5cd6598134bf5d56ae1?s=96&d=mm&r=g\",\"contentUrl\":\"https:\\\/\\\/secure.gravatar.com\\\/avatar\\\/e5a8c666e3c03788ccd80843664b7c6eb2fb548eb37bb5cd6598134bf5d56ae1?s=96&d=mm&r=g\",\"caption\":\"Giorgio Ferrari\"},\"sameAs\":[\"https:\\\/\\\/www.studiobrancaleone.it\\\/news\"],\"url\":\"https:\\\/\\\/www.studiobrancaleone.it\\\/news\\\/author\\\/giorfer\\\/\"}]}<\/script>\r\n<!-- \/ Yoast SEO plugin. -->","yoast_head_json":{"title":"Marche, criteri individuazione aree impianti fotovoltaici &#060; Studio Brancaleone","description":"La regione Marche, con Legge n. 4\/2024, individua aree con indicatori di presunta non idoneit\u00e0, nonch\u00e9 aree con indicatori di idoneit\u00e0 alla realizzazione di impianti fotovoltaici.","robots":{"index":"index","follow":"follow","max-snippet":"max-snippet:-1","max-image-preview":"max-image-preview:large","max-video-preview":"max-video-preview:-1"},"canonical":"https:\/\/www.studiobrancaleone.it\/news\/marche-criteri-individuazione-aree-impianti-fotovoltaici\/","og_locale":"it_IT","og_type":"article","og_title":"Marche, criteri individuazione aree impianti fotovoltaici &#060; Studio Brancaleone","og_description":"La regione Marche, con Legge n. 4\/2024, individua aree con indicatori di presunta non idoneit\u00e0, nonch\u00e9 aree con indicatori di idoneit\u00e0 alla realizzazione di impianti fotovoltaici.","og_url":"https:\/\/www.studiobrancaleone.it\/news\/marche-criteri-individuazione-aree-impianti-fotovoltaici\/","og_site_name":"Studio Brancaleone","article_published_time":"2024-04-02T06:45:00+00:00","article_modified_time":"2024-06-06T16:29:15+00:00","author":"Giorgio Ferrari","twitter_card":"summary_large_image","twitter_misc":{"Scritto da":"Giorgio Ferrari","Tempo di lettura stimato":"3 minuti"},"schema":{"@context":"https:\/\/schema.org","@graph":[{"@type":"Article","@id":"https:\/\/www.studiobrancaleone.it\/news\/marche-criteri-individuazione-aree-impianti-fotovoltaici\/#article","isPartOf":{"@id":"https:\/\/www.studiobrancaleone.it\/news\/marche-criteri-individuazione-aree-impianti-fotovoltaici\/"},"author":{"name":"Giorgio Ferrari","@id":"https:\/\/www.studiobrancaleone.it\/news\/#\/schema\/person\/da5920864810e22fb65389a0a5cff7e3"},"headline":"Marche, criteri individuazione aree impianti fotovoltaici","datePublished":"2024-04-02T06:45:00+00:00","dateModified":"2024-06-06T16:29:15+00:00","mainEntityOfPage":{"@id":"https:\/\/www.studiobrancaleone.it\/news\/marche-criteri-individuazione-aree-impianti-fotovoltaici\/"},"wordCount":545,"publisher":{"@id":"https:\/\/www.studiobrancaleone.it\/news\/#organization"},"keywords":["Energia"],"articleSection":["Marche","Regionali"],"inLanguage":"it-IT"},{"@type":"WebPage","@id":"https:\/\/www.studiobrancaleone.it\/news\/marche-criteri-individuazione-aree-impianti-fotovoltaici\/","url":"https:\/\/www.studiobrancaleone.it\/news\/marche-criteri-individuazione-aree-impianti-fotovoltaici\/","name":"Marche, criteri individuazione aree impianti fotovoltaici &#060; Studio Brancaleone","isPartOf":{"@id":"https:\/\/www.studiobrancaleone.it\/news\/#website"},"datePublished":"2024-04-02T06:45:00+00:00","dateModified":"2024-06-06T16:29:15+00:00","description":"La regione Marche, con Legge n. 4\/2024, individua aree con indicatori di presunta non idoneit\u00e0, nonch\u00e9 aree con indicatori di idoneit\u00e0 alla realizzazione di impianti fotovoltaici.","breadcrumb":{"@id":"https:\/\/www.studiobrancaleone.it\/news\/marche-criteri-individuazione-aree-impianti-fotovoltaici\/#breadcrumb"},"inLanguage":"it-IT","potentialAction":[{"@type":"ReadAction","target":["https:\/\/www.studiobrancaleone.it\/news\/marche-criteri-individuazione-aree-impianti-fotovoltaici\/"]}]},{"@type":"BreadcrumbList","@id":"https:\/\/www.studiobrancaleone.it\/news\/marche-criteri-individuazione-aree-impianti-fotovoltaici\/#breadcrumb","itemListElement":[{"@type":"ListItem","position":1,"name":"Home","item":"https:\/\/www.studiobrancaleone.it\/news\/"},{"@type":"ListItem","position":2,"name":"Marche, criteri individuazione aree impianti fotovoltaici"}]},{"@type":"WebSite","@id":"https:\/\/www.studiobrancaleone.it\/news\/#website","url":"https:\/\/www.studiobrancaleone.it\/news\/","name":"Studio Brancaleone","description":"Notizie giuridiche aggiornate regolarmente","publisher":{"@id":"https:\/\/www.studiobrancaleone.it\/news\/#organization"},"potentialAction":[{"@type":"SearchAction","target":{"@type":"EntryPoint","urlTemplate":"https:\/\/www.studiobrancaleone.it\/news\/?s={search_term_string}"},"query-input":{"@type":"PropertyValueSpecification","valueRequired":true,"valueName":"search_term_string"}}],"inLanguage":"it-IT"},{"@type":"Organization","@id":"https:\/\/www.studiobrancaleone.it\/news\/#organization","name":"Studio Brancaleone","url":"https:\/\/www.studiobrancaleone.it\/news\/","logo":{"@type":"ImageObject","inLanguage":"it-IT","@id":"https:\/\/www.studiobrancaleone.it\/news\/#\/schema\/logo\/image\/","url":"https:\/\/www.studiobrancaleone.it\/news\/wp-content\/uploads\/2025\/02\/Testata-sito-scaled.webp","contentUrl":"https:\/\/www.studiobrancaleone.it\/news\/wp-content\/uploads\/2025\/02\/Testata-sito-scaled.webp","width":2560,"height":481,"caption":"Studio Brancaleone"},"image":{"@id":"https:\/\/www.studiobrancaleone.it\/news\/#\/schema\/logo\/image\/"}},{"@type":"Person","@id":"https:\/\/www.studiobrancaleone.it\/news\/#\/schema\/person\/da5920864810e22fb65389a0a5cff7e3","name":"Giorgio Ferrari","image":{"@type":"ImageObject","inLanguage":"it-IT","@id":"https:\/\/secure.gravatar.com\/avatar\/e5a8c666e3c03788ccd80843664b7c6eb2fb548eb37bb5cd6598134bf5d56ae1?s=96&d=mm&r=g","url":"https:\/\/secure.gravatar.com\/avatar\/e5a8c666e3c03788ccd80843664b7c6eb2fb548eb37bb5cd6598134bf5d56ae1?s=96&d=mm&r=g","contentUrl":"https:\/\/secure.gravatar.com\/avatar\/e5a8c666e3c03788ccd80843664b7c6eb2fb548eb37bb5cd6598134bf5d56ae1?s=96&d=mm&r=g","caption":"Giorgio Ferrari"},"sameAs":["https:\/\/www.studiobrancaleone.it\/news"],"url":"https:\/\/www.studiobrancaleone.it\/news\/author\/giorfer\/"}]}},"uagb_featured_image_src":{"full":false,"thumbnail":false,"medium":false,"medium_large":false,"large":false,"1536x1536":false,"2048x2048":false},"uagb_author_info":{"display_name":"Giorgio Ferrari","author_link":"https:\/\/www.studiobrancaleone.it\/news\/author\/giorfer\/"},"uagb_comment_info":0,"uagb_excerpt":"La regione Marche, con Legge n. 4\/2024, individua aree con indicatori di presunta non idoneit\u00e0, nonch\u00e9 aree con indicatori di idoneit\u00e0 alla realizzazione di impianti fotovoltaici. Sintesi La legge, in vigore dal 29 marzo 2024, si \u00e8 resa necessaria per definire una valida disciplina autorizzatoria per le richieste di concessione alla realizzazione di impianti fotovoltaici&hellip;","_links":{"self":[{"href":"https:\/\/www.studiobrancaleone.it\/news\/wp-json\/wp\/v2\/posts\/13135","targetHints":{"allow":["GET"]}}],"collection":[{"href":"https:\/\/www.studiobrancaleone.it\/news\/wp-json\/wp\/v2\/posts"}],"about":[{"href":"https:\/\/www.studiobrancaleone.it\/news\/wp-json\/wp\/v2\/types\/post"}],"author":[{"embeddable":true,"href":"https:\/\/www.studiobrancaleone.it\/news\/wp-json\/wp\/v2\/users\/1"}],"replies":[{"embeddable":true,"href":"https:\/\/www.studiobrancaleone.it\/news\/wp-json\/wp\/v2\/comments?post=13135"}],"version-history":[{"count":0,"href":"https:\/\/www.studiobrancaleone.it\/news\/wp-json\/wp\/v2\/posts\/13135\/revisions"}],"wp:attachment":[{"href":"https:\/\/www.studiobrancaleone.it\/news\/wp-json\/wp\/v2\/media?parent=13135"}],"wp:term":[{"taxonomy":"category","embeddable":true,"href":"https:\/\/www.studiobrancaleone.it\/news\/wp-json\/wp\/v2\/categories?post=13135"},{"taxonomy":"post_tag","embeddable":true,"href":"https:\/\/www.studiobrancaleone.it\/news\/wp-json\/wp\/v2\/tags?post=13135"}],"curies":[{"name":"wp","href":"https:\/\/api.w.org\/{rel}","templated":true}]}}