{"id":13196,"date":"2024-04-08T08:50:38","date_gmt":"2024-04-08T06:50:38","guid":{"rendered":"https:\/\/www.studiobrancaleone.it\/news\/?p=13196"},"modified":"2024-04-07T20:12:45","modified_gmt":"2024-04-07T18:12:45","slug":"ue-primo-bando-up2circ-economia-circolare-pmi","status":"publish","type":"post","link":"https:\/\/www.studiobrancaleone.it\/news\/ue-primo-bando-up2circ-economia-circolare-pmi\/","title":{"rendered":"UE, Primo bando Up2Circ Economia Circolare PMI"},"content":{"rendered":"\n<p>\u00c8 stato lanciato il primo bando del progetto <strong>Up2Circ<\/strong>, finanziato dal programma <strong>Horizon Europe<\/strong>, con l\u2019obiettivo generale di\u00a0accelerare e ampliare la <strong>transizione <\/strong>delle <strong>PMI europee<\/strong> verso un\u2019e<strong>conomia circolare<\/strong>.\u00a0<\/p>\n\n\n\t\t\t\t<div class=\"wp-block-uagb-table-of-contents uagb-toc__align-left uagb-toc__columns-1  uagb-block-cdfcd9d5      \"\n\t\t\t\t\tdata-scroll= \"1\"\n\t\t\t\t\tdata-offset= \"30\"\n\t\t\t\t\tstyle=\"\"\n\t\t\t\t>\n\t\t\t\t<div class=\"uagb-toc__wrap\">\n\t\t\t\t\t\t<div class=\"uagb-toc__title\">\n\t\t\t\t\t\t\tPrimo bando Up2Circ\t\t\t\t\t\t<\/div>\n\t\t\t\t\t\t\t\t\t\t\t\t\t\t\t\t\t\t\t\t\t\t<div class=\"uagb-toc__list-wrap \">\n\t\t\t\t\t\t<ol class=\"uagb-toc__list\"><li class=\"uagb-toc__list\"><a href=\"#percorso-economia-circolare\" class=\"uagb-toc-link__trigger\">Percorso economia circolare<\/a><li class=\"uagb-toc__list\"><a href=\"#soggetti-beneficiari\" class=\"uagb-toc-link__trigger\">Soggetti beneficiari<\/a><li class=\"uagb-toc__list\"><a href=\"#tipologia-di-progetti\" class=\"uagb-toc-link__trigger\">Tipologia di progetti<\/a><li class=\"uagb-toc__list\"><a href=\"#risorse-disponibili\" class=\"uagb-toc-link__trigger\">Risorse disponibili<\/a><li class=\"uagb-toc__list\"><a href=\"#presentazione-domande\" class=\"uagb-toc-link__trigger\">Presentazione domande<\/a><\/ol>\t\t\t\t\t<\/div>\n\t\t\t\t\t\t\t\t\t<\/div>\n\t\t\t\t<\/div>\n\t\t\t\n\n\n<h2 class=\"wp-block-heading\">Percorso economia circolare<\/h2>\n\n\n\n<p>Con la<strong> <\/strong>prima open call del <strong>progetto Up2Circ <\/strong>nell&#8217;ambito del programma<strong> Horizon Europe si vuole sostenere le PMI<\/strong> nel percorso verso l&#8217;<strong>Economia Circolare<\/strong>.<\/p>\n\n\n\n<p>Il bando finanzier\u00e0\u00a0<strong>47 progetti<\/strong> per convalidare\u00a0l\u2019adozione di <strong>modelli di business circolari<\/strong> e implementare azioni concrete\u00a0verso <strong>prodotti, processi e servizi circolari<\/strong>.<\/p>\n\n\n\n<h2 class=\"wp-block-heading\">Soggetti beneficiari<\/h2>\n\n\n\n<p>I progetti devono essere presentati da una <strong>singola PMI<\/strong> degli Stati membri dell&#8217;UE che soddisfi i seguenti <strong>due criteri<\/strong> relativi al loro coinvolgimento nell&#8217;<strong>Up2Circ Academy<\/strong> prima della scadenza della presentazione:<\/p>\n\n\n\n<ul class=\"wp-block-list\">\n<li><strong>Valutazione della circolarit\u00e0<\/strong>: I candidati devono aver completato la <strong>valutazione della circolarit\u00e0<\/strong> utilizzando l&#8217;Up2Circ Circularity Assessment Tool. Per le aziende situate al di fuori delle regioni partner di Up2Circ, la valutazione della circolarit\u00e0 viene completata online. Per le aziende situate nelle regioni partner di Up2Circ, la valutazione della circolarit\u00e0 pu\u00f2 essere completata anche offline con il supporto del team Up2Circ.<\/li>\n\n\n\n<li><strong>Maggiore conoscenza e competenza in materia di economia circolare<\/strong>: I candidati devono aver partecipato attivamente al<strong> programma di apprendimento<\/strong> online di <strong>Up2Circ Academy<\/strong>. Per partecipazione attiva si intende aver completato almeno il 50% dei moduli di e-learning di Up2Circ Academy.<\/li>\n<\/ul>\n\n\n\n<h2 class=\"wp-block-heading\">Tipologia di progetti <\/h2>\n\n\n\n<p>Il bando finanzier\u00e0 <strong>due tipologie <\/strong>di progetti:\u00a0<\/p>\n\n\n\n<ol class=\"wp-block-list\">\n<li><strong>Progetti su piccola scala<\/strong>: saranno sostenuti <strong>32 <\/strong>progetti su <strong>studi di fattibilit\u00e0<\/strong>, con finanziamento massimo di <strong>15.000 euro<\/strong>:<\/li>\n<\/ol>\n\n\n\n<p>Ambito del progetto: <strong>Validazione<\/strong> approfondita degli <strong>aspetti tecnici, economici e sociali <\/strong>dell&#8217;adozione di modelli di business circolari, considerando desiderabilit\u00e0, fattibilit\u00e0, redditivit\u00e0 e aspetti ambientali. I progetti devono concentrarsi su uno o pi\u00f9 modelli di business circolari, come la catena di approvvigionamento circolare, le piattaforme di condivisione, il prodotto come servizio, l&#8217;estensione della vita del prodotto, il recupero e il riciclaggio. \u00a0<\/p>\n\n\n\n<p>2. <strong>Progetti su larga scala<\/strong>: saranno sostenuti <strong>15 <\/strong>progetti di <strong>pilotaggio e dimostrazione<\/strong>, con un finanziamento disponibile massimo di <strong>50.000 euro<\/strong>:<\/p>\n\n\n\n<p>Ambito del progetto: <strong>Attivit\u00e0 pilota e dimostrative<\/strong> per attuare misure concrete di transizione verso la circolarit\u00e0 attraverso l&#8217;implementazione di determinate tecnologie, il passaggio a una progettazione circolare dei prodotti, l&#8217;introduzione di nuovi prodotti, processi e servizi. I progetti devono concentrarsi su prototipi, test pilota, implementazione di nuovi processi aziendali, soluzioni e sistemi. \u00a0<\/p>\n\n\n\n<h2 class=\"wp-block-heading\">Risorse disponibili<\/h2>\n\n\n\n<p>Il budget stanziato per il bando \u00e8 di <strong>1.230.000 euro<\/strong>.<\/p>\n\n\n\n<h2 class=\"wp-block-heading\">Presentazione domande<\/h2>\n\n\n\n<p>La <strong>scadenza <\/strong>per partecipare \u00e8 fissata al <strong>31 maggio 2024<\/strong>.<\/p>\n\n\n\n<hr class=\"wp-block-separator has-text-color has-ast-global-color-0-color has-alpha-channel-opacity has-ast-global-color-0-background-color has-background is-style-wide\" \/>\n\n\n\n<p>Fonte: Unione Europea<\/p>\n\n\n\n<p><strong>Per informazioni<\/strong><\/p>\n\n\n\n<ul class=\"wp-block-list\">\n<li>Dettagli Bando &#8211;&gt; <a href=\"https:\/\/ec.europa.eu\/info\/funding-tenders\/opportunities\/portal\/screen\/opportunities\/competitive-calls-cs\/5401?status=31094502&amp;programmePeriod=2021%20-%202027&amp;frameworkProgramme=43108390&amp;order=DESC&amp;pageNumber=1&amp;pageSize=50&amp;sortBy=startDate\" target=\"_blank\" rel=\"noreferrer noopener\">EU Funding &amp; Tenders Portal<\/a><\/li>\n\n\n\n<li><a href=\"https:\/\/up2circ.eu\/up2circ-assessment\/\" target=\"_blank\" rel=\"noreferrer noopener\">Up2Circ Circularity Assessment Tool<\/a><\/li>\n\n\n\n<li><a href=\"https:\/\/up2circ.eu\/up2circ-academy\/\" target=\"_blank\" rel=\"noreferrer noopener\">Up2Circ Academy<\/a><\/li>\n<\/ul>\n","protected":false},"excerpt":{"rendered":"<p>\u00c8 stato lanciato il primo bando del progetto Up2Circ, finanziato dal programma Horizon Europe, con l\u2019obiettivo generale di\u00a0accelerare e ampliare la transizione delle PMI europee verso un\u2019economia circolare.\u00a0 Percorso economia circolare Con la prima open call del progetto Up2Circ nell&#8217;ambito del programma Horizon Europe si vuole sostenere le PMI nel percorso verso l&#8217;Economia Circolare. Il [&hellip;]<\/p>\n","protected":false},"author":2,"featured_media":0,"comment_status":"closed","ping_status":"open","sticky":false,"template":"","format":"standard","meta":{"_uag_custom_page_level_css":"","site-sidebar-layout":"default","site-content-layout":null,"ast-site-content-layout":"default","site-content-style":"default","site-sidebar-style":"default","ast-global-header-display":"","ast-banner-title-visibility":"","ast-main-header-display":"","ast-hfb-above-header-display":"","ast-hfb-below-header-display":"","ast-hfb-mobile-header-display":"","site-post-title":"","ast-breadcrumbs-content":"","ast-featured-img":"","footer-sml-layout":"","ast-disable-related-posts":"","theme-transparent-header-meta":"","adv-header-id-meta":"","stick-header-meta":"","header-above-stick-meta":"","header-main-stick-meta":"","header-below-stick-meta":"","astra-migrate-meta-layouts":"set","ast-page-background-enabled":"default","ast-page-background-meta":{"desktop":{"background-color":"var(--ast-global-color-4)","background-image":"","background-repeat":"repeat","background-position":"center center","background-size":"auto","background-attachment":"scroll","background-type":"","background-media":"","overlay-type":"","overlay-color":"","overlay-opacity":"","overlay-gradient":""},"tablet":{"background-color":"","background-image":"","background-repeat":"repeat","background-position":"center center","background-size":"auto","background-attachment":"scroll","background-type":"","background-media":"","overlay-type":"","overlay-color":"","overlay-opacity":"","overlay-gradient":""},"mobile":{"background-color":"","background-image":"","background-repeat":"repeat","background-position":"center center","background-size":"auto","background-attachment":"scroll","background-type":"","background-media":"","overlay-type":"","overlay-color":"","overlay-opacity":"","overlay-gradient":""}},"ast-content-background-meta":{"desktop":{"background-color":"var(--ast-global-color-5)","background-image":"","background-repeat":"repeat","background-position":"center center","background-size":"auto","background-attachment":"scroll","background-type":"","background-media":"","overlay-type":"","overlay-color":"","overlay-opacity":"","overlay-gradient":""},"tablet":{"background-color":"var(--ast-global-color-5)","background-image":"","background-repeat":"repeat","background-position":"center center","background-size":"auto","background-attachment":"scroll","background-type":"","background-media":"","overlay-type":"","overlay-color":"","overlay-opacity":"","overlay-gradient":""},"mobile":{"background-color":"var(--ast-global-color-5)","background-image":"","background-repeat":"repeat","background-position":"center center","background-size":"auto","background-attachment":"scroll","background-type":"","background-media":"","overlay-type":"","overlay-color":"","overlay-opacity":"","overlay-gradient":""}},"footnotes":""},"categories":[10],"tags":[],"class_list":["post-13196","post","type-post","status-publish","format-standard","hentry","category-finanziamenti"],"yoast_head":"<!-- This site is optimized with the Yoast SEO plugin v27.5 - https:\/\/yoast.com\/product\/yoast-seo-wordpress\/ -->\r\n<title>UE, Primo bando Up2Circ Economia Circolare PMI &#060; Studio Brancaleone<\/title>\r\n<meta name=\"robots\" content=\"index, follow, max-snippet:-1, max-image-preview:large, max-video-preview:-1\" \/>\r\n<link rel=\"canonical\" href=\"https:\/\/www.studiobrancaleone.it\/news\/ue-primo-bando-up2circ-economia-circolare-pmi\/\" \/>\r\n<meta property=\"og:locale\" content=\"it_IT\" \/>\r\n<meta property=\"og:type\" content=\"article\" \/>\r\n<meta property=\"og:title\" content=\"UE, Primo bando Up2Circ Economia Circolare PMI &#060; Studio Brancaleone\" \/>\r\n<meta property=\"og:description\" content=\"\u00c8 stato lanciato il primo bando del progetto Up2Circ, finanziato dal programma Horizon Europe, con l\u2019obiettivo generale di\u00a0accelerare e ampliare la transizione delle PMI europee verso un\u2019economia circolare.\u00a0 Percorso economia circolare Con la prima open call del progetto Up2Circ nell&#8217;ambito del programma Horizon Europe si vuole sostenere le PMI nel percorso verso l&#8217;Economia Circolare. Il [&hellip;]\" \/>\r\n<meta property=\"og:url\" content=\"https:\/\/www.studiobrancaleone.it\/news\/ue-primo-bando-up2circ-economia-circolare-pmi\/\" \/>\r\n<meta property=\"og:site_name\" content=\"Studio Brancaleone\" \/>\r\n<meta property=\"article:published_time\" content=\"2024-04-08T06:50:38+00:00\" \/>\r\n<meta name=\"author\" content=\"Ivana Brancaleone\" \/>\r\n<meta name=\"twitter:card\" content=\"summary_large_image\" \/>\r\n<meta name=\"twitter:label1\" content=\"Scritto da\" \/>\n\t<meta name=\"twitter:data1\" content=\"Ivana Brancaleone\" \/>\n\t<meta name=\"twitter:label2\" content=\"Tempo di lettura stimato\" \/>\n\t<meta name=\"twitter:data2\" content=\"3 minuti\" \/>\r\n<script type=\"application\/ld+json\" class=\"yoast-schema-graph\">{\"@context\":\"https:\\\/\\\/schema.org\",\"@graph\":[{\"@type\":\"Article\",\"@id\":\"https:\\\/\\\/www.studiobrancaleone.it\\\/news\\\/ue-primo-bando-up2circ-economia-circolare-pmi\\\/#article\",\"isPartOf\":{\"@id\":\"https:\\\/\\\/www.studiobrancaleone.it\\\/news\\\/ue-primo-bando-up2circ-economia-circolare-pmi\\\/\"},\"author\":{\"name\":\"Ivana Brancaleone\",\"@id\":\"https:\\\/\\\/www.studiobrancaleone.it\\\/news\\\/#\\\/schema\\\/person\\\/3df132515081baef5f0ea457e1dfcf6d\"},\"headline\":\"UE, Primo bando Up2Circ Economia Circolare PMI\",\"datePublished\":\"2024-04-08T06:50:38+00:00\",\"mainEntityOfPage\":{\"@id\":\"https:\\\/\\\/www.studiobrancaleone.it\\\/news\\\/ue-primo-bando-up2circ-economia-circolare-pmi\\\/\"},\"wordCount\":433,\"publisher\":{\"@id\":\"https:\\\/\\\/www.studiobrancaleone.it\\\/news\\\/#organization\"},\"articleSection\":[\"Finanziamenti\"],\"inLanguage\":\"it-IT\"},{\"@type\":\"WebPage\",\"@id\":\"https:\\\/\\\/www.studiobrancaleone.it\\\/news\\\/ue-primo-bando-up2circ-economia-circolare-pmi\\\/\",\"url\":\"https:\\\/\\\/www.studiobrancaleone.it\\\/news\\\/ue-primo-bando-up2circ-economia-circolare-pmi\\\/\",\"name\":\"UE, Primo bando Up2Circ Economia Circolare PMI &#060; Studio Brancaleone\",\"isPartOf\":{\"@id\":\"https:\\\/\\\/www.studiobrancaleone.it\\\/news\\\/#website\"},\"datePublished\":\"2024-04-08T06:50:38+00:00\",\"breadcrumb\":{\"@id\":\"https:\\\/\\\/www.studiobrancaleone.it\\\/news\\\/ue-primo-bando-up2circ-economia-circolare-pmi\\\/#breadcrumb\"},\"inLanguage\":\"it-IT\",\"potentialAction\":[{\"@type\":\"ReadAction\",\"target\":[\"https:\\\/\\\/www.studiobrancaleone.it\\\/news\\\/ue-primo-bando-up2circ-economia-circolare-pmi\\\/\"]}]},{\"@type\":\"BreadcrumbList\",\"@id\":\"https:\\\/\\\/www.studiobrancaleone.it\\\/news\\\/ue-primo-bando-up2circ-economia-circolare-pmi\\\/#breadcrumb\",\"itemListElement\":[{\"@type\":\"ListItem\",\"position\":1,\"name\":\"Home\",\"item\":\"https:\\\/\\\/www.studiobrancaleone.it\\\/news\\\/\"},{\"@type\":\"ListItem\",\"position\":2,\"name\":\"UE, Primo bando Up2Circ Economia Circolare PMI\"}]},{\"@type\":\"WebSite\",\"@id\":\"https:\\\/\\\/www.studiobrancaleone.it\\\/news\\\/#website\",\"url\":\"https:\\\/\\\/www.studiobrancaleone.it\\\/news\\\/\",\"name\":\"Studio Brancaleone\",\"description\":\"Notizie giuridiche aggiornate regolarmente\",\"publisher\":{\"@id\":\"https:\\\/\\\/www.studiobrancaleone.it\\\/news\\\/#organization\"},\"potentialAction\":[{\"@type\":\"SearchAction\",\"target\":{\"@type\":\"EntryPoint\",\"urlTemplate\":\"https:\\\/\\\/www.studiobrancaleone.it\\\/news\\\/?s={search_term_string}\"},\"query-input\":{\"@type\":\"PropertyValueSpecification\",\"valueRequired\":true,\"valueName\":\"search_term_string\"}}],\"inLanguage\":\"it-IT\"},{\"@type\":\"Organization\",\"@id\":\"https:\\\/\\\/www.studiobrancaleone.it\\\/news\\\/#organization\",\"name\":\"Studio Brancaleone\",\"url\":\"https:\\\/\\\/www.studiobrancaleone.it\\\/news\\\/\",\"logo\":{\"@type\":\"ImageObject\",\"inLanguage\":\"it-IT\",\"@id\":\"https:\\\/\\\/www.studiobrancaleone.it\\\/news\\\/#\\\/schema\\\/logo\\\/image\\\/\",\"url\":\"https:\\\/\\\/www.studiobrancaleone.it\\\/news\\\/wp-content\\\/uploads\\\/2025\\\/02\\\/Testata-sito-scaled.webp\",\"contentUrl\":\"https:\\\/\\\/www.studiobrancaleone.it\\\/news\\\/wp-content\\\/uploads\\\/2025\\\/02\\\/Testata-sito-scaled.webp\",\"width\":2560,\"height\":481,\"caption\":\"Studio Brancaleone\"},\"image\":{\"@id\":\"https:\\\/\\\/www.studiobrancaleone.it\\\/news\\\/#\\\/schema\\\/logo\\\/image\\\/\"}},{\"@type\":\"Person\",\"@id\":\"https:\\\/\\\/www.studiobrancaleone.it\\\/news\\\/#\\\/schema\\\/person\\\/3df132515081baef5f0ea457e1dfcf6d\",\"name\":\"Ivana Brancaleone\",\"image\":{\"@type\":\"ImageObject\",\"inLanguage\":\"it-IT\",\"@id\":\"https:\\\/\\\/secure.gravatar.com\\\/avatar\\\/9f6d2be41a5115d34c5114a0a78ade583fa3a3bd63a144dfc88c9da356eca16c?s=96&d=mm&r=g\",\"url\":\"https:\\\/\\\/secure.gravatar.com\\\/avatar\\\/9f6d2be41a5115d34c5114a0a78ade583fa3a3bd63a144dfc88c9da356eca16c?s=96&d=mm&r=g\",\"contentUrl\":\"https:\\\/\\\/secure.gravatar.com\\\/avatar\\\/9f6d2be41a5115d34c5114a0a78ade583fa3a3bd63a144dfc88c9da356eca16c?s=96&d=mm&r=g\",\"caption\":\"Ivana Brancaleone\"},\"url\":\"https:\\\/\\\/www.studiobrancaleone.it\\\/news\\\/author\\\/ivanbra\\\/\"}]}<\/script>\r\n<!-- \/ Yoast SEO plugin. -->","yoast_head_json":{"title":"UE, Primo bando Up2Circ Economia Circolare PMI &#060; Studio Brancaleone","robots":{"index":"index","follow":"follow","max-snippet":"max-snippet:-1","max-image-preview":"max-image-preview:large","max-video-preview":"max-video-preview:-1"},"canonical":"https:\/\/www.studiobrancaleone.it\/news\/ue-primo-bando-up2circ-economia-circolare-pmi\/","og_locale":"it_IT","og_type":"article","og_title":"UE, Primo bando Up2Circ Economia Circolare PMI &#060; Studio Brancaleone","og_description":"\u00c8 stato lanciato il primo bando del progetto Up2Circ, finanziato dal programma Horizon Europe, con l\u2019obiettivo generale di\u00a0accelerare e ampliare la transizione delle PMI europee verso un\u2019economia circolare.\u00a0 Percorso economia circolare Con la prima open call del progetto Up2Circ nell&#8217;ambito del programma Horizon Europe si vuole sostenere le PMI nel percorso verso l&#8217;Economia Circolare. Il [&hellip;]","og_url":"https:\/\/www.studiobrancaleone.it\/news\/ue-primo-bando-up2circ-economia-circolare-pmi\/","og_site_name":"Studio Brancaleone","article_published_time":"2024-04-08T06:50:38+00:00","author":"Ivana Brancaleone","twitter_card":"summary_large_image","twitter_misc":{"Scritto da":"Ivana Brancaleone","Tempo di lettura stimato":"3 minuti"},"schema":{"@context":"https:\/\/schema.org","@graph":[{"@type":"Article","@id":"https:\/\/www.studiobrancaleone.it\/news\/ue-primo-bando-up2circ-economia-circolare-pmi\/#article","isPartOf":{"@id":"https:\/\/www.studiobrancaleone.it\/news\/ue-primo-bando-up2circ-economia-circolare-pmi\/"},"author":{"name":"Ivana Brancaleone","@id":"https:\/\/www.studiobrancaleone.it\/news\/#\/schema\/person\/3df132515081baef5f0ea457e1dfcf6d"},"headline":"UE, Primo bando Up2Circ Economia Circolare PMI","datePublished":"2024-04-08T06:50:38+00:00","mainEntityOfPage":{"@id":"https:\/\/www.studiobrancaleone.it\/news\/ue-primo-bando-up2circ-economia-circolare-pmi\/"},"wordCount":433,"publisher":{"@id":"https:\/\/www.studiobrancaleone.it\/news\/#organization"},"articleSection":["Finanziamenti"],"inLanguage":"it-IT"},{"@type":"WebPage","@id":"https:\/\/www.studiobrancaleone.it\/news\/ue-primo-bando-up2circ-economia-circolare-pmi\/","url":"https:\/\/www.studiobrancaleone.it\/news\/ue-primo-bando-up2circ-economia-circolare-pmi\/","name":"UE, Primo bando Up2Circ Economia Circolare PMI &#060; Studio Brancaleone","isPartOf":{"@id":"https:\/\/www.studiobrancaleone.it\/news\/#website"},"datePublished":"2024-04-08T06:50:38+00:00","breadcrumb":{"@id":"https:\/\/www.studiobrancaleone.it\/news\/ue-primo-bando-up2circ-economia-circolare-pmi\/#breadcrumb"},"inLanguage":"it-IT","potentialAction":[{"@type":"ReadAction","target":["https:\/\/www.studiobrancaleone.it\/news\/ue-primo-bando-up2circ-economia-circolare-pmi\/"]}]},{"@type":"BreadcrumbList","@id":"https:\/\/www.studiobrancaleone.it\/news\/ue-primo-bando-up2circ-economia-circolare-pmi\/#breadcrumb","itemListElement":[{"@type":"ListItem","position":1,"name":"Home","item":"https:\/\/www.studiobrancaleone.it\/news\/"},{"@type":"ListItem","position":2,"name":"UE, Primo bando Up2Circ Economia Circolare PMI"}]},{"@type":"WebSite","@id":"https:\/\/www.studiobrancaleone.it\/news\/#website","url":"https:\/\/www.studiobrancaleone.it\/news\/","name":"Studio Brancaleone","description":"Notizie giuridiche aggiornate regolarmente","publisher":{"@id":"https:\/\/www.studiobrancaleone.it\/news\/#organization"},"potentialAction":[{"@type":"SearchAction","target":{"@type":"EntryPoint","urlTemplate":"https:\/\/www.studiobrancaleone.it\/news\/?s={search_term_string}"},"query-input":{"@type":"PropertyValueSpecification","valueRequired":true,"valueName":"search_term_string"}}],"inLanguage":"it-IT"},{"@type":"Organization","@id":"https:\/\/www.studiobrancaleone.it\/news\/#organization","name":"Studio Brancaleone","url":"https:\/\/www.studiobrancaleone.it\/news\/","logo":{"@type":"ImageObject","inLanguage":"it-IT","@id":"https:\/\/www.studiobrancaleone.it\/news\/#\/schema\/logo\/image\/","url":"https:\/\/www.studiobrancaleone.it\/news\/wp-content\/uploads\/2025\/02\/Testata-sito-scaled.webp","contentUrl":"https:\/\/www.studiobrancaleone.it\/news\/wp-content\/uploads\/2025\/02\/Testata-sito-scaled.webp","width":2560,"height":481,"caption":"Studio Brancaleone"},"image":{"@id":"https:\/\/www.studiobrancaleone.it\/news\/#\/schema\/logo\/image\/"}},{"@type":"Person","@id":"https:\/\/www.studiobrancaleone.it\/news\/#\/schema\/person\/3df132515081baef5f0ea457e1dfcf6d","name":"Ivana Brancaleone","image":{"@type":"ImageObject","inLanguage":"it-IT","@id":"https:\/\/secure.gravatar.com\/avatar\/9f6d2be41a5115d34c5114a0a78ade583fa3a3bd63a144dfc88c9da356eca16c?s=96&d=mm&r=g","url":"https:\/\/secure.gravatar.com\/avatar\/9f6d2be41a5115d34c5114a0a78ade583fa3a3bd63a144dfc88c9da356eca16c?s=96&d=mm&r=g","contentUrl":"https:\/\/secure.gravatar.com\/avatar\/9f6d2be41a5115d34c5114a0a78ade583fa3a3bd63a144dfc88c9da356eca16c?s=96&d=mm&r=g","caption":"Ivana Brancaleone"},"url":"https:\/\/www.studiobrancaleone.it\/news\/author\/ivanbra\/"}]}},"uagb_featured_image_src":{"full":false,"thumbnail":false,"medium":false,"medium_large":false,"large":false,"1536x1536":false,"2048x2048":false},"uagb_author_info":{"display_name":"Ivana Brancaleone","author_link":"https:\/\/www.studiobrancaleone.it\/news\/author\/ivanbra\/"},"uagb_comment_info":0,"uagb_excerpt":"\u00c8 stato lanciato il primo bando del progetto Up2Circ, finanziato dal programma Horizon Europe, con l\u2019obiettivo generale di\u00a0accelerare e ampliare la transizione delle PMI europee verso un\u2019economia circolare.\u00a0 Percorso economia circolare Con la prima open call del progetto Up2Circ nell&#8217;ambito del programma Horizon Europe si vuole sostenere le PMI nel percorso verso l&#8217;Economia Circolare. Il&hellip;","_links":{"self":[{"href":"https:\/\/www.studiobrancaleone.it\/news\/wp-json\/wp\/v2\/posts\/13196","targetHints":{"allow":["GET"]}}],"collection":[{"href":"https:\/\/www.studiobrancaleone.it\/news\/wp-json\/wp\/v2\/posts"}],"about":[{"href":"https:\/\/www.studiobrancaleone.it\/news\/wp-json\/wp\/v2\/types\/post"}],"author":[{"embeddable":true,"href":"https:\/\/www.studiobrancaleone.it\/news\/wp-json\/wp\/v2\/users\/2"}],"replies":[{"embeddable":true,"href":"https:\/\/www.studiobrancaleone.it\/news\/wp-json\/wp\/v2\/comments?post=13196"}],"version-history":[{"count":0,"href":"https:\/\/www.studiobrancaleone.it\/news\/wp-json\/wp\/v2\/posts\/13196\/revisions"}],"wp:attachment":[{"href":"https:\/\/www.studiobrancaleone.it\/news\/wp-json\/wp\/v2\/media?parent=13196"}],"wp:term":[{"taxonomy":"category","embeddable":true,"href":"https:\/\/www.studiobrancaleone.it\/news\/wp-json\/wp\/v2\/categories?post=13196"},{"taxonomy":"post_tag","embeddable":true,"href":"https:\/\/www.studiobrancaleone.it\/news\/wp-json\/wp\/v2\/tags?post=13196"}],"curies":[{"name":"wp","href":"https:\/\/api.w.org\/{rel}","templated":true}]}}