{"id":13380,"date":"2024-04-26T10:27:08","date_gmt":"2024-04-26T08:27:08","guid":{"rendered":"https:\/\/www.studiobrancaleone.it\/news\/?p=13380"},"modified":"2024-04-26T10:27:15","modified_gmt":"2024-04-26T08:27:15","slug":"corso-i-fattori-esg-nella-strategia-aziendale","status":"publish","type":"post","link":"https:\/\/www.studiobrancaleone.it\/news\/corso-i-fattori-esg-nella-strategia-aziendale\/","title":{"rendered":"Corso: I fattori ESG nella Strategia Aziendale"},"content":{"rendered":"\n<p>Si segnala il nuovo Corso &#8220;<strong>I fattori ESG nella Strategia Aziendale&#8221; <\/strong>\u2013 I\u00b0 edizione 2024 organizzato da AICQ-ER \u2013 Associazione Italiana Cultura Qualit\u00e0 Emilia-Romagna che approfondir\u00e0 <strong>i temi sui fattori ESG e il Reporting di Sostenibilit\u00e0 secondo la Direttiva UE CSRD e&nbsp;gli standard ESRS di EFRAG<\/strong>.<\/p>\n\n\n\t\t\t\t<div class=\"wp-block-uagb-table-of-contents uagb-toc__align-left uagb-toc__columns-1  uagb-block-fe5a0b10      \"\n\t\t\t\t\tdata-scroll= \"1\"\n\t\t\t\t\tdata-offset= \"30\"\n\t\t\t\t\tstyle=\"\"\n\t\t\t\t>\n\t\t\t\t<div class=\"uagb-toc__wrap\">\n\t\t\t\t\t\t<div class=\"uagb-toc__title\">\n\t\t\t\t\t\t\tCorso ESG AICQ ER\t\t\t\t\t\t<\/div>\n\t\t\t\t\t\t\t\t\t\t\t\t\t\t\t\t\t\t\t\t\t\t<div class=\"uagb-toc__list-wrap \">\n\t\t\t\t\t\t<ol class=\"uagb-toc__list\"><li class=\"uagb-toc__list\"><a href=\"#titolo-corso\" class=\"uagb-toc-link__trigger\">Titolo Corso<\/a><li class=\"uagb-toc__list\"><a href=\"#descrizione\" class=\"uagb-toc-link__trigger\">Descrizione<\/a><li class=\"uagb-toc__list\"><a href=\"#obiettivi\" class=\"uagb-toc-link__trigger\">Obiettivi<\/a><li class=\"uagb-toc__list\"><a href=\"#destinatari\" class=\"uagb-toc-link__trigger\">Destinatari<\/a><li class=\"uagb-toc__list\"><a href=\"#prerequisiti\" class=\"uagb-toc-link__trigger\">Prerequisiti<\/a><li class=\"uagb-toc__list\"><a href=\"#durata\" class=\"uagb-toc-link__trigger\">Durata<\/a><li class=\"uagb-toc__list\"><a href=\"#per-informazioni-e-iscrizioni\" class=\"uagb-toc-link__trigger\">Per informazioni e iscrizioni<\/a><\/ol>\t\t\t\t\t<\/div>\n\t\t\t\t\t\t\t\t\t<\/div>\n\t\t\t\t<\/div>\n\t\t\t\n\n\n<h2 class=\"wp-block-heading\">Titolo Corso<\/h2>\n\n\n\n<p><em>I fattori ESG nella Strategia Aziendale<\/em><\/p>\n\n\n\n<h2 class=\"wp-block-heading\">Descrizione<\/h2>\n\n\n\n<p><strong>I fattori ESG nella Strategia Aziendale e il Reporting di Sostenibilit\u00e0 secondo la Direttiva Europea CSRD (Corporate Sustainability Reporting Directive 2022\/2464)&nbsp;e&nbsp;gli standard ESRS di EFRAG<\/strong> <\/p>\n\n\n\n<p>La nuova Direttiva europea CSRD sul reporting di sostenibilit\u00e0, entrata in vigore il 5 gennaio 2023, richiede agli organi di controllo e supervisione delle imprese la comprensione dei processi, dei controlli e delle procedure di governance istituiti per monitorare, gestire e controllare le questioni di sostenibilit\u00e0. <\/p>\n\n\n\n<p>Il disegno di legge di \u201c<em>Delega al Governo per il recepimento delle direttive europee e l\u2019attuazione di altri atti dell\u2019Unione europea \u2013 Legge di delegazione europea 2022-2023<\/em>\u201d dispone la disciplina per<em>&nbsp;\u201ccorsi di formazione ed aggiornamento destinati alla dirigenza delle societ\u00e0 a partecipazione pubblica, che svolgono servizi d\u2019interesse generale, controllate dalle Pubbliche amministrazioni al fine di ampliare il patrimonio conoscitivo a disposizione dei vertici aziendali sugli effetti dell\u2019inclusione dei fattori ESG nei processi decisionali e la rilevanza dei medesimi per le attivit\u00e0 istituzionali\u201d.<\/em> &nbsp;<\/p>\n\n\n\n<p>Questo corso, pertanto, intende fornire le basi concettuali e le informazioni essenziali sulle strategie, i processi e gli strumenti di gestione dei rischi ESG, dei relativi impatti sulle decisioni aziendali e sulla capacit\u00e0 di cogliere nuove opportunit\u00e0 di sviluppo in conformit\u00e0 con la struttura e le linee guida dei nuovi standard europei riguardanti gli obblighi di trasparenza e accountability delle imprese.<\/p>\n\n\n\n<h2 class=\"wp-block-heading\">Obiettivi<\/h2>\n\n\n\n<p>Il corso prevede 4 ore iniziali dedicate ai fattori ESG nella strategia aziendale: obiettivi, implementazione e impatti. <\/p>\n\n\n\n<p>Nelle 8 ore successive verr\u00e0 trattato il Reporting di Sostenibilit\u00e0 secondo la&nbsp;Direttiva Europea CSRD&nbsp;e gli adottati ESRS&nbsp;(European Sustainability Reporting Standards).<\/p>\n\n\n\n<p>L\u2019obiettivo della prima parte \u00e8 quello di fornire una panoramica completa dei fattori ESG, enfatizzando l&#8217;importanza strategica e gli impatti sulle decisioni aziendali.<\/p>\n\n\n\n<p>La seconda parte intende offrire una panoramica esaustiva sulla sostenibilit\u00e0 aziendale, sulle direttive di reporting, sugli standard e sulle best practices per la gestione e la comunicazione trasparente delle performance sostenibili, fornendo le basi per l&#8217;adozione e il rispetto della CSRD.&nbsp;&nbsp;<\/p>\n\n\n\n<h2 class=\"wp-block-heading\">Destinatari<\/h2>\n\n\n\n<p>Imprenditori, Amministratori di Societ\u00e0, anche a partecipazione pubblica e di servizi di interesse generale controllate dalla Pubblica Amministrazione, Dirigenti, Sustainability Manager<\/p>\n\n\n\n<h2 class=\"wp-block-heading\">Prerequisiti<\/h2>\n\n\n\n<p>Conoscenze di base su organizzazione e gestione aziendale.<\/p>\n\n\n\n<h2 class=\"wp-block-heading\">Durata<\/h2>\n\n\n\n<p>12 ore<br><strong>Inizio corso<\/strong>: 2024-05-21 &#8211; <strong>Fine corso<\/strong>: 2024-05-30<\/p>\n\n\n\n<hr class=\"wp-block-separator has-text-color has-ast-global-color-0-color has-alpha-channel-opacity has-ast-global-color-0-background-color has-background is-style-wide\"\/>\n\n\n\n<h2 class=\"wp-block-heading\">Per informazioni e iscrizioni<\/h2>\n\n\n\n<p><a href=\"https:\/\/emiliaromagna.aicqna.it\/2024\/04\/21\/i-fattori-esg-nella-strategia-aziendale-i-edizione-2024\" target=\"_blank\" rel=\"noreferrer noopener\">I fattori ESG nella Strategia Aziendale \u2013 I\u00b0 edizione 2024<\/a><\/p>\n","protected":false},"excerpt":{"rendered":"<p>Si segnala il nuovo Corso &#8220;I fattori ESG nella Strategia Aziendale&#8221; \u2013 I\u00b0 edizione 2024 organizzato da AICQ-ER \u2013 Associazione Italiana Cultura Qualit\u00e0 Emilia-Romagna che approfondir\u00e0 i temi sui fattori ESG e il Reporting di Sostenibilit\u00e0 secondo la Direttiva UE CSRD e&nbsp;gli standard ESRS di EFRAG. Titolo Corso I fattori ESG nella Strategia Aziendale Descrizione [&hellip;]<\/p>\n","protected":false},"author":2,"featured_media":0,"comment_status":"closed","ping_status":"open","sticky":false,"template":"","format":"standard","meta":{"_uag_custom_page_level_css":"","site-sidebar-layout":"default","site-content-layout":"","ast-site-content-layout":"default","site-content-style":"default","site-sidebar-style":"default","ast-global-header-display":"","ast-banner-title-visibility":"","ast-main-header-display":"","ast-hfb-above-header-display":"","ast-hfb-below-header-display":"","ast-hfb-mobile-header-display":"","site-post-title":"","ast-breadcrumbs-content":"","ast-featured-img":"","footer-sml-layout":"","ast-disable-related-posts":"","theme-transparent-header-meta":"","adv-header-id-meta":"","stick-header-meta":"","header-above-stick-meta":"","header-main-stick-meta":"","header-below-stick-meta":"","astra-migrate-meta-layouts":"set","ast-page-background-enabled":"default","ast-page-background-meta":{"desktop":{"background-color":"var(--ast-global-color-4)","background-image":"","background-repeat":"repeat","background-position":"center center","background-size":"auto","background-attachment":"scroll","background-type":"","background-media":"","overlay-type":"","overlay-color":"","overlay-opacity":"","overlay-gradient":""},"tablet":{"background-color":"","background-image":"","background-repeat":"repeat","background-position":"center center","background-size":"auto","background-attachment":"scroll","background-type":"","background-media":"","overlay-type":"","overlay-color":"","overlay-opacity":"","overlay-gradient":""},"mobile":{"background-color":"","background-image":"","background-repeat":"repeat","background-position":"center center","background-size":"auto","background-attachment":"scroll","background-type":"","background-media":"","overlay-type":"","overlay-color":"","overlay-opacity":"","overlay-gradient":""}},"ast-content-background-meta":{"desktop":{"background-color":"var(--ast-global-color-5)","background-image":"","background-repeat":"repeat","background-position":"center center","background-size":"auto","background-attachment":"scroll","background-type":"","background-media":"","overlay-type":"","overlay-color":"","overlay-opacity":"","overlay-gradient":""},"tablet":{"background-color":"var(--ast-global-color-5)","background-image":"","background-repeat":"repeat","background-position":"center center","background-size":"auto","background-attachment":"scroll","background-type":"","background-media":"","overlay-type":"","overlay-color":"","overlay-opacity":"","overlay-gradient":""},"mobile":{"background-color":"var(--ast-global-color-5)","background-image":"","background-repeat":"repeat","background-position":"center center","background-size":"auto","background-attachment":"scroll","background-type":"","background-media":"","overlay-type":"","overlay-color":"","overlay-opacity":"","overlay-gradient":""}},"footnotes":""},"categories":[4],"tags":[122,142],"class_list":["post-13380","post","type-post","status-publish","format-standard","hentry","category-nazionali-ue","tag-ambiente","tag-sostenibilita"],"yoast_head":"<!-- This site is optimized with the Yoast SEO plugin v27.5 - https:\/\/yoast.com\/product\/yoast-seo-wordpress\/ -->\r\n<title>Corso: I fattori ESG nella Strategia Aziendale &#060; Studio Brancaleone<\/title>\r\n<meta name=\"description\" content=\"Si segnala il nuovo Corso &quot;I fattori ESG nella Strategia Aziendale&quot; \u2013 I\u00b0 edizione 2024 organizzato da AICQ-ER \u2013 Associazione Italiana Cultura Qualit\u00e0 Emilia-Romagna che approfondir\u00e0 i temi sui fattori ESG e il Reporting di Sostenibilit\u00e0 secondo la Direttiva UE CSRD e\u00a0gli standard ESRS di EFRAG.\" \/>\r\n<meta name=\"robots\" content=\"index, follow, max-snippet:-1, max-image-preview:large, max-video-preview:-1\" \/>\r\n<link rel=\"canonical\" href=\"https:\/\/www.studiobrancaleone.it\/news\/corso-i-fattori-esg-nella-strategia-aziendale\/\" \/>\r\n<meta property=\"og:locale\" content=\"it_IT\" \/>\r\n<meta property=\"og:type\" content=\"article\" \/>\r\n<meta property=\"og:title\" content=\"Corso: I fattori ESG nella Strategia Aziendale &#060; Studio Brancaleone\" \/>\r\n<meta property=\"og:description\" content=\"Si segnala il nuovo Corso &quot;I fattori ESG nella Strategia Aziendale&quot; \u2013 I\u00b0 edizione 2024 organizzato da AICQ-ER \u2013 Associazione Italiana Cultura Qualit\u00e0 Emilia-Romagna che approfondir\u00e0 i temi sui fattori ESG e il Reporting di Sostenibilit\u00e0 secondo la Direttiva UE CSRD e\u00a0gli standard ESRS di EFRAG.\" \/>\r\n<meta property=\"og:url\" content=\"https:\/\/www.studiobrancaleone.it\/news\/corso-i-fattori-esg-nella-strategia-aziendale\/\" \/>\r\n<meta property=\"og:site_name\" content=\"Studio Brancaleone\" \/>\r\n<meta property=\"article:published_time\" content=\"2024-04-26T08:27:08+00:00\" \/>\r\n<meta property=\"article:modified_time\" content=\"2024-04-26T08:27:15+00:00\" \/>\r\n<meta name=\"author\" content=\"Ivana Brancaleone\" \/>\r\n<meta name=\"twitter:card\" content=\"summary_large_image\" \/>\r\n<meta name=\"twitter:label1\" content=\"Scritto da\" \/>\n\t<meta name=\"twitter:data1\" content=\"Ivana Brancaleone\" \/>\n\t<meta name=\"twitter:label2\" content=\"Tempo di lettura stimato\" \/>\n\t<meta name=\"twitter:data2\" content=\"3 minuti\" \/>\r\n<script type=\"application\/ld+json\" class=\"yoast-schema-graph\">{\"@context\":\"https:\\\/\\\/schema.org\",\"@graph\":[{\"@type\":\"Article\",\"@id\":\"https:\\\/\\\/www.studiobrancaleone.it\\\/news\\\/corso-i-fattori-esg-nella-strategia-aziendale\\\/#article\",\"isPartOf\":{\"@id\":\"https:\\\/\\\/www.studiobrancaleone.it\\\/news\\\/corso-i-fattori-esg-nella-strategia-aziendale\\\/\"},\"author\":{\"name\":\"Ivana Brancaleone\",\"@id\":\"https:\\\/\\\/www.studiobrancaleone.it\\\/news\\\/#\\\/schema\\\/person\\\/3df132515081baef5f0ea457e1dfcf6d\"},\"headline\":\"Corso: I fattori ESG nella Strategia Aziendale\",\"datePublished\":\"2024-04-26T08:27:08+00:00\",\"dateModified\":\"2024-04-26T08:27:15+00:00\",\"mainEntityOfPage\":{\"@id\":\"https:\\\/\\\/www.studiobrancaleone.it\\\/news\\\/corso-i-fattori-esg-nella-strategia-aziendale\\\/\"},\"wordCount\":446,\"publisher\":{\"@id\":\"https:\\\/\\\/www.studiobrancaleone.it\\\/news\\\/#organization\"},\"keywords\":[\"Ambiente\",\"Sostenibilit\u00e0\"],\"articleSection\":[\"Nazionali\\\/Ue\"],\"inLanguage\":\"it-IT\"},{\"@type\":\"WebPage\",\"@id\":\"https:\\\/\\\/www.studiobrancaleone.it\\\/news\\\/corso-i-fattori-esg-nella-strategia-aziendale\\\/\",\"url\":\"https:\\\/\\\/www.studiobrancaleone.it\\\/news\\\/corso-i-fattori-esg-nella-strategia-aziendale\\\/\",\"name\":\"Corso: I fattori ESG nella Strategia Aziendale &#060; Studio Brancaleone\",\"isPartOf\":{\"@id\":\"https:\\\/\\\/www.studiobrancaleone.it\\\/news\\\/#website\"},\"datePublished\":\"2024-04-26T08:27:08+00:00\",\"dateModified\":\"2024-04-26T08:27:15+00:00\",\"description\":\"Si segnala il nuovo Corso \\\"I fattori ESG nella Strategia Aziendale\\\" \u2013 I\u00b0 edizione 2024 organizzato da AICQ-ER \u2013 Associazione Italiana Cultura Qualit\u00e0 Emilia-Romagna che approfondir\u00e0 i temi sui fattori ESG e il Reporting di Sostenibilit\u00e0 secondo la Direttiva UE CSRD e\u00a0gli standard ESRS di EFRAG.\",\"breadcrumb\":{\"@id\":\"https:\\\/\\\/www.studiobrancaleone.it\\\/news\\\/corso-i-fattori-esg-nella-strategia-aziendale\\\/#breadcrumb\"},\"inLanguage\":\"it-IT\",\"potentialAction\":[{\"@type\":\"ReadAction\",\"target\":[\"https:\\\/\\\/www.studiobrancaleone.it\\\/news\\\/corso-i-fattori-esg-nella-strategia-aziendale\\\/\"]}]},{\"@type\":\"BreadcrumbList\",\"@id\":\"https:\\\/\\\/www.studiobrancaleone.it\\\/news\\\/corso-i-fattori-esg-nella-strategia-aziendale\\\/#breadcrumb\",\"itemListElement\":[{\"@type\":\"ListItem\",\"position\":1,\"name\":\"Home\",\"item\":\"https:\\\/\\\/www.studiobrancaleone.it\\\/news\\\/\"},{\"@type\":\"ListItem\",\"position\":2,\"name\":\"Corso: I fattori ESG nella Strategia Aziendale\"}]},{\"@type\":\"WebSite\",\"@id\":\"https:\\\/\\\/www.studiobrancaleone.it\\\/news\\\/#website\",\"url\":\"https:\\\/\\\/www.studiobrancaleone.it\\\/news\\\/\",\"name\":\"Studio Brancaleone\",\"description\":\"Notizie giuridiche aggiornate regolarmente\",\"publisher\":{\"@id\":\"https:\\\/\\\/www.studiobrancaleone.it\\\/news\\\/#organization\"},\"potentialAction\":[{\"@type\":\"SearchAction\",\"target\":{\"@type\":\"EntryPoint\",\"urlTemplate\":\"https:\\\/\\\/www.studiobrancaleone.it\\\/news\\\/?s={search_term_string}\"},\"query-input\":{\"@type\":\"PropertyValueSpecification\",\"valueRequired\":true,\"valueName\":\"search_term_string\"}}],\"inLanguage\":\"it-IT\"},{\"@type\":\"Organization\",\"@id\":\"https:\\\/\\\/www.studiobrancaleone.it\\\/news\\\/#organization\",\"name\":\"Studio Brancaleone\",\"url\":\"https:\\\/\\\/www.studiobrancaleone.it\\\/news\\\/\",\"logo\":{\"@type\":\"ImageObject\",\"inLanguage\":\"it-IT\",\"@id\":\"https:\\\/\\\/www.studiobrancaleone.it\\\/news\\\/#\\\/schema\\\/logo\\\/image\\\/\",\"url\":\"https:\\\/\\\/www.studiobrancaleone.it\\\/news\\\/wp-content\\\/uploads\\\/2025\\\/02\\\/Testata-sito-scaled.webp\",\"contentUrl\":\"https:\\\/\\\/www.studiobrancaleone.it\\\/news\\\/wp-content\\\/uploads\\\/2025\\\/02\\\/Testata-sito-scaled.webp\",\"width\":2560,\"height\":481,\"caption\":\"Studio Brancaleone\"},\"image\":{\"@id\":\"https:\\\/\\\/www.studiobrancaleone.it\\\/news\\\/#\\\/schema\\\/logo\\\/image\\\/\"}},{\"@type\":\"Person\",\"@id\":\"https:\\\/\\\/www.studiobrancaleone.it\\\/news\\\/#\\\/schema\\\/person\\\/3df132515081baef5f0ea457e1dfcf6d\",\"name\":\"Ivana Brancaleone\",\"image\":{\"@type\":\"ImageObject\",\"inLanguage\":\"it-IT\",\"@id\":\"https:\\\/\\\/secure.gravatar.com\\\/avatar\\\/9f6d2be41a5115d34c5114a0a78ade583fa3a3bd63a144dfc88c9da356eca16c?s=96&d=mm&r=g\",\"url\":\"https:\\\/\\\/secure.gravatar.com\\\/avatar\\\/9f6d2be41a5115d34c5114a0a78ade583fa3a3bd63a144dfc88c9da356eca16c?s=96&d=mm&r=g\",\"contentUrl\":\"https:\\\/\\\/secure.gravatar.com\\\/avatar\\\/9f6d2be41a5115d34c5114a0a78ade583fa3a3bd63a144dfc88c9da356eca16c?s=96&d=mm&r=g\",\"caption\":\"Ivana Brancaleone\"},\"url\":\"https:\\\/\\\/www.studiobrancaleone.it\\\/news\\\/author\\\/ivanbra\\\/\"}]}<\/script>\r\n<!-- \/ Yoast SEO plugin. -->","yoast_head_json":{"title":"Corso: I fattori ESG nella Strategia Aziendale &#060; Studio Brancaleone","description":"Si segnala il nuovo Corso \"I fattori ESG nella Strategia Aziendale\" \u2013 I\u00b0 edizione 2024 organizzato da AICQ-ER \u2013 Associazione Italiana Cultura Qualit\u00e0 Emilia-Romagna che approfondir\u00e0 i temi sui fattori ESG e il Reporting di Sostenibilit\u00e0 secondo la Direttiva UE CSRD e\u00a0gli standard ESRS di EFRAG.","robots":{"index":"index","follow":"follow","max-snippet":"max-snippet:-1","max-image-preview":"max-image-preview:large","max-video-preview":"max-video-preview:-1"},"canonical":"https:\/\/www.studiobrancaleone.it\/news\/corso-i-fattori-esg-nella-strategia-aziendale\/","og_locale":"it_IT","og_type":"article","og_title":"Corso: I fattori ESG nella Strategia Aziendale &#060; Studio Brancaleone","og_description":"Si segnala il nuovo Corso \"I fattori ESG nella Strategia Aziendale\" \u2013 I\u00b0 edizione 2024 organizzato da AICQ-ER \u2013 Associazione Italiana Cultura Qualit\u00e0 Emilia-Romagna che approfondir\u00e0 i temi sui fattori ESG e il Reporting di Sostenibilit\u00e0 secondo la Direttiva UE CSRD e\u00a0gli standard ESRS di EFRAG.","og_url":"https:\/\/www.studiobrancaleone.it\/news\/corso-i-fattori-esg-nella-strategia-aziendale\/","og_site_name":"Studio Brancaleone","article_published_time":"2024-04-26T08:27:08+00:00","article_modified_time":"2024-04-26T08:27:15+00:00","author":"Ivana Brancaleone","twitter_card":"summary_large_image","twitter_misc":{"Scritto da":"Ivana Brancaleone","Tempo di lettura stimato":"3 minuti"},"schema":{"@context":"https:\/\/schema.org","@graph":[{"@type":"Article","@id":"https:\/\/www.studiobrancaleone.it\/news\/corso-i-fattori-esg-nella-strategia-aziendale\/#article","isPartOf":{"@id":"https:\/\/www.studiobrancaleone.it\/news\/corso-i-fattori-esg-nella-strategia-aziendale\/"},"author":{"name":"Ivana Brancaleone","@id":"https:\/\/www.studiobrancaleone.it\/news\/#\/schema\/person\/3df132515081baef5f0ea457e1dfcf6d"},"headline":"Corso: I fattori ESG nella Strategia Aziendale","datePublished":"2024-04-26T08:27:08+00:00","dateModified":"2024-04-26T08:27:15+00:00","mainEntityOfPage":{"@id":"https:\/\/www.studiobrancaleone.it\/news\/corso-i-fattori-esg-nella-strategia-aziendale\/"},"wordCount":446,"publisher":{"@id":"https:\/\/www.studiobrancaleone.it\/news\/#organization"},"keywords":["Ambiente","Sostenibilit\u00e0"],"articleSection":["Nazionali\/Ue"],"inLanguage":"it-IT"},{"@type":"WebPage","@id":"https:\/\/www.studiobrancaleone.it\/news\/corso-i-fattori-esg-nella-strategia-aziendale\/","url":"https:\/\/www.studiobrancaleone.it\/news\/corso-i-fattori-esg-nella-strategia-aziendale\/","name":"Corso: I fattori ESG nella Strategia Aziendale &#060; Studio Brancaleone","isPartOf":{"@id":"https:\/\/www.studiobrancaleone.it\/news\/#website"},"datePublished":"2024-04-26T08:27:08+00:00","dateModified":"2024-04-26T08:27:15+00:00","description":"Si segnala il nuovo Corso \"I fattori ESG nella Strategia Aziendale\" \u2013 I\u00b0 edizione 2024 organizzato da AICQ-ER \u2013 Associazione Italiana Cultura Qualit\u00e0 Emilia-Romagna che approfondir\u00e0 i temi sui fattori ESG e il Reporting di Sostenibilit\u00e0 secondo la Direttiva UE CSRD e\u00a0gli standard ESRS di EFRAG.","breadcrumb":{"@id":"https:\/\/www.studiobrancaleone.it\/news\/corso-i-fattori-esg-nella-strategia-aziendale\/#breadcrumb"},"inLanguage":"it-IT","potentialAction":[{"@type":"ReadAction","target":["https:\/\/www.studiobrancaleone.it\/news\/corso-i-fattori-esg-nella-strategia-aziendale\/"]}]},{"@type":"BreadcrumbList","@id":"https:\/\/www.studiobrancaleone.it\/news\/corso-i-fattori-esg-nella-strategia-aziendale\/#breadcrumb","itemListElement":[{"@type":"ListItem","position":1,"name":"Home","item":"https:\/\/www.studiobrancaleone.it\/news\/"},{"@type":"ListItem","position":2,"name":"Corso: I fattori ESG nella Strategia Aziendale"}]},{"@type":"WebSite","@id":"https:\/\/www.studiobrancaleone.it\/news\/#website","url":"https:\/\/www.studiobrancaleone.it\/news\/","name":"Studio Brancaleone","description":"Notizie giuridiche aggiornate regolarmente","publisher":{"@id":"https:\/\/www.studiobrancaleone.it\/news\/#organization"},"potentialAction":[{"@type":"SearchAction","target":{"@type":"EntryPoint","urlTemplate":"https:\/\/www.studiobrancaleone.it\/news\/?s={search_term_string}"},"query-input":{"@type":"PropertyValueSpecification","valueRequired":true,"valueName":"search_term_string"}}],"inLanguage":"it-IT"},{"@type":"Organization","@id":"https:\/\/www.studiobrancaleone.it\/news\/#organization","name":"Studio Brancaleone","url":"https:\/\/www.studiobrancaleone.it\/news\/","logo":{"@type":"ImageObject","inLanguage":"it-IT","@id":"https:\/\/www.studiobrancaleone.it\/news\/#\/schema\/logo\/image\/","url":"https:\/\/www.studiobrancaleone.it\/news\/wp-content\/uploads\/2025\/02\/Testata-sito-scaled.webp","contentUrl":"https:\/\/www.studiobrancaleone.it\/news\/wp-content\/uploads\/2025\/02\/Testata-sito-scaled.webp","width":2560,"height":481,"caption":"Studio Brancaleone"},"image":{"@id":"https:\/\/www.studiobrancaleone.it\/news\/#\/schema\/logo\/image\/"}},{"@type":"Person","@id":"https:\/\/www.studiobrancaleone.it\/news\/#\/schema\/person\/3df132515081baef5f0ea457e1dfcf6d","name":"Ivana Brancaleone","image":{"@type":"ImageObject","inLanguage":"it-IT","@id":"https:\/\/secure.gravatar.com\/avatar\/9f6d2be41a5115d34c5114a0a78ade583fa3a3bd63a144dfc88c9da356eca16c?s=96&d=mm&r=g","url":"https:\/\/secure.gravatar.com\/avatar\/9f6d2be41a5115d34c5114a0a78ade583fa3a3bd63a144dfc88c9da356eca16c?s=96&d=mm&r=g","contentUrl":"https:\/\/secure.gravatar.com\/avatar\/9f6d2be41a5115d34c5114a0a78ade583fa3a3bd63a144dfc88c9da356eca16c?s=96&d=mm&r=g","caption":"Ivana Brancaleone"},"url":"https:\/\/www.studiobrancaleone.it\/news\/author\/ivanbra\/"}]}},"uagb_featured_image_src":{"full":false,"thumbnail":false,"medium":false,"medium_large":false,"large":false,"1536x1536":false,"2048x2048":false},"uagb_author_info":{"display_name":"Ivana Brancaleone","author_link":"https:\/\/www.studiobrancaleone.it\/news\/author\/ivanbra\/"},"uagb_comment_info":0,"uagb_excerpt":"Si segnala il nuovo Corso &#8220;I fattori ESG nella Strategia Aziendale&#8221; \u2013 I\u00b0 edizione 2024 organizzato da AICQ-ER \u2013 Associazione Italiana Cultura Qualit\u00e0 Emilia-Romagna che approfondir\u00e0 i temi sui fattori ESG e il Reporting di Sostenibilit\u00e0 secondo la Direttiva UE CSRD e&nbsp;gli standard ESRS di EFRAG. Titolo Corso I fattori ESG nella Strategia Aziendale Descrizione&hellip;","_links":{"self":[{"href":"https:\/\/www.studiobrancaleone.it\/news\/wp-json\/wp\/v2\/posts\/13380","targetHints":{"allow":["GET"]}}],"collection":[{"href":"https:\/\/www.studiobrancaleone.it\/news\/wp-json\/wp\/v2\/posts"}],"about":[{"href":"https:\/\/www.studiobrancaleone.it\/news\/wp-json\/wp\/v2\/types\/post"}],"author":[{"embeddable":true,"href":"https:\/\/www.studiobrancaleone.it\/news\/wp-json\/wp\/v2\/users\/2"}],"replies":[{"embeddable":true,"href":"https:\/\/www.studiobrancaleone.it\/news\/wp-json\/wp\/v2\/comments?post=13380"}],"version-history":[{"count":0,"href":"https:\/\/www.studiobrancaleone.it\/news\/wp-json\/wp\/v2\/posts\/13380\/revisions"}],"wp:attachment":[{"href":"https:\/\/www.studiobrancaleone.it\/news\/wp-json\/wp\/v2\/media?parent=13380"}],"wp:term":[{"taxonomy":"category","embeddable":true,"href":"https:\/\/www.studiobrancaleone.it\/news\/wp-json\/wp\/v2\/categories?post=13380"},{"taxonomy":"post_tag","embeddable":true,"href":"https:\/\/www.studiobrancaleone.it\/news\/wp-json\/wp\/v2\/tags?post=13380"}],"curies":[{"name":"wp","href":"https:\/\/api.w.org\/{rel}","templated":true}]}}