{"id":13699,"date":"2024-05-21T16:16:13","date_gmt":"2024-05-21T14:16:13","guid":{"rendered":"https:\/\/www.studiobrancaleone.it\/news\/?p=13699"},"modified":"2024-05-21T16:16:18","modified_gmt":"2024-05-21T14:16:18","slug":"esenzione-nomina-consulente-adr-chiarimenti-del-mit","status":"publish","type":"post","link":"https:\/\/www.studiobrancaleone.it\/news\/esenzione-nomina-consulente-adr-chiarimenti-del-mit\/","title":{"rendered":"Esenzione nomina consulente ADR, chiarimenti del MIT"},"content":{"rendered":"\n<p>Il\u00a0Mit, con <strong>circolare 14 maggio 2024<\/strong>,\u00a0fornisce chiarimenti in merito all&#8217;<strong>applicazione del <a href=\"https:\/\/www.studiobrancaleone.it\/news\/consulenti-adr-casi-esenzione-nomina\/\">Dm 7 agosto 2023<\/a> inerente le condizioni di esenzione dalla nomina del Consulente ADR<\/strong>.<\/p>\n\n\n\n<p>In particolare, sono pervenuti al Mit quesiti sull&#8217;applicazione del <strong>dm 7 agosto 2023 che regolamenta l\u2019esenzione della nomina dei consulenti ADR<\/strong> per le imprese che svolgono attivit\u00e0 di spedizione o trasporto, oppure una o pi\u00f9 delle connesse attivit\u00e0 di imballaggio, carico, riempimento oppure scarico, di merci pericolose su strada in conformit\u00e0 a quanto previsto dal paragrafo 1.8.3.2 dell&#8217;ADR.<\/p>\n\n\n\n<p>La <strong>circolare <\/strong>tratta:<\/p>\n\n\n\n<ol class=\"wp-block-list\">\n<li><strong>Chiarimenti sull\u2019ambito di applicazione di cui all\u2019art. 2 del D.M.<\/strong> &#8211; Il dm si applica non solo alle imprese la cui attivit\u00e0 di spedizione, trasporto, imballaggio, carico, riempimento oppure scarico, di merci pericolose, sia svolta secondo una delle condizioni di esenzione descritte agli artt. 3, 4 e 5 del suddetto D.M., ma anche agli\u00a0<strong>operatori di stazioni di lavaggio cisterne o di officine di manutenzione, installatori di impianti<\/strong>\u00a0o simili, nella misura in cui tali attivit\u00e0 richiedano la movimentazione di merci pericolose o rifiuti pericolosi.<\/li>\n\n\n\n<li><strong>Casi di esclusione o esenzione totale di cui all\u2019art. 3 del D.M.<\/strong><\/li>\n\n\n\n<li><strong>Casi di esenzione parziale di cui all\u2019art. 4 del D.M.<\/strong><\/li>\n\n\n\n<li><strong>Registro \u2013 Art. 4 e 5 del D.M.<\/strong> &#8211; Non sono previste indicazioni specifiche per il registro che, in forma digitale o cartaceo, pu\u00f2 essere integrato con altri strumenti di gestione a condizione di essere costantemente e tempestivamente aggiornato con le informazioni minime richieste all\u2019art.4.<\/li>\n\n\n\n<li><strong>Spedizioni occasionali \u2013 Art. 5 del D.M.<\/strong> &#8211; Sono definite occasionali le attivit\u00e0 svolte secondo le limitazioni imposte dall\u2019art. 5 del D.M., anche se le operazioni consentite vengono svolte in maniera consecutiva nell\u2019arco dell\u2019anno solare.<\/li>\n\n\n\n<li><strong>Esenzione per esclusione \u2013 Art. 6 del D.M.<\/strong> &#8211; L\u2019ADR non prevede la nomina di un consulente per i destinatari ma la prevede per gli scaricatori con casi di esenzione.<\/li>\n\n\n\n<li><strong>Prescrizione di sicurezza e formazione\u2013 Art.7 del D.M.<\/strong><\/li>\n\n\n\n<li><strong>Responsabilit\u00e0<\/strong><\/li>\n<\/ol>\n\n\n\n<hr class=\"wp-block-separator has-text-color has-ast-global-color-0-color has-alpha-channel-opacity has-ast-global-color-0-background-color has-background is-style-wide\"\/>\n\n\n\n<p>Per approfondire, si rimanda alla circolare.<\/p>\n\n\n\n<h4 class=\"wp-block-heading\"><a href=\"https:\/\/www.mit.gov.it\/nfsmitgov\/files\/media\/normativa\/2024-05\/Circolare_protocollo_13921%20del%2014-05-2024.pdf\" target=\"_blank\" rel=\"noreferrer noopener\">Mit, Circolare 14 maggio 2024<\/a><\/h4>\n\n\n\n<p><em>Commenti e chiarimenti operativi all\u2019applicazione del D.M. 7 agosto 2023, inerente alle condizioni di esenzione dalla nomina del Consulente ADR.<\/em><\/p>\n","protected":false},"excerpt":{"rendered":"<p>Il\u00a0Mit, con circolare 14 maggio 2024,\u00a0fornisce chiarimenti in merito all&#8217;applicazione del Dm 7 agosto 2023 inerente le condizioni di esenzione dalla nomina del Consulente ADR. In particolare, sono pervenuti al Mit quesiti sull&#8217;applicazione del dm 7 agosto 2023 che regolamenta l\u2019esenzione della nomina dei consulenti ADR per le imprese che svolgono attivit\u00e0 di spedizione o [&hellip;]<\/p>\n","protected":false},"author":1,"featured_media":0,"comment_status":"closed","ping_status":"open","sticky":false,"template":"","format":"standard","meta":{"_uag_custom_page_level_css":"","site-sidebar-layout":"default","site-content-layout":"","ast-site-content-layout":"default","site-content-style":"default","site-sidebar-style":"default","ast-global-header-display":"","ast-banner-title-visibility":"","ast-main-header-display":"","ast-hfb-above-header-display":"","ast-hfb-below-header-display":"","ast-hfb-mobile-header-display":"","site-post-title":"","ast-breadcrumbs-content":"","ast-featured-img":"","footer-sml-layout":"","ast-disable-related-posts":"","theme-transparent-header-meta":"","adv-header-id-meta":"","stick-header-meta":"","header-above-stick-meta":"","header-main-stick-meta":"","header-below-stick-meta":"","astra-migrate-meta-layouts":"set","ast-page-background-enabled":"default","ast-page-background-meta":{"desktop":{"background-color":"var(--ast-global-color-4)","background-image":"","background-repeat":"repeat","background-position":"center center","background-size":"auto","background-attachment":"scroll","background-type":"","background-media":"","overlay-type":"","overlay-color":"","overlay-opacity":"","overlay-gradient":""},"tablet":{"background-color":"","background-image":"","background-repeat":"repeat","background-position":"center center","background-size":"auto","background-attachment":"scroll","background-type":"","background-media":"","overlay-type":"","overlay-color":"","overlay-opacity":"","overlay-gradient":""},"mobile":{"background-color":"","background-image":"","background-repeat":"repeat","background-position":"center center","background-size":"auto","background-attachment":"scroll","background-type":"","background-media":"","overlay-type":"","overlay-color":"","overlay-opacity":"","overlay-gradient":""}},"ast-content-background-meta":{"desktop":{"background-color":"var(--ast-global-color-5)","background-image":"","background-repeat":"repeat","background-position":"center center","background-size":"auto","background-attachment":"scroll","background-type":"","background-media":"","overlay-type":"","overlay-color":"","overlay-opacity":"","overlay-gradient":""},"tablet":{"background-color":"var(--ast-global-color-5)","background-image":"","background-repeat":"repeat","background-position":"center center","background-size":"auto","background-attachment":"scroll","background-type":"","background-media":"","overlay-type":"","overlay-color":"","overlay-opacity":"","overlay-gradient":""},"mobile":{"background-color":"var(--ast-global-color-5)","background-image":"","background-repeat":"repeat","background-position":"center center","background-size":"auto","background-attachment":"scroll","background-type":"","background-media":"","overlay-type":"","overlay-color":"","overlay-opacity":"","overlay-gradient":""}},"footnotes":""},"categories":[4],"tags":[32],"class_list":["post-13699","post","type-post","status-publish","format-standard","hentry","category-nazionali-ue","tag-rifiuti"],"yoast_head":"<!-- This site is optimized with the Yoast SEO plugin v27.5 - https:\/\/yoast.com\/product\/yoast-seo-wordpress\/ -->\r\n<title>Esenzione nomina consulente ADR, chiarimenti del MIT &#060; Studio Brancaleone<\/title>\r\n<meta name=\"description\" content=\"Il\u00a0Mit, con circolare 14 maggio 2024,\u00a0fornisce chiarimenti sull&#039;applicazione del Dm 7\/8\/2023 inerente le condizioni di esenzione dalla nomina del Consulente ADR.\" \/>\r\n<meta name=\"robots\" content=\"index, follow, max-snippet:-1, max-image-preview:large, max-video-preview:-1\" \/>\r\n<link rel=\"canonical\" href=\"https:\/\/www.studiobrancaleone.it\/news\/esenzione-nomina-consulente-adr-chiarimenti-del-mit\/\" \/>\r\n<meta property=\"og:locale\" content=\"it_IT\" \/>\r\n<meta property=\"og:type\" content=\"article\" \/>\r\n<meta property=\"og:title\" content=\"Esenzione nomina consulente ADR, chiarimenti del MIT &#060; Studio Brancaleone\" \/>\r\n<meta property=\"og:description\" content=\"Il\u00a0Mit, con circolare 14 maggio 2024,\u00a0fornisce chiarimenti sull&#039;applicazione del Dm 7\/8\/2023 inerente le condizioni di esenzione dalla nomina del Consulente ADR.\" \/>\r\n<meta property=\"og:url\" content=\"https:\/\/www.studiobrancaleone.it\/news\/esenzione-nomina-consulente-adr-chiarimenti-del-mit\/\" \/>\r\n<meta property=\"og:site_name\" content=\"Studio Brancaleone\" \/>\r\n<meta property=\"article:published_time\" content=\"2024-05-21T14:16:13+00:00\" \/>\r\n<meta property=\"article:modified_time\" content=\"2024-05-21T14:16:18+00:00\" \/>\r\n<meta name=\"author\" content=\"Giorgio Ferrari\" \/>\r\n<meta name=\"twitter:card\" content=\"summary_large_image\" \/>\r\n<meta name=\"twitter:label1\" content=\"Scritto da\" \/>\n\t<meta name=\"twitter:data1\" content=\"Giorgio Ferrari\" \/>\n\t<meta name=\"twitter:label2\" content=\"Tempo di lettura stimato\" \/>\n\t<meta name=\"twitter:data2\" content=\"2 minuti\" \/>\r\n<script type=\"application\/ld+json\" class=\"yoast-schema-graph\">{\"@context\":\"https:\\\/\\\/schema.org\",\"@graph\":[{\"@type\":\"Article\",\"@id\":\"https:\\\/\\\/www.studiobrancaleone.it\\\/news\\\/esenzione-nomina-consulente-adr-chiarimenti-del-mit\\\/#article\",\"isPartOf\":{\"@id\":\"https:\\\/\\\/www.studiobrancaleone.it\\\/news\\\/esenzione-nomina-consulente-adr-chiarimenti-del-mit\\\/\"},\"author\":{\"name\":\"Giorgio Ferrari\",\"@id\":\"https:\\\/\\\/www.studiobrancaleone.it\\\/news\\\/#\\\/schema\\\/person\\\/da5920864810e22fb65389a0a5cff7e3\"},\"headline\":\"Esenzione nomina consulente ADR, chiarimenti del MIT\",\"datePublished\":\"2024-05-21T14:16:13+00:00\",\"dateModified\":\"2024-05-21T14:16:18+00:00\",\"mainEntityOfPage\":{\"@id\":\"https:\\\/\\\/www.studiobrancaleone.it\\\/news\\\/esenzione-nomina-consulente-adr-chiarimenti-del-mit\\\/\"},\"wordCount\":351,\"publisher\":{\"@id\":\"https:\\\/\\\/www.studiobrancaleone.it\\\/news\\\/#organization\"},\"keywords\":[\"Rifiuti\"],\"articleSection\":[\"Nazionali\\\/Ue\"],\"inLanguage\":\"it-IT\"},{\"@type\":\"WebPage\",\"@id\":\"https:\\\/\\\/www.studiobrancaleone.it\\\/news\\\/esenzione-nomina-consulente-adr-chiarimenti-del-mit\\\/\",\"url\":\"https:\\\/\\\/www.studiobrancaleone.it\\\/news\\\/esenzione-nomina-consulente-adr-chiarimenti-del-mit\\\/\",\"name\":\"Esenzione nomina consulente ADR, chiarimenti del MIT &#060; Studio Brancaleone\",\"isPartOf\":{\"@id\":\"https:\\\/\\\/www.studiobrancaleone.it\\\/news\\\/#website\"},\"datePublished\":\"2024-05-21T14:16:13+00:00\",\"dateModified\":\"2024-05-21T14:16:18+00:00\",\"description\":\"Il\u00a0Mit, con circolare 14 maggio 2024,\u00a0fornisce chiarimenti sull'applicazione del Dm 7\\\/8\\\/2023 inerente le condizioni di esenzione dalla nomina del Consulente ADR.\",\"breadcrumb\":{\"@id\":\"https:\\\/\\\/www.studiobrancaleone.it\\\/news\\\/esenzione-nomina-consulente-adr-chiarimenti-del-mit\\\/#breadcrumb\"},\"inLanguage\":\"it-IT\",\"potentialAction\":[{\"@type\":\"ReadAction\",\"target\":[\"https:\\\/\\\/www.studiobrancaleone.it\\\/news\\\/esenzione-nomina-consulente-adr-chiarimenti-del-mit\\\/\"]}]},{\"@type\":\"BreadcrumbList\",\"@id\":\"https:\\\/\\\/www.studiobrancaleone.it\\\/news\\\/esenzione-nomina-consulente-adr-chiarimenti-del-mit\\\/#breadcrumb\",\"itemListElement\":[{\"@type\":\"ListItem\",\"position\":1,\"name\":\"Home\",\"item\":\"https:\\\/\\\/www.studiobrancaleone.it\\\/news\\\/\"},{\"@type\":\"ListItem\",\"position\":2,\"name\":\"Esenzione nomina consulente ADR, chiarimenti del MIT\"}]},{\"@type\":\"WebSite\",\"@id\":\"https:\\\/\\\/www.studiobrancaleone.it\\\/news\\\/#website\",\"url\":\"https:\\\/\\\/www.studiobrancaleone.it\\\/news\\\/\",\"name\":\"Studio Brancaleone\",\"description\":\"Notizie giuridiche aggiornate regolarmente\",\"publisher\":{\"@id\":\"https:\\\/\\\/www.studiobrancaleone.it\\\/news\\\/#organization\"},\"potentialAction\":[{\"@type\":\"SearchAction\",\"target\":{\"@type\":\"EntryPoint\",\"urlTemplate\":\"https:\\\/\\\/www.studiobrancaleone.it\\\/news\\\/?s={search_term_string}\"},\"query-input\":{\"@type\":\"PropertyValueSpecification\",\"valueRequired\":true,\"valueName\":\"search_term_string\"}}],\"inLanguage\":\"it-IT\"},{\"@type\":\"Organization\",\"@id\":\"https:\\\/\\\/www.studiobrancaleone.it\\\/news\\\/#organization\",\"name\":\"Studio Brancaleone\",\"url\":\"https:\\\/\\\/www.studiobrancaleone.it\\\/news\\\/\",\"logo\":{\"@type\":\"ImageObject\",\"inLanguage\":\"it-IT\",\"@id\":\"https:\\\/\\\/www.studiobrancaleone.it\\\/news\\\/#\\\/schema\\\/logo\\\/image\\\/\",\"url\":\"https:\\\/\\\/www.studiobrancaleone.it\\\/news\\\/wp-content\\\/uploads\\\/2025\\\/02\\\/Testata-sito-scaled.webp\",\"contentUrl\":\"https:\\\/\\\/www.studiobrancaleone.it\\\/news\\\/wp-content\\\/uploads\\\/2025\\\/02\\\/Testata-sito-scaled.webp\",\"width\":2560,\"height\":481,\"caption\":\"Studio Brancaleone\"},\"image\":{\"@id\":\"https:\\\/\\\/www.studiobrancaleone.it\\\/news\\\/#\\\/schema\\\/logo\\\/image\\\/\"}},{\"@type\":\"Person\",\"@id\":\"https:\\\/\\\/www.studiobrancaleone.it\\\/news\\\/#\\\/schema\\\/person\\\/da5920864810e22fb65389a0a5cff7e3\",\"name\":\"Giorgio Ferrari\",\"image\":{\"@type\":\"ImageObject\",\"inLanguage\":\"it-IT\",\"@id\":\"https:\\\/\\\/secure.gravatar.com\\\/avatar\\\/e5a8c666e3c03788ccd80843664b7c6eb2fb548eb37bb5cd6598134bf5d56ae1?s=96&d=mm&r=g\",\"url\":\"https:\\\/\\\/secure.gravatar.com\\\/avatar\\\/e5a8c666e3c03788ccd80843664b7c6eb2fb548eb37bb5cd6598134bf5d56ae1?s=96&d=mm&r=g\",\"contentUrl\":\"https:\\\/\\\/secure.gravatar.com\\\/avatar\\\/e5a8c666e3c03788ccd80843664b7c6eb2fb548eb37bb5cd6598134bf5d56ae1?s=96&d=mm&r=g\",\"caption\":\"Giorgio Ferrari\"},\"sameAs\":[\"https:\\\/\\\/www.studiobrancaleone.it\\\/news\"],\"url\":\"https:\\\/\\\/www.studiobrancaleone.it\\\/news\\\/author\\\/giorfer\\\/\"}]}<\/script>\r\n<!-- \/ Yoast SEO plugin. -->","yoast_head_json":{"title":"Esenzione nomina consulente ADR, chiarimenti del MIT &#060; Studio Brancaleone","description":"Il\u00a0Mit, con circolare 14 maggio 2024,\u00a0fornisce chiarimenti sull'applicazione del Dm 7\/8\/2023 inerente le condizioni di esenzione dalla nomina del Consulente ADR.","robots":{"index":"index","follow":"follow","max-snippet":"max-snippet:-1","max-image-preview":"max-image-preview:large","max-video-preview":"max-video-preview:-1"},"canonical":"https:\/\/www.studiobrancaleone.it\/news\/esenzione-nomina-consulente-adr-chiarimenti-del-mit\/","og_locale":"it_IT","og_type":"article","og_title":"Esenzione nomina consulente ADR, chiarimenti del MIT &#060; Studio Brancaleone","og_description":"Il\u00a0Mit, con circolare 14 maggio 2024,\u00a0fornisce chiarimenti sull'applicazione del Dm 7\/8\/2023 inerente le condizioni di esenzione dalla nomina del Consulente ADR.","og_url":"https:\/\/www.studiobrancaleone.it\/news\/esenzione-nomina-consulente-adr-chiarimenti-del-mit\/","og_site_name":"Studio Brancaleone","article_published_time":"2024-05-21T14:16:13+00:00","article_modified_time":"2024-05-21T14:16:18+00:00","author":"Giorgio Ferrari","twitter_card":"summary_large_image","twitter_misc":{"Scritto da":"Giorgio Ferrari","Tempo di lettura stimato":"2 minuti"},"schema":{"@context":"https:\/\/schema.org","@graph":[{"@type":"Article","@id":"https:\/\/www.studiobrancaleone.it\/news\/esenzione-nomina-consulente-adr-chiarimenti-del-mit\/#article","isPartOf":{"@id":"https:\/\/www.studiobrancaleone.it\/news\/esenzione-nomina-consulente-adr-chiarimenti-del-mit\/"},"author":{"name":"Giorgio Ferrari","@id":"https:\/\/www.studiobrancaleone.it\/news\/#\/schema\/person\/da5920864810e22fb65389a0a5cff7e3"},"headline":"Esenzione nomina consulente ADR, chiarimenti del MIT","datePublished":"2024-05-21T14:16:13+00:00","dateModified":"2024-05-21T14:16:18+00:00","mainEntityOfPage":{"@id":"https:\/\/www.studiobrancaleone.it\/news\/esenzione-nomina-consulente-adr-chiarimenti-del-mit\/"},"wordCount":351,"publisher":{"@id":"https:\/\/www.studiobrancaleone.it\/news\/#organization"},"keywords":["Rifiuti"],"articleSection":["Nazionali\/Ue"],"inLanguage":"it-IT"},{"@type":"WebPage","@id":"https:\/\/www.studiobrancaleone.it\/news\/esenzione-nomina-consulente-adr-chiarimenti-del-mit\/","url":"https:\/\/www.studiobrancaleone.it\/news\/esenzione-nomina-consulente-adr-chiarimenti-del-mit\/","name":"Esenzione nomina consulente ADR, chiarimenti del MIT &#060; Studio Brancaleone","isPartOf":{"@id":"https:\/\/www.studiobrancaleone.it\/news\/#website"},"datePublished":"2024-05-21T14:16:13+00:00","dateModified":"2024-05-21T14:16:18+00:00","description":"Il\u00a0Mit, con circolare 14 maggio 2024,\u00a0fornisce chiarimenti sull'applicazione del Dm 7\/8\/2023 inerente le condizioni di esenzione dalla nomina del Consulente ADR.","breadcrumb":{"@id":"https:\/\/www.studiobrancaleone.it\/news\/esenzione-nomina-consulente-adr-chiarimenti-del-mit\/#breadcrumb"},"inLanguage":"it-IT","potentialAction":[{"@type":"ReadAction","target":["https:\/\/www.studiobrancaleone.it\/news\/esenzione-nomina-consulente-adr-chiarimenti-del-mit\/"]}]},{"@type":"BreadcrumbList","@id":"https:\/\/www.studiobrancaleone.it\/news\/esenzione-nomina-consulente-adr-chiarimenti-del-mit\/#breadcrumb","itemListElement":[{"@type":"ListItem","position":1,"name":"Home","item":"https:\/\/www.studiobrancaleone.it\/news\/"},{"@type":"ListItem","position":2,"name":"Esenzione nomina consulente ADR, chiarimenti del MIT"}]},{"@type":"WebSite","@id":"https:\/\/www.studiobrancaleone.it\/news\/#website","url":"https:\/\/www.studiobrancaleone.it\/news\/","name":"Studio Brancaleone","description":"Notizie giuridiche aggiornate regolarmente","publisher":{"@id":"https:\/\/www.studiobrancaleone.it\/news\/#organization"},"potentialAction":[{"@type":"SearchAction","target":{"@type":"EntryPoint","urlTemplate":"https:\/\/www.studiobrancaleone.it\/news\/?s={search_term_string}"},"query-input":{"@type":"PropertyValueSpecification","valueRequired":true,"valueName":"search_term_string"}}],"inLanguage":"it-IT"},{"@type":"Organization","@id":"https:\/\/www.studiobrancaleone.it\/news\/#organization","name":"Studio Brancaleone","url":"https:\/\/www.studiobrancaleone.it\/news\/","logo":{"@type":"ImageObject","inLanguage":"it-IT","@id":"https:\/\/www.studiobrancaleone.it\/news\/#\/schema\/logo\/image\/","url":"https:\/\/www.studiobrancaleone.it\/news\/wp-content\/uploads\/2025\/02\/Testata-sito-scaled.webp","contentUrl":"https:\/\/www.studiobrancaleone.it\/news\/wp-content\/uploads\/2025\/02\/Testata-sito-scaled.webp","width":2560,"height":481,"caption":"Studio Brancaleone"},"image":{"@id":"https:\/\/www.studiobrancaleone.it\/news\/#\/schema\/logo\/image\/"}},{"@type":"Person","@id":"https:\/\/www.studiobrancaleone.it\/news\/#\/schema\/person\/da5920864810e22fb65389a0a5cff7e3","name":"Giorgio Ferrari","image":{"@type":"ImageObject","inLanguage":"it-IT","@id":"https:\/\/secure.gravatar.com\/avatar\/e5a8c666e3c03788ccd80843664b7c6eb2fb548eb37bb5cd6598134bf5d56ae1?s=96&d=mm&r=g","url":"https:\/\/secure.gravatar.com\/avatar\/e5a8c666e3c03788ccd80843664b7c6eb2fb548eb37bb5cd6598134bf5d56ae1?s=96&d=mm&r=g","contentUrl":"https:\/\/secure.gravatar.com\/avatar\/e5a8c666e3c03788ccd80843664b7c6eb2fb548eb37bb5cd6598134bf5d56ae1?s=96&d=mm&r=g","caption":"Giorgio Ferrari"},"sameAs":["https:\/\/www.studiobrancaleone.it\/news"],"url":"https:\/\/www.studiobrancaleone.it\/news\/author\/giorfer\/"}]}},"uagb_featured_image_src":{"full":false,"thumbnail":false,"medium":false,"medium_large":false,"large":false,"1536x1536":false,"2048x2048":false},"uagb_author_info":{"display_name":"Giorgio Ferrari","author_link":"https:\/\/www.studiobrancaleone.it\/news\/author\/giorfer\/"},"uagb_comment_info":0,"uagb_excerpt":"Il\u00a0Mit, con circolare 14 maggio 2024,\u00a0fornisce chiarimenti in merito all&#8217;applicazione del Dm 7 agosto 2023 inerente le condizioni di esenzione dalla nomina del Consulente ADR. In particolare, sono pervenuti al Mit quesiti sull&#8217;applicazione del dm 7 agosto 2023 che regolamenta l\u2019esenzione della nomina dei consulenti ADR per le imprese che svolgono attivit\u00e0 di spedizione o&hellip;","_links":{"self":[{"href":"https:\/\/www.studiobrancaleone.it\/news\/wp-json\/wp\/v2\/posts\/13699","targetHints":{"allow":["GET"]}}],"collection":[{"href":"https:\/\/www.studiobrancaleone.it\/news\/wp-json\/wp\/v2\/posts"}],"about":[{"href":"https:\/\/www.studiobrancaleone.it\/news\/wp-json\/wp\/v2\/types\/post"}],"author":[{"embeddable":true,"href":"https:\/\/www.studiobrancaleone.it\/news\/wp-json\/wp\/v2\/users\/1"}],"replies":[{"embeddable":true,"href":"https:\/\/www.studiobrancaleone.it\/news\/wp-json\/wp\/v2\/comments?post=13699"}],"version-history":[{"count":0,"href":"https:\/\/www.studiobrancaleone.it\/news\/wp-json\/wp\/v2\/posts\/13699\/revisions"}],"wp:attachment":[{"href":"https:\/\/www.studiobrancaleone.it\/news\/wp-json\/wp\/v2\/media?parent=13699"}],"wp:term":[{"taxonomy":"category","embeddable":true,"href":"https:\/\/www.studiobrancaleone.it\/news\/wp-json\/wp\/v2\/categories?post=13699"},{"taxonomy":"post_tag","embeddable":true,"href":"https:\/\/www.studiobrancaleone.it\/news\/wp-json\/wp\/v2\/tags?post=13699"}],"curies":[{"name":"wp","href":"https:\/\/api.w.org\/{rel}","templated":true}]}}