{"id":14181,"date":"2024-07-26T17:23:39","date_gmt":"2024-07-26T15:23:39","guid":{"rendered":"https:\/\/www.studiobrancaleone.it\/news\/?p=14181"},"modified":"2024-07-26T17:23:44","modified_gmt":"2024-07-26T15:23:44","slug":"cassazione-penale-condizioni-gestione-illecita-rifiuti","status":"publish","type":"post","link":"https:\/\/www.studiobrancaleone.it\/news\/cassazione-penale-condizioni-gestione-illecita-rifiuti\/","title":{"rendered":"Cassazione penale, condizioni gestione illecita rifiuti"},"content":{"rendered":"\n<p>La Corte di Cassazione, con la <strong>sentenza n. 28484\/2024<\/strong>, ha riassunto e ribadito le condizioni per la configurabilit\u00e0 del reato di <strong>gestione illecita di rifiuti<\/strong>, ex art. 256, D.lgs. 152\/2006.<\/p>\n\n\n\n<h2 class=\"wp-block-heading\">Sintesi<\/h2>\n\n\n\n<p>In sintesi, la Corte ha ribadito che il <strong>reato di gestione illecita dei rifiuti \u00e8 di natura istantanea<\/strong> e pu\u00f2 configurarsi anche a fronte <strong>anche di una sola condotta illecita<\/strong>, purch\u00e9 <strong>non assolutamente occasionale<\/strong>, e non rileva la qualifica soggettiva del responsabile, quindi <strong>anche non imprenditore<\/strong>.<\/p>\n\n\n\n<p>A tal riguardo, l&#8217;articolo 256, comma primo, del Dlgs 3 aprile 2006, n. 152, punisce <em>&#8220;chiunque effettua una attivit\u00e0 di raccolta, trasporto, recupero, smaltimento, commercio ed intermediazione di rifiuti in mancanza della prescritta autorizzazione, iscrizione o comunicazione&#8221;<\/em>.<\/p>\n\n\n\n<h2 class=\"wp-block-heading\">Reato istantaneo<\/h2>\n\n\n\n<p>La Corte ha precisato che stante la natura di <strong>illecito istantaneo<\/strong> della contravvenzione di cui all&#8217;art. 256, comma primo, del D.lgs. 3 aprile 2006, n. 152, <strong>anche, una sola condotta<\/strong> integrante una delle ipotesi alternative previste dalla norma ne consente il perfezionamento.<\/p>\n\n\n\n<p>L&#8217;illecito <strong>si consuma quindi in occasione di ogni singolo trasporto<\/strong> effettuato da soggetto non autorizzato, posto che una continuativa ed organizzata attivit\u00e0 abusiva di trasporti, ricorrendone gli altri presupposti, potrebbe invece integrare il ben pi\u00f9 grave delitto di cui all&#8217;art. 260, comma 1, D.Lgs. 152\/2006 (delitto di attivit\u00e0 organizzate per il traffico illecito di rifiuti, ora confluito nel nuovo articolo 452-quaterdecie del Codice Penale).<\/p>\n\n\n\n<p>Occorre tuttavia, pur sempre, che <strong>si tratti di un&#8217;attivit\u00e0 di &#8220;gestione&#8221; di rifiuti<\/strong>, dalla quale deve ritenersi esclusa la &#8220;assoluta occasionalit\u00e0&#8221;.<\/p>\n\n\n\n<h2 class=\"wp-block-heading\">Gestione rifiuti<\/h2>\n\n\n\n<p>La Corte ha precisato che, ai fini della configurabilit\u00e0 del reato <strong>non rileva la qualifica soggettiva del soggetto agente<\/strong> escludendo infatti che si tratti di un reato &#8220;proprio&#8221; dell&#8217;imprenditore, bens\u00ec evidenziando la concreta attivit\u00e0 posta in essere in assenza dei prescritti titoli abilitativi.<\/p>\n\n\n\n<p>Si \u00e8 quindi affermato che ove la &#8220;attivit\u00e0&#8221; effettivamente svolta rientri tra quelle indicate dalla norma, quand&#8217;anche posta in essere di fatto o in modo secondario o consequenziale all&#8217;esercizio di una attivit\u00e0 primaria diversa, <strong>integra<\/strong>, al di fuori dell&#8217;ipotesi di assoluta occasionalit\u00e0, la <strong>tipicit\u00e0 del reato di gestione abusiva<\/strong> quando sia svolta in <strong>assenza del prescritto titolo abilitativo<\/strong>.<\/p>\n\n\n\n<p>Del resto, la Corte ha evidenziato come <strong>la rilevanza della &#8220;assoluta occasionalit\u00e0&#8221; ai fini dell&#8217;esclusione della tipicit\u00e0<\/strong> deriva non gi\u00e0 da una arbitraria delimitazione interpretativa della norma, bens\u00ec <strong>dallo stesso tenore della fattispecie penale<\/strong>, che, punendo la &#8220;attivit\u00e0&#8221; di raccolta, trasporto, recupero, smaltimento, commercio ed intermediazione, <strong>concentra il disvalore d&#8217;azione su un complesso di azioni<\/strong>, che, pur non dovendo ricorrere congiuntamente, devono comunque essere<strong> indici di un minimum di organizzazione che ne lasci concretamente desumere la loro reiterazione<\/strong> cos\u00ec da escludere dall&#8217;orbita della rilevanza penale la condotta assolutamente estemporanea.<\/p>\n\n\n\n<h2 class=\"wp-block-heading\">Indici sintomatici<\/h2>\n\n\n\n<p>In relazione all&#8217;illecita gestione sono stati  posti in risalto degli <strong>indici sintomatici<\/strong>, quali, a titolo esemplificativo:<\/p>\n\n\n\n<ul class=\"wp-block-list\">\n<li>la provenienza del rifiuto da una attivit\u00e0 imprenditoriale esercitata da chi effettua o dispone l&#8217;abusiva gestione;<\/li>\n\n\n\n<li>la eterogeneit\u00e0 dei rifiuti gestiti;<\/li>\n\n\n\n<li>la necessit\u00e0 di un veicolo adeguato e funzionale all&#8217;attivit\u00e0 concretamente svolta;<\/li>\n\n\n\n<li>il numero dei soggetti coinvolti nell&#8217;attivit\u00e0;<\/li>\n\n\n\n<li>l&#8217;ingente quantit\u00e0 di rifiuti, denotante lo svolgimento di un&#8217;attivit\u00e0 implicante un minimum di organizzazione necessaria alla preliminare raccolta e cernita dei materiali;<\/li>\n\n\n\n<li>le caratteristiche del rifiuto, indicative di precedenti attivit\u00e0 preliminari di prelievo, raggruppamento, cernita, deposito.<\/li>\n<\/ul>\n\n\n\n<h2 class=\"wp-block-heading\">Trasporto rifiuti<\/h2>\n\n\n\n<p>Nel caso in cui il trasporto abusivo di rifiuti sia effettuato nell&#8217;ambito di attivit\u00e0 di impresa, poi, la Corte ha affermato che <strong>anche l&#8217;occasionale attivit\u00e0 di trasporto di rifiuti non pericolosi prodotti nell&#8217;esercizio della propria attivit\u00e0 d&#8217;impresa richiede l&#8217;iscrizione nell&#8217;Albo nazionale gestori ambientali<\/strong>, sia pur nell&#8217;apposita sezione di cui all&#8217;art. 212, comma 8, D.Lgs. 152\/2006\u00a0e secondo la procedura semplificata ivi descritta, che presuppone una comunicazione.<\/p>\n\n\n\n<p><strong>L&#8217;inadempimento<\/strong> di tali obblighi di comunicazione e iscrizione <strong>integra la contravvenzione<\/strong> di cui all&#8217;art. 256, comma 1, lett. a), D.Lgs. 152\/2006, secondo cui &#8220;nelle ipotesi di trasporti occasionali o episodici di rifiuti propri non pericolosi, risponde del reato di cui all&#8217;art. 256, comma primo, D.Lgs. n. 152 del 2006, chiunque vi provveda con mezzi propri e non autorizzati, anzich\u00e9 attraverso imprese esercenti servizi di smaltimento iscritte all&#8217;Albo nazionale dei gestori ambientali&#8221;.<\/p>\n\n\n\n<h2 class=\"wp-block-heading\">Assoluta occasionalit\u00e0<\/h2>\n\n\n\n<p>Conclusivamente, <strong>per escludere la rilevanza penale della condotta<\/strong> \u00e8 necessario che, nel caso concreto, <strong>non sia ravvisabile alcuna attivit\u00e0 di &#8220;gestione&#8221; dei rifiuti<\/strong>, circostanza che \u00e8 esclusa non gi\u00e0 nel caso di condotta caratterizzata da mera &#8220;occasionalit\u00e0&#8221;, bens\u00ec da &#8220;<strong>assoluta occasionalit\u00e0<\/strong>&#8221; (come, ad esempio, nel caso di soggetto privato che provveda al trasporto di rifiuti propri da portare in discarica).<\/p>\n\n\n\n<p>Ci\u00f2, soprattutto, ove il trasporto dei rifiuti avvenga nell&#8217;esercizio di attivit\u00e0 di impresa.<\/p>\n\n\n\n<h2 class=\"wp-block-heading\">Caso di specie<\/h2>\n\n\n\n<p>Nel caso di specie, per la Corte la sentenza impugnata risulta esente da vizi logici e si \u00e8 attenuta ai principi sopra esposti nel valutare la condotta degli imputati, operanti nell&#8217;ambito di attivit\u00e0 di impresa e trasportanti rifiuti che, <strong>per la loro quantit\u00e0 e natura<\/strong> (secondo una valutazione di merito), <strong>escludono la natura &#8220;assolutamente occasionale&#8221; del fatto<\/strong>.<\/p>\n\n\n\n<hr class=\"wp-block-separator has-text-color has-ast-global-color-0-color has-alpha-channel-opacity has-ast-global-color-0-background-color has-background is-style-wide\"\/>\n\n\n\n<p><\/p>\n","protected":false},"excerpt":{"rendered":"<p>La Corte di Cassazione, con la sentenza n. 28484\/2024, ha riassunto e ribadito le condizioni per la configurabilit\u00e0 del reato di gestione illecita di rifiuti, ex art. 256, D.lgs. 152\/2006. Sintesi In sintesi, la Corte ha ribadito che il reato di gestione illecita dei rifiuti \u00e8 di natura istantanea e pu\u00f2 configurarsi anche a fronte [&hellip;]<\/p>\n","protected":false},"author":1,"featured_media":0,"comment_status":"closed","ping_status":"open","sticky":false,"template":"","format":"standard","meta":{"_uag_custom_page_level_css":"","site-sidebar-layout":"default","site-content-layout":"","ast-site-content-layout":"default","site-content-style":"default","site-sidebar-style":"default","ast-global-header-display":"","ast-banner-title-visibility":"","ast-main-header-display":"","ast-hfb-above-header-display":"","ast-hfb-below-header-display":"","ast-hfb-mobile-header-display":"","site-post-title":"","ast-breadcrumbs-content":"","ast-featured-img":"","footer-sml-layout":"","ast-disable-related-posts":"","theme-transparent-header-meta":"","adv-header-id-meta":"","stick-header-meta":"","header-above-stick-meta":"","header-main-stick-meta":"","header-below-stick-meta":"","astra-migrate-meta-layouts":"set","ast-page-background-enabled":"default","ast-page-background-meta":{"desktop":{"background-color":"var(--ast-global-color-4)","background-image":"","background-repeat":"repeat","background-position":"center center","background-size":"auto","background-attachment":"scroll","background-type":"","background-media":"","overlay-type":"","overlay-color":"","overlay-opacity":"","overlay-gradient":""},"tablet":{"background-color":"","background-image":"","background-repeat":"repeat","background-position":"center center","background-size":"auto","background-attachment":"scroll","background-type":"","background-media":"","overlay-type":"","overlay-color":"","overlay-opacity":"","overlay-gradient":""},"mobile":{"background-color":"","background-image":"","background-repeat":"repeat","background-position":"center center","background-size":"auto","background-attachment":"scroll","background-type":"","background-media":"","overlay-type":"","overlay-color":"","overlay-opacity":"","overlay-gradient":""}},"ast-content-background-meta":{"desktop":{"background-color":"var(--ast-global-color-5)","background-image":"","background-repeat":"repeat","background-position":"center center","background-size":"auto","background-attachment":"scroll","background-type":"","background-media":"","overlay-type":"","overlay-color":"","overlay-opacity":"","overlay-gradient":""},"tablet":{"background-color":"var(--ast-global-color-5)","background-image":"","background-repeat":"repeat","background-position":"center center","background-size":"auto","background-attachment":"scroll","background-type":"","background-media":"","overlay-type":"","overlay-color":"","overlay-opacity":"","overlay-gradient":""},"mobile":{"background-color":"var(--ast-global-color-5)","background-image":"","background-repeat":"repeat","background-position":"center center","background-size":"auto","background-attachment":"scroll","background-type":"","background-media":"","overlay-type":"","overlay-color":"","overlay-opacity":"","overlay-gradient":""}},"footnotes":""},"categories":[9],"tags":[32],"class_list":["post-14181","post","type-post","status-publish","format-standard","hentry","category-giurisprudenza","tag-rifiuti"],"yoast_head":"<!-- This site is optimized with the Yoast SEO plugin v27.5 - https:\/\/yoast.com\/product\/yoast-seo-wordpress\/ -->\r\n<title>Cassazione penale, condizioni gestione illecita rifiuti &#060; Studio Brancaleone<\/title>\r\n<meta name=\"description\" content=\"La Cassazione, con la sentenza n. 28484\/2024, ha riassunto e ribadito le condizioni per la configurabilit\u00e0 del reato di gestione illecita di rifiuti, ex art. 256, D.lgs. 152\/2006.\" \/>\r\n<meta name=\"robots\" content=\"index, follow, max-snippet:-1, max-image-preview:large, max-video-preview:-1\" \/>\r\n<link rel=\"canonical\" href=\"https:\/\/www.studiobrancaleone.it\/news\/cassazione-penale-condizioni-gestione-illecita-rifiuti\/\" \/>\r\n<meta property=\"og:locale\" content=\"it_IT\" \/>\r\n<meta property=\"og:type\" content=\"article\" \/>\r\n<meta property=\"og:title\" content=\"Cassazione penale, condizioni gestione illecita rifiuti &#060; Studio Brancaleone\" \/>\r\n<meta property=\"og:description\" content=\"La Cassazione, con la sentenza n. 28484\/2024, ha riassunto e ribadito le condizioni per la configurabilit\u00e0 del reato di gestione illecita di rifiuti, ex art. 256, D.lgs. 152\/2006.\" \/>\r\n<meta property=\"og:url\" content=\"https:\/\/www.studiobrancaleone.it\/news\/cassazione-penale-condizioni-gestione-illecita-rifiuti\/\" \/>\r\n<meta property=\"og:site_name\" content=\"Studio Brancaleone\" \/>\r\n<meta property=\"article:published_time\" content=\"2024-07-26T15:23:39+00:00\" \/>\r\n<meta property=\"article:modified_time\" content=\"2024-07-26T15:23:44+00:00\" \/>\r\n<meta name=\"author\" content=\"Giorgio Ferrari\" \/>\r\n<meta name=\"twitter:card\" content=\"summary_large_image\" \/>\r\n<meta name=\"twitter:label1\" content=\"Scritto da\" \/>\n\t<meta name=\"twitter:data1\" content=\"Giorgio Ferrari\" \/>\n\t<meta name=\"twitter:label2\" content=\"Tempo di lettura stimato\" \/>\n\t<meta name=\"twitter:data2\" content=\"5 minuti\" \/>\r\n<script type=\"application\/ld+json\" class=\"yoast-schema-graph\">{\"@context\":\"https:\\\/\\\/schema.org\",\"@graph\":[{\"@type\":\"Article\",\"@id\":\"https:\\\/\\\/www.studiobrancaleone.it\\\/news\\\/cassazione-penale-condizioni-gestione-illecita-rifiuti\\\/#article\",\"isPartOf\":{\"@id\":\"https:\\\/\\\/www.studiobrancaleone.it\\\/news\\\/cassazione-penale-condizioni-gestione-illecita-rifiuti\\\/\"},\"author\":{\"name\":\"Giorgio Ferrari\",\"@id\":\"https:\\\/\\\/www.studiobrancaleone.it\\\/news\\\/#\\\/schema\\\/person\\\/da5920864810e22fb65389a0a5cff7e3\"},\"headline\":\"Cassazione penale, condizioni gestione illecita rifiuti\",\"datePublished\":\"2024-07-26T15:23:39+00:00\",\"dateModified\":\"2024-07-26T15:23:44+00:00\",\"mainEntityOfPage\":{\"@id\":\"https:\\\/\\\/www.studiobrancaleone.it\\\/news\\\/cassazione-penale-condizioni-gestione-illecita-rifiuti\\\/\"},\"wordCount\":817,\"publisher\":{\"@id\":\"https:\\\/\\\/www.studiobrancaleone.it\\\/news\\\/#organization\"},\"keywords\":[\"Rifiuti\"],\"articleSection\":[\"Giurisprudenza\"],\"inLanguage\":\"it-IT\"},{\"@type\":\"WebPage\",\"@id\":\"https:\\\/\\\/www.studiobrancaleone.it\\\/news\\\/cassazione-penale-condizioni-gestione-illecita-rifiuti\\\/\",\"url\":\"https:\\\/\\\/www.studiobrancaleone.it\\\/news\\\/cassazione-penale-condizioni-gestione-illecita-rifiuti\\\/\",\"name\":\"Cassazione penale, condizioni gestione illecita rifiuti &#060; Studio Brancaleone\",\"isPartOf\":{\"@id\":\"https:\\\/\\\/www.studiobrancaleone.it\\\/news\\\/#website\"},\"datePublished\":\"2024-07-26T15:23:39+00:00\",\"dateModified\":\"2024-07-26T15:23:44+00:00\",\"description\":\"La Cassazione, con la sentenza n. 28484\\\/2024, ha riassunto e ribadito le condizioni per la configurabilit\u00e0 del reato di gestione illecita di rifiuti, ex art. 256, D.lgs. 152\\\/2006.\",\"breadcrumb\":{\"@id\":\"https:\\\/\\\/www.studiobrancaleone.it\\\/news\\\/cassazione-penale-condizioni-gestione-illecita-rifiuti\\\/#breadcrumb\"},\"inLanguage\":\"it-IT\",\"potentialAction\":[{\"@type\":\"ReadAction\",\"target\":[\"https:\\\/\\\/www.studiobrancaleone.it\\\/news\\\/cassazione-penale-condizioni-gestione-illecita-rifiuti\\\/\"]}]},{\"@type\":\"BreadcrumbList\",\"@id\":\"https:\\\/\\\/www.studiobrancaleone.it\\\/news\\\/cassazione-penale-condizioni-gestione-illecita-rifiuti\\\/#breadcrumb\",\"itemListElement\":[{\"@type\":\"ListItem\",\"position\":1,\"name\":\"Home\",\"item\":\"https:\\\/\\\/www.studiobrancaleone.it\\\/news\\\/\"},{\"@type\":\"ListItem\",\"position\":2,\"name\":\"Cassazione penale, condizioni gestione illecita rifiuti\"}]},{\"@type\":\"WebSite\",\"@id\":\"https:\\\/\\\/www.studiobrancaleone.it\\\/news\\\/#website\",\"url\":\"https:\\\/\\\/www.studiobrancaleone.it\\\/news\\\/\",\"name\":\"Studio Brancaleone\",\"description\":\"Notizie giuridiche aggiornate regolarmente\",\"publisher\":{\"@id\":\"https:\\\/\\\/www.studiobrancaleone.it\\\/news\\\/#organization\"},\"potentialAction\":[{\"@type\":\"SearchAction\",\"target\":{\"@type\":\"EntryPoint\",\"urlTemplate\":\"https:\\\/\\\/www.studiobrancaleone.it\\\/news\\\/?s={search_term_string}\"},\"query-input\":{\"@type\":\"PropertyValueSpecification\",\"valueRequired\":true,\"valueName\":\"search_term_string\"}}],\"inLanguage\":\"it-IT\"},{\"@type\":\"Organization\",\"@id\":\"https:\\\/\\\/www.studiobrancaleone.it\\\/news\\\/#organization\",\"name\":\"Studio Brancaleone\",\"url\":\"https:\\\/\\\/www.studiobrancaleone.it\\\/news\\\/\",\"logo\":{\"@type\":\"ImageObject\",\"inLanguage\":\"it-IT\",\"@id\":\"https:\\\/\\\/www.studiobrancaleone.it\\\/news\\\/#\\\/schema\\\/logo\\\/image\\\/\",\"url\":\"https:\\\/\\\/www.studiobrancaleone.it\\\/news\\\/wp-content\\\/uploads\\\/2025\\\/02\\\/Testata-sito-scaled.webp\",\"contentUrl\":\"https:\\\/\\\/www.studiobrancaleone.it\\\/news\\\/wp-content\\\/uploads\\\/2025\\\/02\\\/Testata-sito-scaled.webp\",\"width\":2560,\"height\":481,\"caption\":\"Studio Brancaleone\"},\"image\":{\"@id\":\"https:\\\/\\\/www.studiobrancaleone.it\\\/news\\\/#\\\/schema\\\/logo\\\/image\\\/\"}},{\"@type\":\"Person\",\"@id\":\"https:\\\/\\\/www.studiobrancaleone.it\\\/news\\\/#\\\/schema\\\/person\\\/da5920864810e22fb65389a0a5cff7e3\",\"name\":\"Giorgio Ferrari\",\"image\":{\"@type\":\"ImageObject\",\"inLanguage\":\"it-IT\",\"@id\":\"https:\\\/\\\/secure.gravatar.com\\\/avatar\\\/e5a8c666e3c03788ccd80843664b7c6eb2fb548eb37bb5cd6598134bf5d56ae1?s=96&d=mm&r=g\",\"url\":\"https:\\\/\\\/secure.gravatar.com\\\/avatar\\\/e5a8c666e3c03788ccd80843664b7c6eb2fb548eb37bb5cd6598134bf5d56ae1?s=96&d=mm&r=g\",\"contentUrl\":\"https:\\\/\\\/secure.gravatar.com\\\/avatar\\\/e5a8c666e3c03788ccd80843664b7c6eb2fb548eb37bb5cd6598134bf5d56ae1?s=96&d=mm&r=g\",\"caption\":\"Giorgio Ferrari\"},\"sameAs\":[\"https:\\\/\\\/www.studiobrancaleone.it\\\/news\"],\"url\":\"https:\\\/\\\/www.studiobrancaleone.it\\\/news\\\/author\\\/giorfer\\\/\"}]}<\/script>\r\n<!-- \/ Yoast SEO plugin. -->","yoast_head_json":{"title":"Cassazione penale, condizioni gestione illecita rifiuti &#060; Studio Brancaleone","description":"La Cassazione, con la sentenza n. 28484\/2024, ha riassunto e ribadito le condizioni per la configurabilit\u00e0 del reato di gestione illecita di rifiuti, ex art. 256, D.lgs. 152\/2006.","robots":{"index":"index","follow":"follow","max-snippet":"max-snippet:-1","max-image-preview":"max-image-preview:large","max-video-preview":"max-video-preview:-1"},"canonical":"https:\/\/www.studiobrancaleone.it\/news\/cassazione-penale-condizioni-gestione-illecita-rifiuti\/","og_locale":"it_IT","og_type":"article","og_title":"Cassazione penale, condizioni gestione illecita rifiuti &#060; Studio Brancaleone","og_description":"La Cassazione, con la sentenza n. 28484\/2024, ha riassunto e ribadito le condizioni per la configurabilit\u00e0 del reato di gestione illecita di rifiuti, ex art. 256, D.lgs. 152\/2006.","og_url":"https:\/\/www.studiobrancaleone.it\/news\/cassazione-penale-condizioni-gestione-illecita-rifiuti\/","og_site_name":"Studio Brancaleone","article_published_time":"2024-07-26T15:23:39+00:00","article_modified_time":"2024-07-26T15:23:44+00:00","author":"Giorgio Ferrari","twitter_card":"summary_large_image","twitter_misc":{"Scritto da":"Giorgio Ferrari","Tempo di lettura stimato":"5 minuti"},"schema":{"@context":"https:\/\/schema.org","@graph":[{"@type":"Article","@id":"https:\/\/www.studiobrancaleone.it\/news\/cassazione-penale-condizioni-gestione-illecita-rifiuti\/#article","isPartOf":{"@id":"https:\/\/www.studiobrancaleone.it\/news\/cassazione-penale-condizioni-gestione-illecita-rifiuti\/"},"author":{"name":"Giorgio Ferrari","@id":"https:\/\/www.studiobrancaleone.it\/news\/#\/schema\/person\/da5920864810e22fb65389a0a5cff7e3"},"headline":"Cassazione penale, condizioni gestione illecita rifiuti","datePublished":"2024-07-26T15:23:39+00:00","dateModified":"2024-07-26T15:23:44+00:00","mainEntityOfPage":{"@id":"https:\/\/www.studiobrancaleone.it\/news\/cassazione-penale-condizioni-gestione-illecita-rifiuti\/"},"wordCount":817,"publisher":{"@id":"https:\/\/www.studiobrancaleone.it\/news\/#organization"},"keywords":["Rifiuti"],"articleSection":["Giurisprudenza"],"inLanguage":"it-IT"},{"@type":"WebPage","@id":"https:\/\/www.studiobrancaleone.it\/news\/cassazione-penale-condizioni-gestione-illecita-rifiuti\/","url":"https:\/\/www.studiobrancaleone.it\/news\/cassazione-penale-condizioni-gestione-illecita-rifiuti\/","name":"Cassazione penale, condizioni gestione illecita rifiuti &#060; Studio Brancaleone","isPartOf":{"@id":"https:\/\/www.studiobrancaleone.it\/news\/#website"},"datePublished":"2024-07-26T15:23:39+00:00","dateModified":"2024-07-26T15:23:44+00:00","description":"La Cassazione, con la sentenza n. 28484\/2024, ha riassunto e ribadito le condizioni per la configurabilit\u00e0 del reato di gestione illecita di rifiuti, ex art. 256, D.lgs. 152\/2006.","breadcrumb":{"@id":"https:\/\/www.studiobrancaleone.it\/news\/cassazione-penale-condizioni-gestione-illecita-rifiuti\/#breadcrumb"},"inLanguage":"it-IT","potentialAction":[{"@type":"ReadAction","target":["https:\/\/www.studiobrancaleone.it\/news\/cassazione-penale-condizioni-gestione-illecita-rifiuti\/"]}]},{"@type":"BreadcrumbList","@id":"https:\/\/www.studiobrancaleone.it\/news\/cassazione-penale-condizioni-gestione-illecita-rifiuti\/#breadcrumb","itemListElement":[{"@type":"ListItem","position":1,"name":"Home","item":"https:\/\/www.studiobrancaleone.it\/news\/"},{"@type":"ListItem","position":2,"name":"Cassazione penale, condizioni gestione illecita rifiuti"}]},{"@type":"WebSite","@id":"https:\/\/www.studiobrancaleone.it\/news\/#website","url":"https:\/\/www.studiobrancaleone.it\/news\/","name":"Studio Brancaleone","description":"Notizie giuridiche aggiornate regolarmente","publisher":{"@id":"https:\/\/www.studiobrancaleone.it\/news\/#organization"},"potentialAction":[{"@type":"SearchAction","target":{"@type":"EntryPoint","urlTemplate":"https:\/\/www.studiobrancaleone.it\/news\/?s={search_term_string}"},"query-input":{"@type":"PropertyValueSpecification","valueRequired":true,"valueName":"search_term_string"}}],"inLanguage":"it-IT"},{"@type":"Organization","@id":"https:\/\/www.studiobrancaleone.it\/news\/#organization","name":"Studio Brancaleone","url":"https:\/\/www.studiobrancaleone.it\/news\/","logo":{"@type":"ImageObject","inLanguage":"it-IT","@id":"https:\/\/www.studiobrancaleone.it\/news\/#\/schema\/logo\/image\/","url":"https:\/\/www.studiobrancaleone.it\/news\/wp-content\/uploads\/2025\/02\/Testata-sito-scaled.webp","contentUrl":"https:\/\/www.studiobrancaleone.it\/news\/wp-content\/uploads\/2025\/02\/Testata-sito-scaled.webp","width":2560,"height":481,"caption":"Studio Brancaleone"},"image":{"@id":"https:\/\/www.studiobrancaleone.it\/news\/#\/schema\/logo\/image\/"}},{"@type":"Person","@id":"https:\/\/www.studiobrancaleone.it\/news\/#\/schema\/person\/da5920864810e22fb65389a0a5cff7e3","name":"Giorgio Ferrari","image":{"@type":"ImageObject","inLanguage":"it-IT","@id":"https:\/\/secure.gravatar.com\/avatar\/e5a8c666e3c03788ccd80843664b7c6eb2fb548eb37bb5cd6598134bf5d56ae1?s=96&d=mm&r=g","url":"https:\/\/secure.gravatar.com\/avatar\/e5a8c666e3c03788ccd80843664b7c6eb2fb548eb37bb5cd6598134bf5d56ae1?s=96&d=mm&r=g","contentUrl":"https:\/\/secure.gravatar.com\/avatar\/e5a8c666e3c03788ccd80843664b7c6eb2fb548eb37bb5cd6598134bf5d56ae1?s=96&d=mm&r=g","caption":"Giorgio Ferrari"},"sameAs":["https:\/\/www.studiobrancaleone.it\/news"],"url":"https:\/\/www.studiobrancaleone.it\/news\/author\/giorfer\/"}]}},"uagb_featured_image_src":{"full":false,"thumbnail":false,"medium":false,"medium_large":false,"large":false,"1536x1536":false,"2048x2048":false},"uagb_author_info":{"display_name":"Giorgio Ferrari","author_link":"https:\/\/www.studiobrancaleone.it\/news\/author\/giorfer\/"},"uagb_comment_info":0,"uagb_excerpt":"La Corte di Cassazione, con la sentenza n. 28484\/2024, ha riassunto e ribadito le condizioni per la configurabilit\u00e0 del reato di gestione illecita di rifiuti, ex art. 256, D.lgs. 152\/2006. Sintesi In sintesi, la Corte ha ribadito che il reato di gestione illecita dei rifiuti \u00e8 di natura istantanea e pu\u00f2 configurarsi anche a fronte&hellip;","_links":{"self":[{"href":"https:\/\/www.studiobrancaleone.it\/news\/wp-json\/wp\/v2\/posts\/14181","targetHints":{"allow":["GET"]}}],"collection":[{"href":"https:\/\/www.studiobrancaleone.it\/news\/wp-json\/wp\/v2\/posts"}],"about":[{"href":"https:\/\/www.studiobrancaleone.it\/news\/wp-json\/wp\/v2\/types\/post"}],"author":[{"embeddable":true,"href":"https:\/\/www.studiobrancaleone.it\/news\/wp-json\/wp\/v2\/users\/1"}],"replies":[{"embeddable":true,"href":"https:\/\/www.studiobrancaleone.it\/news\/wp-json\/wp\/v2\/comments?post=14181"}],"version-history":[{"count":0,"href":"https:\/\/www.studiobrancaleone.it\/news\/wp-json\/wp\/v2\/posts\/14181\/revisions"}],"wp:attachment":[{"href":"https:\/\/www.studiobrancaleone.it\/news\/wp-json\/wp\/v2\/media?parent=14181"}],"wp:term":[{"taxonomy":"category","embeddable":true,"href":"https:\/\/www.studiobrancaleone.it\/news\/wp-json\/wp\/v2\/categories?post=14181"},{"taxonomy":"post_tag","embeddable":true,"href":"https:\/\/www.studiobrancaleone.it\/news\/wp-json\/wp\/v2\/tags?post=14181"}],"curies":[{"name":"wp","href":"https:\/\/api.w.org\/{rel}","templated":true}]}}