{"id":14456,"date":"2024-09-11T15:22:57","date_gmt":"2024-09-11T13:22:57","guid":{"rendered":"https:\/\/www.studiobrancaleone.it\/news\/?p=14456"},"modified":"2025-08-19T19:06:01","modified_gmt":"2025-08-19T17:06:01","slug":"rendicontazione-societaria-di-sostenibilita-in-gazzetta-il-dlgs","status":"publish","type":"post","link":"https:\/\/www.studiobrancaleone.it\/news\/rendicontazione-societaria-di-sostenibilita-in-gazzetta-il-dlgs\/","title":{"rendered":"Rendicontazione societaria di sostenibilit\u00e0, in Gazzetta il dlgs"},"content":{"rendered":"\n<p>Pubblicato nella GU del 10 settembre 2024 il&nbsp;<strong>D.lgs. 125\/2024<\/strong>&nbsp;di recepimento della <a href=\"https:\/\/www.studiobrancaleone.it\/news\/rendicontazione-sostenibilita-pubblicata-direttiva-csr\/\"><strong>Direttiva UE 2022\/2464\/UE<\/strong><\/a> (c.d. Corporate Sustainability Reporting Directive &#8211; CSRD) sulla&nbsp;<strong>rendicontazione societaria di sostenibilit\u00e0<\/strong>.<\/p>\n\n\n\t\t\t\t<div class=\"wp-block-uagb-table-of-contents uagb-toc__align-left uagb-toc__columns-1  uagb-block-25c618d0      \"\n\t\t\t\t\tdata-scroll= \"1\"\n\t\t\t\t\tdata-offset= \"30\"\n\t\t\t\t\tstyle=\"\"\n\t\t\t\t>\n\t\t\t\t<div class=\"uagb-toc__wrap\">\n\t\t\t\t\t\t<div class=\"uagb-toc__title\">\n\t\t\t\t\t\t\tSommario\t\t\t\t\t\t<\/div>\n\t\t\t\t\t\t\t\t\t\t\t\t\t\t\t\t\t\t\t\t\t\t<div class=\"uagb-toc__list-wrap \">\n\t\t\t\t\t\t<ol class=\"uagb-toc__list\"><li class=\"uagb-toc__list\"><a href=\"#sintesi\" class=\"uagb-toc-link__trigger\">Sintesi<\/a><li class=\"uagb-toc__list\"><a href=\"#soggetti-obbligati\" class=\"uagb-toc-link__trigger\">Soggetti obbligati<\/a><li class=\"uagb-toc__list\"><a href=\"#applicazione\" class=\"uagb-toc-link__trigger\">Applicazione<\/a><li class=\"uagb-toc__list\"><a href=\"#aggiornamento\" class=\"uagb-toc-link__trigger\">Aggiornamento<\/a><li class=\"uagb-toc__list\"><a href=\"#testo\" class=\"uagb-toc-link__trigger\">Testo<\/a><ul class=\"uagb-toc__list\"><li class=\"uagb-toc__list\"><a href=\"#decreto-legislativo-6-settembre-2024-n-125\" class=\"uagb-toc-link__trigger\">Decreto Legislativo 6 settembre 2024, n. 125\u00a0<\/a><\/ul><\/ol>\t\t\t\t\t<\/div>\n\t\t\t\t\t\t\t\t\t<\/div>\n\t\t\t\t<\/div>\n\t\t\t\n\n\n<h2 class=\"wp-block-heading\">Sintesi<\/h2>\n\n\n\n<p>Il d.lgs. 125\/2024, in vigore dal 25 settembre 2024, introduce <strong>requisiti di rendicontazione<\/strong> pi\u00f9 dettagliati attraverso l&#8217;obbligo per le grandi societ\u00e0 e le PMI quotate di pubblicare informazioni su questioni rilevanti ai fini della sostenibilit\u00e0 in materia ambientale, sociale e di governance societaria \u2013 ESG.<\/p>\n\n\n\n<p>Il provvedimento in sintesi <strong>disciplina<\/strong>:<\/p>\n\n\n\n<ul class=\"wp-block-list\">\n<li>le tipologie di societ\u00e0 alle quali si rivolge il decreto;<\/li>\n\n\n\n<li>i contenuti da inserire nella relazione individuale e in quella consolidata;<\/li>\n\n\n\n<li>l&#8217;attestazione sulla conformit\u00e0 della rendicontazione;<\/li>\n\n\n\n<li>il regime delle responsabilit\u00e0 e delle sanzioni.<\/li>\n<\/ul>\n\n\n\n<p>Il decreto, per dare attuazione alla direttiva CSRD, apporta anche <strong>modifiche <\/strong>alla disciplina sugli obblighi di rendicontazione, in particolare al:<\/p>\n\n\n\n<ul class=\"wp-block-list\">\n<li>decreto legislativo 27 gennaio 2010, n. 39 &#8211; Revisioni legali dei conti annuali e dei conti consolidati&nbsp;<em>(art. 9)<\/em>;<\/li>\n\n\n\n<li>decreto legislativo 24 febbraio 1998, n. 58 &#8211; Testo unico delle disposizioni in materia di intermediazione finanziaria <em>(art. 12)<\/em>;<\/li>\n\n\n\n<li>decreto legislativo 7 settembre 2005, n. 209 &#8211; Codice delle assicurazioni private&nbsp;<em>(art. 13)<\/em>;<\/li>\n\n\n\n<li>decreto legislativo 18 agosto 2015, n. 136 &#8211; Bilanci d&#8217;esercizio, bilanci consolidati e le relative relazioni di talune tipologie di imprese&nbsp;<em>(art. 14);<\/em><\/li>\n\n\n\n<li>decreto legislativo 30 dicembre 2016, n. 254 &#8211; Comunicazione di informazioni di carattere non finanziario e di informazioni sulla diversit\u00e0 da parte di talune imprese e di taluni gruppi di grandi dimensioni&nbsp;<em>(abrogato, art. 17)<\/em>.<\/li>\n<\/ul>\n\n\n\n<h2 class=\"wp-block-heading\">Soggetti obbligati<\/h2>\n\n\n\n<p>Il decreto legislativo (art. 2) si applica alle <strong>societ\u00e0 costituite nella forma giuridica<\/strong> della societ\u00e0 per azioni, della societ\u00e0 in accomandita per azioni, della societ\u00e0 a responsabilit\u00e0 limitata nonch\u00e9 della societ\u00e0 in nome collettivo e della societ\u00e0 in accomandita semplice qualora le stesse abbiano quali soci le societ\u00e0 costituite nelle forme dell&#8217;allegato I alla direttiva 2013\/34\/UE, o, se non disciplinate dal diritto di uno Stato membro, che&nbsp; abbiano forma giuridica comparabile a quelle indicate nel predetto allegato I.<\/p>\n\n\n\n<p>Inoltre, si <strong>applica <\/strong>&#8211; indipendentemente dalla loro forma giuridica &#8211; alle imprese di assicurazione (di cui all\u2019art. 88 comma 1 e 95 del decreto legislativo 7 settembre 2005, n. 209) e agli enti creditizi di cui all\u2019articolo 4, paragrafo 1, punto 1), del regolamento (UE) n. 575\/2013.<\/p>\n\n\n\n<p><strong>Non rientrano fra i soggetti obbligati<\/strong> alla rendicontazione:<\/p>\n\n\n\n<ul class=\"wp-block-list\">\n<li>la Banca d\u2019Italia;<\/li>\n\n\n\n<li>specifici prodotti finanziari;<\/li>\n\n\n\n<li>le micro-imprese, anche qualora queste abbiano valori mobiliari ammessi alla negoziazione su mercati regolamentati italiani o dell\u2019Unione europea;<\/li>\n\n\n\n<li>Cassa depositi e prestiti S.p.A. \u00e8 tenuta a fare esclusivo riferimento alle informazioni relative alle societ\u00e0 sulle quali essa esercita attivit\u00e0 di direzione e coordinamento, e alle societ\u00e0 sulle quali queste ultime esercitano tale attivit\u00e0.<\/li>\n<\/ul>\n\n\n\n<h2 class=\"wp-block-heading\">Applicazione<\/h2>\n\n\n\n<p>Le  disposizioni del decreto si applicano:<\/p>\n\n\n\n<figure class=\"wp-block-table\"><table class=\"has-fixed-layout\"><tbody><tr><td><strong>Inizio di esercizio<\/strong><\/td><td><strong>Soggetti obbligati<\/strong><\/td><\/tr><tr><td><strong>1\u00b0 gennaio 2024 o data successiva<\/strong><\/td><td>1) Imprese di grandi dimensioni che costituiscono enti di interesse pubblico con oltre 500 dipendenti medi nell\u2019esercizio. <br>2) Enti di interesse pubblico ai sensi dell\u2019art. 16, comma 1, del D.lgs. 27 gennaio 2010, n. 39, che sono societ\u00e0 madri di gruppi di grandi dimensioni con oltre 500 dipendenti medi nell\u2019esercizio su base consolidata.<\/td><\/tr><tr><td><strong>1\u00b0 gennaio <s>2025<\/s> 2027* o data successiva<\/strong><\/td><td>1) Imprese di grandi dimensioni diverse da quelle del punto precedente. <br>2) Societ\u00e0 madri diverse da quelle del punto precedente.<\/td><\/tr><tr><td><strong>1\u00b0 gennaio <s>2026<\/s> 2028* o data successiva<\/strong><\/td><td>1) Piccole e medie imprese quotate (escluse le micro-imprese). <br>2) Enti piccoli e non complessi secondo l\u2019art. 4 del Regolamento (UE) n. 575\/2013, purch\u00e9 siano imprese di grandi dimensioni o PMI quotate (escluse micro-imprese). <br>3) Imprese di assicurazione e riassicurazione captive, secondo la Direttiva 2009\/138\/CE, purch\u00e9 siano imprese di grandi dimensioni o PMI quotate (escluse micro-imprese).<\/td><\/tr><tr><td><strong>1\u00b0 gennaio 2028 o data successiva<\/strong><\/td><td>Le disposizioni di cui all\u2019articolo 5 (Relazione di sostenibilit\u00e0 delle imprese di paesi terzi) si applicano a partire da questa data.<\/td><\/tr><\/tbody><\/table><\/figure>\n\n\n\n<h2 class=\"wp-block-heading\">Aggiornamento<\/h2>\n\n\n\n<p>Il decreto legislativo \u00e8 stato modifica dalla *<strong><a href=\"https:\/\/www.studiobrancaleone.it\/news\/rendicontazione-societaria-di-sostenibilita-nuove-disposizioni\/\">Legge\u00a08 agosto 2025, n. 118<\/a><\/strong>, di conversione del dl n. 95\/2025.<\/p>\n\n\n\n<hr class=\"wp-block-separator has-text-color has-ast-global-color-0-color has-alpha-channel-opacity has-ast-global-color-0-background-color has-background is-style-wide\"\/>\n\n\n\n<h2 class=\"wp-block-heading\">Testo<\/h2>\n\n\n\n<h4 class=\"wp-block-heading\"><a href=\"https:\/\/www.gazzettaufficiale.it\/atto\/serie_generale\/caricaDettaglioAtto\/originario?atto.dataPubblicazioneGazzetta=2024-09-10&amp;atto.codiceRedazionale=24G00145&amp;elenco30giorni=true\" target=\"_blank\" rel=\"noreferrer noopener\">Decreto Legislativo 6 settembre 2024, n. 125&nbsp;<\/a><\/h4>\n\n\n\n<p><em>Attuazione della direttiva 2022\/2464\/UE del Parlamento europeo e del Consiglio del 14 dicembre 2022, recante modifica del regolamento 537\/2014\/UE, della direttiva 2004\/109\/CE, della direttiva 2006\/43\/CE e della direttiva 2013\/34\/UE per quanto riguarda la rendicontazione societaria di sostenibilit\u00e0.&nbsp;<\/em><\/p>\n\n\n\n<p><\/p>\n","protected":false},"excerpt":{"rendered":"<p>Pubblicato nella GU del 10 settembre 2024 il&nbsp;D.lgs. 125\/2024&nbsp;di recepimento della Direttiva UE 2022\/2464\/UE (c.d. Corporate Sustainability Reporting Directive &#8211; CSRD) sulla&nbsp;rendicontazione societaria di sostenibilit\u00e0. Sintesi Il d.lgs. 125\/2024, in vigore dal 25 settembre 2024, introduce requisiti di rendicontazione pi\u00f9 dettagliati attraverso l&#8217;obbligo per le grandi societ\u00e0 e le PMI quotate di pubblicare informazioni su [&hellip;]<\/p>\n","protected":false},"author":1,"featured_media":0,"comment_status":"closed","ping_status":"open","sticky":false,"template":"","format":"standard","meta":{"_uag_custom_page_level_css":"","site-sidebar-layout":"default","site-content-layout":"","ast-site-content-layout":"default","site-content-style":"default","site-sidebar-style":"default","ast-global-header-display":"","ast-banner-title-visibility":"","ast-main-header-display":"","ast-hfb-above-header-display":"","ast-hfb-below-header-display":"","ast-hfb-mobile-header-display":"","site-post-title":"","ast-breadcrumbs-content":"","ast-featured-img":"","footer-sml-layout":"","ast-disable-related-posts":"","theme-transparent-header-meta":"","adv-header-id-meta":"","stick-header-meta":"","header-above-stick-meta":"","header-main-stick-meta":"","header-below-stick-meta":"","astra-migrate-meta-layouts":"set","ast-page-background-enabled":"default","ast-page-background-meta":{"desktop":{"background-color":"var(--ast-global-color-4)","background-image":"","background-repeat":"repeat","background-position":"center center","background-size":"auto","background-attachment":"scroll","background-type":"","background-media":"","overlay-type":"","overlay-color":"","overlay-opacity":"","overlay-gradient":""},"tablet":{"background-color":"","background-image":"","background-repeat":"repeat","background-position":"center center","background-size":"auto","background-attachment":"scroll","background-type":"","background-media":"","overlay-type":"","overlay-color":"","overlay-opacity":"","overlay-gradient":""},"mobile":{"background-color":"","background-image":"","background-repeat":"repeat","background-position":"center center","background-size":"auto","background-attachment":"scroll","background-type":"","background-media":"","overlay-type":"","overlay-color":"","overlay-opacity":"","overlay-gradient":""}},"ast-content-background-meta":{"desktop":{"background-color":"var(--ast-global-color-5)","background-image":"","background-repeat":"repeat","background-position":"center center","background-size":"auto","background-attachment":"scroll","background-type":"","background-media":"","overlay-type":"","overlay-color":"","overlay-opacity":"","overlay-gradient":""},"tablet":{"background-color":"var(--ast-global-color-5)","background-image":"","background-repeat":"repeat","background-position":"center center","background-size":"auto","background-attachment":"scroll","background-type":"","background-media":"","overlay-type":"","overlay-color":"","overlay-opacity":"","overlay-gradient":""},"mobile":{"background-color":"var(--ast-global-color-5)","background-image":"","background-repeat":"repeat","background-position":"center center","background-size":"auto","background-attachment":"scroll","background-type":"","background-media":"","overlay-type":"","overlay-color":"","overlay-opacity":"","overlay-gradient":""}},"footnotes":""},"categories":[4],"tags":[122,142],"class_list":["post-14456","post","type-post","status-publish","format-standard","hentry","category-nazionali-ue","tag-ambiente","tag-sostenibilita"],"yoast_head":"<!-- This site is optimized with the Yoast SEO plugin v27.5 - https:\/\/yoast.com\/product\/yoast-seo-wordpress\/ -->\r\n<title>Rendicontazione societaria di sostenibilit\u00e0, in Gazzetta il dlgs &#060; Studio Brancaleone<\/title>\r\n<meta name=\"description\" content=\"Pubblicato nella GU il\u00a0D.lgs. 125\/2024\u00a0di recepimento della Direttiva UE 2022\/2464\/UE (c.d. Corporate Sustainability Reporting Directive - CSRD) sulla\u00a0rendicontazione societaria di sostenibilit\u00e0.\" \/>\r\n<meta name=\"robots\" content=\"index, follow, max-snippet:-1, max-image-preview:large, max-video-preview:-1\" \/>\r\n<link rel=\"canonical\" href=\"https:\/\/www.studiobrancaleone.it\/news\/rendicontazione-societaria-di-sostenibilita-in-gazzetta-il-dlgs\/\" \/>\r\n<meta property=\"og:locale\" content=\"it_IT\" \/>\r\n<meta property=\"og:type\" content=\"article\" \/>\r\n<meta property=\"og:title\" content=\"Rendicontazione societaria di sostenibilit\u00e0, in Gazzetta il dlgs &#060; Studio Brancaleone\" \/>\r\n<meta property=\"og:description\" content=\"Pubblicato nella GU il\u00a0D.lgs. 125\/2024\u00a0di recepimento della Direttiva UE 2022\/2464\/UE (c.d. Corporate Sustainability Reporting Directive - CSRD) sulla\u00a0rendicontazione societaria di sostenibilit\u00e0.\" \/>\r\n<meta property=\"og:url\" content=\"https:\/\/www.studiobrancaleone.it\/news\/rendicontazione-societaria-di-sostenibilita-in-gazzetta-il-dlgs\/\" \/>\r\n<meta property=\"og:site_name\" content=\"Studio Brancaleone\" \/>\r\n<meta property=\"article:published_time\" content=\"2024-09-11T13:22:57+00:00\" \/>\r\n<meta property=\"article:modified_time\" content=\"2025-08-19T17:06:01+00:00\" \/>\r\n<meta name=\"author\" content=\"Giorgio Ferrari\" \/>\r\n<meta name=\"twitter:card\" content=\"summary_large_image\" \/>\r\n<meta name=\"twitter:label1\" content=\"Scritto da\" \/>\n\t<meta name=\"twitter:data1\" content=\"Giorgio Ferrari\" \/>\n\t<meta name=\"twitter:label2\" content=\"Tempo di lettura stimato\" \/>\n\t<meta name=\"twitter:data2\" content=\"4 minuti\" \/>\r\n<script type=\"application\/ld+json\" class=\"yoast-schema-graph\">{\"@context\":\"https:\\\/\\\/schema.org\",\"@graph\":[{\"@type\":\"Article\",\"@id\":\"https:\\\/\\\/www.studiobrancaleone.it\\\/news\\\/rendicontazione-societaria-di-sostenibilita-in-gazzetta-il-dlgs\\\/#article\",\"isPartOf\":{\"@id\":\"https:\\\/\\\/www.studiobrancaleone.it\\\/news\\\/rendicontazione-societaria-di-sostenibilita-in-gazzetta-il-dlgs\\\/\"},\"author\":{\"name\":\"Giorgio Ferrari\",\"@id\":\"https:\\\/\\\/www.studiobrancaleone.it\\\/news\\\/#\\\/schema\\\/person\\\/da5920864810e22fb65389a0a5cff7e3\"},\"headline\":\"Rendicontazione societaria di sostenibilit\u00e0, in Gazzetta il dlgs\",\"datePublished\":\"2024-09-11T13:22:57+00:00\",\"dateModified\":\"2025-08-19T17:06:01+00:00\",\"mainEntityOfPage\":{\"@id\":\"https:\\\/\\\/www.studiobrancaleone.it\\\/news\\\/rendicontazione-societaria-di-sostenibilita-in-gazzetta-il-dlgs\\\/\"},\"wordCount\":650,\"publisher\":{\"@id\":\"https:\\\/\\\/www.studiobrancaleone.it\\\/news\\\/#organization\"},\"keywords\":[\"Ambiente\",\"Sostenibilit\u00e0\"],\"articleSection\":[\"Nazionali\\\/Ue\"],\"inLanguage\":\"it-IT\"},{\"@type\":\"WebPage\",\"@id\":\"https:\\\/\\\/www.studiobrancaleone.it\\\/news\\\/rendicontazione-societaria-di-sostenibilita-in-gazzetta-il-dlgs\\\/\",\"url\":\"https:\\\/\\\/www.studiobrancaleone.it\\\/news\\\/rendicontazione-societaria-di-sostenibilita-in-gazzetta-il-dlgs\\\/\",\"name\":\"Rendicontazione societaria di sostenibilit\u00e0, in Gazzetta il dlgs &#060; Studio Brancaleone\",\"isPartOf\":{\"@id\":\"https:\\\/\\\/www.studiobrancaleone.it\\\/news\\\/#website\"},\"datePublished\":\"2024-09-11T13:22:57+00:00\",\"dateModified\":\"2025-08-19T17:06:01+00:00\",\"description\":\"Pubblicato nella GU il\u00a0D.lgs. 125\\\/2024\u00a0di recepimento della Direttiva UE 2022\\\/2464\\\/UE (c.d. Corporate Sustainability Reporting Directive - CSRD) sulla\u00a0rendicontazione societaria di sostenibilit\u00e0.\",\"breadcrumb\":{\"@id\":\"https:\\\/\\\/www.studiobrancaleone.it\\\/news\\\/rendicontazione-societaria-di-sostenibilita-in-gazzetta-il-dlgs\\\/#breadcrumb\"},\"inLanguage\":\"it-IT\",\"potentialAction\":[{\"@type\":\"ReadAction\",\"target\":[\"https:\\\/\\\/www.studiobrancaleone.it\\\/news\\\/rendicontazione-societaria-di-sostenibilita-in-gazzetta-il-dlgs\\\/\"]}]},{\"@type\":\"BreadcrumbList\",\"@id\":\"https:\\\/\\\/www.studiobrancaleone.it\\\/news\\\/rendicontazione-societaria-di-sostenibilita-in-gazzetta-il-dlgs\\\/#breadcrumb\",\"itemListElement\":[{\"@type\":\"ListItem\",\"position\":1,\"name\":\"Home\",\"item\":\"https:\\\/\\\/www.studiobrancaleone.it\\\/news\\\/\"},{\"@type\":\"ListItem\",\"position\":2,\"name\":\"Rendicontazione societaria di sostenibilit\u00e0, in Gazzetta il dlgs\"}]},{\"@type\":\"WebSite\",\"@id\":\"https:\\\/\\\/www.studiobrancaleone.it\\\/news\\\/#website\",\"url\":\"https:\\\/\\\/www.studiobrancaleone.it\\\/news\\\/\",\"name\":\"Studio Brancaleone\",\"description\":\"Notizie giuridiche aggiornate regolarmente\",\"publisher\":{\"@id\":\"https:\\\/\\\/www.studiobrancaleone.it\\\/news\\\/#organization\"},\"potentialAction\":[{\"@type\":\"SearchAction\",\"target\":{\"@type\":\"EntryPoint\",\"urlTemplate\":\"https:\\\/\\\/www.studiobrancaleone.it\\\/news\\\/?s={search_term_string}\"},\"query-input\":{\"@type\":\"PropertyValueSpecification\",\"valueRequired\":true,\"valueName\":\"search_term_string\"}}],\"inLanguage\":\"it-IT\"},{\"@type\":\"Organization\",\"@id\":\"https:\\\/\\\/www.studiobrancaleone.it\\\/news\\\/#organization\",\"name\":\"Studio Brancaleone\",\"url\":\"https:\\\/\\\/www.studiobrancaleone.it\\\/news\\\/\",\"logo\":{\"@type\":\"ImageObject\",\"inLanguage\":\"it-IT\",\"@id\":\"https:\\\/\\\/www.studiobrancaleone.it\\\/news\\\/#\\\/schema\\\/logo\\\/image\\\/\",\"url\":\"https:\\\/\\\/www.studiobrancaleone.it\\\/news\\\/wp-content\\\/uploads\\\/2025\\\/02\\\/Testata-sito-scaled.webp\",\"contentUrl\":\"https:\\\/\\\/www.studiobrancaleone.it\\\/news\\\/wp-content\\\/uploads\\\/2025\\\/02\\\/Testata-sito-scaled.webp\",\"width\":2560,\"height\":481,\"caption\":\"Studio Brancaleone\"},\"image\":{\"@id\":\"https:\\\/\\\/www.studiobrancaleone.it\\\/news\\\/#\\\/schema\\\/logo\\\/image\\\/\"}},{\"@type\":\"Person\",\"@id\":\"https:\\\/\\\/www.studiobrancaleone.it\\\/news\\\/#\\\/schema\\\/person\\\/da5920864810e22fb65389a0a5cff7e3\",\"name\":\"Giorgio Ferrari\",\"image\":{\"@type\":\"ImageObject\",\"inLanguage\":\"it-IT\",\"@id\":\"https:\\\/\\\/secure.gravatar.com\\\/avatar\\\/e5a8c666e3c03788ccd80843664b7c6eb2fb548eb37bb5cd6598134bf5d56ae1?s=96&d=mm&r=g\",\"url\":\"https:\\\/\\\/secure.gravatar.com\\\/avatar\\\/e5a8c666e3c03788ccd80843664b7c6eb2fb548eb37bb5cd6598134bf5d56ae1?s=96&d=mm&r=g\",\"contentUrl\":\"https:\\\/\\\/secure.gravatar.com\\\/avatar\\\/e5a8c666e3c03788ccd80843664b7c6eb2fb548eb37bb5cd6598134bf5d56ae1?s=96&d=mm&r=g\",\"caption\":\"Giorgio Ferrari\"},\"sameAs\":[\"https:\\\/\\\/www.studiobrancaleone.it\\\/news\"],\"url\":\"https:\\\/\\\/www.studiobrancaleone.it\\\/news\\\/author\\\/giorfer\\\/\"}]}<\/script>\r\n<!-- \/ Yoast SEO plugin. -->","yoast_head_json":{"title":"Rendicontazione societaria di sostenibilit\u00e0, in Gazzetta il dlgs &#060; Studio Brancaleone","description":"Pubblicato nella GU il\u00a0D.lgs. 125\/2024\u00a0di recepimento della Direttiva UE 2022\/2464\/UE (c.d. Corporate Sustainability Reporting Directive - CSRD) sulla\u00a0rendicontazione societaria di sostenibilit\u00e0.","robots":{"index":"index","follow":"follow","max-snippet":"max-snippet:-1","max-image-preview":"max-image-preview:large","max-video-preview":"max-video-preview:-1"},"canonical":"https:\/\/www.studiobrancaleone.it\/news\/rendicontazione-societaria-di-sostenibilita-in-gazzetta-il-dlgs\/","og_locale":"it_IT","og_type":"article","og_title":"Rendicontazione societaria di sostenibilit\u00e0, in Gazzetta il dlgs &#060; Studio Brancaleone","og_description":"Pubblicato nella GU il\u00a0D.lgs. 125\/2024\u00a0di recepimento della Direttiva UE 2022\/2464\/UE (c.d. Corporate Sustainability Reporting Directive - CSRD) sulla\u00a0rendicontazione societaria di sostenibilit\u00e0.","og_url":"https:\/\/www.studiobrancaleone.it\/news\/rendicontazione-societaria-di-sostenibilita-in-gazzetta-il-dlgs\/","og_site_name":"Studio Brancaleone","article_published_time":"2024-09-11T13:22:57+00:00","article_modified_time":"2025-08-19T17:06:01+00:00","author":"Giorgio Ferrari","twitter_card":"summary_large_image","twitter_misc":{"Scritto da":"Giorgio Ferrari","Tempo di lettura stimato":"4 minuti"},"schema":{"@context":"https:\/\/schema.org","@graph":[{"@type":"Article","@id":"https:\/\/www.studiobrancaleone.it\/news\/rendicontazione-societaria-di-sostenibilita-in-gazzetta-il-dlgs\/#article","isPartOf":{"@id":"https:\/\/www.studiobrancaleone.it\/news\/rendicontazione-societaria-di-sostenibilita-in-gazzetta-il-dlgs\/"},"author":{"name":"Giorgio Ferrari","@id":"https:\/\/www.studiobrancaleone.it\/news\/#\/schema\/person\/da5920864810e22fb65389a0a5cff7e3"},"headline":"Rendicontazione societaria di sostenibilit\u00e0, in Gazzetta il dlgs","datePublished":"2024-09-11T13:22:57+00:00","dateModified":"2025-08-19T17:06:01+00:00","mainEntityOfPage":{"@id":"https:\/\/www.studiobrancaleone.it\/news\/rendicontazione-societaria-di-sostenibilita-in-gazzetta-il-dlgs\/"},"wordCount":650,"publisher":{"@id":"https:\/\/www.studiobrancaleone.it\/news\/#organization"},"keywords":["Ambiente","Sostenibilit\u00e0"],"articleSection":["Nazionali\/Ue"],"inLanguage":"it-IT"},{"@type":"WebPage","@id":"https:\/\/www.studiobrancaleone.it\/news\/rendicontazione-societaria-di-sostenibilita-in-gazzetta-il-dlgs\/","url":"https:\/\/www.studiobrancaleone.it\/news\/rendicontazione-societaria-di-sostenibilita-in-gazzetta-il-dlgs\/","name":"Rendicontazione societaria di sostenibilit\u00e0, in Gazzetta il dlgs &#060; Studio Brancaleone","isPartOf":{"@id":"https:\/\/www.studiobrancaleone.it\/news\/#website"},"datePublished":"2024-09-11T13:22:57+00:00","dateModified":"2025-08-19T17:06:01+00:00","description":"Pubblicato nella GU il\u00a0D.lgs. 125\/2024\u00a0di recepimento della Direttiva UE 2022\/2464\/UE (c.d. Corporate Sustainability Reporting Directive - CSRD) sulla\u00a0rendicontazione societaria di sostenibilit\u00e0.","breadcrumb":{"@id":"https:\/\/www.studiobrancaleone.it\/news\/rendicontazione-societaria-di-sostenibilita-in-gazzetta-il-dlgs\/#breadcrumb"},"inLanguage":"it-IT","potentialAction":[{"@type":"ReadAction","target":["https:\/\/www.studiobrancaleone.it\/news\/rendicontazione-societaria-di-sostenibilita-in-gazzetta-il-dlgs\/"]}]},{"@type":"BreadcrumbList","@id":"https:\/\/www.studiobrancaleone.it\/news\/rendicontazione-societaria-di-sostenibilita-in-gazzetta-il-dlgs\/#breadcrumb","itemListElement":[{"@type":"ListItem","position":1,"name":"Home","item":"https:\/\/www.studiobrancaleone.it\/news\/"},{"@type":"ListItem","position":2,"name":"Rendicontazione societaria di sostenibilit\u00e0, in Gazzetta il dlgs"}]},{"@type":"WebSite","@id":"https:\/\/www.studiobrancaleone.it\/news\/#website","url":"https:\/\/www.studiobrancaleone.it\/news\/","name":"Studio Brancaleone","description":"Notizie giuridiche aggiornate regolarmente","publisher":{"@id":"https:\/\/www.studiobrancaleone.it\/news\/#organization"},"potentialAction":[{"@type":"SearchAction","target":{"@type":"EntryPoint","urlTemplate":"https:\/\/www.studiobrancaleone.it\/news\/?s={search_term_string}"},"query-input":{"@type":"PropertyValueSpecification","valueRequired":true,"valueName":"search_term_string"}}],"inLanguage":"it-IT"},{"@type":"Organization","@id":"https:\/\/www.studiobrancaleone.it\/news\/#organization","name":"Studio Brancaleone","url":"https:\/\/www.studiobrancaleone.it\/news\/","logo":{"@type":"ImageObject","inLanguage":"it-IT","@id":"https:\/\/www.studiobrancaleone.it\/news\/#\/schema\/logo\/image\/","url":"https:\/\/www.studiobrancaleone.it\/news\/wp-content\/uploads\/2025\/02\/Testata-sito-scaled.webp","contentUrl":"https:\/\/www.studiobrancaleone.it\/news\/wp-content\/uploads\/2025\/02\/Testata-sito-scaled.webp","width":2560,"height":481,"caption":"Studio Brancaleone"},"image":{"@id":"https:\/\/www.studiobrancaleone.it\/news\/#\/schema\/logo\/image\/"}},{"@type":"Person","@id":"https:\/\/www.studiobrancaleone.it\/news\/#\/schema\/person\/da5920864810e22fb65389a0a5cff7e3","name":"Giorgio Ferrari","image":{"@type":"ImageObject","inLanguage":"it-IT","@id":"https:\/\/secure.gravatar.com\/avatar\/e5a8c666e3c03788ccd80843664b7c6eb2fb548eb37bb5cd6598134bf5d56ae1?s=96&d=mm&r=g","url":"https:\/\/secure.gravatar.com\/avatar\/e5a8c666e3c03788ccd80843664b7c6eb2fb548eb37bb5cd6598134bf5d56ae1?s=96&d=mm&r=g","contentUrl":"https:\/\/secure.gravatar.com\/avatar\/e5a8c666e3c03788ccd80843664b7c6eb2fb548eb37bb5cd6598134bf5d56ae1?s=96&d=mm&r=g","caption":"Giorgio Ferrari"},"sameAs":["https:\/\/www.studiobrancaleone.it\/news"],"url":"https:\/\/www.studiobrancaleone.it\/news\/author\/giorfer\/"}]}},"uagb_featured_image_src":{"full":false,"thumbnail":false,"medium":false,"medium_large":false,"large":false,"1536x1536":false,"2048x2048":false},"uagb_author_info":{"display_name":"Giorgio Ferrari","author_link":"https:\/\/www.studiobrancaleone.it\/news\/author\/giorfer\/"},"uagb_comment_info":0,"uagb_excerpt":"Pubblicato nella GU del 10 settembre 2024 il&nbsp;D.lgs. 125\/2024&nbsp;di recepimento della Direttiva UE 2022\/2464\/UE (c.d. Corporate Sustainability Reporting Directive &#8211; CSRD) sulla&nbsp;rendicontazione societaria di sostenibilit\u00e0. Sintesi Il d.lgs. 125\/2024, in vigore dal 25 settembre 2024, introduce requisiti di rendicontazione pi\u00f9 dettagliati attraverso l&#8217;obbligo per le grandi societ\u00e0 e le PMI quotate di pubblicare informazioni su&hellip;","_links":{"self":[{"href":"https:\/\/www.studiobrancaleone.it\/news\/wp-json\/wp\/v2\/posts\/14456","targetHints":{"allow":["GET"]}}],"collection":[{"href":"https:\/\/www.studiobrancaleone.it\/news\/wp-json\/wp\/v2\/posts"}],"about":[{"href":"https:\/\/www.studiobrancaleone.it\/news\/wp-json\/wp\/v2\/types\/post"}],"author":[{"embeddable":true,"href":"https:\/\/www.studiobrancaleone.it\/news\/wp-json\/wp\/v2\/users\/1"}],"replies":[{"embeddable":true,"href":"https:\/\/www.studiobrancaleone.it\/news\/wp-json\/wp\/v2\/comments?post=14456"}],"version-history":[{"count":0,"href":"https:\/\/www.studiobrancaleone.it\/news\/wp-json\/wp\/v2\/posts\/14456\/revisions"}],"wp:attachment":[{"href":"https:\/\/www.studiobrancaleone.it\/news\/wp-json\/wp\/v2\/media?parent=14456"}],"wp:term":[{"taxonomy":"category","embeddable":true,"href":"https:\/\/www.studiobrancaleone.it\/news\/wp-json\/wp\/v2\/categories?post=14456"},{"taxonomy":"post_tag","embeddable":true,"href":"https:\/\/www.studiobrancaleone.it\/news\/wp-json\/wp\/v2\/tags?post=14456"}],"curies":[{"name":"wp","href":"https:\/\/api.w.org\/{rel}","templated":true}]}}