{"id":15297,"date":"2024-12-06T18:12:50","date_gmt":"2024-12-06T17:12:50","guid":{"rendered":"https:\/\/www.studiobrancaleone.it\/news\/?p=15297"},"modified":"2024-12-06T18:16:15","modified_gmt":"2024-12-06T17:16:15","slug":"contabilita-economica-ambientale-introdotti-nuovi-moduli","status":"publish","type":"post","link":"https:\/\/www.studiobrancaleone.it\/news\/contabilita-economica-ambientale-introdotti-nuovi-moduli\/","title":{"rendered":"Contabilit\u00e0 economica ambientale, introdotti nuovi moduli"},"content":{"rendered":"\n<p>Pubblicato nella GUUE del 6 dicembre 2024 il\u00a0<strong>Regolamento (UE) 2024\/3024<\/strong> che<strong>\u00a0introduce nuovi moduli di contabilit\u00e0 economica ambientale<\/strong>.<\/p>\n\n\n\n<p>Il Regolamento, <strong>vigore dal 26 dicembre 2024 e direttamente applicabile<\/strong> negli Stati membri, <strong>modifica il\u00a0Regolamento (UE) n. 691\/2011<\/strong> (relativo ai conti economici ambientali europei) e introduce i seguenti <strong>moduli <\/strong>di contabilit\u00e0 economica ambientale:<\/p>\n\n\n\n<ul class=\"wp-block-list\">\n<li>\u201c<strong>conti delle foreste<\/strong>\u201c, i conti patrimoniali delle attivit\u00e0 per le foreste, che comprendono terre boscate e il legname ivi presente, e i conti delle attivit\u00e0 economiche per le attivit\u00e0 di silvicoltura e utilizzo di aree forestali<em> (Allegato VII)<\/em>;<\/li>\n\n\n\n<li>\u201c<strong>contributi ambientali e trasferimenti analoghi<\/strong>\u201d, i trasferimenti correnti e in conto capitale, ai sensi del SEC 2010, intesi a sostenere attivit\u00e0 di protezione dell&#8217;ambiente e salvaguardia delle risorse naturali e relativi prodotti <em>(Allegato VIII)<\/em>;<\/li>\n\n\n\n<li>\u201c<strong>conti degli ecosistemi<\/strong>\u201d, un insieme di conti progettati per fornire informazioni coerenti sull&#8217;estensione e sulla condizione degli ecosistemi e sui flussi di servizi da tali ecosistemi al sistema socioeconomico.<\/li>\n<\/ul>\n\n\n\n<hr class=\"wp-block-separator has-text-color has-ast-global-color-0-color has-alpha-channel-opacity has-ast-global-color-0-background-color has-background is-style-wide\"\/>\n\n\n\n<h4 class=\"wp-block-heading\"><a href=\"https:\/\/eur-lex.europa.eu\/legal-content\/IT\/TXT\/PDF\/?uri=OJ:L_202403024\" target=\"_blank\" rel=\"noreferrer noopener\">Regolamento Unione Europea 27 novembre 2024, n. 3024<\/a><\/h4>\n\n\n\n<p><em>Regolamento (UE) 2024\/3024 del Parlamento europeo e del Consiglio, del 27 novembre 2024, che modifica il regolamento (UE) n. 691\/2011 per quanto riguarda l&#8217;introduzione di nuovi moduli di contabilit\u00e0 economica ambientale<\/em><\/p>\n\n\n\n<p><\/p>\n","protected":false},"excerpt":{"rendered":"<p>Pubblicato nella GUUE del 6 dicembre 2024 il\u00a0Regolamento (UE) 2024\/3024 che\u00a0introduce nuovi moduli di contabilit\u00e0 economica ambientale. Il Regolamento, vigore dal 26 dicembre 2024 e direttamente applicabile negli Stati membri, modifica il\u00a0Regolamento (UE) n. 691\/2011 (relativo ai conti economici ambientali europei) e introduce i seguenti moduli di contabilit\u00e0 economica ambientale: Regolamento Unione Europea 27 novembre [&hellip;]<\/p>\n","protected":false},"author":1,"featured_media":0,"comment_status":"closed","ping_status":"open","sticky":false,"template":"","format":"standard","meta":{"_uag_custom_page_level_css":"","site-sidebar-layout":"default","site-content-layout":"","ast-site-content-layout":"default","site-content-style":"default","site-sidebar-style":"default","ast-global-header-display":"","ast-banner-title-visibility":"","ast-main-header-display":"","ast-hfb-above-header-display":"","ast-hfb-below-header-display":"","ast-hfb-mobile-header-display":"","site-post-title":"","ast-breadcrumbs-content":"","ast-featured-img":"","footer-sml-layout":"","ast-disable-related-posts":"","theme-transparent-header-meta":"","adv-header-id-meta":"","stick-header-meta":"","header-above-stick-meta":"","header-main-stick-meta":"","header-below-stick-meta":"","astra-migrate-meta-layouts":"set","ast-page-background-enabled":"default","ast-page-background-meta":{"desktop":{"background-color":"var(--ast-global-color-4)","background-image":"","background-repeat":"repeat","background-position":"center center","background-size":"auto","background-attachment":"scroll","background-type":"","background-media":"","overlay-type":"","overlay-color":"","overlay-opacity":"","overlay-gradient":""},"tablet":{"background-color":"","background-image":"","background-repeat":"repeat","background-position":"center center","background-size":"auto","background-attachment":"scroll","background-type":"","background-media":"","overlay-type":"","overlay-color":"","overlay-opacity":"","overlay-gradient":""},"mobile":{"background-color":"","background-image":"","background-repeat":"repeat","background-position":"center center","background-size":"auto","background-attachment":"scroll","background-type":"","background-media":"","overlay-type":"","overlay-color":"","overlay-opacity":"","overlay-gradient":""}},"ast-content-background-meta":{"desktop":{"background-color":"var(--ast-global-color-5)","background-image":"","background-repeat":"repeat","background-position":"center center","background-size":"auto","background-attachment":"scroll","background-type":"","background-media":"","overlay-type":"","overlay-color":"","overlay-opacity":"","overlay-gradient":""},"tablet":{"background-color":"var(--ast-global-color-5)","background-image":"","background-repeat":"repeat","background-position":"center center","background-size":"auto","background-attachment":"scroll","background-type":"","background-media":"","overlay-type":"","overlay-color":"","overlay-opacity":"","overlay-gradient":""},"mobile":{"background-color":"var(--ast-global-color-5)","background-image":"","background-repeat":"repeat","background-position":"center center","background-size":"auto","background-attachment":"scroll","background-type":"","background-media":"","overlay-type":"","overlay-color":"","overlay-opacity":"","overlay-gradient":""}},"footnotes":""},"categories":[4],"tags":[122],"class_list":["post-15297","post","type-post","status-publish","format-standard","hentry","category-nazionali-ue","tag-ambiente"],"yoast_head":"<!-- This site is optimized with the Yoast SEO plugin v27.5 - https:\/\/yoast.com\/product\/yoast-seo-wordpress\/ -->\r\n<title>Contabilit\u00e0 economica ambientale, introdotti nuovi moduli &#060; Studio Brancaleone<\/title>\r\n<meta name=\"description\" content=\"Pubblicato nella GUUE del 6 dicembre 2024 il\u00a0Regolamento (UE) 2024\/3024 che\u00a0introduce nuovi moduli di contabilit\u00e0 economica ambientale.\" \/>\r\n<meta name=\"robots\" content=\"index, follow, max-snippet:-1, max-image-preview:large, max-video-preview:-1\" \/>\r\n<link rel=\"canonical\" href=\"https:\/\/www.studiobrancaleone.it\/news\/contabilita-economica-ambientale-introdotti-nuovi-moduli\/\" \/>\r\n<meta property=\"og:locale\" content=\"it_IT\" \/>\r\n<meta property=\"og:type\" content=\"article\" \/>\r\n<meta property=\"og:title\" content=\"Contabilit\u00e0 economica ambientale, introdotti nuovi moduli &#060; Studio Brancaleone\" \/>\r\n<meta property=\"og:description\" content=\"Pubblicato nella GUUE del 6 dicembre 2024 il\u00a0Regolamento (UE) 2024\/3024 che\u00a0introduce nuovi moduli di contabilit\u00e0 economica ambientale.\" \/>\r\n<meta property=\"og:url\" content=\"https:\/\/www.studiobrancaleone.it\/news\/contabilita-economica-ambientale-introdotti-nuovi-moduli\/\" \/>\r\n<meta property=\"og:site_name\" content=\"Studio Brancaleone\" \/>\r\n<meta property=\"article:published_time\" content=\"2024-12-06T17:12:50+00:00\" \/>\r\n<meta property=\"article:modified_time\" content=\"2024-12-06T17:16:15+00:00\" \/>\r\n<meta name=\"author\" content=\"Giorgio Ferrari\" \/>\r\n<meta name=\"twitter:card\" content=\"summary_large_image\" \/>\r\n<meta name=\"twitter:label1\" content=\"Scritto da\" \/>\n\t<meta name=\"twitter:data1\" content=\"Giorgio Ferrari\" \/>\n\t<meta name=\"twitter:label2\" content=\"Tempo di lettura stimato\" \/>\n\t<meta name=\"twitter:data2\" content=\"2 minuti\" \/>\r\n<script type=\"application\/ld+json\" class=\"yoast-schema-graph\">{\"@context\":\"https:\\\/\\\/schema.org\",\"@graph\":[{\"@type\":\"Article\",\"@id\":\"https:\\\/\\\/www.studiobrancaleone.it\\\/news\\\/contabilita-economica-ambientale-introdotti-nuovi-moduli\\\/#article\",\"isPartOf\":{\"@id\":\"https:\\\/\\\/www.studiobrancaleone.it\\\/news\\\/contabilita-economica-ambientale-introdotti-nuovi-moduli\\\/\"},\"author\":{\"name\":\"Giorgio Ferrari\",\"@id\":\"https:\\\/\\\/www.studiobrancaleone.it\\\/news\\\/#\\\/schema\\\/person\\\/da5920864810e22fb65389a0a5cff7e3\"},\"headline\":\"Contabilit\u00e0 economica ambientale, introdotti nuovi moduli\",\"datePublished\":\"2024-12-06T17:12:50+00:00\",\"dateModified\":\"2024-12-06T17:16:15+00:00\",\"mainEntityOfPage\":{\"@id\":\"https:\\\/\\\/www.studiobrancaleone.it\\\/news\\\/contabilita-economica-ambientale-introdotti-nuovi-moduli\\\/\"},\"wordCount\":188,\"publisher\":{\"@id\":\"https:\\\/\\\/www.studiobrancaleone.it\\\/news\\\/#organization\"},\"keywords\":[\"Ambiente\"],\"articleSection\":[\"Nazionali\\\/Ue\"],\"inLanguage\":\"it-IT\"},{\"@type\":\"WebPage\",\"@id\":\"https:\\\/\\\/www.studiobrancaleone.it\\\/news\\\/contabilita-economica-ambientale-introdotti-nuovi-moduli\\\/\",\"url\":\"https:\\\/\\\/www.studiobrancaleone.it\\\/news\\\/contabilita-economica-ambientale-introdotti-nuovi-moduli\\\/\",\"name\":\"Contabilit\u00e0 economica ambientale, introdotti nuovi moduli &#060; Studio Brancaleone\",\"isPartOf\":{\"@id\":\"https:\\\/\\\/www.studiobrancaleone.it\\\/news\\\/#website\"},\"datePublished\":\"2024-12-06T17:12:50+00:00\",\"dateModified\":\"2024-12-06T17:16:15+00:00\",\"description\":\"Pubblicato nella GUUE del 6 dicembre 2024 il\u00a0Regolamento (UE) 2024\\\/3024 che\u00a0introduce nuovi moduli di contabilit\u00e0 economica ambientale.\",\"breadcrumb\":{\"@id\":\"https:\\\/\\\/www.studiobrancaleone.it\\\/news\\\/contabilita-economica-ambientale-introdotti-nuovi-moduli\\\/#breadcrumb\"},\"inLanguage\":\"it-IT\",\"potentialAction\":[{\"@type\":\"ReadAction\",\"target\":[\"https:\\\/\\\/www.studiobrancaleone.it\\\/news\\\/contabilita-economica-ambientale-introdotti-nuovi-moduli\\\/\"]}]},{\"@type\":\"BreadcrumbList\",\"@id\":\"https:\\\/\\\/www.studiobrancaleone.it\\\/news\\\/contabilita-economica-ambientale-introdotti-nuovi-moduli\\\/#breadcrumb\",\"itemListElement\":[{\"@type\":\"ListItem\",\"position\":1,\"name\":\"Home\",\"item\":\"https:\\\/\\\/www.studiobrancaleone.it\\\/news\\\/\"},{\"@type\":\"ListItem\",\"position\":2,\"name\":\"Contabilit\u00e0 economica ambientale, introdotti nuovi moduli\"}]},{\"@type\":\"WebSite\",\"@id\":\"https:\\\/\\\/www.studiobrancaleone.it\\\/news\\\/#website\",\"url\":\"https:\\\/\\\/www.studiobrancaleone.it\\\/news\\\/\",\"name\":\"Studio Brancaleone\",\"description\":\"Notizie giuridiche aggiornate regolarmente\",\"publisher\":{\"@id\":\"https:\\\/\\\/www.studiobrancaleone.it\\\/news\\\/#organization\"},\"potentialAction\":[{\"@type\":\"SearchAction\",\"target\":{\"@type\":\"EntryPoint\",\"urlTemplate\":\"https:\\\/\\\/www.studiobrancaleone.it\\\/news\\\/?s={search_term_string}\"},\"query-input\":{\"@type\":\"PropertyValueSpecification\",\"valueRequired\":true,\"valueName\":\"search_term_string\"}}],\"inLanguage\":\"it-IT\"},{\"@type\":\"Organization\",\"@id\":\"https:\\\/\\\/www.studiobrancaleone.it\\\/news\\\/#organization\",\"name\":\"Studio Brancaleone\",\"url\":\"https:\\\/\\\/www.studiobrancaleone.it\\\/news\\\/\",\"logo\":{\"@type\":\"ImageObject\",\"inLanguage\":\"it-IT\",\"@id\":\"https:\\\/\\\/www.studiobrancaleone.it\\\/news\\\/#\\\/schema\\\/logo\\\/image\\\/\",\"url\":\"https:\\\/\\\/www.studiobrancaleone.it\\\/news\\\/wp-content\\\/uploads\\\/2025\\\/02\\\/Testata-sito-scaled.webp\",\"contentUrl\":\"https:\\\/\\\/www.studiobrancaleone.it\\\/news\\\/wp-content\\\/uploads\\\/2025\\\/02\\\/Testata-sito-scaled.webp\",\"width\":2560,\"height\":481,\"caption\":\"Studio Brancaleone\"},\"image\":{\"@id\":\"https:\\\/\\\/www.studiobrancaleone.it\\\/news\\\/#\\\/schema\\\/logo\\\/image\\\/\"}},{\"@type\":\"Person\",\"@id\":\"https:\\\/\\\/www.studiobrancaleone.it\\\/news\\\/#\\\/schema\\\/person\\\/da5920864810e22fb65389a0a5cff7e3\",\"name\":\"Giorgio Ferrari\",\"image\":{\"@type\":\"ImageObject\",\"inLanguage\":\"it-IT\",\"@id\":\"https:\\\/\\\/secure.gravatar.com\\\/avatar\\\/e5a8c666e3c03788ccd80843664b7c6eb2fb548eb37bb5cd6598134bf5d56ae1?s=96&d=mm&r=g\",\"url\":\"https:\\\/\\\/secure.gravatar.com\\\/avatar\\\/e5a8c666e3c03788ccd80843664b7c6eb2fb548eb37bb5cd6598134bf5d56ae1?s=96&d=mm&r=g\",\"contentUrl\":\"https:\\\/\\\/secure.gravatar.com\\\/avatar\\\/e5a8c666e3c03788ccd80843664b7c6eb2fb548eb37bb5cd6598134bf5d56ae1?s=96&d=mm&r=g\",\"caption\":\"Giorgio Ferrari\"},\"sameAs\":[\"https:\\\/\\\/www.studiobrancaleone.it\\\/news\"],\"url\":\"https:\\\/\\\/www.studiobrancaleone.it\\\/news\\\/author\\\/giorfer\\\/\"}]}<\/script>\r\n<!-- \/ Yoast SEO plugin. -->","yoast_head_json":{"title":"Contabilit\u00e0 economica ambientale, introdotti nuovi moduli &#060; Studio Brancaleone","description":"Pubblicato nella GUUE del 6 dicembre 2024 il\u00a0Regolamento (UE) 2024\/3024 che\u00a0introduce nuovi moduli di contabilit\u00e0 economica ambientale.","robots":{"index":"index","follow":"follow","max-snippet":"max-snippet:-1","max-image-preview":"max-image-preview:large","max-video-preview":"max-video-preview:-1"},"canonical":"https:\/\/www.studiobrancaleone.it\/news\/contabilita-economica-ambientale-introdotti-nuovi-moduli\/","og_locale":"it_IT","og_type":"article","og_title":"Contabilit\u00e0 economica ambientale, introdotti nuovi moduli &#060; Studio Brancaleone","og_description":"Pubblicato nella GUUE del 6 dicembre 2024 il\u00a0Regolamento (UE) 2024\/3024 che\u00a0introduce nuovi moduli di contabilit\u00e0 economica ambientale.","og_url":"https:\/\/www.studiobrancaleone.it\/news\/contabilita-economica-ambientale-introdotti-nuovi-moduli\/","og_site_name":"Studio Brancaleone","article_published_time":"2024-12-06T17:12:50+00:00","article_modified_time":"2024-12-06T17:16:15+00:00","author":"Giorgio Ferrari","twitter_card":"summary_large_image","twitter_misc":{"Scritto da":"Giorgio Ferrari","Tempo di lettura stimato":"2 minuti"},"schema":{"@context":"https:\/\/schema.org","@graph":[{"@type":"Article","@id":"https:\/\/www.studiobrancaleone.it\/news\/contabilita-economica-ambientale-introdotti-nuovi-moduli\/#article","isPartOf":{"@id":"https:\/\/www.studiobrancaleone.it\/news\/contabilita-economica-ambientale-introdotti-nuovi-moduli\/"},"author":{"name":"Giorgio Ferrari","@id":"https:\/\/www.studiobrancaleone.it\/news\/#\/schema\/person\/da5920864810e22fb65389a0a5cff7e3"},"headline":"Contabilit\u00e0 economica ambientale, introdotti nuovi moduli","datePublished":"2024-12-06T17:12:50+00:00","dateModified":"2024-12-06T17:16:15+00:00","mainEntityOfPage":{"@id":"https:\/\/www.studiobrancaleone.it\/news\/contabilita-economica-ambientale-introdotti-nuovi-moduli\/"},"wordCount":188,"publisher":{"@id":"https:\/\/www.studiobrancaleone.it\/news\/#organization"},"keywords":["Ambiente"],"articleSection":["Nazionali\/Ue"],"inLanguage":"it-IT"},{"@type":"WebPage","@id":"https:\/\/www.studiobrancaleone.it\/news\/contabilita-economica-ambientale-introdotti-nuovi-moduli\/","url":"https:\/\/www.studiobrancaleone.it\/news\/contabilita-economica-ambientale-introdotti-nuovi-moduli\/","name":"Contabilit\u00e0 economica ambientale, introdotti nuovi moduli &#060; Studio Brancaleone","isPartOf":{"@id":"https:\/\/www.studiobrancaleone.it\/news\/#website"},"datePublished":"2024-12-06T17:12:50+00:00","dateModified":"2024-12-06T17:16:15+00:00","description":"Pubblicato nella GUUE del 6 dicembre 2024 il\u00a0Regolamento (UE) 2024\/3024 che\u00a0introduce nuovi moduli di contabilit\u00e0 economica ambientale.","breadcrumb":{"@id":"https:\/\/www.studiobrancaleone.it\/news\/contabilita-economica-ambientale-introdotti-nuovi-moduli\/#breadcrumb"},"inLanguage":"it-IT","potentialAction":[{"@type":"ReadAction","target":["https:\/\/www.studiobrancaleone.it\/news\/contabilita-economica-ambientale-introdotti-nuovi-moduli\/"]}]},{"@type":"BreadcrumbList","@id":"https:\/\/www.studiobrancaleone.it\/news\/contabilita-economica-ambientale-introdotti-nuovi-moduli\/#breadcrumb","itemListElement":[{"@type":"ListItem","position":1,"name":"Home","item":"https:\/\/www.studiobrancaleone.it\/news\/"},{"@type":"ListItem","position":2,"name":"Contabilit\u00e0 economica ambientale, introdotti nuovi moduli"}]},{"@type":"WebSite","@id":"https:\/\/www.studiobrancaleone.it\/news\/#website","url":"https:\/\/www.studiobrancaleone.it\/news\/","name":"Studio Brancaleone","description":"Notizie giuridiche aggiornate regolarmente","publisher":{"@id":"https:\/\/www.studiobrancaleone.it\/news\/#organization"},"potentialAction":[{"@type":"SearchAction","target":{"@type":"EntryPoint","urlTemplate":"https:\/\/www.studiobrancaleone.it\/news\/?s={search_term_string}"},"query-input":{"@type":"PropertyValueSpecification","valueRequired":true,"valueName":"search_term_string"}}],"inLanguage":"it-IT"},{"@type":"Organization","@id":"https:\/\/www.studiobrancaleone.it\/news\/#organization","name":"Studio Brancaleone","url":"https:\/\/www.studiobrancaleone.it\/news\/","logo":{"@type":"ImageObject","inLanguage":"it-IT","@id":"https:\/\/www.studiobrancaleone.it\/news\/#\/schema\/logo\/image\/","url":"https:\/\/www.studiobrancaleone.it\/news\/wp-content\/uploads\/2025\/02\/Testata-sito-scaled.webp","contentUrl":"https:\/\/www.studiobrancaleone.it\/news\/wp-content\/uploads\/2025\/02\/Testata-sito-scaled.webp","width":2560,"height":481,"caption":"Studio Brancaleone"},"image":{"@id":"https:\/\/www.studiobrancaleone.it\/news\/#\/schema\/logo\/image\/"}},{"@type":"Person","@id":"https:\/\/www.studiobrancaleone.it\/news\/#\/schema\/person\/da5920864810e22fb65389a0a5cff7e3","name":"Giorgio Ferrari","image":{"@type":"ImageObject","inLanguage":"it-IT","@id":"https:\/\/secure.gravatar.com\/avatar\/e5a8c666e3c03788ccd80843664b7c6eb2fb548eb37bb5cd6598134bf5d56ae1?s=96&d=mm&r=g","url":"https:\/\/secure.gravatar.com\/avatar\/e5a8c666e3c03788ccd80843664b7c6eb2fb548eb37bb5cd6598134bf5d56ae1?s=96&d=mm&r=g","contentUrl":"https:\/\/secure.gravatar.com\/avatar\/e5a8c666e3c03788ccd80843664b7c6eb2fb548eb37bb5cd6598134bf5d56ae1?s=96&d=mm&r=g","caption":"Giorgio Ferrari"},"sameAs":["https:\/\/www.studiobrancaleone.it\/news"],"url":"https:\/\/www.studiobrancaleone.it\/news\/author\/giorfer\/"}]}},"uagb_featured_image_src":{"full":false,"thumbnail":false,"medium":false,"medium_large":false,"large":false,"1536x1536":false,"2048x2048":false},"uagb_author_info":{"display_name":"Giorgio Ferrari","author_link":"https:\/\/www.studiobrancaleone.it\/news\/author\/giorfer\/"},"uagb_comment_info":0,"uagb_excerpt":"Pubblicato nella GUUE del 6 dicembre 2024 il\u00a0Regolamento (UE) 2024\/3024 che\u00a0introduce nuovi moduli di contabilit\u00e0 economica ambientale. Il Regolamento, vigore dal 26 dicembre 2024 e direttamente applicabile negli Stati membri, modifica il\u00a0Regolamento (UE) n. 691\/2011 (relativo ai conti economici ambientali europei) e introduce i seguenti moduli di contabilit\u00e0 economica ambientale: Regolamento Unione Europea 27 novembre&hellip;","_links":{"self":[{"href":"https:\/\/www.studiobrancaleone.it\/news\/wp-json\/wp\/v2\/posts\/15297","targetHints":{"allow":["GET"]}}],"collection":[{"href":"https:\/\/www.studiobrancaleone.it\/news\/wp-json\/wp\/v2\/posts"}],"about":[{"href":"https:\/\/www.studiobrancaleone.it\/news\/wp-json\/wp\/v2\/types\/post"}],"author":[{"embeddable":true,"href":"https:\/\/www.studiobrancaleone.it\/news\/wp-json\/wp\/v2\/users\/1"}],"replies":[{"embeddable":true,"href":"https:\/\/www.studiobrancaleone.it\/news\/wp-json\/wp\/v2\/comments?post=15297"}],"version-history":[{"count":0,"href":"https:\/\/www.studiobrancaleone.it\/news\/wp-json\/wp\/v2\/posts\/15297\/revisions"}],"wp:attachment":[{"href":"https:\/\/www.studiobrancaleone.it\/news\/wp-json\/wp\/v2\/media?parent=15297"}],"wp:term":[{"taxonomy":"category","embeddable":true,"href":"https:\/\/www.studiobrancaleone.it\/news\/wp-json\/wp\/v2\/categories?post=15297"},{"taxonomy":"post_tag","embeddable":true,"href":"https:\/\/www.studiobrancaleone.it\/news\/wp-json\/wp\/v2\/tags?post=15297"}],"curies":[{"name":"wp","href":"https:\/\/api.w.org\/{rel}","templated":true}]}}