{"id":15373,"date":"2024-12-17T08:45:00","date_gmt":"2024-12-17T07:45:00","guid":{"rendered":"https:\/\/www.studiobrancaleone.it\/news\/?p=15373"},"modified":"2024-12-17T18:59:25","modified_gmt":"2024-12-17T17:59:25","slug":"legge-di-conversione-dl-ambiente-in-gazzetta","status":"publish","type":"post","link":"https:\/\/www.studiobrancaleone.it\/news\/legge-di-conversione-dl-ambiente-in-gazzetta\/","title":{"rendered":"Legge di conversione Dl Ambiente in Gazzetta"},"content":{"rendered":"\n<p>Pubblicata nella GU del 16\/12\/2024 la <strong>Legge 13 dicembre 2024, n. 191<\/strong> di conversione del <strong><a href=\"https:\/\/www.studiobrancaleone.it\/news\/dl-ambiente-pubblicato-in-gazzetta\/\">dl n. 153\/2024<\/a><\/strong> (dl ambiente) recante \u201c<em>Disposizioni urgenti per la tutela ambientale del Paese, la razionalizzazione dei procedimenti di valutazione e autorizzazione ambientale, la promozione dell\u2019economia circolare, l\u2019attuazione di interventi in materia di bonifiche di siti contaminati e dissesto idrogeologico<\/em>\u201d.<\/p>\n\n\n\n<p>Il <strong>dl 152\/2024<\/strong>, cos\u00ec come convertito dalla <strong>Legge n. 191\/2024<\/strong>, in <strong>vigore dal 17 dicembre 2024<\/strong>, modifica tra l&#8217;altro i <strong>procedimenti di valutazione ambientale<\/strong> e di <strong>bonifica <\/strong>dei siti inquinati, nonch\u00e9 dispone in materia di economia circolare, tra cui sul <strong>responsabile tecnico rifiuti<\/strong> e <strong>verde pubblico e privato<\/strong>.<\/p>\n\n\n\n<p>Tra le disposizioni, si segnalano:<\/p>\n\n\n\n<h2 class=\"wp-block-heading\">Procedimenti di valutazione ambientale<\/h2>\n\n\n\n<p><strong>L\u2019articolo 1<\/strong> apporta una serie di <strong>modifiche alla normativa in materia di valutazione ambientale<\/strong> di cui alla Parte Seconda del d.lgs. 152\/2006 (c.d. Codice dell\u2019ambiente), tra cui:<\/p>\n\n\n\n<ul class=\"wp-block-list\">\n<li>precisato che il <strong>rilascio dell\u2019AIA<\/strong> (autorizzazione integrata ambientale) spetta al competente direttore generale del Ministero dell\u2019ambiente e della sicurezza<br>energetica;<\/li>\n\n\n\n<li>modificata la disciplina dello screening di VIA e soppresso il riferimento all\u2019<strong>adeguatezza<\/strong>: in particolare, l\u2019autorit\u00e0 competente non \u00e8 pi\u00f9 tenuta a verificare l\u2019adeguatezza della documentazione, ma deve limitarsi a verificare solamente la completezza della stessa;<\/li>\n\n\n\n<li>riscritte le disposizioni che disciplinano la richiesta di <strong>chiarimenti e integrazioni<\/strong> da parte dell\u2019autorit\u00e0 competente finalizzati alla non sottoposizione del progetto al procedimento di VIA;<\/li>\n\n\n\n<li>precisati i <strong>termini <\/strong>\u2013 nelle varie ipotesi procedimentali \u2013 entro cui deve essere adottato il provvedimento di screening. Il nuovo testo prevede che il termine per l\u2019adozione del provvedimento di screening \u00e8 di 60 giorni (in precedenza 45 giorni), decorrenti dalla comunicazione dell&#8217;avvenuta pubblicazione sul sito internet della documentazione; nel caso in cui siano stati richiesti chiarimenti e integrazioni (quindi nel caso disciplinato dal nuovo testo del comma 6), \u00e8 di 45 giorni dal ricevimento degli stessi.<\/li>\n<\/ul>\n\n\n\n<h2 class=\"wp-block-heading\">Economia circolare<\/h2>\n\n\n\n<p><strong>L\u2019articolo 4<\/strong> reca alcune disposizioni urgenti in materia di <strong>economia circolare<\/strong>, tra cui:<\/p>\n\n\n\n<ul class=\"wp-block-list\">\n<li>rafforzamento\u00a0<strong>dell\u2019Albo dei Gestori ambientali,<\/strong>\u00a0con una pi\u00f9 ampia rappresentanza delle categorie interessate (da 19 a 21 membri) e una semplificazione nell\u2019individuazione del <strong>Responsabile Tecnico Gestione Rifiuti<\/strong> delle piccole imprese, che consenta di trovare la figura professionale senza aggravi economici per le aziende. <br>In particolare il <strong>nuovo comma 16-bis dell&#8217;art. 212<\/strong> dispone che <em>il <strong>legale rappresentante dell&#8217;impresa possa assumere il ruolo di responsabile tecnico<\/strong> per tutte le categorie di iscrizione all&#8217;Albo gestori ambientali senza necessit\u00e0 di verifica di idoneit\u00e0 iniziale e di aggiornamento e solo per l&#8217;impresa medesima, a condizione che abbia <strong>ricoperto il ruolo di legale rappresentante presso la stessa per almeno tre anni consecutivi<\/strong><\/em>;<\/li>\n\n\n\n<li><strong>semplificazione per le aziende riguardo gli sfalci,<\/strong>&nbsp;che da rifiuti speciali non pericolosi vengono classificati come rifiuti urbani, che potranno quindi essere conferiti nei centri di raccolta comunali.<br>In particolare, all&#8217;allegato L-quinquies, recante l&#8217;elenco delle attivit\u00e0 che producono rifiuti assimilati ai domestici, viene inserito il numero: <em>\u00ab20-bis. Attivit\u00e0 di cura e <strong>manutenzione <\/strong>del paesaggio e del<strong> verde pubblico e privato<\/strong>\u00bb.<\/em><\/li>\n<\/ul>\n\n\n\n<hr class=\"wp-block-separator has-text-color has-ast-global-color-0-color has-alpha-channel-opacity has-ast-global-color-0-background-color has-background is-style-wide\"\/>\n\n\n\n<h4 class=\"wp-block-heading\"><a href=\"https:\/\/www.gazzettaufficiale.it\/atto\/serie_generale\/caricaDettaglioAtto\/originario?atto.dataPubblicazioneGazzetta=2024-12-16&amp;atto.codiceRedazionale=24G00209&amp;elenco30giorni=true\" target=\"_blank\" rel=\"noreferrer noopener\">Legge&nbsp;13 dicembre 2024, n. 191&nbsp;<\/a><\/h4>\n\n\n\n<p><em>Conversione in legge, con modificazioni, del decreto-legge 17 ottobre 2024, n. 153, recante disposizioni urgenti per la tutela ambientale del Paese, la razionalizzazione dei procedimenti di valutazione e autorizzazione ambientale, la promozione dell&#8217;economia circolare, l&#8217;attuazione di interventi in materia di bonifiche di siti contaminati e dissesto idrogeologico.<\/em><\/p>\n\n\n\n<h4 class=\"wp-block-heading\"><a href=\"https:\/\/www.gazzettaufficiale.it\/atto\/serie_generale\/caricaDettaglioAtto\/originario?atto.dataPubblicazioneGazzetta=2024-12-16&amp;atto.codiceRedazionale=24A06733&amp;elenco30giorni=true\" target=\"_blank\" rel=\"noreferrer noopener\">Testo coordinato del Decreto Legge&nbsp;17 ottobre 2024, n. 153&nbsp;<\/a><\/h4>\n\n\n\n<p><em>Testo del decreto-legge 17 ottobre 2024, n. 153 (in Gazzetta Ufficiale &#8211; Serie generale &#8211; n. 244 del 17 ottobre 2024), coordinato con la legge di conversione 13 dicembre 2024, n. 191 (in questa stessa Gazzetta Ufficiale, alla pag. 1), recante: \u00abDisposizioni urgenti per la tutela ambientale del Paese, la razionalizzazione dei procedimenti di valutazione e autorizzazione ambientale, la promozione dell&#8217;economia circolare, l&#8217;attuazione di interventi in materia di bonifiche di siti contaminati e dissesto idrogeologico.\u00bb.<\/em><\/p>\n","protected":false},"excerpt":{"rendered":"<p>Pubblicata nella GU del 16\/12\/2024 la Legge 13 dicembre 2024, n. 191 di conversione del dl n. 153\/2024 (dl ambiente) recante \u201cDisposizioni urgenti per la tutela ambientale del Paese, la razionalizzazione dei procedimenti di valutazione e autorizzazione ambientale, la promozione dell\u2019economia circolare, l\u2019attuazione di interventi in materia di bonifiche di siti contaminati e dissesto idrogeologico\u201d. [&hellip;]<\/p>\n","protected":false},"author":1,"featured_media":0,"comment_status":"closed","ping_status":"open","sticky":false,"template":"","format":"standard","meta":{"_uag_custom_page_level_css":"","site-sidebar-layout":"default","site-content-layout":"","ast-site-content-layout":"default","site-content-style":"default","site-sidebar-style":"default","ast-global-header-display":"","ast-banner-title-visibility":"","ast-main-header-display":"","ast-hfb-above-header-display":"","ast-hfb-below-header-display":"","ast-hfb-mobile-header-display":"","site-post-title":"","ast-breadcrumbs-content":"","ast-featured-img":"","footer-sml-layout":"","ast-disable-related-posts":"","theme-transparent-header-meta":"","adv-header-id-meta":"","stick-header-meta":"","header-above-stick-meta":"","header-main-stick-meta":"","header-below-stick-meta":"","astra-migrate-meta-layouts":"set","ast-page-background-enabled":"default","ast-page-background-meta":{"desktop":{"background-color":"var(--ast-global-color-4)","background-image":"","background-repeat":"repeat","background-position":"center center","background-size":"auto","background-attachment":"scroll","background-type":"","background-media":"","overlay-type":"","overlay-color":"","overlay-opacity":"","overlay-gradient":""},"tablet":{"background-color":"","background-image":"","background-repeat":"repeat","background-position":"center center","background-size":"auto","background-attachment":"scroll","background-type":"","background-media":"","overlay-type":"","overlay-color":"","overlay-opacity":"","overlay-gradient":""},"mobile":{"background-color":"","background-image":"","background-repeat":"repeat","background-position":"center center","background-size":"auto","background-attachment":"scroll","background-type":"","background-media":"","overlay-type":"","overlay-color":"","overlay-opacity":"","overlay-gradient":""}},"ast-content-background-meta":{"desktop":{"background-color":"var(--ast-global-color-5)","background-image":"","background-repeat":"repeat","background-position":"center center","background-size":"auto","background-attachment":"scroll","background-type":"","background-media":"","overlay-type":"","overlay-color":"","overlay-opacity":"","overlay-gradient":""},"tablet":{"background-color":"var(--ast-global-color-5)","background-image":"","background-repeat":"repeat","background-position":"center center","background-size":"auto","background-attachment":"scroll","background-type":"","background-media":"","overlay-type":"","overlay-color":"","overlay-opacity":"","overlay-gradient":""},"mobile":{"background-color":"var(--ast-global-color-5)","background-image":"","background-repeat":"repeat","background-position":"center center","background-size":"auto","background-attachment":"scroll","background-type":"","background-media":"","overlay-type":"","overlay-color":"","overlay-opacity":"","overlay-gradient":""}},"footnotes":""},"categories":[4],"tags":[32,116],"class_list":["post-15373","post","type-post","status-publish","format-standard","hentry","category-nazionali-ue","tag-rifiuti","tag-via-vas-vinca"],"yoast_head":"<!-- This site is optimized with the Yoast SEO plugin v27.5 - https:\/\/yoast.com\/product\/yoast-seo-wordpress\/ -->\r\n<title>Legge di conversione Dl Ambiente in Gazzetta &#060; Studio Brancaleone<\/title>\r\n<meta name=\"description\" content=\"Pubblicata nella GU del 16\/12\/2024 la Legge 13 dicembre 2024, n. 191 di conversione del dl n. 153\/2024 (dl ambiente).\" \/>\r\n<meta name=\"robots\" content=\"index, follow, max-snippet:-1, max-image-preview:large, max-video-preview:-1\" \/>\r\n<link rel=\"canonical\" href=\"https:\/\/www.studiobrancaleone.it\/news\/legge-di-conversione-dl-ambiente-in-gazzetta\/\" \/>\r\n<meta property=\"og:locale\" content=\"it_IT\" \/>\r\n<meta property=\"og:type\" content=\"article\" \/>\r\n<meta property=\"og:title\" content=\"Legge di conversione Dl Ambiente in Gazzetta &#060; Studio Brancaleone\" \/>\r\n<meta property=\"og:description\" content=\"Pubblicata nella GU del 16\/12\/2024 la Legge 13 dicembre 2024, n. 191 di conversione del dl n. 153\/2024 (dl ambiente).\" \/>\r\n<meta property=\"og:url\" content=\"https:\/\/www.studiobrancaleone.it\/news\/legge-di-conversione-dl-ambiente-in-gazzetta\/\" \/>\r\n<meta property=\"og:site_name\" content=\"Studio Brancaleone\" \/>\r\n<meta property=\"article:published_time\" content=\"2024-12-17T07:45:00+00:00\" \/>\r\n<meta property=\"article:modified_time\" content=\"2024-12-17T17:59:25+00:00\" \/>\r\n<meta name=\"author\" content=\"Giorgio Ferrari\" \/>\r\n<meta name=\"twitter:card\" content=\"summary_large_image\" \/>\r\n<meta name=\"twitter:label1\" content=\"Scritto da\" \/>\n\t<meta name=\"twitter:data1\" content=\"Giorgio Ferrari\" \/>\n\t<meta name=\"twitter:label2\" content=\"Tempo di lettura stimato\" \/>\n\t<meta name=\"twitter:data2\" content=\"4 minuti\" \/>\r\n<script type=\"application\/ld+json\" class=\"yoast-schema-graph\">{\"@context\":\"https:\\\/\\\/schema.org\",\"@graph\":[{\"@type\":\"Article\",\"@id\":\"https:\\\/\\\/www.studiobrancaleone.it\\\/news\\\/legge-di-conversione-dl-ambiente-in-gazzetta\\\/#article\",\"isPartOf\":{\"@id\":\"https:\\\/\\\/www.studiobrancaleone.it\\\/news\\\/legge-di-conversione-dl-ambiente-in-gazzetta\\\/\"},\"author\":{\"name\":\"Giorgio Ferrari\",\"@id\":\"https:\\\/\\\/www.studiobrancaleone.it\\\/news\\\/#\\\/schema\\\/person\\\/da5920864810e22fb65389a0a5cff7e3\"},\"headline\":\"Legge di conversione Dl Ambiente in Gazzetta\",\"datePublished\":\"2024-12-17T07:45:00+00:00\",\"dateModified\":\"2024-12-17T17:59:25+00:00\",\"mainEntityOfPage\":{\"@id\":\"https:\\\/\\\/www.studiobrancaleone.it\\\/news\\\/legge-di-conversione-dl-ambiente-in-gazzetta\\\/\"},\"wordCount\":611,\"publisher\":{\"@id\":\"https:\\\/\\\/www.studiobrancaleone.it\\\/news\\\/#organization\"},\"keywords\":[\"Rifiuti\",\"Via-Vas-Vinca\"],\"articleSection\":[\"Nazionali\\\/Ue\"],\"inLanguage\":\"it-IT\"},{\"@type\":\"WebPage\",\"@id\":\"https:\\\/\\\/www.studiobrancaleone.it\\\/news\\\/legge-di-conversione-dl-ambiente-in-gazzetta\\\/\",\"url\":\"https:\\\/\\\/www.studiobrancaleone.it\\\/news\\\/legge-di-conversione-dl-ambiente-in-gazzetta\\\/\",\"name\":\"Legge di conversione Dl Ambiente in Gazzetta &#060; Studio Brancaleone\",\"isPartOf\":{\"@id\":\"https:\\\/\\\/www.studiobrancaleone.it\\\/news\\\/#website\"},\"datePublished\":\"2024-12-17T07:45:00+00:00\",\"dateModified\":\"2024-12-17T17:59:25+00:00\",\"description\":\"Pubblicata nella GU del 16\\\/12\\\/2024 la Legge 13 dicembre 2024, n. 191 di conversione del dl n. 153\\\/2024 (dl ambiente).\",\"breadcrumb\":{\"@id\":\"https:\\\/\\\/www.studiobrancaleone.it\\\/news\\\/legge-di-conversione-dl-ambiente-in-gazzetta\\\/#breadcrumb\"},\"inLanguage\":\"it-IT\",\"potentialAction\":[{\"@type\":\"ReadAction\",\"target\":[\"https:\\\/\\\/www.studiobrancaleone.it\\\/news\\\/legge-di-conversione-dl-ambiente-in-gazzetta\\\/\"]}]},{\"@type\":\"BreadcrumbList\",\"@id\":\"https:\\\/\\\/www.studiobrancaleone.it\\\/news\\\/legge-di-conversione-dl-ambiente-in-gazzetta\\\/#breadcrumb\",\"itemListElement\":[{\"@type\":\"ListItem\",\"position\":1,\"name\":\"Home\",\"item\":\"https:\\\/\\\/www.studiobrancaleone.it\\\/news\\\/\"},{\"@type\":\"ListItem\",\"position\":2,\"name\":\"Legge di conversione Dl Ambiente in Gazzetta\"}]},{\"@type\":\"WebSite\",\"@id\":\"https:\\\/\\\/www.studiobrancaleone.it\\\/news\\\/#website\",\"url\":\"https:\\\/\\\/www.studiobrancaleone.it\\\/news\\\/\",\"name\":\"Studio Brancaleone\",\"description\":\"Notizie giuridiche aggiornate regolarmente\",\"publisher\":{\"@id\":\"https:\\\/\\\/www.studiobrancaleone.it\\\/news\\\/#organization\"},\"potentialAction\":[{\"@type\":\"SearchAction\",\"target\":{\"@type\":\"EntryPoint\",\"urlTemplate\":\"https:\\\/\\\/www.studiobrancaleone.it\\\/news\\\/?s={search_term_string}\"},\"query-input\":{\"@type\":\"PropertyValueSpecification\",\"valueRequired\":true,\"valueName\":\"search_term_string\"}}],\"inLanguage\":\"it-IT\"},{\"@type\":\"Organization\",\"@id\":\"https:\\\/\\\/www.studiobrancaleone.it\\\/news\\\/#organization\",\"name\":\"Studio Brancaleone\",\"url\":\"https:\\\/\\\/www.studiobrancaleone.it\\\/news\\\/\",\"logo\":{\"@type\":\"ImageObject\",\"inLanguage\":\"it-IT\",\"@id\":\"https:\\\/\\\/www.studiobrancaleone.it\\\/news\\\/#\\\/schema\\\/logo\\\/image\\\/\",\"url\":\"https:\\\/\\\/www.studiobrancaleone.it\\\/news\\\/wp-content\\\/uploads\\\/2025\\\/02\\\/Testata-sito-scaled.webp\",\"contentUrl\":\"https:\\\/\\\/www.studiobrancaleone.it\\\/news\\\/wp-content\\\/uploads\\\/2025\\\/02\\\/Testata-sito-scaled.webp\",\"width\":2560,\"height\":481,\"caption\":\"Studio Brancaleone\"},\"image\":{\"@id\":\"https:\\\/\\\/www.studiobrancaleone.it\\\/news\\\/#\\\/schema\\\/logo\\\/image\\\/\"}},{\"@type\":\"Person\",\"@id\":\"https:\\\/\\\/www.studiobrancaleone.it\\\/news\\\/#\\\/schema\\\/person\\\/da5920864810e22fb65389a0a5cff7e3\",\"name\":\"Giorgio Ferrari\",\"image\":{\"@type\":\"ImageObject\",\"inLanguage\":\"it-IT\",\"@id\":\"https:\\\/\\\/secure.gravatar.com\\\/avatar\\\/e5a8c666e3c03788ccd80843664b7c6eb2fb548eb37bb5cd6598134bf5d56ae1?s=96&d=mm&r=g\",\"url\":\"https:\\\/\\\/secure.gravatar.com\\\/avatar\\\/e5a8c666e3c03788ccd80843664b7c6eb2fb548eb37bb5cd6598134bf5d56ae1?s=96&d=mm&r=g\",\"contentUrl\":\"https:\\\/\\\/secure.gravatar.com\\\/avatar\\\/e5a8c666e3c03788ccd80843664b7c6eb2fb548eb37bb5cd6598134bf5d56ae1?s=96&d=mm&r=g\",\"caption\":\"Giorgio Ferrari\"},\"sameAs\":[\"https:\\\/\\\/www.studiobrancaleone.it\\\/news\"],\"url\":\"https:\\\/\\\/www.studiobrancaleone.it\\\/news\\\/author\\\/giorfer\\\/\"}]}<\/script>\r\n<!-- \/ Yoast SEO plugin. -->","yoast_head_json":{"title":"Legge di conversione Dl Ambiente in Gazzetta &#060; Studio Brancaleone","description":"Pubblicata nella GU del 16\/12\/2024 la Legge 13 dicembre 2024, n. 191 di conversione del dl n. 153\/2024 (dl ambiente).","robots":{"index":"index","follow":"follow","max-snippet":"max-snippet:-1","max-image-preview":"max-image-preview:large","max-video-preview":"max-video-preview:-1"},"canonical":"https:\/\/www.studiobrancaleone.it\/news\/legge-di-conversione-dl-ambiente-in-gazzetta\/","og_locale":"it_IT","og_type":"article","og_title":"Legge di conversione Dl Ambiente in Gazzetta &#060; Studio Brancaleone","og_description":"Pubblicata nella GU del 16\/12\/2024 la Legge 13 dicembre 2024, n. 191 di conversione del dl n. 153\/2024 (dl ambiente).","og_url":"https:\/\/www.studiobrancaleone.it\/news\/legge-di-conversione-dl-ambiente-in-gazzetta\/","og_site_name":"Studio Brancaleone","article_published_time":"2024-12-17T07:45:00+00:00","article_modified_time":"2024-12-17T17:59:25+00:00","author":"Giorgio Ferrari","twitter_card":"summary_large_image","twitter_misc":{"Scritto da":"Giorgio Ferrari","Tempo di lettura stimato":"4 minuti"},"schema":{"@context":"https:\/\/schema.org","@graph":[{"@type":"Article","@id":"https:\/\/www.studiobrancaleone.it\/news\/legge-di-conversione-dl-ambiente-in-gazzetta\/#article","isPartOf":{"@id":"https:\/\/www.studiobrancaleone.it\/news\/legge-di-conversione-dl-ambiente-in-gazzetta\/"},"author":{"name":"Giorgio Ferrari","@id":"https:\/\/www.studiobrancaleone.it\/news\/#\/schema\/person\/da5920864810e22fb65389a0a5cff7e3"},"headline":"Legge di conversione Dl Ambiente in Gazzetta","datePublished":"2024-12-17T07:45:00+00:00","dateModified":"2024-12-17T17:59:25+00:00","mainEntityOfPage":{"@id":"https:\/\/www.studiobrancaleone.it\/news\/legge-di-conversione-dl-ambiente-in-gazzetta\/"},"wordCount":611,"publisher":{"@id":"https:\/\/www.studiobrancaleone.it\/news\/#organization"},"keywords":["Rifiuti","Via-Vas-Vinca"],"articleSection":["Nazionali\/Ue"],"inLanguage":"it-IT"},{"@type":"WebPage","@id":"https:\/\/www.studiobrancaleone.it\/news\/legge-di-conversione-dl-ambiente-in-gazzetta\/","url":"https:\/\/www.studiobrancaleone.it\/news\/legge-di-conversione-dl-ambiente-in-gazzetta\/","name":"Legge di conversione Dl Ambiente in Gazzetta &#060; Studio Brancaleone","isPartOf":{"@id":"https:\/\/www.studiobrancaleone.it\/news\/#website"},"datePublished":"2024-12-17T07:45:00+00:00","dateModified":"2024-12-17T17:59:25+00:00","description":"Pubblicata nella GU del 16\/12\/2024 la Legge 13 dicembre 2024, n. 191 di conversione del dl n. 153\/2024 (dl ambiente).","breadcrumb":{"@id":"https:\/\/www.studiobrancaleone.it\/news\/legge-di-conversione-dl-ambiente-in-gazzetta\/#breadcrumb"},"inLanguage":"it-IT","potentialAction":[{"@type":"ReadAction","target":["https:\/\/www.studiobrancaleone.it\/news\/legge-di-conversione-dl-ambiente-in-gazzetta\/"]}]},{"@type":"BreadcrumbList","@id":"https:\/\/www.studiobrancaleone.it\/news\/legge-di-conversione-dl-ambiente-in-gazzetta\/#breadcrumb","itemListElement":[{"@type":"ListItem","position":1,"name":"Home","item":"https:\/\/www.studiobrancaleone.it\/news\/"},{"@type":"ListItem","position":2,"name":"Legge di conversione Dl Ambiente in Gazzetta"}]},{"@type":"WebSite","@id":"https:\/\/www.studiobrancaleone.it\/news\/#website","url":"https:\/\/www.studiobrancaleone.it\/news\/","name":"Studio Brancaleone","description":"Notizie giuridiche aggiornate regolarmente","publisher":{"@id":"https:\/\/www.studiobrancaleone.it\/news\/#organization"},"potentialAction":[{"@type":"SearchAction","target":{"@type":"EntryPoint","urlTemplate":"https:\/\/www.studiobrancaleone.it\/news\/?s={search_term_string}"},"query-input":{"@type":"PropertyValueSpecification","valueRequired":true,"valueName":"search_term_string"}}],"inLanguage":"it-IT"},{"@type":"Organization","@id":"https:\/\/www.studiobrancaleone.it\/news\/#organization","name":"Studio Brancaleone","url":"https:\/\/www.studiobrancaleone.it\/news\/","logo":{"@type":"ImageObject","inLanguage":"it-IT","@id":"https:\/\/www.studiobrancaleone.it\/news\/#\/schema\/logo\/image\/","url":"https:\/\/www.studiobrancaleone.it\/news\/wp-content\/uploads\/2025\/02\/Testata-sito-scaled.webp","contentUrl":"https:\/\/www.studiobrancaleone.it\/news\/wp-content\/uploads\/2025\/02\/Testata-sito-scaled.webp","width":2560,"height":481,"caption":"Studio Brancaleone"},"image":{"@id":"https:\/\/www.studiobrancaleone.it\/news\/#\/schema\/logo\/image\/"}},{"@type":"Person","@id":"https:\/\/www.studiobrancaleone.it\/news\/#\/schema\/person\/da5920864810e22fb65389a0a5cff7e3","name":"Giorgio Ferrari","image":{"@type":"ImageObject","inLanguage":"it-IT","@id":"https:\/\/secure.gravatar.com\/avatar\/e5a8c666e3c03788ccd80843664b7c6eb2fb548eb37bb5cd6598134bf5d56ae1?s=96&d=mm&r=g","url":"https:\/\/secure.gravatar.com\/avatar\/e5a8c666e3c03788ccd80843664b7c6eb2fb548eb37bb5cd6598134bf5d56ae1?s=96&d=mm&r=g","contentUrl":"https:\/\/secure.gravatar.com\/avatar\/e5a8c666e3c03788ccd80843664b7c6eb2fb548eb37bb5cd6598134bf5d56ae1?s=96&d=mm&r=g","caption":"Giorgio Ferrari"},"sameAs":["https:\/\/www.studiobrancaleone.it\/news"],"url":"https:\/\/www.studiobrancaleone.it\/news\/author\/giorfer\/"}]}},"uagb_featured_image_src":{"full":false,"thumbnail":false,"medium":false,"medium_large":false,"large":false,"1536x1536":false,"2048x2048":false},"uagb_author_info":{"display_name":"Giorgio Ferrari","author_link":"https:\/\/www.studiobrancaleone.it\/news\/author\/giorfer\/"},"uagb_comment_info":0,"uagb_excerpt":"Pubblicata nella GU del 16\/12\/2024 la Legge 13 dicembre 2024, n. 191 di conversione del dl n. 153\/2024 (dl ambiente) recante \u201cDisposizioni urgenti per la tutela ambientale del Paese, la razionalizzazione dei procedimenti di valutazione e autorizzazione ambientale, la promozione dell\u2019economia circolare, l\u2019attuazione di interventi in materia di bonifiche di siti contaminati e dissesto idrogeologico\u201d.&hellip;","_links":{"self":[{"href":"https:\/\/www.studiobrancaleone.it\/news\/wp-json\/wp\/v2\/posts\/15373","targetHints":{"allow":["GET"]}}],"collection":[{"href":"https:\/\/www.studiobrancaleone.it\/news\/wp-json\/wp\/v2\/posts"}],"about":[{"href":"https:\/\/www.studiobrancaleone.it\/news\/wp-json\/wp\/v2\/types\/post"}],"author":[{"embeddable":true,"href":"https:\/\/www.studiobrancaleone.it\/news\/wp-json\/wp\/v2\/users\/1"}],"replies":[{"embeddable":true,"href":"https:\/\/www.studiobrancaleone.it\/news\/wp-json\/wp\/v2\/comments?post=15373"}],"version-history":[{"count":0,"href":"https:\/\/www.studiobrancaleone.it\/news\/wp-json\/wp\/v2\/posts\/15373\/revisions"}],"wp:attachment":[{"href":"https:\/\/www.studiobrancaleone.it\/news\/wp-json\/wp\/v2\/media?parent=15373"}],"wp:term":[{"taxonomy":"category","embeddable":true,"href":"https:\/\/www.studiobrancaleone.it\/news\/wp-json\/wp\/v2\/categories?post=15373"},{"taxonomy":"post_tag","embeddable":true,"href":"https:\/\/www.studiobrancaleone.it\/news\/wp-json\/wp\/v2\/tags?post=15373"}],"curies":[{"name":"wp","href":"https:\/\/api.w.org\/{rel}","templated":true}]}}