{"id":16142,"date":"2025-02-13T19:21:33","date_gmt":"2025-02-13T18:21:33","guid":{"rendered":"https:\/\/www.studiobrancaleone.it\/news\/?p=16142"},"modified":"2025-02-13T19:22:19","modified_gmt":"2025-02-13T18:22:19","slug":"certificazione-parita-di-genere-avviso-contributi-2025","status":"publish","type":"post","link":"https:\/\/www.studiobrancaleone.it\/news\/certificazione-parita-di-genere-avviso-contributi-2025\/","title":{"rendered":"Certificazione Parit\u00e0 di genere, Avviso contributi 2025"},"content":{"rendered":"\n<p>Unioncamere, in collaborazione con il Dipartimento per le Pari Opportunit\u00e0, ha pubblicato il nuovo Avviso 2025 finalizzato all\u2019ottenimento di contributi per la <strong>Certificazione di Parit\u00e0 di Genere <\/strong>(UNI\/PdR 125:2022) con risorse del <strong>PNRR<\/strong>.<\/p>\n\n\n\t\t\t\t<div class=\"wp-block-uagb-table-of-contents uagb-toc__align-left uagb-toc__columns-1  uagb-block-61702c46      \"\n\t\t\t\t\tdata-scroll= \"1\"\n\t\t\t\t\tdata-offset= \"30\"\n\t\t\t\t\tstyle=\"\"\n\t\t\t\t>\n\t\t\t\t<div class=\"uagb-toc__wrap\">\n\t\t\t\t\t\t<div class=\"uagb-toc__title\">\n\t\t\t\t\t\t\tCertificazione Parit\u00e0 di Genere\t\t\t\t\t\t<\/div>\n\t\t\t\t\t\t\t\t\t\t\t\t\t\t\t\t\t\t\t\t\t\t<div class=\"uagb-toc__list-wrap \">\n\t\t\t\t\t\t<ol class=\"uagb-toc__list\"><li class=\"uagb-toc__list\"><a href=\"#nuovo-avviso-2025\" class=\"uagb-toc-link__trigger\">Nuovo Avviso 2025<\/a><li class=\"uagb-toc__list\"><a href=\"#soggetto-attuatore\" class=\"uagb-toc-link__trigger\">Soggetto attuatore<\/a><li class=\"uagb-toc__list\"><a href=\"#contributi-previsti\" class=\"uagb-toc-link__trigger\">Contributi previsti<\/a><li class=\"uagb-toc__list\"><a href=\"#obiettivi-della-certificazione\" class=\"uagb-toc-link__trigger\">Obiettivi della certificazione<\/a><li class=\"uagb-toc__list\"><a href=\"#benefici-per-imprese-certificate\" class=\"uagb-toc-link__trigger\">Benefici per imprese certificate<\/a><li class=\"uagb-toc__list\"><a href=\"#presentazione-domande\" class=\"uagb-toc-link__trigger\">Presentazione domande<\/a><\/ol>\t\t\t\t\t<\/div>\n\t\t\t\t\t\t\t\t\t<\/div>\n\t\t\t\t<\/div>\n\t\t\t\n\n\n<h2 class=\"wp-block-heading\">Nuovo Avviso 2025<\/h2>\n\n\n\n<p>Avviso pubblico per la concessione di contributi alle micro, piccole e medie imprese per i servizi di <strong>assistenza tecnica<\/strong> e accompagnamento in forma di voucher e per i servizi di <strong>certificazione <\/strong>della Parit\u00e0 di Genere UNI\/PdR 125:2022 &#8211; Anno 2025.<\/p>\n\n\n\n<h2 class=\"wp-block-heading\">Soggetto attuatore<\/h2>\n\n\n\n<p>Unioncamere, in collaborazione con il Dipartimento per le Pari Opportunit\u00e0, promuove il progetto di <strong>certificazione della parit\u00e0 di genere per le piccole e medie imprese italiane<\/strong>, ricoprendo il ruolo di Soggetto Attuatore, per la realizzazione degli obiettivi dell\u2019intervento del PNRR M5C1-I1.3 \u201cSistema di certificazione della parit\u00e0 di genere\u201d.<\/p>\n\n\n\n<h2 class=\"wp-block-heading\">Contributi previsti<\/h2>\n\n\n\n<p>Sono previsti <strong>contributi <\/strong>a valere sul dispositivo Next Generation EU per:<\/p>\n\n\n\n<ul class=\"wp-block-list\">\n<li>ricevere <strong>assistenza tecnica<\/strong> e accompagnamento per ridurre il divario di genere in azienda (per un massimo di 2.049,18 euro al netto di IVA, di cui 409,84 euro per la pre-verifica e 1.639,34 euro per l&#8217;implementazione del Sistema) e <\/li>\n\n\n\n<li>ottenere la <strong>Certificazione <\/strong>di Parit\u00e0 di Genere con un Ente accreditato in base alla UNI\/PdR 125:2022 (da un minimo di 1.800 euro a un massimo di 10.245 euro al netto di IVA in base al numero di addetti).<\/li>\n<\/ul>\n\n\n\n<h2 class=\"wp-block-heading\">Obiettivi della certificazione<\/h2>\n\n\n\n<p>La finalit\u00e0 del Sistema di certificazione della parit\u00e0 di genere alle imprese \u00e8 quella di favorire l\u2019adozione di politiche per la parit\u00e0 di genere e per l\u2019empowerment femminile a livello aziendale e quindi di migliorare la possibilit\u00e0 per le donne di accedere al mercato del lavoro, di leadership e di armonizzazione dei tempi vita e lavoro.<\/p>\n\n\n\n<h2 class=\"wp-block-heading\">Benefici per imprese certificate<\/h2>\n\n\n\n<p>Al fine di promuovere l\u2019adozione della certificazione della parit\u00e0 di genere da parte delle imprese, il Sistema prevede un principio di premialit\u00e0 che si realizza con l\u2019introduzione di <strong>meccanismi di incentivazione<\/strong> a favore delle aziende certificate:<\/p>\n\n\n\n<ul class=\"wp-block-list\">\n<li><strong>esonero <\/strong>dal versamento di una percentuale dei complessivi <strong>contributi <\/strong>previdenziali<\/li>\n\n\n\n<li><strong>punteggio premiale<\/strong> ai fini della concessione di aiuti di Stato a cofinanziamento degli investimenti sostenuti<\/li>\n\n\n\n<li>maggiore punteggio negli appalti pubblici e diminuzione della garanzia del 20%<\/li>\n<\/ul>\n\n\n\n<h2 class=\"wp-block-heading\">Presentazione domande<\/h2>\n\n\n\n<p>Le domande di partecipazione all\u2019Avviso pubblico possono essere presentate a partire dalle 10:00 \u00a0<strong>26 febbraio 2025<\/strong>\u00a0e fino alle 16:00 del <strong>18 aprile 2025<\/strong> attraverso il sistema <a href=\"https:\/\/restart.infocamere.it\/\" target=\"_blank\" rel=\"noreferrer noopener\">restart.infocamere.it<\/a>, accedendo con SPID\/CIE\/CNS.<\/p>\n\n\n\n<hr class=\"wp-block-separator has-text-color has-ast-global-color-0-color has-alpha-channel-opacity has-ast-global-color-0-background-color has-background is-style-wide\" \/>\n\n\n\n<p>Siti internet: Uniocamere &#8211; Dipartimento per le Pari Opportunit\u00e0<\/p>\n\n\n\n<p><strong>Per approfondire<\/strong><\/p>\n\n\n\n<p><a href=\"https:\/\/certificazioneparitadigenere.unioncamere.gov.it\/file\/share?f=Y2tlZGl0b3IvQXZ2aXNvIFBNSSAxMS0yLTI1LnBkZg%3D%3D&amp;h=cc431a13ea46069e83fece03d4d47a2c\" target=\"_blank\" rel=\"noreferrer noopener\">Avviso Certificazione Parit\u00e0 di genere UNI\/PdR 125:2022 &#8211; Anno 2025<\/a><\/p>\n","protected":false},"excerpt":{"rendered":"<p>Unioncamere, in collaborazione con il Dipartimento per le Pari Opportunit\u00e0, ha pubblicato il nuovo Avviso 2025 finalizzato all\u2019ottenimento di contributi per la Certificazione di Parit\u00e0 di Genere (UNI\/PdR 125:2022) con risorse del PNRR. Nuovo Avviso 2025 Avviso pubblico per la concessione di contributi alle micro, piccole e medie imprese per i servizi di assistenza tecnica [&hellip;]<\/p>\n","protected":false},"author":2,"featured_media":0,"comment_status":"closed","ping_status":"open","sticky":false,"template":"","format":"standard","meta":{"_uag_custom_page_level_css":"","site-sidebar-layout":"default","site-content-layout":"","ast-site-content-layout":"default","site-content-style":"default","site-sidebar-style":"default","ast-global-header-display":"","ast-banner-title-visibility":"","ast-main-header-display":"","ast-hfb-above-header-display":"","ast-hfb-below-header-display":"","ast-hfb-mobile-header-display":"","site-post-title":"","ast-breadcrumbs-content":"","ast-featured-img":"","footer-sml-layout":"","ast-disable-related-posts":"","theme-transparent-header-meta":"","adv-header-id-meta":"","stick-header-meta":"","header-above-stick-meta":"","header-main-stick-meta":"","header-below-stick-meta":"","astra-migrate-meta-layouts":"set","ast-page-background-enabled":"default","ast-page-background-meta":{"desktop":{"background-color":"var(--ast-global-color-4)","background-image":"","background-repeat":"repeat","background-position":"center center","background-size":"auto","background-attachment":"scroll","background-type":"","background-media":"","overlay-type":"","overlay-color":"","overlay-opacity":"","overlay-gradient":""},"tablet":{"background-color":"","background-image":"","background-repeat":"repeat","background-position":"center center","background-size":"auto","background-attachment":"scroll","background-type":"","background-media":"","overlay-type":"","overlay-color":"","overlay-opacity":"","overlay-gradient":""},"mobile":{"background-color":"","background-image":"","background-repeat":"repeat","background-position":"center center","background-size":"auto","background-attachment":"scroll","background-type":"","background-media":"","overlay-type":"","overlay-color":"","overlay-opacity":"","overlay-gradient":""}},"ast-content-background-meta":{"desktop":{"background-color":"var(--ast-global-color-5)","background-image":"","background-repeat":"repeat","background-position":"center center","background-size":"auto","background-attachment":"scroll","background-type":"","background-media":"","overlay-type":"","overlay-color":"","overlay-opacity":"","overlay-gradient":""},"tablet":{"background-color":"var(--ast-global-color-5)","background-image":"","background-repeat":"repeat","background-position":"center center","background-size":"auto","background-attachment":"scroll","background-type":"","background-media":"","overlay-type":"","overlay-color":"","overlay-opacity":"","overlay-gradient":""},"mobile":{"background-color":"var(--ast-global-color-5)","background-image":"","background-repeat":"repeat","background-position":"center center","background-size":"auto","background-attachment":"scroll","background-type":"","background-media":"","overlay-type":"","overlay-color":"","overlay-opacity":"","overlay-gradient":""}},"footnotes":""},"categories":[10],"tags":[145],"class_list":["post-16142","post","type-post","status-publish","format-standard","hentry","category-finanziamenti","tag-pnrr"],"yoast_head":"<!-- This site is optimized with the Yoast SEO plugin v27.5 - https:\/\/yoast.com\/product\/yoast-seo-wordpress\/ -->\r\n<title>Certificazione Parit\u00e0 di genere, Avviso contributi 2025 &#060; Studio Brancaleone<\/title>\r\n<meta name=\"description\" content=\"Avviso pubblico per la concessione di contributi alle micro, piccole e medie imprese per servizi di certificazione della Parit\u00e0 di Genere.\" \/>\r\n<meta name=\"robots\" content=\"index, follow, max-snippet:-1, max-image-preview:large, max-video-preview:-1\" \/>\r\n<link rel=\"canonical\" href=\"https:\/\/www.studiobrancaleone.it\/news\/certificazione-parita-di-genere-avviso-contributi-2025\/\" \/>\r\n<meta property=\"og:locale\" content=\"it_IT\" \/>\r\n<meta property=\"og:type\" content=\"article\" \/>\r\n<meta property=\"og:title\" content=\"Certificazione Parit\u00e0 di genere, Avviso contributi 2025 &#060; Studio Brancaleone\" \/>\r\n<meta property=\"og:description\" content=\"Avviso pubblico per la concessione di contributi alle micro, piccole e medie imprese per servizi di certificazione della Parit\u00e0 di Genere.\" \/>\r\n<meta property=\"og:url\" content=\"https:\/\/www.studiobrancaleone.it\/news\/certificazione-parita-di-genere-avviso-contributi-2025\/\" \/>\r\n<meta property=\"og:site_name\" content=\"Studio Brancaleone\" \/>\r\n<meta property=\"article:published_time\" content=\"2025-02-13T18:21:33+00:00\" \/>\r\n<meta property=\"article:modified_time\" content=\"2025-02-13T18:22:19+00:00\" \/>\r\n<meta name=\"author\" content=\"Ivana Brancaleone\" \/>\r\n<meta name=\"twitter:card\" content=\"summary_large_image\" \/>\r\n<meta name=\"twitter:label1\" content=\"Scritto da\" \/>\n\t<meta name=\"twitter:data1\" content=\"Ivana Brancaleone\" \/>\n\t<meta name=\"twitter:label2\" content=\"Tempo di lettura stimato\" \/>\n\t<meta name=\"twitter:data2\" content=\"3 minuti\" \/>\r\n<script type=\"application\/ld+json\" class=\"yoast-schema-graph\">{\"@context\":\"https:\\\/\\\/schema.org\",\"@graph\":[{\"@type\":\"Article\",\"@id\":\"https:\\\/\\\/www.studiobrancaleone.it\\\/news\\\/certificazione-parita-di-genere-avviso-contributi-2025\\\/#article\",\"isPartOf\":{\"@id\":\"https:\\\/\\\/www.studiobrancaleone.it\\\/news\\\/certificazione-parita-di-genere-avviso-contributi-2025\\\/\"},\"author\":{\"name\":\"Ivana Brancaleone\",\"@id\":\"https:\\\/\\\/www.studiobrancaleone.it\\\/news\\\/#\\\/schema\\\/person\\\/3df132515081baef5f0ea457e1dfcf6d\"},\"headline\":\"Certificazione Parit\u00e0 di genere, Avviso contributi 2025\",\"datePublished\":\"2025-02-13T18:21:33+00:00\",\"dateModified\":\"2025-02-13T18:22:19+00:00\",\"mainEntityOfPage\":{\"@id\":\"https:\\\/\\\/www.studiobrancaleone.it\\\/news\\\/certificazione-parita-di-genere-avviso-contributi-2025\\\/\"},\"wordCount\":407,\"publisher\":{\"@id\":\"https:\\\/\\\/www.studiobrancaleone.it\\\/news\\\/#organization\"},\"keywords\":[\"Pnrr\"],\"articleSection\":[\"Finanziamenti\"],\"inLanguage\":\"it-IT\"},{\"@type\":\"WebPage\",\"@id\":\"https:\\\/\\\/www.studiobrancaleone.it\\\/news\\\/certificazione-parita-di-genere-avviso-contributi-2025\\\/\",\"url\":\"https:\\\/\\\/www.studiobrancaleone.it\\\/news\\\/certificazione-parita-di-genere-avviso-contributi-2025\\\/\",\"name\":\"Certificazione Parit\u00e0 di genere, Avviso contributi 2025 &#060; Studio Brancaleone\",\"isPartOf\":{\"@id\":\"https:\\\/\\\/www.studiobrancaleone.it\\\/news\\\/#website\"},\"datePublished\":\"2025-02-13T18:21:33+00:00\",\"dateModified\":\"2025-02-13T18:22:19+00:00\",\"description\":\"Avviso pubblico per la concessione di contributi alle micro, piccole e medie imprese per servizi di certificazione della Parit\u00e0 di Genere.\",\"breadcrumb\":{\"@id\":\"https:\\\/\\\/www.studiobrancaleone.it\\\/news\\\/certificazione-parita-di-genere-avviso-contributi-2025\\\/#breadcrumb\"},\"inLanguage\":\"it-IT\",\"potentialAction\":[{\"@type\":\"ReadAction\",\"target\":[\"https:\\\/\\\/www.studiobrancaleone.it\\\/news\\\/certificazione-parita-di-genere-avviso-contributi-2025\\\/\"]}]},{\"@type\":\"BreadcrumbList\",\"@id\":\"https:\\\/\\\/www.studiobrancaleone.it\\\/news\\\/certificazione-parita-di-genere-avviso-contributi-2025\\\/#breadcrumb\",\"itemListElement\":[{\"@type\":\"ListItem\",\"position\":1,\"name\":\"Home\",\"item\":\"https:\\\/\\\/www.studiobrancaleone.it\\\/news\\\/\"},{\"@type\":\"ListItem\",\"position\":2,\"name\":\"Certificazione Parit\u00e0 di genere, Avviso contributi 2025\"}]},{\"@type\":\"WebSite\",\"@id\":\"https:\\\/\\\/www.studiobrancaleone.it\\\/news\\\/#website\",\"url\":\"https:\\\/\\\/www.studiobrancaleone.it\\\/news\\\/\",\"name\":\"Studio Brancaleone\",\"description\":\"Notizie giuridiche aggiornate regolarmente\",\"publisher\":{\"@id\":\"https:\\\/\\\/www.studiobrancaleone.it\\\/news\\\/#organization\"},\"potentialAction\":[{\"@type\":\"SearchAction\",\"target\":{\"@type\":\"EntryPoint\",\"urlTemplate\":\"https:\\\/\\\/www.studiobrancaleone.it\\\/news\\\/?s={search_term_string}\"},\"query-input\":{\"@type\":\"PropertyValueSpecification\",\"valueRequired\":true,\"valueName\":\"search_term_string\"}}],\"inLanguage\":\"it-IT\"},{\"@type\":\"Organization\",\"@id\":\"https:\\\/\\\/www.studiobrancaleone.it\\\/news\\\/#organization\",\"name\":\"Studio Brancaleone\",\"url\":\"https:\\\/\\\/www.studiobrancaleone.it\\\/news\\\/\",\"logo\":{\"@type\":\"ImageObject\",\"inLanguage\":\"it-IT\",\"@id\":\"https:\\\/\\\/www.studiobrancaleone.it\\\/news\\\/#\\\/schema\\\/logo\\\/image\\\/\",\"url\":\"https:\\\/\\\/www.studiobrancaleone.it\\\/news\\\/wp-content\\\/uploads\\\/2025\\\/02\\\/Testata-sito-scaled.webp\",\"contentUrl\":\"https:\\\/\\\/www.studiobrancaleone.it\\\/news\\\/wp-content\\\/uploads\\\/2025\\\/02\\\/Testata-sito-scaled.webp\",\"width\":2560,\"height\":481,\"caption\":\"Studio Brancaleone\"},\"image\":{\"@id\":\"https:\\\/\\\/www.studiobrancaleone.it\\\/news\\\/#\\\/schema\\\/logo\\\/image\\\/\"}},{\"@type\":\"Person\",\"@id\":\"https:\\\/\\\/www.studiobrancaleone.it\\\/news\\\/#\\\/schema\\\/person\\\/3df132515081baef5f0ea457e1dfcf6d\",\"name\":\"Ivana Brancaleone\",\"image\":{\"@type\":\"ImageObject\",\"inLanguage\":\"it-IT\",\"@id\":\"https:\\\/\\\/secure.gravatar.com\\\/avatar\\\/9f6d2be41a5115d34c5114a0a78ade583fa3a3bd63a144dfc88c9da356eca16c?s=96&d=mm&r=g\",\"url\":\"https:\\\/\\\/secure.gravatar.com\\\/avatar\\\/9f6d2be41a5115d34c5114a0a78ade583fa3a3bd63a144dfc88c9da356eca16c?s=96&d=mm&r=g\",\"contentUrl\":\"https:\\\/\\\/secure.gravatar.com\\\/avatar\\\/9f6d2be41a5115d34c5114a0a78ade583fa3a3bd63a144dfc88c9da356eca16c?s=96&d=mm&r=g\",\"caption\":\"Ivana Brancaleone\"},\"url\":\"https:\\\/\\\/www.studiobrancaleone.it\\\/news\\\/author\\\/ivanbra\\\/\"}]}<\/script>\r\n<!-- \/ Yoast SEO plugin. -->","yoast_head_json":{"title":"Certificazione Parit\u00e0 di genere, Avviso contributi 2025 &#060; Studio Brancaleone","description":"Avviso pubblico per la concessione di contributi alle micro, piccole e medie imprese per servizi di certificazione della Parit\u00e0 di Genere.","robots":{"index":"index","follow":"follow","max-snippet":"max-snippet:-1","max-image-preview":"max-image-preview:large","max-video-preview":"max-video-preview:-1"},"canonical":"https:\/\/www.studiobrancaleone.it\/news\/certificazione-parita-di-genere-avviso-contributi-2025\/","og_locale":"it_IT","og_type":"article","og_title":"Certificazione Parit\u00e0 di genere, Avviso contributi 2025 &#060; Studio Brancaleone","og_description":"Avviso pubblico per la concessione di contributi alle micro, piccole e medie imprese per servizi di certificazione della Parit\u00e0 di Genere.","og_url":"https:\/\/www.studiobrancaleone.it\/news\/certificazione-parita-di-genere-avviso-contributi-2025\/","og_site_name":"Studio Brancaleone","article_published_time":"2025-02-13T18:21:33+00:00","article_modified_time":"2025-02-13T18:22:19+00:00","author":"Ivana Brancaleone","twitter_card":"summary_large_image","twitter_misc":{"Scritto da":"Ivana Brancaleone","Tempo di lettura stimato":"3 minuti"},"schema":{"@context":"https:\/\/schema.org","@graph":[{"@type":"Article","@id":"https:\/\/www.studiobrancaleone.it\/news\/certificazione-parita-di-genere-avviso-contributi-2025\/#article","isPartOf":{"@id":"https:\/\/www.studiobrancaleone.it\/news\/certificazione-parita-di-genere-avviso-contributi-2025\/"},"author":{"name":"Ivana Brancaleone","@id":"https:\/\/www.studiobrancaleone.it\/news\/#\/schema\/person\/3df132515081baef5f0ea457e1dfcf6d"},"headline":"Certificazione Parit\u00e0 di genere, Avviso contributi 2025","datePublished":"2025-02-13T18:21:33+00:00","dateModified":"2025-02-13T18:22:19+00:00","mainEntityOfPage":{"@id":"https:\/\/www.studiobrancaleone.it\/news\/certificazione-parita-di-genere-avviso-contributi-2025\/"},"wordCount":407,"publisher":{"@id":"https:\/\/www.studiobrancaleone.it\/news\/#organization"},"keywords":["Pnrr"],"articleSection":["Finanziamenti"],"inLanguage":"it-IT"},{"@type":"WebPage","@id":"https:\/\/www.studiobrancaleone.it\/news\/certificazione-parita-di-genere-avviso-contributi-2025\/","url":"https:\/\/www.studiobrancaleone.it\/news\/certificazione-parita-di-genere-avviso-contributi-2025\/","name":"Certificazione Parit\u00e0 di genere, Avviso contributi 2025 &#060; Studio Brancaleone","isPartOf":{"@id":"https:\/\/www.studiobrancaleone.it\/news\/#website"},"datePublished":"2025-02-13T18:21:33+00:00","dateModified":"2025-02-13T18:22:19+00:00","description":"Avviso pubblico per la concessione di contributi alle micro, piccole e medie imprese per servizi di certificazione della Parit\u00e0 di Genere.","breadcrumb":{"@id":"https:\/\/www.studiobrancaleone.it\/news\/certificazione-parita-di-genere-avviso-contributi-2025\/#breadcrumb"},"inLanguage":"it-IT","potentialAction":[{"@type":"ReadAction","target":["https:\/\/www.studiobrancaleone.it\/news\/certificazione-parita-di-genere-avviso-contributi-2025\/"]}]},{"@type":"BreadcrumbList","@id":"https:\/\/www.studiobrancaleone.it\/news\/certificazione-parita-di-genere-avviso-contributi-2025\/#breadcrumb","itemListElement":[{"@type":"ListItem","position":1,"name":"Home","item":"https:\/\/www.studiobrancaleone.it\/news\/"},{"@type":"ListItem","position":2,"name":"Certificazione Parit\u00e0 di genere, Avviso contributi 2025"}]},{"@type":"WebSite","@id":"https:\/\/www.studiobrancaleone.it\/news\/#website","url":"https:\/\/www.studiobrancaleone.it\/news\/","name":"Studio Brancaleone","description":"Notizie giuridiche aggiornate regolarmente","publisher":{"@id":"https:\/\/www.studiobrancaleone.it\/news\/#organization"},"potentialAction":[{"@type":"SearchAction","target":{"@type":"EntryPoint","urlTemplate":"https:\/\/www.studiobrancaleone.it\/news\/?s={search_term_string}"},"query-input":{"@type":"PropertyValueSpecification","valueRequired":true,"valueName":"search_term_string"}}],"inLanguage":"it-IT"},{"@type":"Organization","@id":"https:\/\/www.studiobrancaleone.it\/news\/#organization","name":"Studio Brancaleone","url":"https:\/\/www.studiobrancaleone.it\/news\/","logo":{"@type":"ImageObject","inLanguage":"it-IT","@id":"https:\/\/www.studiobrancaleone.it\/news\/#\/schema\/logo\/image\/","url":"https:\/\/www.studiobrancaleone.it\/news\/wp-content\/uploads\/2025\/02\/Testata-sito-scaled.webp","contentUrl":"https:\/\/www.studiobrancaleone.it\/news\/wp-content\/uploads\/2025\/02\/Testata-sito-scaled.webp","width":2560,"height":481,"caption":"Studio Brancaleone"},"image":{"@id":"https:\/\/www.studiobrancaleone.it\/news\/#\/schema\/logo\/image\/"}},{"@type":"Person","@id":"https:\/\/www.studiobrancaleone.it\/news\/#\/schema\/person\/3df132515081baef5f0ea457e1dfcf6d","name":"Ivana Brancaleone","image":{"@type":"ImageObject","inLanguage":"it-IT","@id":"https:\/\/secure.gravatar.com\/avatar\/9f6d2be41a5115d34c5114a0a78ade583fa3a3bd63a144dfc88c9da356eca16c?s=96&d=mm&r=g","url":"https:\/\/secure.gravatar.com\/avatar\/9f6d2be41a5115d34c5114a0a78ade583fa3a3bd63a144dfc88c9da356eca16c?s=96&d=mm&r=g","contentUrl":"https:\/\/secure.gravatar.com\/avatar\/9f6d2be41a5115d34c5114a0a78ade583fa3a3bd63a144dfc88c9da356eca16c?s=96&d=mm&r=g","caption":"Ivana Brancaleone"},"url":"https:\/\/www.studiobrancaleone.it\/news\/author\/ivanbra\/"}]}},"uagb_featured_image_src":{"full":false,"thumbnail":false,"medium":false,"medium_large":false,"large":false,"1536x1536":false,"2048x2048":false},"uagb_author_info":{"display_name":"Ivana Brancaleone","author_link":"https:\/\/www.studiobrancaleone.it\/news\/author\/ivanbra\/"},"uagb_comment_info":0,"uagb_excerpt":"Unioncamere, in collaborazione con il Dipartimento per le Pari Opportunit\u00e0, ha pubblicato il nuovo Avviso 2025 finalizzato all\u2019ottenimento di contributi per la Certificazione di Parit\u00e0 di Genere (UNI\/PdR 125:2022) con risorse del PNRR. Nuovo Avviso 2025 Avviso pubblico per la concessione di contributi alle micro, piccole e medie imprese per i servizi di assistenza tecnica&hellip;","_links":{"self":[{"href":"https:\/\/www.studiobrancaleone.it\/news\/wp-json\/wp\/v2\/posts\/16142","targetHints":{"allow":["GET"]}}],"collection":[{"href":"https:\/\/www.studiobrancaleone.it\/news\/wp-json\/wp\/v2\/posts"}],"about":[{"href":"https:\/\/www.studiobrancaleone.it\/news\/wp-json\/wp\/v2\/types\/post"}],"author":[{"embeddable":true,"href":"https:\/\/www.studiobrancaleone.it\/news\/wp-json\/wp\/v2\/users\/2"}],"replies":[{"embeddable":true,"href":"https:\/\/www.studiobrancaleone.it\/news\/wp-json\/wp\/v2\/comments?post=16142"}],"version-history":[{"count":0,"href":"https:\/\/www.studiobrancaleone.it\/news\/wp-json\/wp\/v2\/posts\/16142\/revisions"}],"wp:attachment":[{"href":"https:\/\/www.studiobrancaleone.it\/news\/wp-json\/wp\/v2\/media?parent=16142"}],"wp:term":[{"taxonomy":"category","embeddable":true,"href":"https:\/\/www.studiobrancaleone.it\/news\/wp-json\/wp\/v2\/categories?post=16142"},{"taxonomy":"post_tag","embeddable":true,"href":"https:\/\/www.studiobrancaleone.it\/news\/wp-json\/wp\/v2\/tags?post=16142"}],"curies":[{"name":"wp","href":"https:\/\/api.w.org\/{rel}","templated":true}]}}