{"id":18820,"date":"2026-01-21T16:04:09","date_gmt":"2026-01-21T15:04:09","guid":{"rendered":"https:\/\/www.studiobrancaleone.it\/news\/?p=18820"},"modified":"2026-04-22T16:23:21","modified_gmt":"2026-04-22T14:23:21","slug":"governo-tutela-penale-dellambiente","status":"publish","type":"post","link":"https:\/\/www.studiobrancaleone.it\/news\/governo-tutela-penale-dellambiente\/","title":{"rendered":"Governo, tutela penale dell\u2019ambiente"},"content":{"rendered":"\n<p>Il Consiglio dei Ministri, nella riunione del 20 gennaio 2026, ha approvato, in esame preliminare, un <strong>decreto legislativo<\/strong> recante l\u2019attuazione della direttiva (UE) 2024\/1203 sulla <strong>tutela penale dell\u2019ambiente<\/strong>.<\/p>\n\n\n\t\t\t\t<div class=\"wp-block-uagb-table-of-contents uagb-toc__align-left uagb-toc__columns-1  uagb-block-aa6ed0b0      \"\n\t\t\t\t\tdata-scroll= \"1\"\n\t\t\t\t\tdata-offset= \"30\"\n\t\t\t\t\tstyle=\"\"\n\t\t\t\t>\n\t\t\t\t<div class=\"uagb-toc__wrap\">\n\t\t\t\t\t\t<div class=\"uagb-toc__title\">\n\t\t\t\t\t\t\tSommario\t\t\t\t\t\t<\/div>\n\t\t\t\t\t\t\t\t\t\t\t\t\t\t\t\t\t\t\t\t\t\t<div class=\"uagb-toc__list-wrap \">\n\t\t\t\t\t\t<ol class=\"uagb-toc__list\"><li class=\"uagb-toc__list\"><a href=\"#esame-preliminare\" class=\"uagb-toc-link__trigger\">Esame preliminare<\/a><li class=\"uagb-toc__list\"><a href=\"#esame-definitivo\" class=\"uagb-toc-link__trigger\">Esame definitivo<\/a><ul class=\"uagb-toc__list\"><li class=\"uagb-toc__list\"><a href=\"#aggiornamento\" class=\"uagb-toc-link__trigger\">Aggiornamento<\/a><\/ul><\/ol>\t\t\t\t\t<\/div>\n\t\t\t\t\t\t\t\t\t<\/div>\n\t\t\t\t<\/div>\n\t\t\t\n\n\n<h2 class=\"wp-block-heading\">Esame preliminare<\/h2>\n\n\n\n<p>Come riportato nel <a href=\"https:\/\/www.governo.it\/it\/articolo\/comunicato-stampa-del-consiglio-dei-ministri-n-156\/30823\" target=\"_blank\" rel=\"noreferrer noopener\">Comunicato stampa<\/a>, l\u2019intervento normativo \u00e8 volto a <strong>rafforzare la prevenzione e il contrasto dei reati ambientali<\/strong>, tenendo conto dell\u2019accresciuta rilevanza dei fenomeni di degrado ambientale, della perdita di biodiversit\u00e0 e degli effetti dei cambiamenti climatici, nonch\u00e9 della dimensione transfrontaliera della criminalit\u00e0 ambientale.<\/p>\n\n\n\n<p>Si introducono <strong>modifiche al Codice penale<\/strong>, aggiornando e integrando la disciplina degli eco-delitti, con particolare riferimento alle fattispecie di inquinamento ambientale e alle nuove ipotesi di commercio di prodotti inquinanti, produzione e commercio di sostanze ozono-lesive e di gas a effetto serra. Inoltre, si rafforzano le circostanze aggravanti, si precisa la nozione di condotta abusiva e si adegua il trattamento sanzionatorio, in coerenza con le indicazioni della direttiva europea.<\/p>\n\n\n\n<p>Il provvedimento <strong>amplia il catalogo dei reati ambientali rilevanti ai fini della responsabilit\u00e0 amministrativa delle persone giuridiche<\/strong>, delle societ\u00e0 e delle associazioni anche prive di personalit\u00e0 giuridica (decreto legislativo 8 giugno 2001, n. 231), e adegua la disciplina delle sanzioni, nel rispetto dei principi di proporzionalit\u00e0 ed effettivit\u00e0.<\/p>\n\n\n\n<p>Al fine di assicurare la cooperazione e il coordinamento pi\u00f9 efficaci e tempestivi tra tutte le autorit\u00e0 competenti coinvolte nella prevenzione e nella lotta contro i reati ambientali, si istituisce presso la Procura generale presso la Corte di cassazione il Sistema di coordinamento nazionale per il contrasto alla criminalit\u00e0 ambientale. Di tale Sistema fanno parte: il Procuratore generale presso la Corte di cassazione; i Procuratori generali presso le Corti d\u2019appello; il Procuratore nazionale antimafia.<\/p>\n\n\n\n<p>Entro il 21 maggio 2027, il Parlamento elabora e pubblica la Strategia nazionale di contrasto ai crimini ambientali. Tale documento programmatico, aggiornato ogni tre anni, definir\u00e0 gli obiettivi prioritari della politica nazionale, valuter\u00e0 le risorse necessarie e promuover\u00e0 misure per innalzare la consapevolezza pubblica sulla tutela ambientale.<\/p>\n\n\n\n<h2 class=\"wp-block-heading\">Esame definitivo<\/h2>\n\n\n\n<h3 class=\"wp-block-heading\">Aggiornamento<\/h3>\n\n\n\n<p>Il Consiglio dei Ministri, nella riunione del 21 aprile 2026, ha approvato, in<strong> esame definitivo<\/strong>, un decreto legislativo di attuazione della direttiva (UE) 2024\/1203 del Parlamento europeo e del Consiglio, dell\u201911 aprile 2024, sulla <strong>tutela penale dell\u2019ambiente<\/strong>, che sostituisce le direttive 2008\/99\/CE e 2009\/123\/CE.<\/p>\n\n\n\n<p>Come riportato nel <a href=\"https:\/\/www.governo.it\/it\/articolo\/comunicato-stampa-del-consiglio-dei-ministri-n-169\/31609\" target=\"_blank\" rel=\"noreferrer noopener\">Comunicato stampa<\/a>, alla luce dei pareri espressi dalle Commissioni parlamentari competenti sono state apportate modifiche che riguardano, tra l\u2019altro, il Sistema di coordinamento nazionale per il contrasto alla criminalit\u00e0 ambientale, nell\u2019ambito del quale il Procuratore generale presso la Corte di Cassazione potr\u00e0 avvalersi della collaborazione specialistica dell\u2019Arma dei Carabinieri. <\/p>\n\n\n\n<p>Inoltre, la <strong>responsabilit\u00e0 per morte o lesioni viene estesa anche ai casi derivanti dal commercio di prodotti inquinanti<\/strong>, non solo all&#8217;inquinamento diretto. In merito alle sanzioni relative alla condotta di gestione non autorizzata di rifiuti, infine, viene introdotta una <strong>distinzione punitiva basata sulla pericolosit\u00e0 dei rifiuti<\/strong> stessi, con sanzioni che vanno da una ammenda di 2.000 euro alla reclusione fino a tre anni.<\/p>\n\n\n\n<hr class=\"wp-block-separator has-text-color has-ast-global-color-0-color has-alpha-channel-opacity has-ast-global-color-0-background-color has-background is-style-wide\"\/>\n\n\n\n<p><\/p>\n","protected":false},"excerpt":{"rendered":"<p>Il Consiglio dei Ministri, nella riunione del 20 gennaio 2026, ha approvato, in esame preliminare, un decreto legislativo recante l\u2019attuazione della direttiva (UE) 2024\/1203 sulla tutela penale dell\u2019ambiente. Esame preliminare Come riportato nel Comunicato stampa, l\u2019intervento normativo \u00e8 volto a rafforzare la prevenzione e il contrasto dei reati ambientali, tenendo conto dell\u2019accresciuta rilevanza dei fenomeni [&hellip;]<\/p>\n","protected":false},"author":1,"featured_media":0,"comment_status":"closed","ping_status":"open","sticky":false,"template":"","format":"standard","meta":{"_uag_custom_page_level_css":"","site-sidebar-layout":"default","site-content-layout":"","ast-site-content-layout":"default","site-content-style":"default","site-sidebar-style":"default","ast-global-header-display":"","ast-banner-title-visibility":"","ast-main-header-display":"","ast-hfb-above-header-display":"","ast-hfb-below-header-display":"","ast-hfb-mobile-header-display":"","site-post-title":"","ast-breadcrumbs-content":"","ast-featured-img":"","footer-sml-layout":"","ast-disable-related-posts":"","theme-transparent-header-meta":"","adv-header-id-meta":"","stick-header-meta":"","header-above-stick-meta":"","header-main-stick-meta":"","header-below-stick-meta":"","astra-migrate-meta-layouts":"set","ast-page-background-enabled":"default","ast-page-background-meta":{"desktop":{"background-color":"var(--ast-global-color-4)","background-image":"","background-repeat":"repeat","background-position":"center center","background-size":"auto","background-attachment":"scroll","background-type":"","background-media":"","overlay-type":"","overlay-color":"","overlay-opacity":"","overlay-gradient":""},"tablet":{"background-color":"","background-image":"","background-repeat":"repeat","background-position":"center center","background-size":"auto","background-attachment":"scroll","background-type":"","background-media":"","overlay-type":"","overlay-color":"","overlay-opacity":"","overlay-gradient":""},"mobile":{"background-color":"","background-image":"","background-repeat":"repeat","background-position":"center center","background-size":"auto","background-attachment":"scroll","background-type":"","background-media":"","overlay-type":"","overlay-color":"","overlay-opacity":"","overlay-gradient":""}},"ast-content-background-meta":{"desktop":{"background-color":"var(--ast-global-color-5)","background-image":"","background-repeat":"repeat","background-position":"center center","background-size":"auto","background-attachment":"scroll","background-type":"","background-media":"","overlay-type":"","overlay-color":"","overlay-opacity":"","overlay-gradient":""},"tablet":{"background-color":"var(--ast-global-color-5)","background-image":"","background-repeat":"repeat","background-position":"center center","background-size":"auto","background-attachment":"scroll","background-type":"","background-media":"","overlay-type":"","overlay-color":"","overlay-opacity":"","overlay-gradient":""},"mobile":{"background-color":"var(--ast-global-color-5)","background-image":"","background-repeat":"repeat","background-position":"center center","background-size":"auto","background-attachment":"scroll","background-type":"","background-media":"","overlay-type":"","overlay-color":"","overlay-opacity":"","overlay-gradient":""}},"footnotes":""},"categories":[4],"tags":[122],"class_list":["post-18820","post","type-post","status-publish","format-standard","hentry","category-nazionali-ue","tag-ambiente"],"yoast_head":"<!-- This site is optimized with the Yoast SEO plugin v27.4 - https:\/\/yoast.com\/product\/yoast-seo-wordpress\/ -->\r\n<title>Governo, tutela penale dell\u2019ambiente &#060; Studio Brancaleone<\/title>\r\n<meta name=\"description\" content=\"Il Consiglio dei Ministri, nella riunione del 20 gennaio 2026, ha approvato, in esame preliminare, un decreto legislativo recante l\u2019attuazione della direttiva (UE) 2024\/1203 sulla tutela penale dell\u2019ambiente.\" \/>\r\n<meta name=\"robots\" content=\"index, follow, max-snippet:-1, max-image-preview:large, max-video-preview:-1\" \/>\r\n<link rel=\"canonical\" href=\"https:\/\/www.studiobrancaleone.it\/news\/governo-tutela-penale-dellambiente\/\" \/>\r\n<meta property=\"og:locale\" content=\"it_IT\" \/>\r\n<meta property=\"og:type\" content=\"article\" \/>\r\n<meta property=\"og:title\" content=\"Governo, tutela penale dell\u2019ambiente &#060; Studio Brancaleone\" \/>\r\n<meta property=\"og:description\" content=\"Il Consiglio dei Ministri, nella riunione del 20 gennaio 2026, ha approvato, in esame preliminare, un decreto legislativo recante l\u2019attuazione della direttiva (UE) 2024\/1203 sulla tutela penale dell\u2019ambiente.\" \/>\r\n<meta property=\"og:url\" content=\"https:\/\/www.studiobrancaleone.it\/news\/governo-tutela-penale-dellambiente\/\" \/>\r\n<meta property=\"og:site_name\" content=\"Studio Brancaleone\" \/>\r\n<meta property=\"article:published_time\" content=\"2026-01-21T15:04:09+00:00\" \/>\r\n<meta property=\"article:modified_time\" content=\"2026-04-22T14:23:21+00:00\" \/>\r\n<meta name=\"author\" content=\"Giorgio Ferrari\" \/>\r\n<meta name=\"twitter:card\" content=\"summary_large_image\" \/>\r\n<meta name=\"twitter:label1\" content=\"Scritto da\" \/>\n\t<meta name=\"twitter:data1\" content=\"Giorgio Ferrari\" \/>\n\t<meta name=\"twitter:label2\" content=\"Tempo di lettura stimato\" \/>\n\t<meta name=\"twitter:data2\" content=\"3 minuti\" \/>\r\n<script type=\"application\/ld+json\" class=\"yoast-schema-graph\">{\"@context\":\"https:\\\/\\\/schema.org\",\"@graph\":[{\"@type\":\"Article\",\"@id\":\"https:\\\/\\\/www.studiobrancaleone.it\\\/news\\\/governo-tutela-penale-dellambiente\\\/#article\",\"isPartOf\":{\"@id\":\"https:\\\/\\\/www.studiobrancaleone.it\\\/news\\\/governo-tutela-penale-dellambiente\\\/\"},\"author\":{\"name\":\"Giorgio Ferrari\",\"@id\":\"https:\\\/\\\/www.studiobrancaleone.it\\\/news\\\/#\\\/schema\\\/person\\\/da5920864810e22fb65389a0a5cff7e3\"},\"headline\":\"Governo, tutela penale dell\u2019ambiente\",\"datePublished\":\"2026-01-21T15:04:09+00:00\",\"dateModified\":\"2026-04-22T14:23:21+00:00\",\"mainEntityOfPage\":{\"@id\":\"https:\\\/\\\/www.studiobrancaleone.it\\\/news\\\/governo-tutela-penale-dellambiente\\\/\"},\"wordCount\":476,\"publisher\":{\"@id\":\"https:\\\/\\\/www.studiobrancaleone.it\\\/news\\\/#organization\"},\"keywords\":[\"Ambiente\"],\"articleSection\":[\"Nazionali\\\/Ue\"],\"inLanguage\":\"it-IT\"},{\"@type\":\"WebPage\",\"@id\":\"https:\\\/\\\/www.studiobrancaleone.it\\\/news\\\/governo-tutela-penale-dellambiente\\\/\",\"url\":\"https:\\\/\\\/www.studiobrancaleone.it\\\/news\\\/governo-tutela-penale-dellambiente\\\/\",\"name\":\"Governo, tutela penale dell\u2019ambiente &#060; Studio Brancaleone\",\"isPartOf\":{\"@id\":\"https:\\\/\\\/www.studiobrancaleone.it\\\/news\\\/#website\"},\"datePublished\":\"2026-01-21T15:04:09+00:00\",\"dateModified\":\"2026-04-22T14:23:21+00:00\",\"description\":\"Il Consiglio dei Ministri, nella riunione del 20 gennaio 2026, ha approvato, in esame preliminare, un decreto legislativo recante l\u2019attuazione della direttiva (UE) 2024\\\/1203 sulla tutela penale dell\u2019ambiente.\",\"breadcrumb\":{\"@id\":\"https:\\\/\\\/www.studiobrancaleone.it\\\/news\\\/governo-tutela-penale-dellambiente\\\/#breadcrumb\"},\"inLanguage\":\"it-IT\",\"potentialAction\":[{\"@type\":\"ReadAction\",\"target\":[\"https:\\\/\\\/www.studiobrancaleone.it\\\/news\\\/governo-tutela-penale-dellambiente\\\/\"]}]},{\"@type\":\"BreadcrumbList\",\"@id\":\"https:\\\/\\\/www.studiobrancaleone.it\\\/news\\\/governo-tutela-penale-dellambiente\\\/#breadcrumb\",\"itemListElement\":[{\"@type\":\"ListItem\",\"position\":1,\"name\":\"Home\",\"item\":\"https:\\\/\\\/www.studiobrancaleone.it\\\/news\\\/\"},{\"@type\":\"ListItem\",\"position\":2,\"name\":\"Governo, tutela penale dell\u2019ambiente\"}]},{\"@type\":\"WebSite\",\"@id\":\"https:\\\/\\\/www.studiobrancaleone.it\\\/news\\\/#website\",\"url\":\"https:\\\/\\\/www.studiobrancaleone.it\\\/news\\\/\",\"name\":\"Studio Brancaleone\",\"description\":\"Notizie giuridiche aggiornate regolarmente\",\"publisher\":{\"@id\":\"https:\\\/\\\/www.studiobrancaleone.it\\\/news\\\/#organization\"},\"potentialAction\":[{\"@type\":\"SearchAction\",\"target\":{\"@type\":\"EntryPoint\",\"urlTemplate\":\"https:\\\/\\\/www.studiobrancaleone.it\\\/news\\\/?s={search_term_string}\"},\"query-input\":{\"@type\":\"PropertyValueSpecification\",\"valueRequired\":true,\"valueName\":\"search_term_string\"}}],\"inLanguage\":\"it-IT\"},{\"@type\":\"Organization\",\"@id\":\"https:\\\/\\\/www.studiobrancaleone.it\\\/news\\\/#organization\",\"name\":\"Studio Brancaleone\",\"url\":\"https:\\\/\\\/www.studiobrancaleone.it\\\/news\\\/\",\"logo\":{\"@type\":\"ImageObject\",\"inLanguage\":\"it-IT\",\"@id\":\"https:\\\/\\\/www.studiobrancaleone.it\\\/news\\\/#\\\/schema\\\/logo\\\/image\\\/\",\"url\":\"https:\\\/\\\/www.studiobrancaleone.it\\\/news\\\/wp-content\\\/uploads\\\/2025\\\/02\\\/Testata-sito-scaled.webp\",\"contentUrl\":\"https:\\\/\\\/www.studiobrancaleone.it\\\/news\\\/wp-content\\\/uploads\\\/2025\\\/02\\\/Testata-sito-scaled.webp\",\"width\":2560,\"height\":481,\"caption\":\"Studio Brancaleone\"},\"image\":{\"@id\":\"https:\\\/\\\/www.studiobrancaleone.it\\\/news\\\/#\\\/schema\\\/logo\\\/image\\\/\"}},{\"@type\":\"Person\",\"@id\":\"https:\\\/\\\/www.studiobrancaleone.it\\\/news\\\/#\\\/schema\\\/person\\\/da5920864810e22fb65389a0a5cff7e3\",\"name\":\"Giorgio Ferrari\",\"image\":{\"@type\":\"ImageObject\",\"inLanguage\":\"it-IT\",\"@id\":\"https:\\\/\\\/secure.gravatar.com\\\/avatar\\\/e5a8c666e3c03788ccd80843664b7c6eb2fb548eb37bb5cd6598134bf5d56ae1?s=96&d=mm&r=g\",\"url\":\"https:\\\/\\\/secure.gravatar.com\\\/avatar\\\/e5a8c666e3c03788ccd80843664b7c6eb2fb548eb37bb5cd6598134bf5d56ae1?s=96&d=mm&r=g\",\"contentUrl\":\"https:\\\/\\\/secure.gravatar.com\\\/avatar\\\/e5a8c666e3c03788ccd80843664b7c6eb2fb548eb37bb5cd6598134bf5d56ae1?s=96&d=mm&r=g\",\"caption\":\"Giorgio Ferrari\"},\"sameAs\":[\"https:\\\/\\\/www.studiobrancaleone.it\\\/news\"],\"url\":\"https:\\\/\\\/www.studiobrancaleone.it\\\/news\\\/author\\\/giorfer\\\/\"}]}<\/script>\r\n<!-- \/ Yoast SEO plugin. -->","yoast_head_json":{"title":"Governo, tutela penale dell\u2019ambiente &#060; Studio Brancaleone","description":"Il Consiglio dei Ministri, nella riunione del 20 gennaio 2026, ha approvato, in esame preliminare, un decreto legislativo recante l\u2019attuazione della direttiva (UE) 2024\/1203 sulla tutela penale dell\u2019ambiente.","robots":{"index":"index","follow":"follow","max-snippet":"max-snippet:-1","max-image-preview":"max-image-preview:large","max-video-preview":"max-video-preview:-1"},"canonical":"https:\/\/www.studiobrancaleone.it\/news\/governo-tutela-penale-dellambiente\/","og_locale":"it_IT","og_type":"article","og_title":"Governo, tutela penale dell\u2019ambiente &#060; Studio Brancaleone","og_description":"Il Consiglio dei Ministri, nella riunione del 20 gennaio 2026, ha approvato, in esame preliminare, un decreto legislativo recante l\u2019attuazione della direttiva (UE) 2024\/1203 sulla tutela penale dell\u2019ambiente.","og_url":"https:\/\/www.studiobrancaleone.it\/news\/governo-tutela-penale-dellambiente\/","og_site_name":"Studio Brancaleone","article_published_time":"2026-01-21T15:04:09+00:00","article_modified_time":"2026-04-22T14:23:21+00:00","author":"Giorgio Ferrari","twitter_card":"summary_large_image","twitter_misc":{"Scritto da":"Giorgio Ferrari","Tempo di lettura stimato":"3 minuti"},"schema":{"@context":"https:\/\/schema.org","@graph":[{"@type":"Article","@id":"https:\/\/www.studiobrancaleone.it\/news\/governo-tutela-penale-dellambiente\/#article","isPartOf":{"@id":"https:\/\/www.studiobrancaleone.it\/news\/governo-tutela-penale-dellambiente\/"},"author":{"name":"Giorgio Ferrari","@id":"https:\/\/www.studiobrancaleone.it\/news\/#\/schema\/person\/da5920864810e22fb65389a0a5cff7e3"},"headline":"Governo, tutela penale dell\u2019ambiente","datePublished":"2026-01-21T15:04:09+00:00","dateModified":"2026-04-22T14:23:21+00:00","mainEntityOfPage":{"@id":"https:\/\/www.studiobrancaleone.it\/news\/governo-tutela-penale-dellambiente\/"},"wordCount":476,"publisher":{"@id":"https:\/\/www.studiobrancaleone.it\/news\/#organization"},"keywords":["Ambiente"],"articleSection":["Nazionali\/Ue"],"inLanguage":"it-IT"},{"@type":"WebPage","@id":"https:\/\/www.studiobrancaleone.it\/news\/governo-tutela-penale-dellambiente\/","url":"https:\/\/www.studiobrancaleone.it\/news\/governo-tutela-penale-dellambiente\/","name":"Governo, tutela penale dell\u2019ambiente &#060; Studio Brancaleone","isPartOf":{"@id":"https:\/\/www.studiobrancaleone.it\/news\/#website"},"datePublished":"2026-01-21T15:04:09+00:00","dateModified":"2026-04-22T14:23:21+00:00","description":"Il Consiglio dei Ministri, nella riunione del 20 gennaio 2026, ha approvato, in esame preliminare, un decreto legislativo recante l\u2019attuazione della direttiva (UE) 2024\/1203 sulla tutela penale dell\u2019ambiente.","breadcrumb":{"@id":"https:\/\/www.studiobrancaleone.it\/news\/governo-tutela-penale-dellambiente\/#breadcrumb"},"inLanguage":"it-IT","potentialAction":[{"@type":"ReadAction","target":["https:\/\/www.studiobrancaleone.it\/news\/governo-tutela-penale-dellambiente\/"]}]},{"@type":"BreadcrumbList","@id":"https:\/\/www.studiobrancaleone.it\/news\/governo-tutela-penale-dellambiente\/#breadcrumb","itemListElement":[{"@type":"ListItem","position":1,"name":"Home","item":"https:\/\/www.studiobrancaleone.it\/news\/"},{"@type":"ListItem","position":2,"name":"Governo, tutela penale dell\u2019ambiente"}]},{"@type":"WebSite","@id":"https:\/\/www.studiobrancaleone.it\/news\/#website","url":"https:\/\/www.studiobrancaleone.it\/news\/","name":"Studio Brancaleone","description":"Notizie giuridiche aggiornate regolarmente","publisher":{"@id":"https:\/\/www.studiobrancaleone.it\/news\/#organization"},"potentialAction":[{"@type":"SearchAction","target":{"@type":"EntryPoint","urlTemplate":"https:\/\/www.studiobrancaleone.it\/news\/?s={search_term_string}"},"query-input":{"@type":"PropertyValueSpecification","valueRequired":true,"valueName":"search_term_string"}}],"inLanguage":"it-IT"},{"@type":"Organization","@id":"https:\/\/www.studiobrancaleone.it\/news\/#organization","name":"Studio Brancaleone","url":"https:\/\/www.studiobrancaleone.it\/news\/","logo":{"@type":"ImageObject","inLanguage":"it-IT","@id":"https:\/\/www.studiobrancaleone.it\/news\/#\/schema\/logo\/image\/","url":"https:\/\/www.studiobrancaleone.it\/news\/wp-content\/uploads\/2025\/02\/Testata-sito-scaled.webp","contentUrl":"https:\/\/www.studiobrancaleone.it\/news\/wp-content\/uploads\/2025\/02\/Testata-sito-scaled.webp","width":2560,"height":481,"caption":"Studio Brancaleone"},"image":{"@id":"https:\/\/www.studiobrancaleone.it\/news\/#\/schema\/logo\/image\/"}},{"@type":"Person","@id":"https:\/\/www.studiobrancaleone.it\/news\/#\/schema\/person\/da5920864810e22fb65389a0a5cff7e3","name":"Giorgio Ferrari","image":{"@type":"ImageObject","inLanguage":"it-IT","@id":"https:\/\/secure.gravatar.com\/avatar\/e5a8c666e3c03788ccd80843664b7c6eb2fb548eb37bb5cd6598134bf5d56ae1?s=96&d=mm&r=g","url":"https:\/\/secure.gravatar.com\/avatar\/e5a8c666e3c03788ccd80843664b7c6eb2fb548eb37bb5cd6598134bf5d56ae1?s=96&d=mm&r=g","contentUrl":"https:\/\/secure.gravatar.com\/avatar\/e5a8c666e3c03788ccd80843664b7c6eb2fb548eb37bb5cd6598134bf5d56ae1?s=96&d=mm&r=g","caption":"Giorgio Ferrari"},"sameAs":["https:\/\/www.studiobrancaleone.it\/news"],"url":"https:\/\/www.studiobrancaleone.it\/news\/author\/giorfer\/"}]}},"uagb_featured_image_src":{"full":false,"thumbnail":false,"medium":false,"medium_large":false,"large":false,"1536x1536":false,"2048x2048":false},"uagb_author_info":{"display_name":"Giorgio Ferrari","author_link":"https:\/\/www.studiobrancaleone.it\/news\/author\/giorfer\/"},"uagb_comment_info":0,"uagb_excerpt":"Il Consiglio dei Ministri, nella riunione del 20 gennaio 2026, ha approvato, in esame preliminare, un decreto legislativo recante l\u2019attuazione della direttiva (UE) 2024\/1203 sulla tutela penale dell\u2019ambiente. Esame preliminare Come riportato nel Comunicato stampa, l\u2019intervento normativo \u00e8 volto a rafforzare la prevenzione e il contrasto dei reati ambientali, tenendo conto dell\u2019accresciuta rilevanza dei fenomeni&hellip;","_links":{"self":[{"href":"https:\/\/www.studiobrancaleone.it\/news\/wp-json\/wp\/v2\/posts\/18820","targetHints":{"allow":["GET"]}}],"collection":[{"href":"https:\/\/www.studiobrancaleone.it\/news\/wp-json\/wp\/v2\/posts"}],"about":[{"href":"https:\/\/www.studiobrancaleone.it\/news\/wp-json\/wp\/v2\/types\/post"}],"author":[{"embeddable":true,"href":"https:\/\/www.studiobrancaleone.it\/news\/wp-json\/wp\/v2\/users\/1"}],"replies":[{"embeddable":true,"href":"https:\/\/www.studiobrancaleone.it\/news\/wp-json\/wp\/v2\/comments?post=18820"}],"version-history":[{"count":2,"href":"https:\/\/www.studiobrancaleone.it\/news\/wp-json\/wp\/v2\/posts\/18820\/revisions"}],"predecessor-version":[{"id":19604,"href":"https:\/\/www.studiobrancaleone.it\/news\/wp-json\/wp\/v2\/posts\/18820\/revisions\/19604"}],"wp:attachment":[{"href":"https:\/\/www.studiobrancaleone.it\/news\/wp-json\/wp\/v2\/media?parent=18820"}],"wp:term":[{"taxonomy":"category","embeddable":true,"href":"https:\/\/www.studiobrancaleone.it\/news\/wp-json\/wp\/v2\/categories?post=18820"},{"taxonomy":"post_tag","embeddable":true,"href":"https:\/\/www.studiobrancaleone.it\/news\/wp-json\/wp\/v2\/tags?post=18820"}],"curies":[{"name":"wp","href":"https:\/\/api.w.org\/{rel}","templated":true}]}}