{"id":19630,"date":"2026-04-27T15:05:00","date_gmt":"2026-04-27T13:05:00","guid":{"rendered":"https:\/\/www.studiobrancaleone.it\/news\/?p=19630"},"modified":"2026-04-27T18:04:05","modified_gmt":"2026-04-27T16:04:05","slug":"cassazione-penale-gestione-rifiuti-e-stato-di-necessita","status":"publish","type":"post","link":"https:\/\/www.studiobrancaleone.it\/news\/cassazione-penale-gestione-rifiuti-e-stato-di-necessita\/","title":{"rendered":"Cassazione penale, gestione rifiuti e stato di necessit\u00e0"},"content":{"rendered":"\n<p>La Corte di Cassazione, con la <strong>sentenza n. 12379\/2026<\/strong>, si \u00e8 pronunciata, in tema di <strong>gestione rifiuti<\/strong>, sulle <strong>violazioni delle prescrizioni <\/strong>dell&#8217;autorizzazione e <strong>stato di necessit\u00e0<\/strong>.<\/p>\n\n\n\n<p>La Corte chiarisce che, in tema di gestione dei rifiuti, <strong>non pu\u00f2 essere invocato lo stato di necessit\u00e0<\/strong> (art. 54 c.p.) da parte del titolare di un\u2019azienda che <strong>supera i limiti autorizzati di stoccaggio dei rifiuti<\/strong> adducendo una <strong>crisi imprenditoriale<\/strong> e la <strong>necessit\u00e0 di non interrompere il servizio pubblico di raccolta<\/strong>.<\/p>\n\n\n\n<p>La Corte nella sentenza <strong>chiarisce<\/strong> che:<\/p>\n\n\n\n<ul class=\"wp-block-list\">\n<li>l&#8217;<strong>elemento soggettivo del reato<\/strong> \u00e8 desunto dalla piena consapevolezza di operare in difformit\u00e0 dai titoli autorizzativi;<\/li>\n\n\n\n<li>la <strong>crisi economica non esclude l\u2019elemento soggettivo<\/strong> del reato (art. 256 d.lgs. 152\/2006).<\/li>\n<\/ul>\n\n\n\n<p>Difatti, si legge in sentenza, gli imputati potevano ricorrere a <strong>strumenti legittimi<\/strong> per affrontare la crisi e gestire correttamente i flussi di rifiuti in esubero evitando pericoli per la salute pubblica, quali:<\/p>\n\n\n\n<ul class=\"wp-block-list\">\n<li>denuncia della crisi agli organi competenti;<\/li>\n\n\n\n<li>richiesta di deroghe.<\/li>\n<\/ul>\n\n\n\n<p>Nel caso di <strong>specie<\/strong>, la Corte ha<strong> confermato la sentenza del Giudice di merito<\/strong> che aveva condannato gli imputati per i reati di cui agli artt. 110, 81 cod. pen., 256, commi 1, 2 e 4 del d.lgs. 3 aprile 2006, n. 152.<\/p>\n\n\n\n<hr class=\"wp-block-separator has-text-color has-ast-global-color-0-color has-alpha-channel-opacity has-ast-global-color-0-background-color has-background is-style-wide\"\/>\n\n\n\n<p><\/p>\n","protected":false},"excerpt":{"rendered":"<p>La Corte di Cassazione, con la sentenza n. 12379\/2026, si \u00e8 pronunciata, in tema di gestione rifiuti, sulle violazioni delle prescrizioni dell&#8217;autorizzazione e stato di necessit\u00e0. La Corte chiarisce che, in tema di gestione dei rifiuti, non pu\u00f2 essere invocato lo stato di necessit\u00e0 (art. 54 c.p.) da parte del titolare di un\u2019azienda che supera [&hellip;]<\/p>\n","protected":false},"author":1,"featured_media":0,"comment_status":"closed","ping_status":"open","sticky":false,"template":"","format":"standard","meta":{"_uag_custom_page_level_css":"","site-sidebar-layout":"default","site-content-layout":"","ast-site-content-layout":"default","site-content-style":"default","site-sidebar-style":"default","ast-global-header-display":"","ast-banner-title-visibility":"","ast-main-header-display":"","ast-hfb-above-header-display":"","ast-hfb-below-header-display":"","ast-hfb-mobile-header-display":"","site-post-title":"","ast-breadcrumbs-content":"","ast-featured-img":"","footer-sml-layout":"","ast-disable-related-posts":"","theme-transparent-header-meta":"","adv-header-id-meta":"","stick-header-meta":"","header-above-stick-meta":"","header-main-stick-meta":"","header-below-stick-meta":"","astra-migrate-meta-layouts":"set","ast-page-background-enabled":"default","ast-page-background-meta":{"desktop":{"background-color":"var(--ast-global-color-4)","background-image":"","background-repeat":"repeat","background-position":"center center","background-size":"auto","background-attachment":"scroll","background-type":"","background-media":"","overlay-type":"","overlay-color":"","overlay-opacity":"","overlay-gradient":""},"tablet":{"background-color":"","background-image":"","background-repeat":"repeat","background-position":"center center","background-size":"auto","background-attachment":"scroll","background-type":"","background-media":"","overlay-type":"","overlay-color":"","overlay-opacity":"","overlay-gradient":""},"mobile":{"background-color":"","background-image":"","background-repeat":"repeat","background-position":"center center","background-size":"auto","background-attachment":"scroll","background-type":"","background-media":"","overlay-type":"","overlay-color":"","overlay-opacity":"","overlay-gradient":""}},"ast-content-background-meta":{"desktop":{"background-color":"var(--ast-global-color-5)","background-image":"","background-repeat":"repeat","background-position":"center center","background-size":"auto","background-attachment":"scroll","background-type":"","background-media":"","overlay-type":"","overlay-color":"","overlay-opacity":"","overlay-gradient":""},"tablet":{"background-color":"var(--ast-global-color-5)","background-image":"","background-repeat":"repeat","background-position":"center center","background-size":"auto","background-attachment":"scroll","background-type":"","background-media":"","overlay-type":"","overlay-color":"","overlay-opacity":"","overlay-gradient":""},"mobile":{"background-color":"var(--ast-global-color-5)","background-image":"","background-repeat":"repeat","background-position":"center center","background-size":"auto","background-attachment":"scroll","background-type":"","background-media":"","overlay-type":"","overlay-color":"","overlay-opacity":"","overlay-gradient":""}},"footnotes":""},"categories":[9],"tags":[32],"class_list":["post-19630","post","type-post","status-publish","format-standard","hentry","category-giurisprudenza","tag-rifiuti"],"yoast_head":"<!-- This site is optimized with the Yoast SEO plugin v27.4 - https:\/\/yoast.com\/product\/yoast-seo-wordpress\/ -->\r\n<title>Cassazione penale, gestione rifiuti e stato di necessit\u00e0 &#060; Studio Brancaleone<\/title>\r\n<meta name=\"description\" content=\"La Cassazione con la sentenza 2379\/2026 si \u00e8 pronunciata sulla violazioni delle prescrizioni autorizzative rifiuti e stato di necessit\u00e0.\" \/>\r\n<meta name=\"robots\" content=\"index, follow, max-snippet:-1, max-image-preview:large, max-video-preview:-1\" \/>\r\n<link rel=\"canonical\" href=\"https:\/\/www.studiobrancaleone.it\/news\/cassazione-penale-gestione-rifiuti-e-stato-di-necessita\/\" \/>\r\n<meta property=\"og:locale\" content=\"it_IT\" \/>\r\n<meta property=\"og:type\" content=\"article\" \/>\r\n<meta property=\"og:title\" content=\"Cassazione penale, gestione rifiuti e stato di necessit\u00e0 &#060; Studio Brancaleone\" \/>\r\n<meta property=\"og:description\" content=\"La Cassazione con la sentenza 2379\/2026 si \u00e8 pronunciata sulla violazioni delle prescrizioni autorizzative rifiuti e stato di necessit\u00e0.\" \/>\r\n<meta property=\"og:url\" content=\"https:\/\/www.studiobrancaleone.it\/news\/cassazione-penale-gestione-rifiuti-e-stato-di-necessita\/\" \/>\r\n<meta property=\"og:site_name\" content=\"Studio Brancaleone\" \/>\r\n<meta property=\"article:published_time\" content=\"2026-04-27T13:05:00+00:00\" \/>\r\n<meta property=\"article:modified_time\" content=\"2026-04-27T16:04:05+00:00\" \/>\r\n<meta name=\"author\" content=\"Giorgio Ferrari\" \/>\r\n<meta name=\"twitter:card\" content=\"summary_large_image\" \/>\r\n<meta name=\"twitter:label1\" content=\"Scritto da\" \/>\n\t<meta name=\"twitter:data1\" content=\"Giorgio Ferrari\" \/>\n\t<meta name=\"twitter:label2\" content=\"Tempo di lettura stimato\" \/>\n\t<meta name=\"twitter:data2\" content=\"2 minuti\" \/>\r\n<script type=\"application\/ld+json\" class=\"yoast-schema-graph\">{\"@context\":\"https:\\\/\\\/schema.org\",\"@graph\":[{\"@type\":\"Article\",\"@id\":\"https:\\\/\\\/www.studiobrancaleone.it\\\/news\\\/cassazione-penale-gestione-rifiuti-e-stato-di-necessita\\\/#article\",\"isPartOf\":{\"@id\":\"https:\\\/\\\/www.studiobrancaleone.it\\\/news\\\/cassazione-penale-gestione-rifiuti-e-stato-di-necessita\\\/\"},\"author\":{\"name\":\"Giorgio Ferrari\",\"@id\":\"https:\\\/\\\/www.studiobrancaleone.it\\\/news\\\/#\\\/schema\\\/person\\\/da5920864810e22fb65389a0a5cff7e3\"},\"headline\":\"Cassazione penale, gestione rifiuti e stato di necessit\u00e0\",\"datePublished\":\"2026-04-27T13:05:00+00:00\",\"dateModified\":\"2026-04-27T16:04:05+00:00\",\"mainEntityOfPage\":{\"@id\":\"https:\\\/\\\/www.studiobrancaleone.it\\\/news\\\/cassazione-penale-gestione-rifiuti-e-stato-di-necessita\\\/\"},\"wordCount\":196,\"publisher\":{\"@id\":\"https:\\\/\\\/www.studiobrancaleone.it\\\/news\\\/#organization\"},\"keywords\":[\"Rifiuti\"],\"articleSection\":[\"Giurisprudenza\"],\"inLanguage\":\"it-IT\"},{\"@type\":\"WebPage\",\"@id\":\"https:\\\/\\\/www.studiobrancaleone.it\\\/news\\\/cassazione-penale-gestione-rifiuti-e-stato-di-necessita\\\/\",\"url\":\"https:\\\/\\\/www.studiobrancaleone.it\\\/news\\\/cassazione-penale-gestione-rifiuti-e-stato-di-necessita\\\/\",\"name\":\"Cassazione penale, gestione rifiuti e stato di necessit\u00e0 &#060; Studio Brancaleone\",\"isPartOf\":{\"@id\":\"https:\\\/\\\/www.studiobrancaleone.it\\\/news\\\/#website\"},\"datePublished\":\"2026-04-27T13:05:00+00:00\",\"dateModified\":\"2026-04-27T16:04:05+00:00\",\"description\":\"La Cassazione con la sentenza 2379\\\/2026 si \u00e8 pronunciata sulla violazioni delle prescrizioni autorizzative rifiuti e stato di necessit\u00e0.\",\"breadcrumb\":{\"@id\":\"https:\\\/\\\/www.studiobrancaleone.it\\\/news\\\/cassazione-penale-gestione-rifiuti-e-stato-di-necessita\\\/#breadcrumb\"},\"inLanguage\":\"it-IT\",\"potentialAction\":[{\"@type\":\"ReadAction\",\"target\":[\"https:\\\/\\\/www.studiobrancaleone.it\\\/news\\\/cassazione-penale-gestione-rifiuti-e-stato-di-necessita\\\/\"]}]},{\"@type\":\"BreadcrumbList\",\"@id\":\"https:\\\/\\\/www.studiobrancaleone.it\\\/news\\\/cassazione-penale-gestione-rifiuti-e-stato-di-necessita\\\/#breadcrumb\",\"itemListElement\":[{\"@type\":\"ListItem\",\"position\":1,\"name\":\"Home\",\"item\":\"https:\\\/\\\/www.studiobrancaleone.it\\\/news\\\/\"},{\"@type\":\"ListItem\",\"position\":2,\"name\":\"Cassazione penale, gestione rifiuti e stato di necessit\u00e0\"}]},{\"@type\":\"WebSite\",\"@id\":\"https:\\\/\\\/www.studiobrancaleone.it\\\/news\\\/#website\",\"url\":\"https:\\\/\\\/www.studiobrancaleone.it\\\/news\\\/\",\"name\":\"Studio Brancaleone\",\"description\":\"Notizie giuridiche aggiornate regolarmente\",\"publisher\":{\"@id\":\"https:\\\/\\\/www.studiobrancaleone.it\\\/news\\\/#organization\"},\"potentialAction\":[{\"@type\":\"SearchAction\",\"target\":{\"@type\":\"EntryPoint\",\"urlTemplate\":\"https:\\\/\\\/www.studiobrancaleone.it\\\/news\\\/?s={search_term_string}\"},\"query-input\":{\"@type\":\"PropertyValueSpecification\",\"valueRequired\":true,\"valueName\":\"search_term_string\"}}],\"inLanguage\":\"it-IT\"},{\"@type\":\"Organization\",\"@id\":\"https:\\\/\\\/www.studiobrancaleone.it\\\/news\\\/#organization\",\"name\":\"Studio Brancaleone\",\"url\":\"https:\\\/\\\/www.studiobrancaleone.it\\\/news\\\/\",\"logo\":{\"@type\":\"ImageObject\",\"inLanguage\":\"it-IT\",\"@id\":\"https:\\\/\\\/www.studiobrancaleone.it\\\/news\\\/#\\\/schema\\\/logo\\\/image\\\/\",\"url\":\"https:\\\/\\\/www.studiobrancaleone.it\\\/news\\\/wp-content\\\/uploads\\\/2025\\\/02\\\/Testata-sito-scaled.webp\",\"contentUrl\":\"https:\\\/\\\/www.studiobrancaleone.it\\\/news\\\/wp-content\\\/uploads\\\/2025\\\/02\\\/Testata-sito-scaled.webp\",\"width\":2560,\"height\":481,\"caption\":\"Studio Brancaleone\"},\"image\":{\"@id\":\"https:\\\/\\\/www.studiobrancaleone.it\\\/news\\\/#\\\/schema\\\/logo\\\/image\\\/\"}},{\"@type\":\"Person\",\"@id\":\"https:\\\/\\\/www.studiobrancaleone.it\\\/news\\\/#\\\/schema\\\/person\\\/da5920864810e22fb65389a0a5cff7e3\",\"name\":\"Giorgio Ferrari\",\"image\":{\"@type\":\"ImageObject\",\"inLanguage\":\"it-IT\",\"@id\":\"https:\\\/\\\/secure.gravatar.com\\\/avatar\\\/e5a8c666e3c03788ccd80843664b7c6eb2fb548eb37bb5cd6598134bf5d56ae1?s=96&d=mm&r=g\",\"url\":\"https:\\\/\\\/secure.gravatar.com\\\/avatar\\\/e5a8c666e3c03788ccd80843664b7c6eb2fb548eb37bb5cd6598134bf5d56ae1?s=96&d=mm&r=g\",\"contentUrl\":\"https:\\\/\\\/secure.gravatar.com\\\/avatar\\\/e5a8c666e3c03788ccd80843664b7c6eb2fb548eb37bb5cd6598134bf5d56ae1?s=96&d=mm&r=g\",\"caption\":\"Giorgio Ferrari\"},\"sameAs\":[\"https:\\\/\\\/www.studiobrancaleone.it\\\/news\"],\"url\":\"https:\\\/\\\/www.studiobrancaleone.it\\\/news\\\/author\\\/giorfer\\\/\"}]}<\/script>\r\n<!-- \/ Yoast SEO plugin. -->","yoast_head_json":{"title":"Cassazione penale, gestione rifiuti e stato di necessit\u00e0 &#060; Studio Brancaleone","description":"La Cassazione con la sentenza 2379\/2026 si \u00e8 pronunciata sulla violazioni delle prescrizioni autorizzative rifiuti e stato di necessit\u00e0.","robots":{"index":"index","follow":"follow","max-snippet":"max-snippet:-1","max-image-preview":"max-image-preview:large","max-video-preview":"max-video-preview:-1"},"canonical":"https:\/\/www.studiobrancaleone.it\/news\/cassazione-penale-gestione-rifiuti-e-stato-di-necessita\/","og_locale":"it_IT","og_type":"article","og_title":"Cassazione penale, gestione rifiuti e stato di necessit\u00e0 &#060; Studio Brancaleone","og_description":"La Cassazione con la sentenza 2379\/2026 si \u00e8 pronunciata sulla violazioni delle prescrizioni autorizzative rifiuti e stato di necessit\u00e0.","og_url":"https:\/\/www.studiobrancaleone.it\/news\/cassazione-penale-gestione-rifiuti-e-stato-di-necessita\/","og_site_name":"Studio Brancaleone","article_published_time":"2026-04-27T13:05:00+00:00","article_modified_time":"2026-04-27T16:04:05+00:00","author":"Giorgio Ferrari","twitter_card":"summary_large_image","twitter_misc":{"Scritto da":"Giorgio Ferrari","Tempo di lettura stimato":"2 minuti"},"schema":{"@context":"https:\/\/schema.org","@graph":[{"@type":"Article","@id":"https:\/\/www.studiobrancaleone.it\/news\/cassazione-penale-gestione-rifiuti-e-stato-di-necessita\/#article","isPartOf":{"@id":"https:\/\/www.studiobrancaleone.it\/news\/cassazione-penale-gestione-rifiuti-e-stato-di-necessita\/"},"author":{"name":"Giorgio Ferrari","@id":"https:\/\/www.studiobrancaleone.it\/news\/#\/schema\/person\/da5920864810e22fb65389a0a5cff7e3"},"headline":"Cassazione penale, gestione rifiuti e stato di necessit\u00e0","datePublished":"2026-04-27T13:05:00+00:00","dateModified":"2026-04-27T16:04:05+00:00","mainEntityOfPage":{"@id":"https:\/\/www.studiobrancaleone.it\/news\/cassazione-penale-gestione-rifiuti-e-stato-di-necessita\/"},"wordCount":196,"publisher":{"@id":"https:\/\/www.studiobrancaleone.it\/news\/#organization"},"keywords":["Rifiuti"],"articleSection":["Giurisprudenza"],"inLanguage":"it-IT"},{"@type":"WebPage","@id":"https:\/\/www.studiobrancaleone.it\/news\/cassazione-penale-gestione-rifiuti-e-stato-di-necessita\/","url":"https:\/\/www.studiobrancaleone.it\/news\/cassazione-penale-gestione-rifiuti-e-stato-di-necessita\/","name":"Cassazione penale, gestione rifiuti e stato di necessit\u00e0 &#060; Studio Brancaleone","isPartOf":{"@id":"https:\/\/www.studiobrancaleone.it\/news\/#website"},"datePublished":"2026-04-27T13:05:00+00:00","dateModified":"2026-04-27T16:04:05+00:00","description":"La Cassazione con la sentenza 2379\/2026 si \u00e8 pronunciata sulla violazioni delle prescrizioni autorizzative rifiuti e stato di necessit\u00e0.","breadcrumb":{"@id":"https:\/\/www.studiobrancaleone.it\/news\/cassazione-penale-gestione-rifiuti-e-stato-di-necessita\/#breadcrumb"},"inLanguage":"it-IT","potentialAction":[{"@type":"ReadAction","target":["https:\/\/www.studiobrancaleone.it\/news\/cassazione-penale-gestione-rifiuti-e-stato-di-necessita\/"]}]},{"@type":"BreadcrumbList","@id":"https:\/\/www.studiobrancaleone.it\/news\/cassazione-penale-gestione-rifiuti-e-stato-di-necessita\/#breadcrumb","itemListElement":[{"@type":"ListItem","position":1,"name":"Home","item":"https:\/\/www.studiobrancaleone.it\/news\/"},{"@type":"ListItem","position":2,"name":"Cassazione penale, gestione rifiuti e stato di necessit\u00e0"}]},{"@type":"WebSite","@id":"https:\/\/www.studiobrancaleone.it\/news\/#website","url":"https:\/\/www.studiobrancaleone.it\/news\/","name":"Studio Brancaleone","description":"Notizie giuridiche aggiornate regolarmente","publisher":{"@id":"https:\/\/www.studiobrancaleone.it\/news\/#organization"},"potentialAction":[{"@type":"SearchAction","target":{"@type":"EntryPoint","urlTemplate":"https:\/\/www.studiobrancaleone.it\/news\/?s={search_term_string}"},"query-input":{"@type":"PropertyValueSpecification","valueRequired":true,"valueName":"search_term_string"}}],"inLanguage":"it-IT"},{"@type":"Organization","@id":"https:\/\/www.studiobrancaleone.it\/news\/#organization","name":"Studio Brancaleone","url":"https:\/\/www.studiobrancaleone.it\/news\/","logo":{"@type":"ImageObject","inLanguage":"it-IT","@id":"https:\/\/www.studiobrancaleone.it\/news\/#\/schema\/logo\/image\/","url":"https:\/\/www.studiobrancaleone.it\/news\/wp-content\/uploads\/2025\/02\/Testata-sito-scaled.webp","contentUrl":"https:\/\/www.studiobrancaleone.it\/news\/wp-content\/uploads\/2025\/02\/Testata-sito-scaled.webp","width":2560,"height":481,"caption":"Studio Brancaleone"},"image":{"@id":"https:\/\/www.studiobrancaleone.it\/news\/#\/schema\/logo\/image\/"}},{"@type":"Person","@id":"https:\/\/www.studiobrancaleone.it\/news\/#\/schema\/person\/da5920864810e22fb65389a0a5cff7e3","name":"Giorgio Ferrari","image":{"@type":"ImageObject","inLanguage":"it-IT","@id":"https:\/\/secure.gravatar.com\/avatar\/e5a8c666e3c03788ccd80843664b7c6eb2fb548eb37bb5cd6598134bf5d56ae1?s=96&d=mm&r=g","url":"https:\/\/secure.gravatar.com\/avatar\/e5a8c666e3c03788ccd80843664b7c6eb2fb548eb37bb5cd6598134bf5d56ae1?s=96&d=mm&r=g","contentUrl":"https:\/\/secure.gravatar.com\/avatar\/e5a8c666e3c03788ccd80843664b7c6eb2fb548eb37bb5cd6598134bf5d56ae1?s=96&d=mm&r=g","caption":"Giorgio Ferrari"},"sameAs":["https:\/\/www.studiobrancaleone.it\/news"],"url":"https:\/\/www.studiobrancaleone.it\/news\/author\/giorfer\/"}]}},"uagb_featured_image_src":{"full":false,"thumbnail":false,"medium":false,"medium_large":false,"large":false,"1536x1536":false,"2048x2048":false},"uagb_author_info":{"display_name":"Giorgio Ferrari","author_link":"https:\/\/www.studiobrancaleone.it\/news\/author\/giorfer\/"},"uagb_comment_info":0,"uagb_excerpt":"La Corte di Cassazione, con la sentenza n. 12379\/2026, si \u00e8 pronunciata, in tema di gestione rifiuti, sulle violazioni delle prescrizioni dell&#8217;autorizzazione e stato di necessit\u00e0. La Corte chiarisce che, in tema di gestione dei rifiuti, non pu\u00f2 essere invocato lo stato di necessit\u00e0 (art. 54 c.p.) da parte del titolare di un\u2019azienda che supera&hellip;","_links":{"self":[{"href":"https:\/\/www.studiobrancaleone.it\/news\/wp-json\/wp\/v2\/posts\/19630","targetHints":{"allow":["GET"]}}],"collection":[{"href":"https:\/\/www.studiobrancaleone.it\/news\/wp-json\/wp\/v2\/posts"}],"about":[{"href":"https:\/\/www.studiobrancaleone.it\/news\/wp-json\/wp\/v2\/types\/post"}],"author":[{"embeddable":true,"href":"https:\/\/www.studiobrancaleone.it\/news\/wp-json\/wp\/v2\/users\/1"}],"replies":[{"embeddable":true,"href":"https:\/\/www.studiobrancaleone.it\/news\/wp-json\/wp\/v2\/comments?post=19630"}],"version-history":[{"count":2,"href":"https:\/\/www.studiobrancaleone.it\/news\/wp-json\/wp\/v2\/posts\/19630\/revisions"}],"predecessor-version":[{"id":19633,"href":"https:\/\/www.studiobrancaleone.it\/news\/wp-json\/wp\/v2\/posts\/19630\/revisions\/19633"}],"wp:attachment":[{"href":"https:\/\/www.studiobrancaleone.it\/news\/wp-json\/wp\/v2\/media?parent=19630"}],"wp:term":[{"taxonomy":"category","embeddable":true,"href":"https:\/\/www.studiobrancaleone.it\/news\/wp-json\/wp\/v2\/categories?post=19630"},{"taxonomy":"post_tag","embeddable":true,"href":"https:\/\/www.studiobrancaleone.it\/news\/wp-json\/wp\/v2\/tags?post=19630"}],"curies":[{"name":"wp","href":"https:\/\/api.w.org\/{rel}","templated":true}]}}