{"id":2709,"date":"2022-05-02T09:00:13","date_gmt":"2022-05-02T07:00:13","guid":{"rendered":"https:\/\/www.studiobrancaleone.it\/news\/?p=2709"},"modified":"2022-05-01T15:26:21","modified_gmt":"2022-05-01T13:26:21","slug":"turismo-fondo-siti-unesco-e-citta-creative","status":"publish","type":"post","link":"https:\/\/www.studiobrancaleone.it\/news\/turismo-fondo-siti-unesco-e-citta-creative\/","title":{"rendered":"Turismo, Fondo siti UNESCO e citt\u00e0 creative"},"content":{"rendered":"\n<p>Il Ministero del Turismo ha comunicato l\u2019apertura della piattaforma informatica per la presentazione di <strong>progetti <\/strong>volti alla <strong>valorizzazione turistica<\/strong>, anche <strong>digitale<\/strong>,<strong> <\/strong>dei <strong>Comuni <\/strong>a vocazione turistico\u2010culturale nei cui territori sono ubicati <strong>siti riconosciuti dall\u2019UNESCO<\/strong> patrimonio dell\u2019umanit\u00e0 e dei Comuni appartenenti alla rete delle citt\u00e0 creative dell\u2019UNESCO, con una dotazione finanziaria complessiva di <strong>75 milioni di euro.<\/strong><\/p>\n\n\n\n<p>Con l\u2019obiettivo di rilanciare il settore turistico-culturale, attraverso il finanziamento di progetti per lo sviluppo dell\u2019attrattivit\u00e0 e delle presenze turistiche, \u00e8 stato istituito il <em>\u201cFondo in favore dei Comuni a vocazione culturale, storica, artistica e paesaggistica, nei cui territori sono ubicati siti riconosciuti dall&#8217;Unesco patrimonio mondiale dell&#8217;umanit\u00e0\u201d, noto come \u201cFondo siti UNESCO e citt\u00e0 creative\u201d<\/em>.<\/p>\n\n\n\n<p>Promosso dal <strong>Ministero del Turismo<\/strong>, in accordo con il <strong>Ministro dell\u2019Economia e delle Finanze<\/strong>, ha una dotazione finanziaria complessiva di <strong>75 milioni di euro<\/strong>. <strong>Invitalia<\/strong> affianca il Ministero del Turismo in tutte le attivit\u00e0 di <strong>gestione<\/strong> del fondo.<br>Possono presentare la domanda di finanziamento i comuni nei cui territori si trovano <strong>siti riconosciuti patrimonio mondiale dell\u2019umanit\u00e0 dall\u2019UNESCO <\/strong>e i comuni appartenenti alla rete delle <strong>citt\u00e0 creative <\/strong>della stessa organizzazione.<\/p>\n\n\n\n<p>\u00c8 necessario che i comuni siano classificati in base alla <strong>\u201cvocazione turistica\u201d <\/strong>attraverso i codici letterali e le <strong>definizioni stabilite dall\u2019ISTAT<\/strong> e riportate sul portale dell\u2019ente. I comuni devono anche aver sub\u00ecto una <strong>riduzione delle presenze turistiche nell\u2019anno 2020, rispetto al 2019<\/strong>, certificata dalle statistiche ISTAT sugli arrivi e le presenze turistiche nei comuni italiani.<br><br>Il <strong>Fondo <\/strong>finanzia gli <strong>interventi <\/strong>per la <strong>valorizzazione<\/strong> del <strong>sistema turistico locale<\/strong> e del <strong>sito UNESCO<\/strong> di riferimento. In particolare, le proposte progettuali finanziabili devono riguardare la realizzazione di:<\/p>\n\n\n\n<p>a) strumenti di <strong>valorizzazione <\/strong>e <strong>promozione turistica digitale<\/strong><br>b) <strong>itinerari<\/strong> turistici<br>c) progetti di <strong>marketing <\/strong>ed eventi<br>d) <strong>opere<\/strong> di carattere edilizio, strutturale o impiantistico, allestimenti su siti culturali, paesaggistici e naturalistici funzionali ad accrescere la fruizione e l\u2019attrattivit\u00e0 turistica. Questa tipologia di interventi \u00e8 ammissibile solo se proposta congiuntamente a uno o pi\u00f9 interventi di cui alle lettere a), b) e c).<\/p>\n\n\n\n<p>Le domande di finanziamento potranno essere presentate esclusivamente online attraverso la <a href=\"https:\/\/appune.invitalia.it\" target=\"_blank\" rel=\"noreferrer noopener\">piattaforma informatica dedicata<\/a> <strong>entro le 12.00 del 15 luglio 2022.<\/strong><\/p>\n\n\n\n<hr class=\"wp-block-separator has-text-color has-background has-ast-global-color-0-background-color has-ast-global-color-0-color is-style-wide\" \/>\n\n\n\n<p>Sito internet: Ministero del Turismo<\/p>\n\n\n\n<p><a href=\"https:\/\/www.invitalia.it\/cosa-facciamo\/sviluppiamo-i-territori\/fondo-siti-unesco-e-citta-creative\" target=\"_blank\" rel=\"noreferrer noopener\">Sito dedicato Invitalia<\/a><br><a href=\"https:\/\/www.ministeroturismo.gov.it\/wp-content\/uploads\/2022\/04\/DD_aggiornamento_allegati_1_e_4_prot.-5618_27-aprile-22.pdf\">Decreto del Direttore Generale prot. 5618\/22 del 27\/04\/2022<\/a><br><a href=\"https:\/\/www.ministeroturismo.gov.it\/wp-content\/uploads\/2022\/04\/Richiesta-delega-Manuale-utente.pdf\" target=\"_blank\" rel=\"noreferrer noopener\">Manuale di istruzioni per l&#8217;accreditamento<\/a><\/p>\n","protected":false},"excerpt":{"rendered":"<p>Il Ministero del Turismo ha comunicato l\u2019apertura della piattaforma informatica per la presentazione di progetti volti alla valorizzazione turistica, anche digitale, dei Comuni a vocazione turistico\u2010culturale nei cui territori sono ubicati siti riconosciuti dall\u2019UNESCO patrimonio dell\u2019umanit\u00e0 e dei Comuni appartenenti alla rete delle citt\u00e0 creative dell\u2019UNESCO, con una dotazione finanziaria complessiva di 75 milioni di [&hellip;]<\/p>\n","protected":false},"author":2,"featured_media":0,"comment_status":"closed","ping_status":"open","sticky":false,"template":"","format":"standard","meta":{"_uag_custom_page_level_css":"","site-sidebar-layout":"default","site-content-layout":"","ast-site-content-layout":"default","site-content-style":"default","site-sidebar-style":"default","ast-global-header-display":"","ast-banner-title-visibility":"","ast-main-header-display":"","ast-hfb-above-header-display":"","ast-hfb-below-header-display":"","ast-hfb-mobile-header-display":"","site-post-title":"","ast-breadcrumbs-content":"","ast-featured-img":"","footer-sml-layout":"","ast-disable-related-posts":"","theme-transparent-header-meta":"","adv-header-id-meta":"","stick-header-meta":"","header-above-stick-meta":"","header-main-stick-meta":"","header-below-stick-meta":"","astra-migrate-meta-layouts":"default","ast-page-background-enabled":"default","ast-page-background-meta":{"desktop":{"background-color":"var(--ast-global-color-4)","background-image":"","background-repeat":"repeat","background-position":"center center","background-size":"auto","background-attachment":"scroll","background-type":"","background-media":"","overlay-type":"","overlay-color":"","overlay-opacity":"","overlay-gradient":""},"tablet":{"background-color":"","background-image":"","background-repeat":"repeat","background-position":"center center","background-size":"auto","background-attachment":"scroll","background-type":"","background-media":"","overlay-type":"","overlay-color":"","overlay-opacity":"","overlay-gradient":""},"mobile":{"background-color":"","background-image":"","background-repeat":"repeat","background-position":"center center","background-size":"auto","background-attachment":"scroll","background-type":"","background-media":"","overlay-type":"","overlay-color":"","overlay-opacity":"","overlay-gradient":""}},"ast-content-background-meta":{"desktop":{"background-color":"var(--ast-global-color-5)","background-image":"","background-repeat":"repeat","background-position":"center center","background-size":"auto","background-attachment":"scroll","background-type":"","background-media":"","overlay-type":"","overlay-color":"","overlay-opacity":"","overlay-gradient":""},"tablet":{"background-color":"var(--ast-global-color-5)","background-image":"","background-repeat":"repeat","background-position":"center center","background-size":"auto","background-attachment":"scroll","background-type":"","background-media":"","overlay-type":"","overlay-color":"","overlay-opacity":"","overlay-gradient":""},"mobile":{"background-color":"var(--ast-global-color-5)","background-image":"","background-repeat":"repeat","background-position":"center center","background-size":"auto","background-attachment":"scroll","background-type":"","background-media":"","overlay-type":"","overlay-color":"","overlay-opacity":"","overlay-gradient":""}},"footnotes":""},"categories":[10],"tags":[],"class_list":["post-2709","post","type-post","status-publish","format-standard","hentry","category-finanziamenti"],"yoast_head":"<!-- This site is optimized with the Yoast SEO plugin v27.5 - https:\/\/yoast.com\/product\/yoast-seo-wordpress\/ -->\r\n<title>Turismo, Fondo siti UNESCO e citt\u00e0 creative &#060; Studio Brancaleone<\/title>\r\n<meta name=\"robots\" content=\"index, follow, max-snippet:-1, max-image-preview:large, max-video-preview:-1\" \/>\r\n<link rel=\"canonical\" href=\"https:\/\/www.studiobrancaleone.it\/news\/turismo-fondo-siti-unesco-e-citta-creative\/\" \/>\r\n<meta property=\"og:locale\" content=\"it_IT\" \/>\r\n<meta property=\"og:type\" content=\"article\" \/>\r\n<meta property=\"og:title\" content=\"Turismo, Fondo siti UNESCO e citt\u00e0 creative &#060; Studio Brancaleone\" \/>\r\n<meta property=\"og:description\" content=\"Il Ministero del Turismo ha comunicato l\u2019apertura della piattaforma informatica per la presentazione di progetti volti alla valorizzazione turistica, anche digitale, dei Comuni a vocazione turistico\u2010culturale nei cui territori sono ubicati siti riconosciuti dall\u2019UNESCO patrimonio dell\u2019umanit\u00e0 e dei Comuni appartenenti alla rete delle citt\u00e0 creative dell\u2019UNESCO, con una dotazione finanziaria complessiva di 75 milioni di [&hellip;]\" \/>\r\n<meta property=\"og:url\" content=\"https:\/\/www.studiobrancaleone.it\/news\/turismo-fondo-siti-unesco-e-citta-creative\/\" \/>\r\n<meta property=\"og:site_name\" content=\"Studio Brancaleone\" \/>\r\n<meta property=\"article:published_time\" content=\"2022-05-02T07:00:13+00:00\" \/>\r\n<meta name=\"author\" content=\"Ivana Brancaleone\" \/>\r\n<meta name=\"twitter:card\" content=\"summary_large_image\" \/>\r\n<meta name=\"twitter:label1\" content=\"Scritto da\" \/>\n\t<meta name=\"twitter:data1\" content=\"Ivana Brancaleone\" \/>\n\t<meta name=\"twitter:label2\" content=\"Tempo di lettura stimato\" \/>\n\t<meta name=\"twitter:data2\" content=\"2 minuti\" \/>\r\n<script type=\"application\/ld+json\" class=\"yoast-schema-graph\">{\"@context\":\"https:\\\/\\\/schema.org\",\"@graph\":[{\"@type\":\"Article\",\"@id\":\"https:\\\/\\\/www.studiobrancaleone.it\\\/news\\\/turismo-fondo-siti-unesco-e-citta-creative\\\/#article\",\"isPartOf\":{\"@id\":\"https:\\\/\\\/www.studiobrancaleone.it\\\/news\\\/turismo-fondo-siti-unesco-e-citta-creative\\\/\"},\"author\":{\"name\":\"Ivana Brancaleone\",\"@id\":\"https:\\\/\\\/www.studiobrancaleone.it\\\/news\\\/#\\\/schema\\\/person\\\/3df132515081baef5f0ea457e1dfcf6d\"},\"headline\":\"Turismo, Fondo siti UNESCO e citt\u00e0 creative\",\"datePublished\":\"2022-05-02T07:00:13+00:00\",\"mainEntityOfPage\":{\"@id\":\"https:\\\/\\\/www.studiobrancaleone.it\\\/news\\\/turismo-fondo-siti-unesco-e-citta-creative\\\/\"},\"wordCount\":380,\"publisher\":{\"@id\":\"https:\\\/\\\/www.studiobrancaleone.it\\\/news\\\/#organization\"},\"articleSection\":[\"Finanziamenti\"],\"inLanguage\":\"it-IT\"},{\"@type\":\"WebPage\",\"@id\":\"https:\\\/\\\/www.studiobrancaleone.it\\\/news\\\/turismo-fondo-siti-unesco-e-citta-creative\\\/\",\"url\":\"https:\\\/\\\/www.studiobrancaleone.it\\\/news\\\/turismo-fondo-siti-unesco-e-citta-creative\\\/\",\"name\":\"Turismo, Fondo siti UNESCO e citt\u00e0 creative &#060; Studio Brancaleone\",\"isPartOf\":{\"@id\":\"https:\\\/\\\/www.studiobrancaleone.it\\\/news\\\/#website\"},\"datePublished\":\"2022-05-02T07:00:13+00:00\",\"breadcrumb\":{\"@id\":\"https:\\\/\\\/www.studiobrancaleone.it\\\/news\\\/turismo-fondo-siti-unesco-e-citta-creative\\\/#breadcrumb\"},\"inLanguage\":\"it-IT\",\"potentialAction\":[{\"@type\":\"ReadAction\",\"target\":[\"https:\\\/\\\/www.studiobrancaleone.it\\\/news\\\/turismo-fondo-siti-unesco-e-citta-creative\\\/\"]}]},{\"@type\":\"BreadcrumbList\",\"@id\":\"https:\\\/\\\/www.studiobrancaleone.it\\\/news\\\/turismo-fondo-siti-unesco-e-citta-creative\\\/#breadcrumb\",\"itemListElement\":[{\"@type\":\"ListItem\",\"position\":1,\"name\":\"Home\",\"item\":\"https:\\\/\\\/www.studiobrancaleone.it\\\/news\\\/\"},{\"@type\":\"ListItem\",\"position\":2,\"name\":\"Turismo, Fondo siti UNESCO e citt\u00e0 creative\"}]},{\"@type\":\"WebSite\",\"@id\":\"https:\\\/\\\/www.studiobrancaleone.it\\\/news\\\/#website\",\"url\":\"https:\\\/\\\/www.studiobrancaleone.it\\\/news\\\/\",\"name\":\"Studio Brancaleone\",\"description\":\"Notizie giuridiche aggiornate regolarmente\",\"publisher\":{\"@id\":\"https:\\\/\\\/www.studiobrancaleone.it\\\/news\\\/#organization\"},\"potentialAction\":[{\"@type\":\"SearchAction\",\"target\":{\"@type\":\"EntryPoint\",\"urlTemplate\":\"https:\\\/\\\/www.studiobrancaleone.it\\\/news\\\/?s={search_term_string}\"},\"query-input\":{\"@type\":\"PropertyValueSpecification\",\"valueRequired\":true,\"valueName\":\"search_term_string\"}}],\"inLanguage\":\"it-IT\"},{\"@type\":\"Organization\",\"@id\":\"https:\\\/\\\/www.studiobrancaleone.it\\\/news\\\/#organization\",\"name\":\"Studio Brancaleone\",\"url\":\"https:\\\/\\\/www.studiobrancaleone.it\\\/news\\\/\",\"logo\":{\"@type\":\"ImageObject\",\"inLanguage\":\"it-IT\",\"@id\":\"https:\\\/\\\/www.studiobrancaleone.it\\\/news\\\/#\\\/schema\\\/logo\\\/image\\\/\",\"url\":\"https:\\\/\\\/www.studiobrancaleone.it\\\/news\\\/wp-content\\\/uploads\\\/2025\\\/02\\\/Testata-sito-scaled.webp\",\"contentUrl\":\"https:\\\/\\\/www.studiobrancaleone.it\\\/news\\\/wp-content\\\/uploads\\\/2025\\\/02\\\/Testata-sito-scaled.webp\",\"width\":2560,\"height\":481,\"caption\":\"Studio Brancaleone\"},\"image\":{\"@id\":\"https:\\\/\\\/www.studiobrancaleone.it\\\/news\\\/#\\\/schema\\\/logo\\\/image\\\/\"}},{\"@type\":\"Person\",\"@id\":\"https:\\\/\\\/www.studiobrancaleone.it\\\/news\\\/#\\\/schema\\\/person\\\/3df132515081baef5f0ea457e1dfcf6d\",\"name\":\"Ivana Brancaleone\",\"image\":{\"@type\":\"ImageObject\",\"inLanguage\":\"it-IT\",\"@id\":\"https:\\\/\\\/secure.gravatar.com\\\/avatar\\\/9f6d2be41a5115d34c5114a0a78ade583fa3a3bd63a144dfc88c9da356eca16c?s=96&d=mm&r=g\",\"url\":\"https:\\\/\\\/secure.gravatar.com\\\/avatar\\\/9f6d2be41a5115d34c5114a0a78ade583fa3a3bd63a144dfc88c9da356eca16c?s=96&d=mm&r=g\",\"contentUrl\":\"https:\\\/\\\/secure.gravatar.com\\\/avatar\\\/9f6d2be41a5115d34c5114a0a78ade583fa3a3bd63a144dfc88c9da356eca16c?s=96&d=mm&r=g\",\"caption\":\"Ivana Brancaleone\"},\"url\":\"https:\\\/\\\/www.studiobrancaleone.it\\\/news\\\/author\\\/ivanbra\\\/\"}]}<\/script>\r\n<!-- \/ Yoast SEO plugin. -->","yoast_head_json":{"title":"Turismo, Fondo siti UNESCO e citt\u00e0 creative &#060; Studio Brancaleone","robots":{"index":"index","follow":"follow","max-snippet":"max-snippet:-1","max-image-preview":"max-image-preview:large","max-video-preview":"max-video-preview:-1"},"canonical":"https:\/\/www.studiobrancaleone.it\/news\/turismo-fondo-siti-unesco-e-citta-creative\/","og_locale":"it_IT","og_type":"article","og_title":"Turismo, Fondo siti UNESCO e citt\u00e0 creative &#060; Studio Brancaleone","og_description":"Il Ministero del Turismo ha comunicato l\u2019apertura della piattaforma informatica per la presentazione di progetti volti alla valorizzazione turistica, anche digitale, dei Comuni a vocazione turistico\u2010culturale nei cui territori sono ubicati siti riconosciuti dall\u2019UNESCO patrimonio dell\u2019umanit\u00e0 e dei Comuni appartenenti alla rete delle citt\u00e0 creative dell\u2019UNESCO, con una dotazione finanziaria complessiva di 75 milioni di [&hellip;]","og_url":"https:\/\/www.studiobrancaleone.it\/news\/turismo-fondo-siti-unesco-e-citta-creative\/","og_site_name":"Studio Brancaleone","article_published_time":"2022-05-02T07:00:13+00:00","author":"Ivana Brancaleone","twitter_card":"summary_large_image","twitter_misc":{"Scritto da":"Ivana Brancaleone","Tempo di lettura stimato":"2 minuti"},"schema":{"@context":"https:\/\/schema.org","@graph":[{"@type":"Article","@id":"https:\/\/www.studiobrancaleone.it\/news\/turismo-fondo-siti-unesco-e-citta-creative\/#article","isPartOf":{"@id":"https:\/\/www.studiobrancaleone.it\/news\/turismo-fondo-siti-unesco-e-citta-creative\/"},"author":{"name":"Ivana Brancaleone","@id":"https:\/\/www.studiobrancaleone.it\/news\/#\/schema\/person\/3df132515081baef5f0ea457e1dfcf6d"},"headline":"Turismo, Fondo siti UNESCO e citt\u00e0 creative","datePublished":"2022-05-02T07:00:13+00:00","mainEntityOfPage":{"@id":"https:\/\/www.studiobrancaleone.it\/news\/turismo-fondo-siti-unesco-e-citta-creative\/"},"wordCount":380,"publisher":{"@id":"https:\/\/www.studiobrancaleone.it\/news\/#organization"},"articleSection":["Finanziamenti"],"inLanguage":"it-IT"},{"@type":"WebPage","@id":"https:\/\/www.studiobrancaleone.it\/news\/turismo-fondo-siti-unesco-e-citta-creative\/","url":"https:\/\/www.studiobrancaleone.it\/news\/turismo-fondo-siti-unesco-e-citta-creative\/","name":"Turismo, Fondo siti UNESCO e citt\u00e0 creative &#060; Studio Brancaleone","isPartOf":{"@id":"https:\/\/www.studiobrancaleone.it\/news\/#website"},"datePublished":"2022-05-02T07:00:13+00:00","breadcrumb":{"@id":"https:\/\/www.studiobrancaleone.it\/news\/turismo-fondo-siti-unesco-e-citta-creative\/#breadcrumb"},"inLanguage":"it-IT","potentialAction":[{"@type":"ReadAction","target":["https:\/\/www.studiobrancaleone.it\/news\/turismo-fondo-siti-unesco-e-citta-creative\/"]}]},{"@type":"BreadcrumbList","@id":"https:\/\/www.studiobrancaleone.it\/news\/turismo-fondo-siti-unesco-e-citta-creative\/#breadcrumb","itemListElement":[{"@type":"ListItem","position":1,"name":"Home","item":"https:\/\/www.studiobrancaleone.it\/news\/"},{"@type":"ListItem","position":2,"name":"Turismo, Fondo siti UNESCO e citt\u00e0 creative"}]},{"@type":"WebSite","@id":"https:\/\/www.studiobrancaleone.it\/news\/#website","url":"https:\/\/www.studiobrancaleone.it\/news\/","name":"Studio Brancaleone","description":"Notizie giuridiche aggiornate regolarmente","publisher":{"@id":"https:\/\/www.studiobrancaleone.it\/news\/#organization"},"potentialAction":[{"@type":"SearchAction","target":{"@type":"EntryPoint","urlTemplate":"https:\/\/www.studiobrancaleone.it\/news\/?s={search_term_string}"},"query-input":{"@type":"PropertyValueSpecification","valueRequired":true,"valueName":"search_term_string"}}],"inLanguage":"it-IT"},{"@type":"Organization","@id":"https:\/\/www.studiobrancaleone.it\/news\/#organization","name":"Studio Brancaleone","url":"https:\/\/www.studiobrancaleone.it\/news\/","logo":{"@type":"ImageObject","inLanguage":"it-IT","@id":"https:\/\/www.studiobrancaleone.it\/news\/#\/schema\/logo\/image\/","url":"https:\/\/www.studiobrancaleone.it\/news\/wp-content\/uploads\/2025\/02\/Testata-sito-scaled.webp","contentUrl":"https:\/\/www.studiobrancaleone.it\/news\/wp-content\/uploads\/2025\/02\/Testata-sito-scaled.webp","width":2560,"height":481,"caption":"Studio Brancaleone"},"image":{"@id":"https:\/\/www.studiobrancaleone.it\/news\/#\/schema\/logo\/image\/"}},{"@type":"Person","@id":"https:\/\/www.studiobrancaleone.it\/news\/#\/schema\/person\/3df132515081baef5f0ea457e1dfcf6d","name":"Ivana Brancaleone","image":{"@type":"ImageObject","inLanguage":"it-IT","@id":"https:\/\/secure.gravatar.com\/avatar\/9f6d2be41a5115d34c5114a0a78ade583fa3a3bd63a144dfc88c9da356eca16c?s=96&d=mm&r=g","url":"https:\/\/secure.gravatar.com\/avatar\/9f6d2be41a5115d34c5114a0a78ade583fa3a3bd63a144dfc88c9da356eca16c?s=96&d=mm&r=g","contentUrl":"https:\/\/secure.gravatar.com\/avatar\/9f6d2be41a5115d34c5114a0a78ade583fa3a3bd63a144dfc88c9da356eca16c?s=96&d=mm&r=g","caption":"Ivana Brancaleone"},"url":"https:\/\/www.studiobrancaleone.it\/news\/author\/ivanbra\/"}]}},"uagb_featured_image_src":{"full":false,"thumbnail":false,"medium":false,"medium_large":false,"large":false,"1536x1536":false,"2048x2048":false},"uagb_author_info":{"display_name":"Ivana Brancaleone","author_link":"https:\/\/www.studiobrancaleone.it\/news\/author\/ivanbra\/"},"uagb_comment_info":0,"uagb_excerpt":"Il Ministero del Turismo ha comunicato l\u2019apertura della piattaforma informatica per la presentazione di progetti volti alla valorizzazione turistica, anche digitale, dei Comuni a vocazione turistico\u2010culturale nei cui territori sono ubicati siti riconosciuti dall\u2019UNESCO patrimonio dell\u2019umanit\u00e0 e dei Comuni appartenenti alla rete delle citt\u00e0 creative dell\u2019UNESCO, con una dotazione finanziaria complessiva di 75 milioni di&hellip;","_links":{"self":[{"href":"https:\/\/www.studiobrancaleone.it\/news\/wp-json\/wp\/v2\/posts\/2709","targetHints":{"allow":["GET"]}}],"collection":[{"href":"https:\/\/www.studiobrancaleone.it\/news\/wp-json\/wp\/v2\/posts"}],"about":[{"href":"https:\/\/www.studiobrancaleone.it\/news\/wp-json\/wp\/v2\/types\/post"}],"author":[{"embeddable":true,"href":"https:\/\/www.studiobrancaleone.it\/news\/wp-json\/wp\/v2\/users\/2"}],"replies":[{"embeddable":true,"href":"https:\/\/www.studiobrancaleone.it\/news\/wp-json\/wp\/v2\/comments?post=2709"}],"version-history":[{"count":0,"href":"https:\/\/www.studiobrancaleone.it\/news\/wp-json\/wp\/v2\/posts\/2709\/revisions"}],"wp:attachment":[{"href":"https:\/\/www.studiobrancaleone.it\/news\/wp-json\/wp\/v2\/media?parent=2709"}],"wp:term":[{"taxonomy":"category","embeddable":true,"href":"https:\/\/www.studiobrancaleone.it\/news\/wp-json\/wp\/v2\/categories?post=2709"},{"taxonomy":"post_tag","embeddable":true,"href":"https:\/\/www.studiobrancaleone.it\/news\/wp-json\/wp\/v2\/tags?post=2709"}],"curies":[{"name":"wp","href":"https:\/\/api.w.org\/{rel}","templated":true}]}}