{"id":3182,"date":"2022-05-30T09:15:38","date_gmt":"2022-05-30T07:15:38","guid":{"rendered":"https:\/\/www.studiobrancaleone.it\/news\/?p=3182"},"modified":"2022-05-30T11:18:01","modified_gmt":"2022-05-30T09:18:01","slug":"ue-settimana-verde-2022-realizzare-green-deal","status":"publish","type":"post","link":"https:\/\/www.studiobrancaleone.it\/news\/ue-settimana-verde-2022-realizzare-green-deal\/","title":{"rendered":"UE, Settimana verde 2022 realizzare Green Deal"},"content":{"rendered":"\n<p>La S<strong>ettimana verde dell&#8217;UE 2022<\/strong> si svolger\u00e0 dal 30 maggio al 5 giugno in formato ibrido e verter\u00e0 sul tema &#8220;<em>Realizzare il Green Deal europeo<\/em>&#8220;. Si tratta del pi\u00f9 grande evento annuale europeo sulla <strong>politica ambientale<\/strong> che consentir\u00e0 di esplorare ci\u00f2 di cui l&#8217;Europa ha realmente bisogno per progredire verso un&#8217;<strong>economia circolare<\/strong>, positiva nei confronti della <strong>natura <\/strong>e a <strong>inquinamento zero<\/strong>.<\/p>\n\n\n\n<p>Alla vigilia di questa Settimana verde, Virginijus Sinkevi\u010dius, Commissario per l&#8217;Ambiente, gli oceani e la pesca, ha dichiarato: <em>&#8220;L&#8217;invasione dell&#8217;Ucraina da parte della Russia ha cambiato il nostro mondo. Dar prova di solidariet\u00e0 e aiutare gli ucraini \u00e8 una priorit\u00e0 assoluta, ma questa guerra ha anche dimostrato che dobbiamo rafforzare la nostra resilienza alle crisi. I cambiamenti climatici, la perdita di biodiversit\u00e0 e l&#8217;inquinamento non scompaiono quando scoppia una guerra. Un ambiente sano non \u00e8 un lusso riservato a giorni migliori, e spetta a tutti noi continuare a realizzare insieme gli ambiziosi obiettivi del Green Deal europeo. Durante la Settimana verde dell&#8217;UE di quest&#8217;anno, attendo con interesse di discutere con i cittadini di tutta Europa su come intensificare le nostre azioni a favore dell&#8217;ambiente.\u201d<\/em><\/p>\n\n\n\n<p>Dal 30 al 31 maggio si terranno a Bruxelles alcuni <strong>eventi <\/strong>della Settimana verde. Il 30 maggio si svolger\u00e0 un dialogo con i cittadini, nel corso del quale il Commissario Sinkevi\u010dius incontrer\u00e0 giovani di tutti i paesi dell&#8217;UE per discutere di una serie di temi connessi al Green Deal europeo, quali la <strong>protezione della natura<\/strong>, i prodotti tessili sostenibili e l&#8217;inquinamento. La Presidente von der Leyen interverr\u00e0 al dibattito ad alto livello incentrato sulla costante attenzione alla politica ambientale dell&#8217;UE, anche in tempi di crisi.<\/p>\n\n\n\n<p>Il 31 maggio la conferenza ibrida proseguir\u00e0 con tre sessioni sulla standardizzazione dei <strong>prodotti sostenibili e circolari<\/strong>, sull&#8217;attuazione del principio &#8220;chi inquina paga&#8221; e sulla necessit\u00e0 di fissare <strong>obiettivi <\/strong>per il ripristino della natura. Il Commissario Sinkevi\u010dius parteciper\u00e0 anche a un dibattito durante la sessione conclusiva, dedicata all&#8217;importanza della <strong>motivazione <\/strong>e della <strong>responsabilizzazione <\/strong>per affrontare le sfide legate alla <strong>sostenibilit\u00e0<\/strong>.<\/p>\n\n\n\n<p>Allo scopo di invitare a un coinvolgimento e un contributo maggiori da parte di tutti i settori, nel corso della settimana le organizzazioni partner organizzeranno circa 300 eventi in tutta Europa.<\/p>\n\n\n\n<hr class=\"wp-block-separator has-text-color has-ast-global-color-0-color has-alpha-channel-opacity has-ast-global-color-0-background-color has-background is-style-wide\"\/>\n\n\n\n<p>Sito internet: Commissione Europea &#8211; Rappresentanza italiana<\/p>\n\n\n\n<p><strong>Documentazione<\/strong><\/p>\n\n\n\n<ul class=\"wp-block-list\"><li><a href=\"https:\/\/ec.europa.eu\/environment\/eu-green-week-2022_en\" target=\"_blank\" rel=\"noreferrer noopener\">Settimana verde dell&#8217;UE 2022<\/a><\/li><li><a href=\"https:\/\/ec.europa.eu\/environment\/eu-green-week-2022\/programme_en\" target=\"_blank\" rel=\"noreferrer noopener\">Programma Green week<\/a><\/li><li><a href=\"https:\/\/ec.europa.eu\/environment\/eu-green-week-2022\/eu-green-week-2022-partner-events-list-page_en\" target=\"_blank\" rel=\"noreferrer noopener\">300 eventi in tutta Europa<\/a><\/li><\/ul>\n","protected":false},"excerpt":{"rendered":"<p>La Settimana verde dell&#8217;UE 2022 si svolger\u00e0 dal 30 maggio al 5 giugno in formato ibrido e verter\u00e0 sul tema &#8220;Realizzare il Green Deal europeo&#8220;. Si tratta del pi\u00f9 grande evento annuale europeo sulla politica ambientale che consentir\u00e0 di esplorare ci\u00f2 di cui l&#8217;Europa ha realmente bisogno per progredire verso un&#8217;economia circolare, positiva nei confronti [&hellip;]<\/p>\n","protected":false},"author":2,"featured_media":0,"comment_status":"closed","ping_status":"open","sticky":false,"template":"","format":"standard","meta":{"_uag_custom_page_level_css":"","site-sidebar-layout":"default","site-content-layout":"","ast-site-content-layout":"default","site-content-style":"default","site-sidebar-style":"default","ast-global-header-display":"","ast-banner-title-visibility":"","ast-main-header-display":"","ast-hfb-above-header-display":"","ast-hfb-below-header-display":"","ast-hfb-mobile-header-display":"","site-post-title":"","ast-breadcrumbs-content":"","ast-featured-img":"","footer-sml-layout":"","ast-disable-related-posts":"","theme-transparent-header-meta":"","adv-header-id-meta":"","stick-header-meta":"","header-above-stick-meta":"","header-main-stick-meta":"","header-below-stick-meta":"","astra-migrate-meta-layouts":"default","ast-page-background-enabled":"default","ast-page-background-meta":{"desktop":{"background-color":"var(--ast-global-color-4)","background-image":"","background-repeat":"repeat","background-position":"center center","background-size":"auto","background-attachment":"scroll","background-type":"","background-media":"","overlay-type":"","overlay-color":"","overlay-opacity":"","overlay-gradient":""},"tablet":{"background-color":"","background-image":"","background-repeat":"repeat","background-position":"center center","background-size":"auto","background-attachment":"scroll","background-type":"","background-media":"","overlay-type":"","overlay-color":"","overlay-opacity":"","overlay-gradient":""},"mobile":{"background-color":"","background-image":"","background-repeat":"repeat","background-position":"center center","background-size":"auto","background-attachment":"scroll","background-type":"","background-media":"","overlay-type":"","overlay-color":"","overlay-opacity":"","overlay-gradient":""}},"ast-content-background-meta":{"desktop":{"background-color":"var(--ast-global-color-5)","background-image":"","background-repeat":"repeat","background-position":"center center","background-size":"auto","background-attachment":"scroll","background-type":"","background-media":"","overlay-type":"","overlay-color":"","overlay-opacity":"","overlay-gradient":""},"tablet":{"background-color":"var(--ast-global-color-5)","background-image":"","background-repeat":"repeat","background-position":"center center","background-size":"auto","background-attachment":"scroll","background-type":"","background-media":"","overlay-type":"","overlay-color":"","overlay-opacity":"","overlay-gradient":""},"mobile":{"background-color":"var(--ast-global-color-5)","background-image":"","background-repeat":"repeat","background-position":"center center","background-size":"auto","background-attachment":"scroll","background-type":"","background-media":"","overlay-type":"","overlay-color":"","overlay-opacity":"","overlay-gradient":""}},"footnotes":""},"categories":[4],"tags":[122],"class_list":["post-3182","post","type-post","status-publish","format-standard","hentry","category-nazionali-ue","tag-ambiente"],"yoast_head":"<!-- This site is optimized with the Yoast SEO plugin v27.5 - https:\/\/yoast.com\/product\/yoast-seo-wordpress\/ -->\r\n<title>UE, Settimana verde 2022 realizzare Green Deal &#060; Studio Brancaleone<\/title>\r\n<meta name=\"robots\" content=\"index, follow, max-snippet:-1, max-image-preview:large, max-video-preview:-1\" \/>\r\n<link rel=\"canonical\" href=\"https:\/\/www.studiobrancaleone.it\/news\/ue-settimana-verde-2022-realizzare-green-deal\/\" \/>\r\n<meta property=\"og:locale\" content=\"it_IT\" \/>\r\n<meta property=\"og:type\" content=\"article\" \/>\r\n<meta property=\"og:title\" content=\"UE, Settimana verde 2022 realizzare Green Deal &#060; Studio Brancaleone\" \/>\r\n<meta property=\"og:description\" content=\"La Settimana verde dell&#8217;UE 2022 si svolger\u00e0 dal 30 maggio al 5 giugno in formato ibrido e verter\u00e0 sul tema &#8220;Realizzare il Green Deal europeo&#8220;. Si tratta del pi\u00f9 grande evento annuale europeo sulla politica ambientale che consentir\u00e0 di esplorare ci\u00f2 di cui l&#8217;Europa ha realmente bisogno per progredire verso un&#8217;economia circolare, positiva nei confronti [&hellip;]\" \/>\r\n<meta property=\"og:url\" content=\"https:\/\/www.studiobrancaleone.it\/news\/ue-settimana-verde-2022-realizzare-green-deal\/\" \/>\r\n<meta property=\"og:site_name\" content=\"Studio Brancaleone\" \/>\r\n<meta property=\"article:published_time\" content=\"2022-05-30T07:15:38+00:00\" \/>\r\n<meta property=\"article:modified_time\" content=\"2022-05-30T09:18:01+00:00\" \/>\r\n<meta name=\"author\" content=\"Ivana Brancaleone\" \/>\r\n<meta name=\"twitter:card\" content=\"summary_large_image\" \/>\r\n<meta name=\"twitter:label1\" content=\"Scritto da\" \/>\n\t<meta name=\"twitter:data1\" content=\"Ivana Brancaleone\" \/>\n\t<meta name=\"twitter:label2\" content=\"Tempo di lettura stimato\" \/>\n\t<meta name=\"twitter:data2\" content=\"3 minuti\" \/>\r\n<script type=\"application\/ld+json\" class=\"yoast-schema-graph\">{\"@context\":\"https:\\\/\\\/schema.org\",\"@graph\":[{\"@type\":\"Article\",\"@id\":\"https:\\\/\\\/www.studiobrancaleone.it\\\/news\\\/ue-settimana-verde-2022-realizzare-green-deal\\\/#article\",\"isPartOf\":{\"@id\":\"https:\\\/\\\/www.studiobrancaleone.it\\\/news\\\/ue-settimana-verde-2022-realizzare-green-deal\\\/\"},\"author\":{\"name\":\"Ivana Brancaleone\",\"@id\":\"https:\\\/\\\/www.studiobrancaleone.it\\\/news\\\/#\\\/schema\\\/person\\\/3df132515081baef5f0ea457e1dfcf6d\"},\"headline\":\"UE, Settimana verde 2022 realizzare Green Deal\",\"datePublished\":\"2022-05-30T07:15:38+00:00\",\"dateModified\":\"2022-05-30T09:18:01+00:00\",\"mainEntityOfPage\":{\"@id\":\"https:\\\/\\\/www.studiobrancaleone.it\\\/news\\\/ue-settimana-verde-2022-realizzare-green-deal\\\/\"},\"wordCount\":394,\"publisher\":{\"@id\":\"https:\\\/\\\/www.studiobrancaleone.it\\\/news\\\/#organization\"},\"keywords\":[\"Ambiente\"],\"articleSection\":[\"Nazionali\\\/Ue\"],\"inLanguage\":\"it-IT\"},{\"@type\":\"WebPage\",\"@id\":\"https:\\\/\\\/www.studiobrancaleone.it\\\/news\\\/ue-settimana-verde-2022-realizzare-green-deal\\\/\",\"url\":\"https:\\\/\\\/www.studiobrancaleone.it\\\/news\\\/ue-settimana-verde-2022-realizzare-green-deal\\\/\",\"name\":\"UE, Settimana verde 2022 realizzare Green Deal &#060; Studio Brancaleone\",\"isPartOf\":{\"@id\":\"https:\\\/\\\/www.studiobrancaleone.it\\\/news\\\/#website\"},\"datePublished\":\"2022-05-30T07:15:38+00:00\",\"dateModified\":\"2022-05-30T09:18:01+00:00\",\"breadcrumb\":{\"@id\":\"https:\\\/\\\/www.studiobrancaleone.it\\\/news\\\/ue-settimana-verde-2022-realizzare-green-deal\\\/#breadcrumb\"},\"inLanguage\":\"it-IT\",\"potentialAction\":[{\"@type\":\"ReadAction\",\"target\":[\"https:\\\/\\\/www.studiobrancaleone.it\\\/news\\\/ue-settimana-verde-2022-realizzare-green-deal\\\/\"]}]},{\"@type\":\"BreadcrumbList\",\"@id\":\"https:\\\/\\\/www.studiobrancaleone.it\\\/news\\\/ue-settimana-verde-2022-realizzare-green-deal\\\/#breadcrumb\",\"itemListElement\":[{\"@type\":\"ListItem\",\"position\":1,\"name\":\"Home\",\"item\":\"https:\\\/\\\/www.studiobrancaleone.it\\\/news\\\/\"},{\"@type\":\"ListItem\",\"position\":2,\"name\":\"UE, Settimana verde 2022 realizzare Green Deal\"}]},{\"@type\":\"WebSite\",\"@id\":\"https:\\\/\\\/www.studiobrancaleone.it\\\/news\\\/#website\",\"url\":\"https:\\\/\\\/www.studiobrancaleone.it\\\/news\\\/\",\"name\":\"Studio Brancaleone\",\"description\":\"Notizie giuridiche aggiornate regolarmente\",\"publisher\":{\"@id\":\"https:\\\/\\\/www.studiobrancaleone.it\\\/news\\\/#organization\"},\"potentialAction\":[{\"@type\":\"SearchAction\",\"target\":{\"@type\":\"EntryPoint\",\"urlTemplate\":\"https:\\\/\\\/www.studiobrancaleone.it\\\/news\\\/?s={search_term_string}\"},\"query-input\":{\"@type\":\"PropertyValueSpecification\",\"valueRequired\":true,\"valueName\":\"search_term_string\"}}],\"inLanguage\":\"it-IT\"},{\"@type\":\"Organization\",\"@id\":\"https:\\\/\\\/www.studiobrancaleone.it\\\/news\\\/#organization\",\"name\":\"Studio Brancaleone\",\"url\":\"https:\\\/\\\/www.studiobrancaleone.it\\\/news\\\/\",\"logo\":{\"@type\":\"ImageObject\",\"inLanguage\":\"it-IT\",\"@id\":\"https:\\\/\\\/www.studiobrancaleone.it\\\/news\\\/#\\\/schema\\\/logo\\\/image\\\/\",\"url\":\"https:\\\/\\\/www.studiobrancaleone.it\\\/news\\\/wp-content\\\/uploads\\\/2025\\\/02\\\/Testata-sito-scaled.webp\",\"contentUrl\":\"https:\\\/\\\/www.studiobrancaleone.it\\\/news\\\/wp-content\\\/uploads\\\/2025\\\/02\\\/Testata-sito-scaled.webp\",\"width\":2560,\"height\":481,\"caption\":\"Studio Brancaleone\"},\"image\":{\"@id\":\"https:\\\/\\\/www.studiobrancaleone.it\\\/news\\\/#\\\/schema\\\/logo\\\/image\\\/\"}},{\"@type\":\"Person\",\"@id\":\"https:\\\/\\\/www.studiobrancaleone.it\\\/news\\\/#\\\/schema\\\/person\\\/3df132515081baef5f0ea457e1dfcf6d\",\"name\":\"Ivana Brancaleone\",\"image\":{\"@type\":\"ImageObject\",\"inLanguage\":\"it-IT\",\"@id\":\"https:\\\/\\\/secure.gravatar.com\\\/avatar\\\/9f6d2be41a5115d34c5114a0a78ade583fa3a3bd63a144dfc88c9da356eca16c?s=96&d=mm&r=g\",\"url\":\"https:\\\/\\\/secure.gravatar.com\\\/avatar\\\/9f6d2be41a5115d34c5114a0a78ade583fa3a3bd63a144dfc88c9da356eca16c?s=96&d=mm&r=g\",\"contentUrl\":\"https:\\\/\\\/secure.gravatar.com\\\/avatar\\\/9f6d2be41a5115d34c5114a0a78ade583fa3a3bd63a144dfc88c9da356eca16c?s=96&d=mm&r=g\",\"caption\":\"Ivana Brancaleone\"},\"url\":\"https:\\\/\\\/www.studiobrancaleone.it\\\/news\\\/author\\\/ivanbra\\\/\"}]}<\/script>\r\n<!-- \/ Yoast SEO plugin. -->","yoast_head_json":{"title":"UE, Settimana verde 2022 realizzare Green Deal &#060; Studio Brancaleone","robots":{"index":"index","follow":"follow","max-snippet":"max-snippet:-1","max-image-preview":"max-image-preview:large","max-video-preview":"max-video-preview:-1"},"canonical":"https:\/\/www.studiobrancaleone.it\/news\/ue-settimana-verde-2022-realizzare-green-deal\/","og_locale":"it_IT","og_type":"article","og_title":"UE, Settimana verde 2022 realizzare Green Deal &#060; Studio Brancaleone","og_description":"La Settimana verde dell&#8217;UE 2022 si svolger\u00e0 dal 30 maggio al 5 giugno in formato ibrido e verter\u00e0 sul tema &#8220;Realizzare il Green Deal europeo&#8220;. Si tratta del pi\u00f9 grande evento annuale europeo sulla politica ambientale che consentir\u00e0 di esplorare ci\u00f2 di cui l&#8217;Europa ha realmente bisogno per progredire verso un&#8217;economia circolare, positiva nei confronti [&hellip;]","og_url":"https:\/\/www.studiobrancaleone.it\/news\/ue-settimana-verde-2022-realizzare-green-deal\/","og_site_name":"Studio Brancaleone","article_published_time":"2022-05-30T07:15:38+00:00","article_modified_time":"2022-05-30T09:18:01+00:00","author":"Ivana Brancaleone","twitter_card":"summary_large_image","twitter_misc":{"Scritto da":"Ivana Brancaleone","Tempo di lettura stimato":"3 minuti"},"schema":{"@context":"https:\/\/schema.org","@graph":[{"@type":"Article","@id":"https:\/\/www.studiobrancaleone.it\/news\/ue-settimana-verde-2022-realizzare-green-deal\/#article","isPartOf":{"@id":"https:\/\/www.studiobrancaleone.it\/news\/ue-settimana-verde-2022-realizzare-green-deal\/"},"author":{"name":"Ivana Brancaleone","@id":"https:\/\/www.studiobrancaleone.it\/news\/#\/schema\/person\/3df132515081baef5f0ea457e1dfcf6d"},"headline":"UE, Settimana verde 2022 realizzare Green Deal","datePublished":"2022-05-30T07:15:38+00:00","dateModified":"2022-05-30T09:18:01+00:00","mainEntityOfPage":{"@id":"https:\/\/www.studiobrancaleone.it\/news\/ue-settimana-verde-2022-realizzare-green-deal\/"},"wordCount":394,"publisher":{"@id":"https:\/\/www.studiobrancaleone.it\/news\/#organization"},"keywords":["Ambiente"],"articleSection":["Nazionali\/Ue"],"inLanguage":"it-IT"},{"@type":"WebPage","@id":"https:\/\/www.studiobrancaleone.it\/news\/ue-settimana-verde-2022-realizzare-green-deal\/","url":"https:\/\/www.studiobrancaleone.it\/news\/ue-settimana-verde-2022-realizzare-green-deal\/","name":"UE, Settimana verde 2022 realizzare Green Deal &#060; Studio Brancaleone","isPartOf":{"@id":"https:\/\/www.studiobrancaleone.it\/news\/#website"},"datePublished":"2022-05-30T07:15:38+00:00","dateModified":"2022-05-30T09:18:01+00:00","breadcrumb":{"@id":"https:\/\/www.studiobrancaleone.it\/news\/ue-settimana-verde-2022-realizzare-green-deal\/#breadcrumb"},"inLanguage":"it-IT","potentialAction":[{"@type":"ReadAction","target":["https:\/\/www.studiobrancaleone.it\/news\/ue-settimana-verde-2022-realizzare-green-deal\/"]}]},{"@type":"BreadcrumbList","@id":"https:\/\/www.studiobrancaleone.it\/news\/ue-settimana-verde-2022-realizzare-green-deal\/#breadcrumb","itemListElement":[{"@type":"ListItem","position":1,"name":"Home","item":"https:\/\/www.studiobrancaleone.it\/news\/"},{"@type":"ListItem","position":2,"name":"UE, Settimana verde 2022 realizzare Green Deal"}]},{"@type":"WebSite","@id":"https:\/\/www.studiobrancaleone.it\/news\/#website","url":"https:\/\/www.studiobrancaleone.it\/news\/","name":"Studio Brancaleone","description":"Notizie giuridiche aggiornate regolarmente","publisher":{"@id":"https:\/\/www.studiobrancaleone.it\/news\/#organization"},"potentialAction":[{"@type":"SearchAction","target":{"@type":"EntryPoint","urlTemplate":"https:\/\/www.studiobrancaleone.it\/news\/?s={search_term_string}"},"query-input":{"@type":"PropertyValueSpecification","valueRequired":true,"valueName":"search_term_string"}}],"inLanguage":"it-IT"},{"@type":"Organization","@id":"https:\/\/www.studiobrancaleone.it\/news\/#organization","name":"Studio Brancaleone","url":"https:\/\/www.studiobrancaleone.it\/news\/","logo":{"@type":"ImageObject","inLanguage":"it-IT","@id":"https:\/\/www.studiobrancaleone.it\/news\/#\/schema\/logo\/image\/","url":"https:\/\/www.studiobrancaleone.it\/news\/wp-content\/uploads\/2025\/02\/Testata-sito-scaled.webp","contentUrl":"https:\/\/www.studiobrancaleone.it\/news\/wp-content\/uploads\/2025\/02\/Testata-sito-scaled.webp","width":2560,"height":481,"caption":"Studio Brancaleone"},"image":{"@id":"https:\/\/www.studiobrancaleone.it\/news\/#\/schema\/logo\/image\/"}},{"@type":"Person","@id":"https:\/\/www.studiobrancaleone.it\/news\/#\/schema\/person\/3df132515081baef5f0ea457e1dfcf6d","name":"Ivana Brancaleone","image":{"@type":"ImageObject","inLanguage":"it-IT","@id":"https:\/\/secure.gravatar.com\/avatar\/9f6d2be41a5115d34c5114a0a78ade583fa3a3bd63a144dfc88c9da356eca16c?s=96&d=mm&r=g","url":"https:\/\/secure.gravatar.com\/avatar\/9f6d2be41a5115d34c5114a0a78ade583fa3a3bd63a144dfc88c9da356eca16c?s=96&d=mm&r=g","contentUrl":"https:\/\/secure.gravatar.com\/avatar\/9f6d2be41a5115d34c5114a0a78ade583fa3a3bd63a144dfc88c9da356eca16c?s=96&d=mm&r=g","caption":"Ivana Brancaleone"},"url":"https:\/\/www.studiobrancaleone.it\/news\/author\/ivanbra\/"}]}},"uagb_featured_image_src":{"full":false,"thumbnail":false,"medium":false,"medium_large":false,"large":false,"1536x1536":false,"2048x2048":false},"uagb_author_info":{"display_name":"Ivana Brancaleone","author_link":"https:\/\/www.studiobrancaleone.it\/news\/author\/ivanbra\/"},"uagb_comment_info":0,"uagb_excerpt":"La Settimana verde dell&#8217;UE 2022 si svolger\u00e0 dal 30 maggio al 5 giugno in formato ibrido e verter\u00e0 sul tema &#8220;Realizzare il Green Deal europeo&#8220;. Si tratta del pi\u00f9 grande evento annuale europeo sulla politica ambientale che consentir\u00e0 di esplorare ci\u00f2 di cui l&#8217;Europa ha realmente bisogno per progredire verso un&#8217;economia circolare, positiva nei confronti&hellip;","_links":{"self":[{"href":"https:\/\/www.studiobrancaleone.it\/news\/wp-json\/wp\/v2\/posts\/3182","targetHints":{"allow":["GET"]}}],"collection":[{"href":"https:\/\/www.studiobrancaleone.it\/news\/wp-json\/wp\/v2\/posts"}],"about":[{"href":"https:\/\/www.studiobrancaleone.it\/news\/wp-json\/wp\/v2\/types\/post"}],"author":[{"embeddable":true,"href":"https:\/\/www.studiobrancaleone.it\/news\/wp-json\/wp\/v2\/users\/2"}],"replies":[{"embeddable":true,"href":"https:\/\/www.studiobrancaleone.it\/news\/wp-json\/wp\/v2\/comments?post=3182"}],"version-history":[{"count":0,"href":"https:\/\/www.studiobrancaleone.it\/news\/wp-json\/wp\/v2\/posts\/3182\/revisions"}],"wp:attachment":[{"href":"https:\/\/www.studiobrancaleone.it\/news\/wp-json\/wp\/v2\/media?parent=3182"}],"wp:term":[{"taxonomy":"category","embeddable":true,"href":"https:\/\/www.studiobrancaleone.it\/news\/wp-json\/wp\/v2\/categories?post=3182"},{"taxonomy":"post_tag","embeddable":true,"href":"https:\/\/www.studiobrancaleone.it\/news\/wp-json\/wp\/v2\/tags?post=3182"}],"curies":[{"name":"wp","href":"https:\/\/api.w.org\/{rel}","templated":true}]}}