{"id":3619,"date":"2022-06-21T10:36:14","date_gmt":"2022-06-21T08:36:14","guid":{"rendered":"https:\/\/www.studiobrancaleone.it\/news\/?p=3619"},"modified":"2022-06-21T10:48:31","modified_gmt":"2022-06-21T08:48:31","slug":"mipaaf-pnrr-sviluppo-logistica-agroalimentare","status":"publish","type":"post","link":"https:\/\/www.studiobrancaleone.it\/news\/mipaaf-pnrr-sviluppo-logistica-agroalimentare\/","title":{"rendered":"MiPAAF, PNRR Sviluppo logistica agroalimentare"},"content":{"rendered":"\n<p>E&#8217; stato firmato dal Ministro delle Politiche Agricole Alimentari e Forestali il decreto da <strong>500 milioni <\/strong>che d\u00e0 il via alla<strong> misura <\/strong>per lo<strong> sviluppo della logistica agroalimentare<\/strong>, finanziata dal <strong>PNRR<\/strong>, tra gli obiettivi ridurre l&#8217;impatto ambientale e incrementare la sostenibilit\u00e0 dei prodotti, rafforzare la digitalizzazione anche ai fini della tracciabilit\u00e0 dei prodotti, ridurre lo spreco alimentare.<\/p>\n\n\n\n<p>Il decreto istituisce lo strumento dei <strong>Contratti per la logistica agroalimentare<\/strong>, a cui sono destinati <strong>500 milioni di euro<\/strong> al fine di sostenere gli investimenti delle imprese, nell&#8217;ambito della misura <strong>PNRR <\/strong>&#8220;Sviluppo logistica per i settori agroalimentare, pesca e acquacoltura, silvicoltura, floricoltura e vivaismo&#8221;.&nbsp; <\/p>\n\n\n\n<p>Il 40% delle risorse \u00e8 riservato al finanziamento di progetti da realizzare nelle regioni Abruzzo, Basilicata, Calabria, Campania, Molise, Puglia, Sardegna e Sicilia.&nbsp; &nbsp;<\/p>\n\n\n\n<p>La misura ha l&#8217;obiettivo di potenziare i sistemi di logistica e stoccaggio del settore agroalimentare, anche al fine di rafforzare la competitivit\u00e0 delle filiere, ridurre i costi ambientali ed economici e sostenere l&#8217;innovazione dei processi di produttivi.<\/p>\n\n\n\n<p>In conformit\u00e0 con quanto previsto dal PNRR, le risorse sono destinate al finanziamento di programmi per la logistica agroalimentare, finalizzati a sostenere gli investimenti delle imprese per la transizione verso forme produttive pi\u00f9 moderne e sostenibili, volte a perseguire almeno uno dei seguenti obiettivi: ridurre l&#8217;impatto ambientale e incrementare la sostenibilit\u00e0 dei prodotti; migliorare la capacit\u00e0 di stoccaggio e trasformazione delle materie prime; preservare la differenziazione dei prodotti per qualit\u00e0, sostenibilit\u00e0, tracciabilit\u00e0 e caratteristiche produttive; potenziare, indirettamente, la capacit\u00e0 di esportazione delle PMI agroalimentari italiane; rafforzare la digitalizzazione nella logistica anche ai fini della tracciabilit\u00e0 dei prodotti; ridurre lo spreco alimentare.<\/p>\n\n\n\n<p>Il decreto definisce in particolare i soggetti beneficiari delle agevolazioni, le modalit\u00e0 di accesso e di concessione e i limiti e i casi di revoca delle agevolazioni.<\/p>\n\n\n\n<p>Potranno accedere alla misura, in forma individuale o associata, le imprese, le societ\u00e0 cooperative, i consorzi che operano nel settore agricolo e agroalimentare, le OP, le imprese commerciali e\/o industriali e\/o addette alla distribuzione.<\/p>\n\n\n\n<p>Saranno selezionati e finanziati progetti di investimento in attivit\u00e0 materiali e immateriali per la realizzazione e l&#8217;efficientamento di strutture di stoccaggio, magazzinaggio e trasformazione, per la digitalizzazione dei processi di logistica, per la realizzazione di interventi infrastrutturali su aree produttive e snodi logistici e commerciali.<\/p>\n\n\n\n<p>Per l&#8217;attuazione della misura il MiPAAF si avvarr\u00e0 dell&#8217;Agenzia nazionale per l&#8217;attrazione degli investimenti e lo sviluppo di impresa Invitalia spa, che curer\u00e0 la ricezione, valutazione e approvazione delle domande di agevolazione, la stipula del contratto di ammissione, l&#8217;erogazione, il controllo e il monitoraggio.<\/p>\n\n\n\n<p>Il MiPAAF manterr\u00e0 il ruolo di punto unico di contatto con il Servizio centrale per il PNRR e avr\u00e0 la responsabilit\u00e0 in tema di supervisione complessiva dell&#8217;intervento, in ognuna delle diverse fasi di attuazione dei progetti, oltre che in materia di gestione dei flussi finanziari.<\/p>\n\n\n\n<p>Il provvedimento sar\u00e0 ora oggetto di notifica presso la Commissione europea per ottenere la necessaria autorizzazione del regime aiuti di stato, a seguito della quale potranno essere emanati i bandi.<\/p>\n\n\n\n<hr class=\"wp-block-separator has-text-color has-ast-global-color-0-color has-alpha-channel-opacity has-ast-global-color-0-background-color has-background is-style-wide\"\/>\n\n\n\n<p>Sito internet: Ministero delle Politiche Agricole Alimentari e Forestali<\/p>\n","protected":false},"excerpt":{"rendered":"<p>E&#8217; stato firmato dal Ministro delle Politiche Agricole Alimentari e Forestali il decreto da 500 milioni che d\u00e0 il via alla misura per lo sviluppo della logistica agroalimentare, finanziata dal PNRR, tra gli obiettivi ridurre l&#8217;impatto ambientale e incrementare la sostenibilit\u00e0 dei prodotti, rafforzare la digitalizzazione anche ai fini della tracciabilit\u00e0 dei prodotti, ridurre lo [&hellip;]<\/p>\n","protected":false},"author":2,"featured_media":0,"comment_status":"closed","ping_status":"open","sticky":false,"template":"","format":"standard","meta":{"_uag_custom_page_level_css":"","site-sidebar-layout":"default","site-content-layout":"","ast-site-content-layout":"default","site-content-style":"default","site-sidebar-style":"default","ast-global-header-display":"","ast-banner-title-visibility":"","ast-main-header-display":"","ast-hfb-above-header-display":"","ast-hfb-below-header-display":"","ast-hfb-mobile-header-display":"","site-post-title":"","ast-breadcrumbs-content":"","ast-featured-img":"","footer-sml-layout":"","ast-disable-related-posts":"","theme-transparent-header-meta":"","adv-header-id-meta":"","stick-header-meta":"","header-above-stick-meta":"","header-main-stick-meta":"","header-below-stick-meta":"","astra-migrate-meta-layouts":"default","ast-page-background-enabled":"default","ast-page-background-meta":{"desktop":{"background-color":"var(--ast-global-color-4)","background-image":"","background-repeat":"repeat","background-position":"center center","background-size":"auto","background-attachment":"scroll","background-type":"","background-media":"","overlay-type":"","overlay-color":"","overlay-opacity":"","overlay-gradient":""},"tablet":{"background-color":"","background-image":"","background-repeat":"repeat","background-position":"center center","background-size":"auto","background-attachment":"scroll","background-type":"","background-media":"","overlay-type":"","overlay-color":"","overlay-opacity":"","overlay-gradient":""},"mobile":{"background-color":"","background-image":"","background-repeat":"repeat","background-position":"center center","background-size":"auto","background-attachment":"scroll","background-type":"","background-media":"","overlay-type":"","overlay-color":"","overlay-opacity":"","overlay-gradient":""}},"ast-content-background-meta":{"desktop":{"background-color":"var(--ast-global-color-5)","background-image":"","background-repeat":"repeat","background-position":"center center","background-size":"auto","background-attachment":"scroll","background-type":"","background-media":"","overlay-type":"","overlay-color":"","overlay-opacity":"","overlay-gradient":""},"tablet":{"background-color":"var(--ast-global-color-5)","background-image":"","background-repeat":"repeat","background-position":"center center","background-size":"auto","background-attachment":"scroll","background-type":"","background-media":"","overlay-type":"","overlay-color":"","overlay-opacity":"","overlay-gradient":""},"mobile":{"background-color":"var(--ast-global-color-5)","background-image":"","background-repeat":"repeat","background-position":"center center","background-size":"auto","background-attachment":"scroll","background-type":"","background-media":"","overlay-type":"","overlay-color":"","overlay-opacity":"","overlay-gradient":""}},"footnotes":""},"categories":[10],"tags":[],"class_list":["post-3619","post","type-post","status-publish","format-standard","hentry","category-finanziamenti"],"yoast_head":"<!-- This site is optimized with the Yoast SEO plugin v27.5 - https:\/\/yoast.com\/product\/yoast-seo-wordpress\/ -->\r\n<title>MiPAAF, PNRR Sviluppo logistica agroalimentare &#060; Studio Brancaleone<\/title>\r\n<meta name=\"robots\" content=\"index, follow, max-snippet:-1, max-image-preview:large, max-video-preview:-1\" \/>\r\n<link rel=\"canonical\" href=\"https:\/\/www.studiobrancaleone.it\/news\/mipaaf-pnrr-sviluppo-logistica-agroalimentare\/\" \/>\r\n<meta property=\"og:locale\" content=\"it_IT\" \/>\r\n<meta property=\"og:type\" content=\"article\" \/>\r\n<meta property=\"og:title\" content=\"MiPAAF, PNRR Sviluppo logistica agroalimentare &#060; Studio Brancaleone\" \/>\r\n<meta property=\"og:description\" content=\"E&#8217; stato firmato dal Ministro delle Politiche Agricole Alimentari e Forestali il decreto da 500 milioni che d\u00e0 il via alla misura per lo sviluppo della logistica agroalimentare, finanziata dal PNRR, tra gli obiettivi ridurre l&#8217;impatto ambientale e incrementare la sostenibilit\u00e0 dei prodotti, rafforzare la digitalizzazione anche ai fini della tracciabilit\u00e0 dei prodotti, ridurre lo [&hellip;]\" \/>\r\n<meta property=\"og:url\" content=\"https:\/\/www.studiobrancaleone.it\/news\/mipaaf-pnrr-sviluppo-logistica-agroalimentare\/\" \/>\r\n<meta property=\"og:site_name\" content=\"Studio Brancaleone\" \/>\r\n<meta property=\"article:published_time\" content=\"2022-06-21T08:36:14+00:00\" \/>\r\n<meta property=\"article:modified_time\" content=\"2022-06-21T08:48:31+00:00\" \/>\r\n<meta name=\"author\" content=\"Ivana Brancaleone\" \/>\r\n<meta name=\"twitter:card\" content=\"summary_large_image\" \/>\r\n<meta name=\"twitter:label1\" content=\"Scritto da\" \/>\n\t<meta name=\"twitter:data1\" content=\"Ivana Brancaleone\" \/>\n\t<meta name=\"twitter:label2\" content=\"Tempo di lettura stimato\" \/>\n\t<meta name=\"twitter:data2\" content=\"3 minuti\" \/>\r\n<script type=\"application\/ld+json\" class=\"yoast-schema-graph\">{\"@context\":\"https:\\\/\\\/schema.org\",\"@graph\":[{\"@type\":\"Article\",\"@id\":\"https:\\\/\\\/www.studiobrancaleone.it\\\/news\\\/mipaaf-pnrr-sviluppo-logistica-agroalimentare\\\/#article\",\"isPartOf\":{\"@id\":\"https:\\\/\\\/www.studiobrancaleone.it\\\/news\\\/mipaaf-pnrr-sviluppo-logistica-agroalimentare\\\/\"},\"author\":{\"name\":\"Ivana Brancaleone\",\"@id\":\"https:\\\/\\\/www.studiobrancaleone.it\\\/news\\\/#\\\/schema\\\/person\\\/3df132515081baef5f0ea457e1dfcf6d\"},\"headline\":\"MiPAAF, PNRR Sviluppo logistica agroalimentare\",\"datePublished\":\"2022-06-21T08:36:14+00:00\",\"dateModified\":\"2022-06-21T08:48:31+00:00\",\"mainEntityOfPage\":{\"@id\":\"https:\\\/\\\/www.studiobrancaleone.it\\\/news\\\/mipaaf-pnrr-sviluppo-logistica-agroalimentare\\\/\"},\"wordCount\":513,\"publisher\":{\"@id\":\"https:\\\/\\\/www.studiobrancaleone.it\\\/news\\\/#organization\"},\"articleSection\":[\"Finanziamenti\"],\"inLanguage\":\"it-IT\"},{\"@type\":\"WebPage\",\"@id\":\"https:\\\/\\\/www.studiobrancaleone.it\\\/news\\\/mipaaf-pnrr-sviluppo-logistica-agroalimentare\\\/\",\"url\":\"https:\\\/\\\/www.studiobrancaleone.it\\\/news\\\/mipaaf-pnrr-sviluppo-logistica-agroalimentare\\\/\",\"name\":\"MiPAAF, PNRR Sviluppo logistica agroalimentare &#060; Studio Brancaleone\",\"isPartOf\":{\"@id\":\"https:\\\/\\\/www.studiobrancaleone.it\\\/news\\\/#website\"},\"datePublished\":\"2022-06-21T08:36:14+00:00\",\"dateModified\":\"2022-06-21T08:48:31+00:00\",\"breadcrumb\":{\"@id\":\"https:\\\/\\\/www.studiobrancaleone.it\\\/news\\\/mipaaf-pnrr-sviluppo-logistica-agroalimentare\\\/#breadcrumb\"},\"inLanguage\":\"it-IT\",\"potentialAction\":[{\"@type\":\"ReadAction\",\"target\":[\"https:\\\/\\\/www.studiobrancaleone.it\\\/news\\\/mipaaf-pnrr-sviluppo-logistica-agroalimentare\\\/\"]}]},{\"@type\":\"BreadcrumbList\",\"@id\":\"https:\\\/\\\/www.studiobrancaleone.it\\\/news\\\/mipaaf-pnrr-sviluppo-logistica-agroalimentare\\\/#breadcrumb\",\"itemListElement\":[{\"@type\":\"ListItem\",\"position\":1,\"name\":\"Home\",\"item\":\"https:\\\/\\\/www.studiobrancaleone.it\\\/news\\\/\"},{\"@type\":\"ListItem\",\"position\":2,\"name\":\"MiPAAF, PNRR Sviluppo logistica agroalimentare\"}]},{\"@type\":\"WebSite\",\"@id\":\"https:\\\/\\\/www.studiobrancaleone.it\\\/news\\\/#website\",\"url\":\"https:\\\/\\\/www.studiobrancaleone.it\\\/news\\\/\",\"name\":\"Studio Brancaleone\",\"description\":\"Notizie giuridiche aggiornate regolarmente\",\"publisher\":{\"@id\":\"https:\\\/\\\/www.studiobrancaleone.it\\\/news\\\/#organization\"},\"potentialAction\":[{\"@type\":\"SearchAction\",\"target\":{\"@type\":\"EntryPoint\",\"urlTemplate\":\"https:\\\/\\\/www.studiobrancaleone.it\\\/news\\\/?s={search_term_string}\"},\"query-input\":{\"@type\":\"PropertyValueSpecification\",\"valueRequired\":true,\"valueName\":\"search_term_string\"}}],\"inLanguage\":\"it-IT\"},{\"@type\":\"Organization\",\"@id\":\"https:\\\/\\\/www.studiobrancaleone.it\\\/news\\\/#organization\",\"name\":\"Studio Brancaleone\",\"url\":\"https:\\\/\\\/www.studiobrancaleone.it\\\/news\\\/\",\"logo\":{\"@type\":\"ImageObject\",\"inLanguage\":\"it-IT\",\"@id\":\"https:\\\/\\\/www.studiobrancaleone.it\\\/news\\\/#\\\/schema\\\/logo\\\/image\\\/\",\"url\":\"https:\\\/\\\/www.studiobrancaleone.it\\\/news\\\/wp-content\\\/uploads\\\/2025\\\/02\\\/Testata-sito-scaled.webp\",\"contentUrl\":\"https:\\\/\\\/www.studiobrancaleone.it\\\/news\\\/wp-content\\\/uploads\\\/2025\\\/02\\\/Testata-sito-scaled.webp\",\"width\":2560,\"height\":481,\"caption\":\"Studio Brancaleone\"},\"image\":{\"@id\":\"https:\\\/\\\/www.studiobrancaleone.it\\\/news\\\/#\\\/schema\\\/logo\\\/image\\\/\"}},{\"@type\":\"Person\",\"@id\":\"https:\\\/\\\/www.studiobrancaleone.it\\\/news\\\/#\\\/schema\\\/person\\\/3df132515081baef5f0ea457e1dfcf6d\",\"name\":\"Ivana Brancaleone\",\"image\":{\"@type\":\"ImageObject\",\"inLanguage\":\"it-IT\",\"@id\":\"https:\\\/\\\/secure.gravatar.com\\\/avatar\\\/9f6d2be41a5115d34c5114a0a78ade583fa3a3bd63a144dfc88c9da356eca16c?s=96&d=mm&r=g\",\"url\":\"https:\\\/\\\/secure.gravatar.com\\\/avatar\\\/9f6d2be41a5115d34c5114a0a78ade583fa3a3bd63a144dfc88c9da356eca16c?s=96&d=mm&r=g\",\"contentUrl\":\"https:\\\/\\\/secure.gravatar.com\\\/avatar\\\/9f6d2be41a5115d34c5114a0a78ade583fa3a3bd63a144dfc88c9da356eca16c?s=96&d=mm&r=g\",\"caption\":\"Ivana Brancaleone\"},\"url\":\"https:\\\/\\\/www.studiobrancaleone.it\\\/news\\\/author\\\/ivanbra\\\/\"}]}<\/script>\r\n<!-- \/ Yoast SEO plugin. -->","yoast_head_json":{"title":"MiPAAF, PNRR Sviluppo logistica agroalimentare &#060; Studio Brancaleone","robots":{"index":"index","follow":"follow","max-snippet":"max-snippet:-1","max-image-preview":"max-image-preview:large","max-video-preview":"max-video-preview:-1"},"canonical":"https:\/\/www.studiobrancaleone.it\/news\/mipaaf-pnrr-sviluppo-logistica-agroalimentare\/","og_locale":"it_IT","og_type":"article","og_title":"MiPAAF, PNRR Sviluppo logistica agroalimentare &#060; Studio Brancaleone","og_description":"E&#8217; stato firmato dal Ministro delle Politiche Agricole Alimentari e Forestali il decreto da 500 milioni che d\u00e0 il via alla misura per lo sviluppo della logistica agroalimentare, finanziata dal PNRR, tra gli obiettivi ridurre l&#8217;impatto ambientale e incrementare la sostenibilit\u00e0 dei prodotti, rafforzare la digitalizzazione anche ai fini della tracciabilit\u00e0 dei prodotti, ridurre lo [&hellip;]","og_url":"https:\/\/www.studiobrancaleone.it\/news\/mipaaf-pnrr-sviluppo-logistica-agroalimentare\/","og_site_name":"Studio Brancaleone","article_published_time":"2022-06-21T08:36:14+00:00","article_modified_time":"2022-06-21T08:48:31+00:00","author":"Ivana Brancaleone","twitter_card":"summary_large_image","twitter_misc":{"Scritto da":"Ivana Brancaleone","Tempo di lettura stimato":"3 minuti"},"schema":{"@context":"https:\/\/schema.org","@graph":[{"@type":"Article","@id":"https:\/\/www.studiobrancaleone.it\/news\/mipaaf-pnrr-sviluppo-logistica-agroalimentare\/#article","isPartOf":{"@id":"https:\/\/www.studiobrancaleone.it\/news\/mipaaf-pnrr-sviluppo-logistica-agroalimentare\/"},"author":{"name":"Ivana Brancaleone","@id":"https:\/\/www.studiobrancaleone.it\/news\/#\/schema\/person\/3df132515081baef5f0ea457e1dfcf6d"},"headline":"MiPAAF, PNRR Sviluppo logistica agroalimentare","datePublished":"2022-06-21T08:36:14+00:00","dateModified":"2022-06-21T08:48:31+00:00","mainEntityOfPage":{"@id":"https:\/\/www.studiobrancaleone.it\/news\/mipaaf-pnrr-sviluppo-logistica-agroalimentare\/"},"wordCount":513,"publisher":{"@id":"https:\/\/www.studiobrancaleone.it\/news\/#organization"},"articleSection":["Finanziamenti"],"inLanguage":"it-IT"},{"@type":"WebPage","@id":"https:\/\/www.studiobrancaleone.it\/news\/mipaaf-pnrr-sviluppo-logistica-agroalimentare\/","url":"https:\/\/www.studiobrancaleone.it\/news\/mipaaf-pnrr-sviluppo-logistica-agroalimentare\/","name":"MiPAAF, PNRR Sviluppo logistica agroalimentare &#060; Studio Brancaleone","isPartOf":{"@id":"https:\/\/www.studiobrancaleone.it\/news\/#website"},"datePublished":"2022-06-21T08:36:14+00:00","dateModified":"2022-06-21T08:48:31+00:00","breadcrumb":{"@id":"https:\/\/www.studiobrancaleone.it\/news\/mipaaf-pnrr-sviluppo-logistica-agroalimentare\/#breadcrumb"},"inLanguage":"it-IT","potentialAction":[{"@type":"ReadAction","target":["https:\/\/www.studiobrancaleone.it\/news\/mipaaf-pnrr-sviluppo-logistica-agroalimentare\/"]}]},{"@type":"BreadcrumbList","@id":"https:\/\/www.studiobrancaleone.it\/news\/mipaaf-pnrr-sviluppo-logistica-agroalimentare\/#breadcrumb","itemListElement":[{"@type":"ListItem","position":1,"name":"Home","item":"https:\/\/www.studiobrancaleone.it\/news\/"},{"@type":"ListItem","position":2,"name":"MiPAAF, PNRR Sviluppo logistica agroalimentare"}]},{"@type":"WebSite","@id":"https:\/\/www.studiobrancaleone.it\/news\/#website","url":"https:\/\/www.studiobrancaleone.it\/news\/","name":"Studio Brancaleone","description":"Notizie giuridiche aggiornate regolarmente","publisher":{"@id":"https:\/\/www.studiobrancaleone.it\/news\/#organization"},"potentialAction":[{"@type":"SearchAction","target":{"@type":"EntryPoint","urlTemplate":"https:\/\/www.studiobrancaleone.it\/news\/?s={search_term_string}"},"query-input":{"@type":"PropertyValueSpecification","valueRequired":true,"valueName":"search_term_string"}}],"inLanguage":"it-IT"},{"@type":"Organization","@id":"https:\/\/www.studiobrancaleone.it\/news\/#organization","name":"Studio Brancaleone","url":"https:\/\/www.studiobrancaleone.it\/news\/","logo":{"@type":"ImageObject","inLanguage":"it-IT","@id":"https:\/\/www.studiobrancaleone.it\/news\/#\/schema\/logo\/image\/","url":"https:\/\/www.studiobrancaleone.it\/news\/wp-content\/uploads\/2025\/02\/Testata-sito-scaled.webp","contentUrl":"https:\/\/www.studiobrancaleone.it\/news\/wp-content\/uploads\/2025\/02\/Testata-sito-scaled.webp","width":2560,"height":481,"caption":"Studio Brancaleone"},"image":{"@id":"https:\/\/www.studiobrancaleone.it\/news\/#\/schema\/logo\/image\/"}},{"@type":"Person","@id":"https:\/\/www.studiobrancaleone.it\/news\/#\/schema\/person\/3df132515081baef5f0ea457e1dfcf6d","name":"Ivana Brancaleone","image":{"@type":"ImageObject","inLanguage":"it-IT","@id":"https:\/\/secure.gravatar.com\/avatar\/9f6d2be41a5115d34c5114a0a78ade583fa3a3bd63a144dfc88c9da356eca16c?s=96&d=mm&r=g","url":"https:\/\/secure.gravatar.com\/avatar\/9f6d2be41a5115d34c5114a0a78ade583fa3a3bd63a144dfc88c9da356eca16c?s=96&d=mm&r=g","contentUrl":"https:\/\/secure.gravatar.com\/avatar\/9f6d2be41a5115d34c5114a0a78ade583fa3a3bd63a144dfc88c9da356eca16c?s=96&d=mm&r=g","caption":"Ivana Brancaleone"},"url":"https:\/\/www.studiobrancaleone.it\/news\/author\/ivanbra\/"}]}},"uagb_featured_image_src":{"full":false,"thumbnail":false,"medium":false,"medium_large":false,"large":false,"1536x1536":false,"2048x2048":false},"uagb_author_info":{"display_name":"Ivana Brancaleone","author_link":"https:\/\/www.studiobrancaleone.it\/news\/author\/ivanbra\/"},"uagb_comment_info":0,"uagb_excerpt":"E&#8217; stato firmato dal Ministro delle Politiche Agricole Alimentari e Forestali il decreto da 500 milioni che d\u00e0 il via alla misura per lo sviluppo della logistica agroalimentare, finanziata dal PNRR, tra gli obiettivi ridurre l&#8217;impatto ambientale e incrementare la sostenibilit\u00e0 dei prodotti, rafforzare la digitalizzazione anche ai fini della tracciabilit\u00e0 dei prodotti, ridurre lo&hellip;","_links":{"self":[{"href":"https:\/\/www.studiobrancaleone.it\/news\/wp-json\/wp\/v2\/posts\/3619","targetHints":{"allow":["GET"]}}],"collection":[{"href":"https:\/\/www.studiobrancaleone.it\/news\/wp-json\/wp\/v2\/posts"}],"about":[{"href":"https:\/\/www.studiobrancaleone.it\/news\/wp-json\/wp\/v2\/types\/post"}],"author":[{"embeddable":true,"href":"https:\/\/www.studiobrancaleone.it\/news\/wp-json\/wp\/v2\/users\/2"}],"replies":[{"embeddable":true,"href":"https:\/\/www.studiobrancaleone.it\/news\/wp-json\/wp\/v2\/comments?post=3619"}],"version-history":[{"count":0,"href":"https:\/\/www.studiobrancaleone.it\/news\/wp-json\/wp\/v2\/posts\/3619\/revisions"}],"wp:attachment":[{"href":"https:\/\/www.studiobrancaleone.it\/news\/wp-json\/wp\/v2\/media?parent=3619"}],"wp:term":[{"taxonomy":"category","embeddable":true,"href":"https:\/\/www.studiobrancaleone.it\/news\/wp-json\/wp\/v2\/categories?post=3619"},{"taxonomy":"post_tag","embeddable":true,"href":"https:\/\/www.studiobrancaleone.it\/news\/wp-json\/wp\/v2\/tags?post=3619"}],"curies":[{"name":"wp","href":"https:\/\/api.w.org\/{rel}","templated":true}]}}