{"id":3755,"date":"2022-06-28T10:04:57","date_gmt":"2022-06-28T08:04:57","guid":{"rendered":"https:\/\/www.studiobrancaleone.it\/news\/?p=3755"},"modified":"2022-11-17T17:46:54","modified_gmt":"2022-11-17T16:46:54","slug":"ue-nuove-norme-comunicazione-societaria-su-sostenibilita","status":"publish","type":"post","link":"https:\/\/www.studiobrancaleone.it\/news\/ue-nuove-norme-comunicazione-societaria-su-sostenibilita\/","title":{"rendered":"UE, Nuove norme comunicazione societaria su sostenibilit\u00e0"},"content":{"rendered":"\n<p>Il Consiglio e il Parlamento europeo hanno raggiunto un accordo politico provvisorio sulla direttiva relativa alla <strong>comunicazione societaria sulla sostenibilit\u00e0<\/strong>, che introduce l&#8217;<strong>obbligo di certificazione<\/strong> delle informazioni comunicate sulla <strong>sostenibilit\u00e0 <\/strong>e una <strong>migliore accessibilit\u00e0<\/strong> delle informazioni contrastando il <strong>greenwashing<\/strong>.<\/p>\n\n\n\n<p>L&#8217;obiettivo della proposta, sulla quale si \u00e8 raggiunto l&#8217;accordo il 21 giugno scorso, \u00e8 quello di <strong>colmare le lacune nelle norme vigenti<\/strong> in materia di comunicazione di informazioni di carattere non finanziario, che erano di qualit\u00e0 insufficiente per consentire agli investitori di tenerne debitamente conto. Tali lacune ostacolano la transizione verso un&#8217;<strong>economia sostenibile<\/strong>.<\/p>\n\n\n\n<p>Le societ\u00e0 dovranno fornire <strong>informazioni <\/strong>riguardo all&#8217;impatto delle imprese sui <strong>diritti umani<\/strong> e sull&#8217;<strong>ambiente<\/strong>, garantendo pi\u00f9 <strong>trasparenza <\/strong>per i cittadini, i consumatori e gli investitori.<\/p>\n\n\n\n<p><strong>Quali sono le nuove norme?<\/strong><\/p>\n\n\n\n<p>La direttiva relativa alla comunicazione societaria sulla sostenibilit\u00e0 modifica la direttiva sulla comunicazione di informazioni di carattere non finanziario del 2014. Introduce obblighi di comunicazione <strong>pi\u00f9 dettagliati<\/strong> e garantisce che le grandi imprese siano tenute a <strong>comunicare informazioni relative alle questioni di sostenibilit\u00e0<\/strong>, come i diritti ambientali, i diritti sociali, i diritti umani e i fattori di governance.<\/p>\n\n\n\n<p>La direttiva relativa alla comunicazione societaria sulla sostenibilit\u00e0 introduce anche l&#8217;<strong>obbligo di certificazione<\/strong> delle informazioni comunicate sulla <strong>sostenibilit\u00e0 <\/strong>e una <strong>migliore accessibilit\u00e0<\/strong> delle informazioni, imponendone la comunicazione in una sezione specifica delle relazioni sulla gestione delle imprese.<\/p>\n\n\n\n<p>Il Gruppo consultivo europeo sull&#8217;informativa finanziaria (<strong>EFRAG<\/strong>) sar\u00e0 incaricato di stabilire le norme europee, previo parere tecnico di diverse agenzie europee.<\/p>\n\n\n\n<p><strong>A chi si applicher\u00e0 la direttiva?<\/strong><\/p>\n\n\n\n<p>Le norme dell&#8217;UE in materia di informazioni di carattere non finanziario si applicano a <strong>tutte le grandi imprese<\/strong> e <strong>tutte le societ\u00e0 quotate<\/strong> in mercati regolamentati. Queste imprese sono anche responsabili della valutazione delle informazioni a livello di <strong>imprese figlie<\/strong>.<\/p>\n\n\n\n<p>Le norme si applicano anche alle <strong>PMI<\/strong> <strong>quotate<\/strong>, tenendo conto delle loro specificit\u00e0. Per le PMI sar\u00e0 possibile una deroga (&#8220;opt-out&#8221;) durante un periodo transitorio, il che significa che esse saranno esentate dall&#8217;applicazione della direttiva fino al 2028.<\/p>\n\n\n\n<p>Per quanto riguarda le <strong>imprese non europee<\/strong>, l&#8217;obbligo di presentare una relazione sulla sostenibilit\u00e0 si applica a tutte le imprese che realizzano ricavi netti delle vendite e delle prestazioni superiori a 150 milioni di EUR nell&#8217;UE e che hanno almeno un&#8217;impresa figlia o una succursale nell&#8217;UE. Queste imprese devono fornire un&#8217;informativa sui loro impatti ESG, vale a dire le sfide ambientali, sociali e di governance definite nella direttiva.<\/p>\n\n\n\n<p><strong>Chi garantisce la qualit\u00e0 dell&#8217;informativa?<\/strong><\/p>\n\n\n\n<p>L&#8217;informativa deve essere certificata da un <strong>revisore<\/strong> o da un <strong>certificatore indipendente accreditato<\/strong>. Per assicurare che le imprese rispettino le norme in materia di informativa, un revisore o un certificatore indipendente garantir\u00e0 la conformit\u00e0 delle informazioni sulla sostenibilit\u00e0 ai principi di certificazione adottati dall&#8217;Unione. L&#8217;informativa delle imprese non europee deve essere anch&#8217;essa certificata da un revisore europeo o con sede in un paese terzo.<\/p>\n\n\n\n<p><strong>Da quando si applicano le norme?<\/strong><\/p>\n\n\n\n<p>Il regolamento si applicher\u00e0 in <strong>tre fasi<\/strong>:<\/p>\n\n\n\n<ul class=\"wp-block-list\"><li>1\u00ba gennaio <strong>2024<\/strong> per le imprese gi\u00e0 soggette alla direttiva sulla comunicazione di informazioni di carattere non finanziario<\/li><li>1\u00ba gennaio <strong>2025 <\/strong>per le grandi imprese attualmente non soggette alla direttiva sulla comunicazione di informazioni di carattere non finanziario<\/li><li>1\u00ba gennaio <strong>2026 <\/strong>per le PMI quotate, gli enti creditizi piccoli e non complessi e le imprese di assicurazione captive.<\/li><\/ul>\n\n\n\n<p><strong>Prossime tappe<\/strong><\/p>\n\n\n\n<p>L&#8217;accordo provvisorio concluso oggi dovr\u00e0 essere approvato dal Consiglio e dal Parlamento europeo.<\/p>\n\n\n\n<p>Per quanto riguarda il Consiglio, prima di passare alle fasi formali della procedura di adozione, l&#8217;accordo politico provvisorio dovr\u00e0 essere approvato dal Comitato dei rappresentanti permanenti (Coreper). La direttiva entrer\u00e0 in vigore il ventesimo giorno successivo alla pubblicazione nella Gazzetta ufficiale dell&#8217;Unione europea.<\/p>\n\n\n\n<hr class=\"wp-block-separator has-text-color has-ast-global-color-0-color has-alpha-channel-opacity has-ast-global-color-0-background-color has-background is-style-wide\"\/>\n\n\n\n<p>Sito internet: Consiglio dell&#8217;Unione Europea<\/p>\n\n\n\n<ul class=\"wp-block-list\"><li><a href=\"https:\/\/data.consilium.europa.eu\/doc\/document\/ST-6292-2022-INIT\/it\/pdf\" target=\"_blank\" rel=\"noreferrer noopener\">Orientamento generale \u2013 Proposta di direttiva relativa alla comunicazione societaria sulla sostenibilit\u00e0<\/a><\/li><li><a href=\"https:\/\/eur-lex.europa.eu\/legal-content\/EN\/TXT\/PDF\/?uri=CELEX:52021PC0189&amp;from=FR\" target=\"_blank\" rel=\"noreferrer noopener\">Proposta di direttiva relativa alla comunicazione societaria sulla sostenibilit\u00e0, presentata dalla Commissione (21&nbsp;aprile&nbsp;2021)<\/a><\/li><\/ul>\n","protected":false},"excerpt":{"rendered":"<p>Il Consiglio e il Parlamento europeo hanno raggiunto un accordo politico provvisorio sulla direttiva relativa alla comunicazione societaria sulla sostenibilit\u00e0, che introduce l&#8217;obbligo di certificazione delle informazioni comunicate sulla sostenibilit\u00e0 e una migliore accessibilit\u00e0 delle informazioni contrastando il greenwashing. L&#8217;obiettivo della proposta, sulla quale si \u00e8 raggiunto l&#8217;accordo il 21 giugno scorso, \u00e8 quello di [&hellip;]<\/p>\n","protected":false},"author":2,"featured_media":0,"comment_status":"closed","ping_status":"open","sticky":false,"template":"","format":"standard","meta":{"_uag_custom_page_level_css":"","site-sidebar-layout":"default","site-content-layout":"","ast-site-content-layout":"default","site-content-style":"default","site-sidebar-style":"default","ast-global-header-display":"","ast-banner-title-visibility":"","ast-main-header-display":"","ast-hfb-above-header-display":"","ast-hfb-below-header-display":"","ast-hfb-mobile-header-display":"","site-post-title":"","ast-breadcrumbs-content":"","ast-featured-img":"","footer-sml-layout":"","ast-disable-related-posts":"","theme-transparent-header-meta":"","adv-header-id-meta":"","stick-header-meta":"","header-above-stick-meta":"","header-main-stick-meta":"","header-below-stick-meta":"","astra-migrate-meta-layouts":"default","ast-page-background-enabled":"default","ast-page-background-meta":{"desktop":{"background-color":"var(--ast-global-color-4)","background-image":"","background-repeat":"repeat","background-position":"center center","background-size":"auto","background-attachment":"scroll","background-type":"","background-media":"","overlay-type":"","overlay-color":"","overlay-opacity":"","overlay-gradient":""},"tablet":{"background-color":"","background-image":"","background-repeat":"repeat","background-position":"center center","background-size":"auto","background-attachment":"scroll","background-type":"","background-media":"","overlay-type":"","overlay-color":"","overlay-opacity":"","overlay-gradient":""},"mobile":{"background-color":"","background-image":"","background-repeat":"repeat","background-position":"center center","background-size":"auto","background-attachment":"scroll","background-type":"","background-media":"","overlay-type":"","overlay-color":"","overlay-opacity":"","overlay-gradient":""}},"ast-content-background-meta":{"desktop":{"background-color":"var(--ast-global-color-5)","background-image":"","background-repeat":"repeat","background-position":"center center","background-size":"auto","background-attachment":"scroll","background-type":"","background-media":"","overlay-type":"","overlay-color":"","overlay-opacity":"","overlay-gradient":""},"tablet":{"background-color":"var(--ast-global-color-5)","background-image":"","background-repeat":"repeat","background-position":"center center","background-size":"auto","background-attachment":"scroll","background-type":"","background-media":"","overlay-type":"","overlay-color":"","overlay-opacity":"","overlay-gradient":""},"mobile":{"background-color":"var(--ast-global-color-5)","background-image":"","background-repeat":"repeat","background-position":"center center","background-size":"auto","background-attachment":"scroll","background-type":"","background-media":"","overlay-type":"","overlay-color":"","overlay-opacity":"","overlay-gradient":""}},"footnotes":""},"categories":[4],"tags":[142],"class_list":["post-3755","post","type-post","status-publish","format-standard","hentry","category-nazionali-ue","tag-sostenibilita"],"yoast_head":"<!-- This site is optimized with the Yoast SEO plugin v27.5 - https:\/\/yoast.com\/product\/yoast-seo-wordpress\/ -->\r\n<title>UE, Nuove norme comunicazione societaria su sostenibilit\u00e0 &#060; Studio Brancaleone<\/title>\r\n<meta name=\"robots\" content=\"index, follow, max-snippet:-1, max-image-preview:large, max-video-preview:-1\" \/>\r\n<link rel=\"canonical\" href=\"https:\/\/www.studiobrancaleone.it\/news\/ue-nuove-norme-comunicazione-societaria-su-sostenibilita\/\" \/>\r\n<meta property=\"og:locale\" content=\"it_IT\" \/>\r\n<meta property=\"og:type\" content=\"article\" \/>\r\n<meta property=\"og:title\" content=\"UE, Nuove norme comunicazione societaria su sostenibilit\u00e0 &#060; Studio Brancaleone\" \/>\r\n<meta property=\"og:description\" content=\"Il Consiglio e il Parlamento europeo hanno raggiunto un accordo politico provvisorio sulla direttiva relativa alla comunicazione societaria sulla sostenibilit\u00e0, che introduce l&#8217;obbligo di certificazione delle informazioni comunicate sulla sostenibilit\u00e0 e una migliore accessibilit\u00e0 delle informazioni contrastando il greenwashing. L&#8217;obiettivo della proposta, sulla quale si \u00e8 raggiunto l&#8217;accordo il 21 giugno scorso, \u00e8 quello di [&hellip;]\" \/>\r\n<meta property=\"og:url\" content=\"https:\/\/www.studiobrancaleone.it\/news\/ue-nuove-norme-comunicazione-societaria-su-sostenibilita\/\" \/>\r\n<meta property=\"og:site_name\" content=\"Studio Brancaleone\" \/>\r\n<meta property=\"article:published_time\" content=\"2022-06-28T08:04:57+00:00\" \/>\r\n<meta property=\"article:modified_time\" content=\"2022-11-17T16:46:54+00:00\" \/>\r\n<meta name=\"author\" content=\"Ivana Brancaleone\" \/>\r\n<meta name=\"twitter:card\" content=\"summary_large_image\" \/>\r\n<meta name=\"twitter:label1\" content=\"Scritto da\" \/>\n\t<meta name=\"twitter:data1\" content=\"Ivana Brancaleone\" \/>\n\t<meta name=\"twitter:label2\" content=\"Tempo di lettura stimato\" \/>\n\t<meta name=\"twitter:data2\" content=\"4 minuti\" \/>\r\n<script type=\"application\/ld+json\" class=\"yoast-schema-graph\">{\"@context\":\"https:\\\/\\\/schema.org\",\"@graph\":[{\"@type\":\"Article\",\"@id\":\"https:\\\/\\\/www.studiobrancaleone.it\\\/news\\\/ue-nuove-norme-comunicazione-societaria-su-sostenibilita\\\/#article\",\"isPartOf\":{\"@id\":\"https:\\\/\\\/www.studiobrancaleone.it\\\/news\\\/ue-nuove-norme-comunicazione-societaria-su-sostenibilita\\\/\"},\"author\":{\"name\":\"Ivana Brancaleone\",\"@id\":\"https:\\\/\\\/www.studiobrancaleone.it\\\/news\\\/#\\\/schema\\\/person\\\/3df132515081baef5f0ea457e1dfcf6d\"},\"headline\":\"UE, Nuove norme comunicazione societaria su sostenibilit\u00e0\",\"datePublished\":\"2022-06-28T08:04:57+00:00\",\"dateModified\":\"2022-11-17T16:46:54+00:00\",\"mainEntityOfPage\":{\"@id\":\"https:\\\/\\\/www.studiobrancaleone.it\\\/news\\\/ue-nuove-norme-comunicazione-societaria-su-sostenibilita\\\/\"},\"wordCount\":638,\"publisher\":{\"@id\":\"https:\\\/\\\/www.studiobrancaleone.it\\\/news\\\/#organization\"},\"keywords\":[\"Sostenibilit\u00e0\"],\"articleSection\":[\"Nazionali\\\/Ue\"],\"inLanguage\":\"it-IT\"},{\"@type\":\"WebPage\",\"@id\":\"https:\\\/\\\/www.studiobrancaleone.it\\\/news\\\/ue-nuove-norme-comunicazione-societaria-su-sostenibilita\\\/\",\"url\":\"https:\\\/\\\/www.studiobrancaleone.it\\\/news\\\/ue-nuove-norme-comunicazione-societaria-su-sostenibilita\\\/\",\"name\":\"UE, Nuove norme comunicazione societaria su sostenibilit\u00e0 &#060; Studio Brancaleone\",\"isPartOf\":{\"@id\":\"https:\\\/\\\/www.studiobrancaleone.it\\\/news\\\/#website\"},\"datePublished\":\"2022-06-28T08:04:57+00:00\",\"dateModified\":\"2022-11-17T16:46:54+00:00\",\"breadcrumb\":{\"@id\":\"https:\\\/\\\/www.studiobrancaleone.it\\\/news\\\/ue-nuove-norme-comunicazione-societaria-su-sostenibilita\\\/#breadcrumb\"},\"inLanguage\":\"it-IT\",\"potentialAction\":[{\"@type\":\"ReadAction\",\"target\":[\"https:\\\/\\\/www.studiobrancaleone.it\\\/news\\\/ue-nuove-norme-comunicazione-societaria-su-sostenibilita\\\/\"]}]},{\"@type\":\"BreadcrumbList\",\"@id\":\"https:\\\/\\\/www.studiobrancaleone.it\\\/news\\\/ue-nuove-norme-comunicazione-societaria-su-sostenibilita\\\/#breadcrumb\",\"itemListElement\":[{\"@type\":\"ListItem\",\"position\":1,\"name\":\"Home\",\"item\":\"https:\\\/\\\/www.studiobrancaleone.it\\\/news\\\/\"},{\"@type\":\"ListItem\",\"position\":2,\"name\":\"UE, Nuove norme comunicazione societaria su sostenibilit\u00e0\"}]},{\"@type\":\"WebSite\",\"@id\":\"https:\\\/\\\/www.studiobrancaleone.it\\\/news\\\/#website\",\"url\":\"https:\\\/\\\/www.studiobrancaleone.it\\\/news\\\/\",\"name\":\"Studio Brancaleone\",\"description\":\"Notizie giuridiche aggiornate regolarmente\",\"publisher\":{\"@id\":\"https:\\\/\\\/www.studiobrancaleone.it\\\/news\\\/#organization\"},\"potentialAction\":[{\"@type\":\"SearchAction\",\"target\":{\"@type\":\"EntryPoint\",\"urlTemplate\":\"https:\\\/\\\/www.studiobrancaleone.it\\\/news\\\/?s={search_term_string}\"},\"query-input\":{\"@type\":\"PropertyValueSpecification\",\"valueRequired\":true,\"valueName\":\"search_term_string\"}}],\"inLanguage\":\"it-IT\"},{\"@type\":\"Organization\",\"@id\":\"https:\\\/\\\/www.studiobrancaleone.it\\\/news\\\/#organization\",\"name\":\"Studio Brancaleone\",\"url\":\"https:\\\/\\\/www.studiobrancaleone.it\\\/news\\\/\",\"logo\":{\"@type\":\"ImageObject\",\"inLanguage\":\"it-IT\",\"@id\":\"https:\\\/\\\/www.studiobrancaleone.it\\\/news\\\/#\\\/schema\\\/logo\\\/image\\\/\",\"url\":\"https:\\\/\\\/www.studiobrancaleone.it\\\/news\\\/wp-content\\\/uploads\\\/2025\\\/02\\\/Testata-sito-scaled.webp\",\"contentUrl\":\"https:\\\/\\\/www.studiobrancaleone.it\\\/news\\\/wp-content\\\/uploads\\\/2025\\\/02\\\/Testata-sito-scaled.webp\",\"width\":2560,\"height\":481,\"caption\":\"Studio Brancaleone\"},\"image\":{\"@id\":\"https:\\\/\\\/www.studiobrancaleone.it\\\/news\\\/#\\\/schema\\\/logo\\\/image\\\/\"}},{\"@type\":\"Person\",\"@id\":\"https:\\\/\\\/www.studiobrancaleone.it\\\/news\\\/#\\\/schema\\\/person\\\/3df132515081baef5f0ea457e1dfcf6d\",\"name\":\"Ivana Brancaleone\",\"image\":{\"@type\":\"ImageObject\",\"inLanguage\":\"it-IT\",\"@id\":\"https:\\\/\\\/secure.gravatar.com\\\/avatar\\\/9f6d2be41a5115d34c5114a0a78ade583fa3a3bd63a144dfc88c9da356eca16c?s=96&d=mm&r=g\",\"url\":\"https:\\\/\\\/secure.gravatar.com\\\/avatar\\\/9f6d2be41a5115d34c5114a0a78ade583fa3a3bd63a144dfc88c9da356eca16c?s=96&d=mm&r=g\",\"contentUrl\":\"https:\\\/\\\/secure.gravatar.com\\\/avatar\\\/9f6d2be41a5115d34c5114a0a78ade583fa3a3bd63a144dfc88c9da356eca16c?s=96&d=mm&r=g\",\"caption\":\"Ivana Brancaleone\"},\"url\":\"https:\\\/\\\/www.studiobrancaleone.it\\\/news\\\/author\\\/ivanbra\\\/\"}]}<\/script>\r\n<!-- \/ Yoast SEO plugin. -->","yoast_head_json":{"title":"UE, Nuove norme comunicazione societaria su sostenibilit\u00e0 &#060; Studio Brancaleone","robots":{"index":"index","follow":"follow","max-snippet":"max-snippet:-1","max-image-preview":"max-image-preview:large","max-video-preview":"max-video-preview:-1"},"canonical":"https:\/\/www.studiobrancaleone.it\/news\/ue-nuove-norme-comunicazione-societaria-su-sostenibilita\/","og_locale":"it_IT","og_type":"article","og_title":"UE, Nuove norme comunicazione societaria su sostenibilit\u00e0 &#060; Studio Brancaleone","og_description":"Il Consiglio e il Parlamento europeo hanno raggiunto un accordo politico provvisorio sulla direttiva relativa alla comunicazione societaria sulla sostenibilit\u00e0, che introduce l&#8217;obbligo di certificazione delle informazioni comunicate sulla sostenibilit\u00e0 e una migliore accessibilit\u00e0 delle informazioni contrastando il greenwashing. L&#8217;obiettivo della proposta, sulla quale si \u00e8 raggiunto l&#8217;accordo il 21 giugno scorso, \u00e8 quello di [&hellip;]","og_url":"https:\/\/www.studiobrancaleone.it\/news\/ue-nuove-norme-comunicazione-societaria-su-sostenibilita\/","og_site_name":"Studio Brancaleone","article_published_time":"2022-06-28T08:04:57+00:00","article_modified_time":"2022-11-17T16:46:54+00:00","author":"Ivana Brancaleone","twitter_card":"summary_large_image","twitter_misc":{"Scritto da":"Ivana Brancaleone","Tempo di lettura stimato":"4 minuti"},"schema":{"@context":"https:\/\/schema.org","@graph":[{"@type":"Article","@id":"https:\/\/www.studiobrancaleone.it\/news\/ue-nuove-norme-comunicazione-societaria-su-sostenibilita\/#article","isPartOf":{"@id":"https:\/\/www.studiobrancaleone.it\/news\/ue-nuove-norme-comunicazione-societaria-su-sostenibilita\/"},"author":{"name":"Ivana Brancaleone","@id":"https:\/\/www.studiobrancaleone.it\/news\/#\/schema\/person\/3df132515081baef5f0ea457e1dfcf6d"},"headline":"UE, Nuove norme comunicazione societaria su sostenibilit\u00e0","datePublished":"2022-06-28T08:04:57+00:00","dateModified":"2022-11-17T16:46:54+00:00","mainEntityOfPage":{"@id":"https:\/\/www.studiobrancaleone.it\/news\/ue-nuove-norme-comunicazione-societaria-su-sostenibilita\/"},"wordCount":638,"publisher":{"@id":"https:\/\/www.studiobrancaleone.it\/news\/#organization"},"keywords":["Sostenibilit\u00e0"],"articleSection":["Nazionali\/Ue"],"inLanguage":"it-IT"},{"@type":"WebPage","@id":"https:\/\/www.studiobrancaleone.it\/news\/ue-nuove-norme-comunicazione-societaria-su-sostenibilita\/","url":"https:\/\/www.studiobrancaleone.it\/news\/ue-nuove-norme-comunicazione-societaria-su-sostenibilita\/","name":"UE, Nuove norme comunicazione societaria su sostenibilit\u00e0 &#060; Studio Brancaleone","isPartOf":{"@id":"https:\/\/www.studiobrancaleone.it\/news\/#website"},"datePublished":"2022-06-28T08:04:57+00:00","dateModified":"2022-11-17T16:46:54+00:00","breadcrumb":{"@id":"https:\/\/www.studiobrancaleone.it\/news\/ue-nuove-norme-comunicazione-societaria-su-sostenibilita\/#breadcrumb"},"inLanguage":"it-IT","potentialAction":[{"@type":"ReadAction","target":["https:\/\/www.studiobrancaleone.it\/news\/ue-nuove-norme-comunicazione-societaria-su-sostenibilita\/"]}]},{"@type":"BreadcrumbList","@id":"https:\/\/www.studiobrancaleone.it\/news\/ue-nuove-norme-comunicazione-societaria-su-sostenibilita\/#breadcrumb","itemListElement":[{"@type":"ListItem","position":1,"name":"Home","item":"https:\/\/www.studiobrancaleone.it\/news\/"},{"@type":"ListItem","position":2,"name":"UE, Nuove norme comunicazione societaria su sostenibilit\u00e0"}]},{"@type":"WebSite","@id":"https:\/\/www.studiobrancaleone.it\/news\/#website","url":"https:\/\/www.studiobrancaleone.it\/news\/","name":"Studio Brancaleone","description":"Notizie giuridiche aggiornate regolarmente","publisher":{"@id":"https:\/\/www.studiobrancaleone.it\/news\/#organization"},"potentialAction":[{"@type":"SearchAction","target":{"@type":"EntryPoint","urlTemplate":"https:\/\/www.studiobrancaleone.it\/news\/?s={search_term_string}"},"query-input":{"@type":"PropertyValueSpecification","valueRequired":true,"valueName":"search_term_string"}}],"inLanguage":"it-IT"},{"@type":"Organization","@id":"https:\/\/www.studiobrancaleone.it\/news\/#organization","name":"Studio Brancaleone","url":"https:\/\/www.studiobrancaleone.it\/news\/","logo":{"@type":"ImageObject","inLanguage":"it-IT","@id":"https:\/\/www.studiobrancaleone.it\/news\/#\/schema\/logo\/image\/","url":"https:\/\/www.studiobrancaleone.it\/news\/wp-content\/uploads\/2025\/02\/Testata-sito-scaled.webp","contentUrl":"https:\/\/www.studiobrancaleone.it\/news\/wp-content\/uploads\/2025\/02\/Testata-sito-scaled.webp","width":2560,"height":481,"caption":"Studio Brancaleone"},"image":{"@id":"https:\/\/www.studiobrancaleone.it\/news\/#\/schema\/logo\/image\/"}},{"@type":"Person","@id":"https:\/\/www.studiobrancaleone.it\/news\/#\/schema\/person\/3df132515081baef5f0ea457e1dfcf6d","name":"Ivana Brancaleone","image":{"@type":"ImageObject","inLanguage":"it-IT","@id":"https:\/\/secure.gravatar.com\/avatar\/9f6d2be41a5115d34c5114a0a78ade583fa3a3bd63a144dfc88c9da356eca16c?s=96&d=mm&r=g","url":"https:\/\/secure.gravatar.com\/avatar\/9f6d2be41a5115d34c5114a0a78ade583fa3a3bd63a144dfc88c9da356eca16c?s=96&d=mm&r=g","contentUrl":"https:\/\/secure.gravatar.com\/avatar\/9f6d2be41a5115d34c5114a0a78ade583fa3a3bd63a144dfc88c9da356eca16c?s=96&d=mm&r=g","caption":"Ivana Brancaleone"},"url":"https:\/\/www.studiobrancaleone.it\/news\/author\/ivanbra\/"}]}},"uagb_featured_image_src":{"full":false,"thumbnail":false,"medium":false,"medium_large":false,"large":false,"1536x1536":false,"2048x2048":false},"uagb_author_info":{"display_name":"Ivana Brancaleone","author_link":"https:\/\/www.studiobrancaleone.it\/news\/author\/ivanbra\/"},"uagb_comment_info":0,"uagb_excerpt":"Il Consiglio e il Parlamento europeo hanno raggiunto un accordo politico provvisorio sulla direttiva relativa alla comunicazione societaria sulla sostenibilit\u00e0, che introduce l&#8217;obbligo di certificazione delle informazioni comunicate sulla sostenibilit\u00e0 e una migliore accessibilit\u00e0 delle informazioni contrastando il greenwashing. L&#8217;obiettivo della proposta, sulla quale si \u00e8 raggiunto l&#8217;accordo il 21 giugno scorso, \u00e8 quello di&hellip;","_links":{"self":[{"href":"https:\/\/www.studiobrancaleone.it\/news\/wp-json\/wp\/v2\/posts\/3755","targetHints":{"allow":["GET"]}}],"collection":[{"href":"https:\/\/www.studiobrancaleone.it\/news\/wp-json\/wp\/v2\/posts"}],"about":[{"href":"https:\/\/www.studiobrancaleone.it\/news\/wp-json\/wp\/v2\/types\/post"}],"author":[{"embeddable":true,"href":"https:\/\/www.studiobrancaleone.it\/news\/wp-json\/wp\/v2\/users\/2"}],"replies":[{"embeddable":true,"href":"https:\/\/www.studiobrancaleone.it\/news\/wp-json\/wp\/v2\/comments?post=3755"}],"version-history":[{"count":0,"href":"https:\/\/www.studiobrancaleone.it\/news\/wp-json\/wp\/v2\/posts\/3755\/revisions"}],"wp:attachment":[{"href":"https:\/\/www.studiobrancaleone.it\/news\/wp-json\/wp\/v2\/media?parent=3755"}],"wp:term":[{"taxonomy":"category","embeddable":true,"href":"https:\/\/www.studiobrancaleone.it\/news\/wp-json\/wp\/v2\/categories?post=3755"},{"taxonomy":"post_tag","embeddable":true,"href":"https:\/\/www.studiobrancaleone.it\/news\/wp-json\/wp\/v2\/tags?post=3755"}],"curies":[{"name":"wp","href":"https:\/\/api.w.org\/{rel}","templated":true}]}}