{"id":4273,"date":"2022-07-25T09:11:10","date_gmt":"2022-07-25T07:11:10","guid":{"rendered":"https:\/\/www.studiobrancaleone.it\/news\/?p=4273"},"modified":"2022-07-25T09:11:14","modified_gmt":"2022-07-25T07:11:14","slug":"politica-di-coesione-accordo-tra-italia-e-ue","status":"publish","type":"post","link":"https:\/\/www.studiobrancaleone.it\/news\/politica-di-coesione-accordo-tra-italia-e-ue\/","title":{"rendered":"Politica di coesione, accordo tra Italia e UE"},"content":{"rendered":"\n<p>Firmato l\u2019<strong>accordo di partenariato <\/strong>tra <strong>Italia <\/strong>e la <strong>Commissione europea<\/strong>, nell&#8217;ambito della <strong><strong>Politica di coesione<\/strong><\/strong> con priorit\u00e0 alla <strong>transizione verde e digitale<\/strong>, che d\u00e0 il via ufficiale alla programmazione dei <strong>Fondi europei <\/strong>anche in Emilia-Romagna.<\/p>\n\n\n\n<p>L&#8217;accordo <strong>porter\u00e0 in Italia 42,7 miliardi di euro tra il 2021 e il 2027 per promuovere la coesione economica, sociale e territoriale<\/strong>.&nbsp;<\/p>\n\n\n\n<p>Inoltre, definisce le priorit\u00e0 d&#8217;investimento concordate congiuntamente per la <strong>transizione verde e digitale dell&#8217;Italia<\/strong>, sostenendo al contempo le zone socioeconomiche pi\u00f9 fragili e i gruppi vulnerabili. Con il cofinanziamento nazionale, la dotazione totale della politica di coesione ammonta a 75 miliardi.<\/p>\n\n\n\n<p>Rafforzamento della <strong>sostenibilit\u00e0<\/strong>, <strong>lotta ai cambiamenti climatici<\/strong>, <strong>crescita intelligente<\/strong> e <strong>occupazione per donne e giovani<\/strong>: queste alcune delle aree di intervento che saranno affrontate grazie alle risorse provenienti dall\u2019Europa.<\/p>\n\n\n\n<p>L&#8217;accordo rispecchia il forte impegno dell&#8217;Italia a favore degli obiettivi del dispositivo per la ripresa e la resilienza: gli investimenti della politica di coesione per il periodo 2021-2027 sono infatti pianificati in <strong>stretto coordinamento con il Piano nazionale per la ripresa e la resilienza<\/strong> (Pnrr).<\/p>\n\n\n\n<p><strong>Cosa significa per l&#8217;Emilia-Romagna<\/strong><\/p>\n\n\n\n<p>La firma dell&#8217;accordo \u00e8 il passaggio ufficiale che permette di avviare il&nbsp;<strong>nuovo ciclo di programmazione<\/strong> dei Fondi europei sui <strong>territori regionali<\/strong>. L&#8217;<strong>Emilia-Romagna, <\/strong>giocando d&#8217;anticipo<strong>, <\/strong>ha gi\u00e0 pubblicato alcuni bandi che saranno finanziati con le risorse della <a href=\"https:\/\/fesr.regione.emilia-romagna.it\/2021-2027\/programmazione-2021-2027\" target=\"_blank\" rel=\"noreferrer noopener\">nuova programmazione 2021-2027<\/a>. Attraverso il Fondo europeo di sviluppo regionale e il Fondo sociale europeo Plus, avr\u00e0 a disposizione oltre 2 miliardi di euro, tra risorse europee, nazionali e regionali, per affrontare le profonde trasformazioni in atto e generare un nuovo sviluppo sostenibile e inclusivo.<\/p>\n\n\n\n<hr class=\"wp-block-separator has-text-color has-ast-global-color-0-color has-alpha-channel-opacity has-ast-global-color-0-background-color has-background is-style-wide\"\/>\n\n\n\n<p>Sito internet: Regione Emilia-Romagna<\/p>\n","protected":false},"excerpt":{"rendered":"<p>Firmato l\u2019accordo di partenariato tra Italia e la Commissione europea, nell&#8217;ambito della Politica di coesione con priorit\u00e0 alla transizione verde e digitale, che d\u00e0 il via ufficiale alla programmazione dei Fondi europei anche in Emilia-Romagna. L&#8217;accordo porter\u00e0 in Italia 42,7 miliardi di euro tra il 2021 e il 2027 per promuovere la coesione economica, sociale [&hellip;]<\/p>\n","protected":false},"author":2,"featured_media":0,"comment_status":"closed","ping_status":"open","sticky":false,"template":"","format":"standard","meta":{"_uag_custom_page_level_css":"","site-sidebar-layout":"default","site-content-layout":"","ast-site-content-layout":"default","site-content-style":"default","site-sidebar-style":"default","ast-global-header-display":"","ast-banner-title-visibility":"","ast-main-header-display":"","ast-hfb-above-header-display":"","ast-hfb-below-header-display":"","ast-hfb-mobile-header-display":"","site-post-title":"","ast-breadcrumbs-content":"","ast-featured-img":"","footer-sml-layout":"","ast-disable-related-posts":"","theme-transparent-header-meta":"","adv-header-id-meta":"","stick-header-meta":"","header-above-stick-meta":"","header-main-stick-meta":"","header-below-stick-meta":"","astra-migrate-meta-layouts":"default","ast-page-background-enabled":"default","ast-page-background-meta":{"desktop":{"background-color":"var(--ast-global-color-4)","background-image":"","background-repeat":"repeat","background-position":"center center","background-size":"auto","background-attachment":"scroll","background-type":"","background-media":"","overlay-type":"","overlay-color":"","overlay-opacity":"","overlay-gradient":""},"tablet":{"background-color":"","background-image":"","background-repeat":"repeat","background-position":"center center","background-size":"auto","background-attachment":"scroll","background-type":"","background-media":"","overlay-type":"","overlay-color":"","overlay-opacity":"","overlay-gradient":""},"mobile":{"background-color":"","background-image":"","background-repeat":"repeat","background-position":"center center","background-size":"auto","background-attachment":"scroll","background-type":"","background-media":"","overlay-type":"","overlay-color":"","overlay-opacity":"","overlay-gradient":""}},"ast-content-background-meta":{"desktop":{"background-color":"var(--ast-global-color-5)","background-image":"","background-repeat":"repeat","background-position":"center center","background-size":"auto","background-attachment":"scroll","background-type":"","background-media":"","overlay-type":"","overlay-color":"","overlay-opacity":"","overlay-gradient":""},"tablet":{"background-color":"var(--ast-global-color-5)","background-image":"","background-repeat":"repeat","background-position":"center center","background-size":"auto","background-attachment":"scroll","background-type":"","background-media":"","overlay-type":"","overlay-color":"","overlay-opacity":"","overlay-gradient":""},"mobile":{"background-color":"var(--ast-global-color-5)","background-image":"","background-repeat":"repeat","background-position":"center center","background-size":"auto","background-attachment":"scroll","background-type":"","background-media":"","overlay-type":"","overlay-color":"","overlay-opacity":"","overlay-gradient":""}},"footnotes":""},"categories":[10],"tags":[],"class_list":["post-4273","post","type-post","status-publish","format-standard","hentry","category-finanziamenti"],"yoast_head":"<!-- This site is optimized with the Yoast SEO plugin v27.4 - https:\/\/yoast.com\/product\/yoast-seo-wordpress\/ -->\r\n<title>Politica di coesione, accordo tra Italia e UE &#060; Studio Brancaleone<\/title>\r\n<meta name=\"robots\" content=\"index, follow, max-snippet:-1, max-image-preview:large, max-video-preview:-1\" \/>\r\n<link rel=\"canonical\" href=\"https:\/\/www.studiobrancaleone.it\/news\/politica-di-coesione-accordo-tra-italia-e-ue\/\" \/>\r\n<meta property=\"og:locale\" content=\"it_IT\" \/>\r\n<meta property=\"og:type\" content=\"article\" \/>\r\n<meta property=\"og:title\" content=\"Politica di coesione, accordo tra Italia e UE &#060; Studio Brancaleone\" \/>\r\n<meta property=\"og:description\" content=\"Firmato l\u2019accordo di partenariato tra Italia e la Commissione europea, nell&#8217;ambito della Politica di coesione con priorit\u00e0 alla transizione verde e digitale, che d\u00e0 il via ufficiale alla programmazione dei Fondi europei anche in Emilia-Romagna. L&#8217;accordo porter\u00e0 in Italia 42,7 miliardi di euro tra il 2021 e il 2027 per promuovere la coesione economica, sociale [&hellip;]\" \/>\r\n<meta property=\"og:url\" content=\"https:\/\/www.studiobrancaleone.it\/news\/politica-di-coesione-accordo-tra-italia-e-ue\/\" \/>\r\n<meta property=\"og:site_name\" content=\"Studio Brancaleone\" \/>\r\n<meta property=\"article:published_time\" content=\"2022-07-25T07:11:10+00:00\" \/>\r\n<meta property=\"article:modified_time\" content=\"2022-07-25T07:11:14+00:00\" \/>\r\n<meta name=\"author\" content=\"Ivana Brancaleone\" \/>\r\n<meta name=\"twitter:card\" content=\"summary_large_image\" \/>\r\n<meta name=\"twitter:label1\" content=\"Scritto da\" \/>\n\t<meta name=\"twitter:data1\" content=\"Ivana Brancaleone\" \/>\n\t<meta name=\"twitter:label2\" content=\"Tempo di lettura stimato\" \/>\n\t<meta name=\"twitter:data2\" content=\"1 minuto\" \/>\r\n<script type=\"application\/ld+json\" class=\"yoast-schema-graph\">{\"@context\":\"https:\\\/\\\/schema.org\",\"@graph\":[{\"@type\":\"Article\",\"@id\":\"https:\\\/\\\/www.studiobrancaleone.it\\\/news\\\/politica-di-coesione-accordo-tra-italia-e-ue\\\/#article\",\"isPartOf\":{\"@id\":\"https:\\\/\\\/www.studiobrancaleone.it\\\/news\\\/politica-di-coesione-accordo-tra-italia-e-ue\\\/\"},\"author\":{\"name\":\"Ivana Brancaleone\",\"@id\":\"https:\\\/\\\/www.studiobrancaleone.it\\\/news\\\/#\\\/schema\\\/person\\\/3df132515081baef5f0ea457e1dfcf6d\"},\"headline\":\"Politica di coesione, accordo tra Italia e UE\",\"datePublished\":\"2022-07-25T07:11:10+00:00\",\"dateModified\":\"2022-07-25T07:11:14+00:00\",\"mainEntityOfPage\":{\"@id\":\"https:\\\/\\\/www.studiobrancaleone.it\\\/news\\\/politica-di-coesione-accordo-tra-italia-e-ue\\\/\"},\"wordCount\":278,\"publisher\":{\"@id\":\"https:\\\/\\\/www.studiobrancaleone.it\\\/news\\\/#organization\"},\"articleSection\":[\"Finanziamenti\"],\"inLanguage\":\"it-IT\"},{\"@type\":\"WebPage\",\"@id\":\"https:\\\/\\\/www.studiobrancaleone.it\\\/news\\\/politica-di-coesione-accordo-tra-italia-e-ue\\\/\",\"url\":\"https:\\\/\\\/www.studiobrancaleone.it\\\/news\\\/politica-di-coesione-accordo-tra-italia-e-ue\\\/\",\"name\":\"Politica di coesione, accordo tra Italia e UE &#060; Studio Brancaleone\",\"isPartOf\":{\"@id\":\"https:\\\/\\\/www.studiobrancaleone.it\\\/news\\\/#website\"},\"datePublished\":\"2022-07-25T07:11:10+00:00\",\"dateModified\":\"2022-07-25T07:11:14+00:00\",\"breadcrumb\":{\"@id\":\"https:\\\/\\\/www.studiobrancaleone.it\\\/news\\\/politica-di-coesione-accordo-tra-italia-e-ue\\\/#breadcrumb\"},\"inLanguage\":\"it-IT\",\"potentialAction\":[{\"@type\":\"ReadAction\",\"target\":[\"https:\\\/\\\/www.studiobrancaleone.it\\\/news\\\/politica-di-coesione-accordo-tra-italia-e-ue\\\/\"]}]},{\"@type\":\"BreadcrumbList\",\"@id\":\"https:\\\/\\\/www.studiobrancaleone.it\\\/news\\\/politica-di-coesione-accordo-tra-italia-e-ue\\\/#breadcrumb\",\"itemListElement\":[{\"@type\":\"ListItem\",\"position\":1,\"name\":\"Home\",\"item\":\"https:\\\/\\\/www.studiobrancaleone.it\\\/news\\\/\"},{\"@type\":\"ListItem\",\"position\":2,\"name\":\"Politica di coesione, accordo tra Italia e UE\"}]},{\"@type\":\"WebSite\",\"@id\":\"https:\\\/\\\/www.studiobrancaleone.it\\\/news\\\/#website\",\"url\":\"https:\\\/\\\/www.studiobrancaleone.it\\\/news\\\/\",\"name\":\"Studio Brancaleone\",\"description\":\"Notizie giuridiche aggiornate regolarmente\",\"publisher\":{\"@id\":\"https:\\\/\\\/www.studiobrancaleone.it\\\/news\\\/#organization\"},\"potentialAction\":[{\"@type\":\"SearchAction\",\"target\":{\"@type\":\"EntryPoint\",\"urlTemplate\":\"https:\\\/\\\/www.studiobrancaleone.it\\\/news\\\/?s={search_term_string}\"},\"query-input\":{\"@type\":\"PropertyValueSpecification\",\"valueRequired\":true,\"valueName\":\"search_term_string\"}}],\"inLanguage\":\"it-IT\"},{\"@type\":\"Organization\",\"@id\":\"https:\\\/\\\/www.studiobrancaleone.it\\\/news\\\/#organization\",\"name\":\"Studio Brancaleone\",\"url\":\"https:\\\/\\\/www.studiobrancaleone.it\\\/news\\\/\",\"logo\":{\"@type\":\"ImageObject\",\"inLanguage\":\"it-IT\",\"@id\":\"https:\\\/\\\/www.studiobrancaleone.it\\\/news\\\/#\\\/schema\\\/logo\\\/image\\\/\",\"url\":\"https:\\\/\\\/www.studiobrancaleone.it\\\/news\\\/wp-content\\\/uploads\\\/2025\\\/02\\\/Testata-sito-scaled.webp\",\"contentUrl\":\"https:\\\/\\\/www.studiobrancaleone.it\\\/news\\\/wp-content\\\/uploads\\\/2025\\\/02\\\/Testata-sito-scaled.webp\",\"width\":2560,\"height\":481,\"caption\":\"Studio Brancaleone\"},\"image\":{\"@id\":\"https:\\\/\\\/www.studiobrancaleone.it\\\/news\\\/#\\\/schema\\\/logo\\\/image\\\/\"}},{\"@type\":\"Person\",\"@id\":\"https:\\\/\\\/www.studiobrancaleone.it\\\/news\\\/#\\\/schema\\\/person\\\/3df132515081baef5f0ea457e1dfcf6d\",\"name\":\"Ivana Brancaleone\",\"image\":{\"@type\":\"ImageObject\",\"inLanguage\":\"it-IT\",\"@id\":\"https:\\\/\\\/secure.gravatar.com\\\/avatar\\\/9f6d2be41a5115d34c5114a0a78ade583fa3a3bd63a144dfc88c9da356eca16c?s=96&d=mm&r=g\",\"url\":\"https:\\\/\\\/secure.gravatar.com\\\/avatar\\\/9f6d2be41a5115d34c5114a0a78ade583fa3a3bd63a144dfc88c9da356eca16c?s=96&d=mm&r=g\",\"contentUrl\":\"https:\\\/\\\/secure.gravatar.com\\\/avatar\\\/9f6d2be41a5115d34c5114a0a78ade583fa3a3bd63a144dfc88c9da356eca16c?s=96&d=mm&r=g\",\"caption\":\"Ivana Brancaleone\"},\"url\":\"https:\\\/\\\/www.studiobrancaleone.it\\\/news\\\/author\\\/ivanbra\\\/\"}]}<\/script>\r\n<!-- \/ Yoast SEO plugin. -->","yoast_head_json":{"title":"Politica di coesione, accordo tra Italia e UE &#060; Studio Brancaleone","robots":{"index":"index","follow":"follow","max-snippet":"max-snippet:-1","max-image-preview":"max-image-preview:large","max-video-preview":"max-video-preview:-1"},"canonical":"https:\/\/www.studiobrancaleone.it\/news\/politica-di-coesione-accordo-tra-italia-e-ue\/","og_locale":"it_IT","og_type":"article","og_title":"Politica di coesione, accordo tra Italia e UE &#060; Studio Brancaleone","og_description":"Firmato l\u2019accordo di partenariato tra Italia e la Commissione europea, nell&#8217;ambito della Politica di coesione con priorit\u00e0 alla transizione verde e digitale, che d\u00e0 il via ufficiale alla programmazione dei Fondi europei anche in Emilia-Romagna. L&#8217;accordo porter\u00e0 in Italia 42,7 miliardi di euro tra il 2021 e il 2027 per promuovere la coesione economica, sociale [&hellip;]","og_url":"https:\/\/www.studiobrancaleone.it\/news\/politica-di-coesione-accordo-tra-italia-e-ue\/","og_site_name":"Studio Brancaleone","article_published_time":"2022-07-25T07:11:10+00:00","article_modified_time":"2022-07-25T07:11:14+00:00","author":"Ivana Brancaleone","twitter_card":"summary_large_image","twitter_misc":{"Scritto da":"Ivana Brancaleone","Tempo di lettura stimato":"1 minuto"},"schema":{"@context":"https:\/\/schema.org","@graph":[{"@type":"Article","@id":"https:\/\/www.studiobrancaleone.it\/news\/politica-di-coesione-accordo-tra-italia-e-ue\/#article","isPartOf":{"@id":"https:\/\/www.studiobrancaleone.it\/news\/politica-di-coesione-accordo-tra-italia-e-ue\/"},"author":{"name":"Ivana Brancaleone","@id":"https:\/\/www.studiobrancaleone.it\/news\/#\/schema\/person\/3df132515081baef5f0ea457e1dfcf6d"},"headline":"Politica di coesione, accordo tra Italia e UE","datePublished":"2022-07-25T07:11:10+00:00","dateModified":"2022-07-25T07:11:14+00:00","mainEntityOfPage":{"@id":"https:\/\/www.studiobrancaleone.it\/news\/politica-di-coesione-accordo-tra-italia-e-ue\/"},"wordCount":278,"publisher":{"@id":"https:\/\/www.studiobrancaleone.it\/news\/#organization"},"articleSection":["Finanziamenti"],"inLanguage":"it-IT"},{"@type":"WebPage","@id":"https:\/\/www.studiobrancaleone.it\/news\/politica-di-coesione-accordo-tra-italia-e-ue\/","url":"https:\/\/www.studiobrancaleone.it\/news\/politica-di-coesione-accordo-tra-italia-e-ue\/","name":"Politica di coesione, accordo tra Italia e UE &#060; Studio Brancaleone","isPartOf":{"@id":"https:\/\/www.studiobrancaleone.it\/news\/#website"},"datePublished":"2022-07-25T07:11:10+00:00","dateModified":"2022-07-25T07:11:14+00:00","breadcrumb":{"@id":"https:\/\/www.studiobrancaleone.it\/news\/politica-di-coesione-accordo-tra-italia-e-ue\/#breadcrumb"},"inLanguage":"it-IT","potentialAction":[{"@type":"ReadAction","target":["https:\/\/www.studiobrancaleone.it\/news\/politica-di-coesione-accordo-tra-italia-e-ue\/"]}]},{"@type":"BreadcrumbList","@id":"https:\/\/www.studiobrancaleone.it\/news\/politica-di-coesione-accordo-tra-italia-e-ue\/#breadcrumb","itemListElement":[{"@type":"ListItem","position":1,"name":"Home","item":"https:\/\/www.studiobrancaleone.it\/news\/"},{"@type":"ListItem","position":2,"name":"Politica di coesione, accordo tra Italia e UE"}]},{"@type":"WebSite","@id":"https:\/\/www.studiobrancaleone.it\/news\/#website","url":"https:\/\/www.studiobrancaleone.it\/news\/","name":"Studio Brancaleone","description":"Notizie giuridiche aggiornate regolarmente","publisher":{"@id":"https:\/\/www.studiobrancaleone.it\/news\/#organization"},"potentialAction":[{"@type":"SearchAction","target":{"@type":"EntryPoint","urlTemplate":"https:\/\/www.studiobrancaleone.it\/news\/?s={search_term_string}"},"query-input":{"@type":"PropertyValueSpecification","valueRequired":true,"valueName":"search_term_string"}}],"inLanguage":"it-IT"},{"@type":"Organization","@id":"https:\/\/www.studiobrancaleone.it\/news\/#organization","name":"Studio Brancaleone","url":"https:\/\/www.studiobrancaleone.it\/news\/","logo":{"@type":"ImageObject","inLanguage":"it-IT","@id":"https:\/\/www.studiobrancaleone.it\/news\/#\/schema\/logo\/image\/","url":"https:\/\/www.studiobrancaleone.it\/news\/wp-content\/uploads\/2025\/02\/Testata-sito-scaled.webp","contentUrl":"https:\/\/www.studiobrancaleone.it\/news\/wp-content\/uploads\/2025\/02\/Testata-sito-scaled.webp","width":2560,"height":481,"caption":"Studio Brancaleone"},"image":{"@id":"https:\/\/www.studiobrancaleone.it\/news\/#\/schema\/logo\/image\/"}},{"@type":"Person","@id":"https:\/\/www.studiobrancaleone.it\/news\/#\/schema\/person\/3df132515081baef5f0ea457e1dfcf6d","name":"Ivana Brancaleone","image":{"@type":"ImageObject","inLanguage":"it-IT","@id":"https:\/\/secure.gravatar.com\/avatar\/9f6d2be41a5115d34c5114a0a78ade583fa3a3bd63a144dfc88c9da356eca16c?s=96&d=mm&r=g","url":"https:\/\/secure.gravatar.com\/avatar\/9f6d2be41a5115d34c5114a0a78ade583fa3a3bd63a144dfc88c9da356eca16c?s=96&d=mm&r=g","contentUrl":"https:\/\/secure.gravatar.com\/avatar\/9f6d2be41a5115d34c5114a0a78ade583fa3a3bd63a144dfc88c9da356eca16c?s=96&d=mm&r=g","caption":"Ivana Brancaleone"},"url":"https:\/\/www.studiobrancaleone.it\/news\/author\/ivanbra\/"}]}},"uagb_featured_image_src":{"full":false,"thumbnail":false,"medium":false,"medium_large":false,"large":false,"1536x1536":false,"2048x2048":false},"uagb_author_info":{"display_name":"Ivana Brancaleone","author_link":"https:\/\/www.studiobrancaleone.it\/news\/author\/ivanbra\/"},"uagb_comment_info":0,"uagb_excerpt":"Firmato l\u2019accordo di partenariato tra Italia e la Commissione europea, nell&#8217;ambito della Politica di coesione con priorit\u00e0 alla transizione verde e digitale, che d\u00e0 il via ufficiale alla programmazione dei Fondi europei anche in Emilia-Romagna. L&#8217;accordo porter\u00e0 in Italia 42,7 miliardi di euro tra il 2021 e il 2027 per promuovere la coesione economica, sociale&hellip;","_links":{"self":[{"href":"https:\/\/www.studiobrancaleone.it\/news\/wp-json\/wp\/v2\/posts\/4273","targetHints":{"allow":["GET"]}}],"collection":[{"href":"https:\/\/www.studiobrancaleone.it\/news\/wp-json\/wp\/v2\/posts"}],"about":[{"href":"https:\/\/www.studiobrancaleone.it\/news\/wp-json\/wp\/v2\/types\/post"}],"author":[{"embeddable":true,"href":"https:\/\/www.studiobrancaleone.it\/news\/wp-json\/wp\/v2\/users\/2"}],"replies":[{"embeddable":true,"href":"https:\/\/www.studiobrancaleone.it\/news\/wp-json\/wp\/v2\/comments?post=4273"}],"version-history":[{"count":0,"href":"https:\/\/www.studiobrancaleone.it\/news\/wp-json\/wp\/v2\/posts\/4273\/revisions"}],"wp:attachment":[{"href":"https:\/\/www.studiobrancaleone.it\/news\/wp-json\/wp\/v2\/media?parent=4273"}],"wp:term":[{"taxonomy":"category","embeddable":true,"href":"https:\/\/www.studiobrancaleone.it\/news\/wp-json\/wp\/v2\/categories?post=4273"},{"taxonomy":"post_tag","embeddable":true,"href":"https:\/\/www.studiobrancaleone.it\/news\/wp-json\/wp\/v2\/tags?post=4273"}],"curies":[{"name":"wp","href":"https:\/\/api.w.org\/{rel}","templated":true}]}}