{"id":4519,"date":"2022-08-18T10:41:14","date_gmt":"2022-08-18T08:41:14","guid":{"rendered":"https:\/\/www.studiobrancaleone.it\/news\/?p=4519"},"modified":"2022-08-18T10:46:08","modified_gmt":"2022-08-18T08:46:08","slug":"emilia-romagna-bando-forestazione-per-imprese","status":"publish","type":"post","link":"https:\/\/www.studiobrancaleone.it\/news\/emilia-romagna-bando-forestazione-per-imprese\/","title":{"rendered":"Emilia-Romagna, Bando forestazione per imprese"},"content":{"rendered":"\n<p>La Regione Emilia-Romagna ha da poco approvato un<strong>&nbsp;nuovo bando<\/strong>&nbsp;a sostegno degli interventi di&nbsp;<strong>forestazione&nbsp;<\/strong>urbana <strong>\u201cMettiamo radici per il futuro\u201d <\/strong>per piantare alberi in aree di propriet\u00e0 o disponibilit\u00e0 delle <strong>imprese<\/strong> regionali.<\/p>\n\n\n\n<p>Il Bando, approvato con la DGR n. 1328 del 01\/08\/2022, si rivolge a tutte le tipologie&nbsp;<strong>di imprese&nbsp;<\/strong>(escluse quelle agricole ed esclusivamente nei territori dei comuni di pianura compresi nelle aree \u201cagglomerato di Bologna, pianura est e pianura ovest\u201d del Piano PAIR), con una dotazione finanziaria di&nbsp;<strong>500mila euro<\/strong>&nbsp;per il biennio 2022-2023. <\/p>\n\n\n\n<p><strong>\u201cMettiamo radici per il futuro\u201d<\/strong>, il grande piano&nbsp;<em>green<\/em>&nbsp;per fare dell\u2019Emilia-Romagna il \u201ccorridoio verde\u201d d\u2019Italia, fa&nbsp;<strong>un altro passo in avanti<\/strong>, prevedendo pi\u00f9 verde, dunque, pi\u00f9 alberi e fasce boscate anche nei terreni di propriet\u00e0 o in disponibilit\u00e0 delle imprese private, grazie a questi&nbsp;<strong>nuovi contributi<\/strong>.<\/p>\n\n\n\n<p>E&#8217; la prima volta che viene previsto un bando per la forestazione dedicato alle aziende, che costituisce un\u2019ulteriore azione del percorso per aumentare la superficie verde dell\u2019Emilia-Romagna. Si aggiunge cos\u00ec ai&nbsp;<strong>bandi 2021 e 2022 rivolti ai comuni delle aree di pianura&nbsp;<\/strong>per interventi di forestazione in ambito urbano e periurbano. &nbsp;<\/p>\n\n\n\n<p>Anche quest\u2019autunno, inoltre, come ogni anno,&nbsp;<strong>dall&#8217;1 ottobre riprender\u00e0 la&nbsp;distribuzione gratuita di alberi<\/strong>&nbsp;a cittadini, associazioni ed enti, tramite vivai accreditati; e, con il&nbsp;<strong>progetto di Rinaturazione del Po<\/strong>, <strong>saranno messi a dimora circa un milione di nuovi alberi.<\/strong><\/p>\n\n\n\n<p>L\u2019obiettivo \u00e8 di piantumare entro la fine del mandato di&nbsp;<strong>4 milioni e mezzo di alberi<\/strong>,&nbsp;<strong>uno per ogni residente della Regione<\/strong>: un traguardo ambizioso, che si pu\u00f2 raggiungere grazie alla collaborazione di tutti, cittadini, associazioni, enti locali e ora anche imprese.&nbsp;<\/p>\n\n\n\n<p>Possono candidare progetti per accedere ai contributi le&nbsp;<strong>imprese<\/strong>, con qualsiasi forma giuridica (escluse quelle agricole)&nbsp;nei territori dei comuni di pianura compresi nelle aree \u201cagglomerato di Bologna, pianura est e pianura ovest\u201d del Piano PAIR. Il bando prevede, a fronte dell\u2019impegno delle stesse nel&nbsp;<strong>mettere a disposizione i terreni<\/strong>&nbsp;e&nbsp;<strong>realizzare piantagioni forestali permanenti<\/strong>, la concessione di un&nbsp;<strong>cofinanziamento<\/strong>&nbsp;<strong>del 60%&nbsp;<\/strong>dei costi sostenuti.<\/p>\n\n\n\n<p>I progetti per i quali verr\u00e0 presentata domanda di cofinanziamento dovranno avere una dimensione di investimento (spesa ammissibile)\u00a0<strong>non inferiore a 10mila euro<\/strong>\u00a0e\u00a0<strong>non superiore ai 150mila<\/strong>. Potranno pertanto essere concessi dei contributi variabili da un minimo di 6mila a un massimo di 90mila euro. Nel caso di progetti con dimensione dell\u2019investimento superiore a 150mila euro, il cofinanziamento non potr\u00e0 comunque superare l\u2019importo massimo di 90mila euro.<\/p>\n\n\n\n<h2 class=\"wp-block-heading\">Scadenza<\/h2>\n\n\n\n<p>Le domande per la presentazione delle proposte devono essere trasmesse alla Regione Emilia-Romagna, Settore Aree Protette, Foreste e Sviluppo Zone Montane, tramite Pec entro il\u00a0<strong>30 settembre prossimo<\/strong>, mentre la graduatoria verr\u00e0 pubblicata entro il 31 ottobre 2022. Il termine per la fine dei lavori di forestazione \u00e8 fissato per il 31 dicembre 2023, la rendicontazione entro il 31 marzo 2024.<\/p>\n\n\n\n<hr class=\"wp-block-separator has-text-color has-ast-global-color-0-color has-alpha-channel-opacity has-ast-global-color-0-background-color has-background is-style-wide\"\/>\n\n\n\n<hr class=\"wp-block-separator has-alpha-channel-opacity\"\/>\n\n\n\n<p>Sito internet: Regione Emilia-Romagna<\/p>\n\n\n\n<p><strong>Documentazione<\/strong><\/p>\n\n\n\n<p><a href=\"https:\/\/ambiente.regione.emilia-romagna.it\/it\/parchi-natura2000\/foreste\/gestione-forestale\/boschi-da-seme-e-vivai\/deliberazione-1328-2022.pdf\/@@download\/file\/Deliberazione%201328_2022%20bando%20forestazione%20urbana%20imprese%202022.pdf\" target=\"_blank\" rel=\"noreferrer noopener\">Deliberazione della Giunta regionale n. 1328 del 01\/08\/2022<\/a><\/p>\n\n\n\n<p><a href=\"https:\/\/ambiente.regione.emilia-romagna.it\/it\/parchi-natura2000\/bandi\/bando-2022-per-co-finanziamento-alle-imprese-per-la-realizzazione-di-interventi-di-forestazione-urbana\" target=\"_blank\" rel=\"noreferrer noopener\">Bando&nbsp;co-finanziamento imprese realizzazione di interventi di forestazione urbana in pianura<\/a><\/p>\n","protected":false},"excerpt":{"rendered":"<p>La Regione Emilia-Romagna ha da poco approvato un&nbsp;nuovo bando&nbsp;a sostegno degli interventi di&nbsp;forestazione&nbsp;urbana \u201cMettiamo radici per il futuro\u201d per piantare alberi in aree di propriet\u00e0 o disponibilit\u00e0 delle imprese regionali. Il Bando, approvato con la DGR n. 1328 del 01\/08\/2022, si rivolge a tutte le tipologie&nbsp;di imprese&nbsp;(escluse quelle agricole ed esclusivamente nei territori dei comuni [&hellip;]<\/p>\n","protected":false},"author":2,"featured_media":0,"comment_status":"closed","ping_status":"open","sticky":false,"template":"","format":"standard","meta":{"_uag_custom_page_level_css":"","site-sidebar-layout":"default","site-content-layout":"","ast-site-content-layout":"default","site-content-style":"default","site-sidebar-style":"default","ast-global-header-display":"","ast-banner-title-visibility":"","ast-main-header-display":"","ast-hfb-above-header-display":"","ast-hfb-below-header-display":"","ast-hfb-mobile-header-display":"","site-post-title":"","ast-breadcrumbs-content":"","ast-featured-img":"","footer-sml-layout":"","ast-disable-related-posts":"","theme-transparent-header-meta":"","adv-header-id-meta":"","stick-header-meta":"","header-above-stick-meta":"","header-main-stick-meta":"","header-below-stick-meta":"","astra-migrate-meta-layouts":"default","ast-page-background-enabled":"default","ast-page-background-meta":{"desktop":{"background-color":"var(--ast-global-color-4)","background-image":"","background-repeat":"repeat","background-position":"center center","background-size":"auto","background-attachment":"scroll","background-type":"","background-media":"","overlay-type":"","overlay-color":"","overlay-opacity":"","overlay-gradient":""},"tablet":{"background-color":"","background-image":"","background-repeat":"repeat","background-position":"center center","background-size":"auto","background-attachment":"scroll","background-type":"","background-media":"","overlay-type":"","overlay-color":"","overlay-opacity":"","overlay-gradient":""},"mobile":{"background-color":"","background-image":"","background-repeat":"repeat","background-position":"center center","background-size":"auto","background-attachment":"scroll","background-type":"","background-media":"","overlay-type":"","overlay-color":"","overlay-opacity":"","overlay-gradient":""}},"ast-content-background-meta":{"desktop":{"background-color":"var(--ast-global-color-5)","background-image":"","background-repeat":"repeat","background-position":"center center","background-size":"auto","background-attachment":"scroll","background-type":"","background-media":"","overlay-type":"","overlay-color":"","overlay-opacity":"","overlay-gradient":""},"tablet":{"background-color":"var(--ast-global-color-5)","background-image":"","background-repeat":"repeat","background-position":"center center","background-size":"auto","background-attachment":"scroll","background-type":"","background-media":"","overlay-type":"","overlay-color":"","overlay-opacity":"","overlay-gradient":""},"mobile":{"background-color":"var(--ast-global-color-5)","background-image":"","background-repeat":"repeat","background-position":"center center","background-size":"auto","background-attachment":"scroll","background-type":"","background-media":"","overlay-type":"","overlay-color":"","overlay-opacity":"","overlay-gradient":""}},"footnotes":""},"categories":[10],"tags":[],"class_list":["post-4519","post","type-post","status-publish","format-standard","hentry","category-finanziamenti"],"yoast_head":"<!-- This site is optimized with the Yoast SEO plugin v27.5 - https:\/\/yoast.com\/product\/yoast-seo-wordpress\/ -->\r\n<title>Emilia-Romagna, Bando forestazione per imprese &#060; Studio Brancaleone<\/title>\r\n<meta name=\"robots\" content=\"index, follow, max-snippet:-1, max-image-preview:large, max-video-preview:-1\" \/>\r\n<link rel=\"canonical\" href=\"https:\/\/www.studiobrancaleone.it\/news\/emilia-romagna-bando-forestazione-per-imprese\/\" \/>\r\n<meta property=\"og:locale\" content=\"it_IT\" \/>\r\n<meta property=\"og:type\" content=\"article\" \/>\r\n<meta property=\"og:title\" content=\"Emilia-Romagna, Bando forestazione per imprese &#060; Studio Brancaleone\" \/>\r\n<meta property=\"og:description\" content=\"La Regione Emilia-Romagna ha da poco approvato un&nbsp;nuovo bando&nbsp;a sostegno degli interventi di&nbsp;forestazione&nbsp;urbana \u201cMettiamo radici per il futuro\u201d per piantare alberi in aree di propriet\u00e0 o disponibilit\u00e0 delle imprese regionali. Il Bando, approvato con la DGR n. 1328 del 01\/08\/2022, si rivolge a tutte le tipologie&nbsp;di imprese&nbsp;(escluse quelle agricole ed esclusivamente nei territori dei comuni [&hellip;]\" \/>\r\n<meta property=\"og:url\" content=\"https:\/\/www.studiobrancaleone.it\/news\/emilia-romagna-bando-forestazione-per-imprese\/\" \/>\r\n<meta property=\"og:site_name\" content=\"Studio Brancaleone\" \/>\r\n<meta property=\"article:published_time\" content=\"2022-08-18T08:41:14+00:00\" \/>\r\n<meta property=\"article:modified_time\" content=\"2022-08-18T08:46:08+00:00\" \/>\r\n<meta name=\"author\" content=\"Ivana Brancaleone\" \/>\r\n<meta name=\"twitter:card\" content=\"summary_large_image\" \/>\r\n<meta name=\"twitter:label1\" content=\"Scritto da\" \/>\n\t<meta name=\"twitter:data1\" content=\"Ivana Brancaleone\" \/>\n\t<meta name=\"twitter:label2\" content=\"Tempo di lettura stimato\" \/>\n\t<meta name=\"twitter:data2\" content=\"3 minuti\" \/>\r\n<script type=\"application\/ld+json\" class=\"yoast-schema-graph\">{\"@context\":\"https:\\\/\\\/schema.org\",\"@graph\":[{\"@type\":\"Article\",\"@id\":\"https:\\\/\\\/www.studiobrancaleone.it\\\/news\\\/emilia-romagna-bando-forestazione-per-imprese\\\/#article\",\"isPartOf\":{\"@id\":\"https:\\\/\\\/www.studiobrancaleone.it\\\/news\\\/emilia-romagna-bando-forestazione-per-imprese\\\/\"},\"author\":{\"name\":\"Ivana Brancaleone\",\"@id\":\"https:\\\/\\\/www.studiobrancaleone.it\\\/news\\\/#\\\/schema\\\/person\\\/3df132515081baef5f0ea457e1dfcf6d\"},\"headline\":\"Emilia-Romagna, Bando forestazione per imprese\",\"datePublished\":\"2022-08-18T08:41:14+00:00\",\"dateModified\":\"2022-08-18T08:46:08+00:00\",\"mainEntityOfPage\":{\"@id\":\"https:\\\/\\\/www.studiobrancaleone.it\\\/news\\\/emilia-romagna-bando-forestazione-per-imprese\\\/\"},\"wordCount\":515,\"publisher\":{\"@id\":\"https:\\\/\\\/www.studiobrancaleone.it\\\/news\\\/#organization\"},\"articleSection\":[\"Finanziamenti\"],\"inLanguage\":\"it-IT\"},{\"@type\":\"WebPage\",\"@id\":\"https:\\\/\\\/www.studiobrancaleone.it\\\/news\\\/emilia-romagna-bando-forestazione-per-imprese\\\/\",\"url\":\"https:\\\/\\\/www.studiobrancaleone.it\\\/news\\\/emilia-romagna-bando-forestazione-per-imprese\\\/\",\"name\":\"Emilia-Romagna, Bando forestazione per imprese &#060; Studio Brancaleone\",\"isPartOf\":{\"@id\":\"https:\\\/\\\/www.studiobrancaleone.it\\\/news\\\/#website\"},\"datePublished\":\"2022-08-18T08:41:14+00:00\",\"dateModified\":\"2022-08-18T08:46:08+00:00\",\"breadcrumb\":{\"@id\":\"https:\\\/\\\/www.studiobrancaleone.it\\\/news\\\/emilia-romagna-bando-forestazione-per-imprese\\\/#breadcrumb\"},\"inLanguage\":\"it-IT\",\"potentialAction\":[{\"@type\":\"ReadAction\",\"target\":[\"https:\\\/\\\/www.studiobrancaleone.it\\\/news\\\/emilia-romagna-bando-forestazione-per-imprese\\\/\"]}]},{\"@type\":\"BreadcrumbList\",\"@id\":\"https:\\\/\\\/www.studiobrancaleone.it\\\/news\\\/emilia-romagna-bando-forestazione-per-imprese\\\/#breadcrumb\",\"itemListElement\":[{\"@type\":\"ListItem\",\"position\":1,\"name\":\"Home\",\"item\":\"https:\\\/\\\/www.studiobrancaleone.it\\\/news\\\/\"},{\"@type\":\"ListItem\",\"position\":2,\"name\":\"Emilia-Romagna, Bando forestazione per imprese\"}]},{\"@type\":\"WebSite\",\"@id\":\"https:\\\/\\\/www.studiobrancaleone.it\\\/news\\\/#website\",\"url\":\"https:\\\/\\\/www.studiobrancaleone.it\\\/news\\\/\",\"name\":\"Studio Brancaleone\",\"description\":\"Notizie giuridiche aggiornate regolarmente\",\"publisher\":{\"@id\":\"https:\\\/\\\/www.studiobrancaleone.it\\\/news\\\/#organization\"},\"potentialAction\":[{\"@type\":\"SearchAction\",\"target\":{\"@type\":\"EntryPoint\",\"urlTemplate\":\"https:\\\/\\\/www.studiobrancaleone.it\\\/news\\\/?s={search_term_string}\"},\"query-input\":{\"@type\":\"PropertyValueSpecification\",\"valueRequired\":true,\"valueName\":\"search_term_string\"}}],\"inLanguage\":\"it-IT\"},{\"@type\":\"Organization\",\"@id\":\"https:\\\/\\\/www.studiobrancaleone.it\\\/news\\\/#organization\",\"name\":\"Studio Brancaleone\",\"url\":\"https:\\\/\\\/www.studiobrancaleone.it\\\/news\\\/\",\"logo\":{\"@type\":\"ImageObject\",\"inLanguage\":\"it-IT\",\"@id\":\"https:\\\/\\\/www.studiobrancaleone.it\\\/news\\\/#\\\/schema\\\/logo\\\/image\\\/\",\"url\":\"https:\\\/\\\/www.studiobrancaleone.it\\\/news\\\/wp-content\\\/uploads\\\/2025\\\/02\\\/Testata-sito-scaled.webp\",\"contentUrl\":\"https:\\\/\\\/www.studiobrancaleone.it\\\/news\\\/wp-content\\\/uploads\\\/2025\\\/02\\\/Testata-sito-scaled.webp\",\"width\":2560,\"height\":481,\"caption\":\"Studio Brancaleone\"},\"image\":{\"@id\":\"https:\\\/\\\/www.studiobrancaleone.it\\\/news\\\/#\\\/schema\\\/logo\\\/image\\\/\"}},{\"@type\":\"Person\",\"@id\":\"https:\\\/\\\/www.studiobrancaleone.it\\\/news\\\/#\\\/schema\\\/person\\\/3df132515081baef5f0ea457e1dfcf6d\",\"name\":\"Ivana Brancaleone\",\"image\":{\"@type\":\"ImageObject\",\"inLanguage\":\"it-IT\",\"@id\":\"https:\\\/\\\/secure.gravatar.com\\\/avatar\\\/9f6d2be41a5115d34c5114a0a78ade583fa3a3bd63a144dfc88c9da356eca16c?s=96&d=mm&r=g\",\"url\":\"https:\\\/\\\/secure.gravatar.com\\\/avatar\\\/9f6d2be41a5115d34c5114a0a78ade583fa3a3bd63a144dfc88c9da356eca16c?s=96&d=mm&r=g\",\"contentUrl\":\"https:\\\/\\\/secure.gravatar.com\\\/avatar\\\/9f6d2be41a5115d34c5114a0a78ade583fa3a3bd63a144dfc88c9da356eca16c?s=96&d=mm&r=g\",\"caption\":\"Ivana Brancaleone\"},\"url\":\"https:\\\/\\\/www.studiobrancaleone.it\\\/news\\\/author\\\/ivanbra\\\/\"}]}<\/script>\r\n<!-- \/ Yoast SEO plugin. -->","yoast_head_json":{"title":"Emilia-Romagna, Bando forestazione per imprese &#060; Studio Brancaleone","robots":{"index":"index","follow":"follow","max-snippet":"max-snippet:-1","max-image-preview":"max-image-preview:large","max-video-preview":"max-video-preview:-1"},"canonical":"https:\/\/www.studiobrancaleone.it\/news\/emilia-romagna-bando-forestazione-per-imprese\/","og_locale":"it_IT","og_type":"article","og_title":"Emilia-Romagna, Bando forestazione per imprese &#060; Studio Brancaleone","og_description":"La Regione Emilia-Romagna ha da poco approvato un&nbsp;nuovo bando&nbsp;a sostegno degli interventi di&nbsp;forestazione&nbsp;urbana \u201cMettiamo radici per il futuro\u201d per piantare alberi in aree di propriet\u00e0 o disponibilit\u00e0 delle imprese regionali. Il Bando, approvato con la DGR n. 1328 del 01\/08\/2022, si rivolge a tutte le tipologie&nbsp;di imprese&nbsp;(escluse quelle agricole ed esclusivamente nei territori dei comuni [&hellip;]","og_url":"https:\/\/www.studiobrancaleone.it\/news\/emilia-romagna-bando-forestazione-per-imprese\/","og_site_name":"Studio Brancaleone","article_published_time":"2022-08-18T08:41:14+00:00","article_modified_time":"2022-08-18T08:46:08+00:00","author":"Ivana Brancaleone","twitter_card":"summary_large_image","twitter_misc":{"Scritto da":"Ivana Brancaleone","Tempo di lettura stimato":"3 minuti"},"schema":{"@context":"https:\/\/schema.org","@graph":[{"@type":"Article","@id":"https:\/\/www.studiobrancaleone.it\/news\/emilia-romagna-bando-forestazione-per-imprese\/#article","isPartOf":{"@id":"https:\/\/www.studiobrancaleone.it\/news\/emilia-romagna-bando-forestazione-per-imprese\/"},"author":{"name":"Ivana Brancaleone","@id":"https:\/\/www.studiobrancaleone.it\/news\/#\/schema\/person\/3df132515081baef5f0ea457e1dfcf6d"},"headline":"Emilia-Romagna, Bando forestazione per imprese","datePublished":"2022-08-18T08:41:14+00:00","dateModified":"2022-08-18T08:46:08+00:00","mainEntityOfPage":{"@id":"https:\/\/www.studiobrancaleone.it\/news\/emilia-romagna-bando-forestazione-per-imprese\/"},"wordCount":515,"publisher":{"@id":"https:\/\/www.studiobrancaleone.it\/news\/#organization"},"articleSection":["Finanziamenti"],"inLanguage":"it-IT"},{"@type":"WebPage","@id":"https:\/\/www.studiobrancaleone.it\/news\/emilia-romagna-bando-forestazione-per-imprese\/","url":"https:\/\/www.studiobrancaleone.it\/news\/emilia-romagna-bando-forestazione-per-imprese\/","name":"Emilia-Romagna, Bando forestazione per imprese &#060; Studio Brancaleone","isPartOf":{"@id":"https:\/\/www.studiobrancaleone.it\/news\/#website"},"datePublished":"2022-08-18T08:41:14+00:00","dateModified":"2022-08-18T08:46:08+00:00","breadcrumb":{"@id":"https:\/\/www.studiobrancaleone.it\/news\/emilia-romagna-bando-forestazione-per-imprese\/#breadcrumb"},"inLanguage":"it-IT","potentialAction":[{"@type":"ReadAction","target":["https:\/\/www.studiobrancaleone.it\/news\/emilia-romagna-bando-forestazione-per-imprese\/"]}]},{"@type":"BreadcrumbList","@id":"https:\/\/www.studiobrancaleone.it\/news\/emilia-romagna-bando-forestazione-per-imprese\/#breadcrumb","itemListElement":[{"@type":"ListItem","position":1,"name":"Home","item":"https:\/\/www.studiobrancaleone.it\/news\/"},{"@type":"ListItem","position":2,"name":"Emilia-Romagna, Bando forestazione per imprese"}]},{"@type":"WebSite","@id":"https:\/\/www.studiobrancaleone.it\/news\/#website","url":"https:\/\/www.studiobrancaleone.it\/news\/","name":"Studio Brancaleone","description":"Notizie giuridiche aggiornate regolarmente","publisher":{"@id":"https:\/\/www.studiobrancaleone.it\/news\/#organization"},"potentialAction":[{"@type":"SearchAction","target":{"@type":"EntryPoint","urlTemplate":"https:\/\/www.studiobrancaleone.it\/news\/?s={search_term_string}"},"query-input":{"@type":"PropertyValueSpecification","valueRequired":true,"valueName":"search_term_string"}}],"inLanguage":"it-IT"},{"@type":"Organization","@id":"https:\/\/www.studiobrancaleone.it\/news\/#organization","name":"Studio Brancaleone","url":"https:\/\/www.studiobrancaleone.it\/news\/","logo":{"@type":"ImageObject","inLanguage":"it-IT","@id":"https:\/\/www.studiobrancaleone.it\/news\/#\/schema\/logo\/image\/","url":"https:\/\/www.studiobrancaleone.it\/news\/wp-content\/uploads\/2025\/02\/Testata-sito-scaled.webp","contentUrl":"https:\/\/www.studiobrancaleone.it\/news\/wp-content\/uploads\/2025\/02\/Testata-sito-scaled.webp","width":2560,"height":481,"caption":"Studio Brancaleone"},"image":{"@id":"https:\/\/www.studiobrancaleone.it\/news\/#\/schema\/logo\/image\/"}},{"@type":"Person","@id":"https:\/\/www.studiobrancaleone.it\/news\/#\/schema\/person\/3df132515081baef5f0ea457e1dfcf6d","name":"Ivana Brancaleone","image":{"@type":"ImageObject","inLanguage":"it-IT","@id":"https:\/\/secure.gravatar.com\/avatar\/9f6d2be41a5115d34c5114a0a78ade583fa3a3bd63a144dfc88c9da356eca16c?s=96&d=mm&r=g","url":"https:\/\/secure.gravatar.com\/avatar\/9f6d2be41a5115d34c5114a0a78ade583fa3a3bd63a144dfc88c9da356eca16c?s=96&d=mm&r=g","contentUrl":"https:\/\/secure.gravatar.com\/avatar\/9f6d2be41a5115d34c5114a0a78ade583fa3a3bd63a144dfc88c9da356eca16c?s=96&d=mm&r=g","caption":"Ivana Brancaleone"},"url":"https:\/\/www.studiobrancaleone.it\/news\/author\/ivanbra\/"}]}},"uagb_featured_image_src":{"full":false,"thumbnail":false,"medium":false,"medium_large":false,"large":false,"1536x1536":false,"2048x2048":false},"uagb_author_info":{"display_name":"Ivana Brancaleone","author_link":"https:\/\/www.studiobrancaleone.it\/news\/author\/ivanbra\/"},"uagb_comment_info":0,"uagb_excerpt":"La Regione Emilia-Romagna ha da poco approvato un&nbsp;nuovo bando&nbsp;a sostegno degli interventi di&nbsp;forestazione&nbsp;urbana \u201cMettiamo radici per il futuro\u201d per piantare alberi in aree di propriet\u00e0 o disponibilit\u00e0 delle imprese regionali. Il Bando, approvato con la DGR n. 1328 del 01\/08\/2022, si rivolge a tutte le tipologie&nbsp;di imprese&nbsp;(escluse quelle agricole ed esclusivamente nei territori dei comuni&hellip;","_links":{"self":[{"href":"https:\/\/www.studiobrancaleone.it\/news\/wp-json\/wp\/v2\/posts\/4519","targetHints":{"allow":["GET"]}}],"collection":[{"href":"https:\/\/www.studiobrancaleone.it\/news\/wp-json\/wp\/v2\/posts"}],"about":[{"href":"https:\/\/www.studiobrancaleone.it\/news\/wp-json\/wp\/v2\/types\/post"}],"author":[{"embeddable":true,"href":"https:\/\/www.studiobrancaleone.it\/news\/wp-json\/wp\/v2\/users\/2"}],"replies":[{"embeddable":true,"href":"https:\/\/www.studiobrancaleone.it\/news\/wp-json\/wp\/v2\/comments?post=4519"}],"version-history":[{"count":0,"href":"https:\/\/www.studiobrancaleone.it\/news\/wp-json\/wp\/v2\/posts\/4519\/revisions"}],"wp:attachment":[{"href":"https:\/\/www.studiobrancaleone.it\/news\/wp-json\/wp\/v2\/media?parent=4519"}],"wp:term":[{"taxonomy":"category","embeddable":true,"href":"https:\/\/www.studiobrancaleone.it\/news\/wp-json\/wp\/v2\/categories?post=4519"},{"taxonomy":"post_tag","embeddable":true,"href":"https:\/\/www.studiobrancaleone.it\/news\/wp-json\/wp\/v2\/tags?post=4519"}],"curies":[{"name":"wp","href":"https:\/\/api.w.org\/{rel}","templated":true}]}}