{"id":4566,"date":"2022-08-22T10:39:12","date_gmt":"2022-08-22T08:39:12","guid":{"rendered":"https:\/\/www.studiobrancaleone.it\/news\/?p=4566"},"modified":"2023-08-08T17:02:25","modified_gmt":"2023-08-08T15:02:25","slug":"mite-interpello-riutilizzo-capsule-caffe","status":"publish","type":"post","link":"https:\/\/www.studiobrancaleone.it\/news\/mite-interpello-riutilizzo-capsule-caffe\/","title":{"rendered":"MiTE, Interpello riutilizzo capsule caff\u00e8"},"content":{"rendered":"\n<p>Il MiTE, in risposta ad interpello, fornisce chiarimenti sul sistema di preparazione per il <strong>riutilizzo all\u2019interno degli esercizi commerciali di rivendita di capsule di caff\u00e8<\/strong>, ove le medesime capsule vengano conferite dai clienti.<\/p>\n\n\n\n<p>Il MiTE chiarisce che l\u2019operazione di \u201cdisassemblaggio\u201d della capsula di caff\u00e8 esausto, si <strong>configura come un\u2019operazione di \u201ctrattamento\u201d di rifiuti<\/strong>, che pu\u00f2 avvenire esclusivamente in appositi impianti autorizzati, anche ai sensi dell\u2019art. 208 del D.lgs. n. 152\/2006.<\/p>\n\n\n\n<p>Secondo il MiTE, le operazioni effettuate su capsule di caff\u00e8 esausto, che sono gi\u00e0 diventate rifiuto, vengono erroneamente individuate quali attivit\u00e0 di \u201criutilizzo\u201d, che presuppone il reimpiego del prodotto.<\/p>\n\n\n\n<p>Ne consegue che i cd. &#8220;centri per il riuso&#8221; citati dall&#8217;istante, presso i quali vengono svolte le operazioni tramite le quali un prodotto usato possa essere reimpiegato, pur rappresentando un chiaro esempio di incentivo all&#8217;economia circolare, nonch\u00e9 una buona pratica da rafforzare, non costituisce uno strumento idoneo alla raccolta e al trattamento dei rifiuti di capsule di caff\u00e8 esausto.<\/p>\n\n\n\n<p>In merito, poi, alla possibilit\u00e0 per gli operatori di \u201cintercettare\u201d detta tipologia di rifiuti prima che gli stessi siano erroneamente gestiti tramite lo strumento del <strong>deposito temporaneo<\/strong> prima della raccolta, di cui al citato articolo 185-bis, bisogna distinguere:<\/p>\n\n\n\n<ul class=\"wp-block-list\">\n<li>qualora le <strong>capsule di caff\u00e8 esausto fossero \u201clasciate vuote dopo l\u2019uso\u201d<\/strong>, esse rientrerebbero nella categoria degli <strong>imballaggi<\/strong>, come stabilito dall\u2019allegato E parte IV D.lgs. n. 152\/2006, e in quanto tali, soggette a regime di Responsabilit\u00e0 Estesa del Produttore (EPR). Le stesse sarebbero pertanto<strong> idonee al deposito temporaneo<\/strong> presso il punto vendita, ai fini del successivo trasporto presso un impianto di recupero, che nel caso di specie \u00e8 da effettuarsi mediante il consorzio di filiera specifico per il materiale che compone le capsule (alluminio o plastica);<\/li>\n\n\n\n<li>se, al contrario, le capsule in questione fossero destinate ad essere <strong>gettate insieme al caff\u00e8<\/strong>, ai sensi del medesimo allegato E non rientrerebbero nella definizione di imballaggi, quindi non assoggettabili a regimi di EPR e conseguentemente, il <strong>deposito temporaneo prima della raccolta presso i locali del rivenditore non appare possibile<\/strong>.<\/li>\n<\/ul>\n\n\n\n<hr class=\"wp-block-separator has-text-color has-ast-global-color-0-color has-alpha-channel-opacity has-ast-global-color-0-background-color has-background is-style-wide\"\/>\n\n\n\n<p><strong><a href=\"https:\/\/www.mite.gov.it\/sites\/default\/files\/archivio\/allegati\/interpello_ambientale\/ECI\/quesito.0091241.21-07-2022_riscontro_interpello_rev.pdf\" target=\"_blank\" rel=\"noreferrer noopener\">MiTE &#8211; Interpello 21-07-2022<\/a><\/strong><br><em>Indicazioni in merito a interpello ex art. 3-septies del D. Lgs 152\/2006 relativo alla interpretazione dell&#8217;articolo 179, comma 1, lettera b) del decreto legislativo n. 152\/2006, in ragione di procedure di recupero di materiale riciclabile.<\/em><\/p>\n","protected":false},"excerpt":{"rendered":"<p>Il MiTE, in risposta ad interpello, fornisce chiarimenti sul sistema di preparazione per il riutilizzo all\u2019interno degli esercizi commerciali di rivendita di capsule di caff\u00e8, ove le medesime capsule vengano conferite dai clienti. Il MiTE chiarisce che l\u2019operazione di \u201cdisassemblaggio\u201d della capsula di caff\u00e8 esausto, si configura come un\u2019operazione di \u201ctrattamento\u201d di rifiuti, che pu\u00f2 [&hellip;]<\/p>\n","protected":false},"author":1,"featured_media":0,"comment_status":"closed","ping_status":"open","sticky":false,"template":"","format":"standard","meta":{"_uag_custom_page_level_css":"","site-sidebar-layout":"default","site-content-layout":"","ast-site-content-layout":"default","site-content-style":"default","site-sidebar-style":"default","ast-global-header-display":"","ast-banner-title-visibility":"","ast-main-header-display":"","ast-hfb-above-header-display":"","ast-hfb-below-header-display":"","ast-hfb-mobile-header-display":"","site-post-title":"","ast-breadcrumbs-content":"","ast-featured-img":"","footer-sml-layout":"","ast-disable-related-posts":"","theme-transparent-header-meta":"","adv-header-id-meta":"","stick-header-meta":"","header-above-stick-meta":"","header-main-stick-meta":"","header-below-stick-meta":"","astra-migrate-meta-layouts":"default","ast-page-background-enabled":"default","ast-page-background-meta":{"desktop":{"background-color":"var(--ast-global-color-4)","background-image":"","background-repeat":"repeat","background-position":"center center","background-size":"auto","background-attachment":"scroll","background-type":"","background-media":"","overlay-type":"","overlay-color":"","overlay-opacity":"","overlay-gradient":""},"tablet":{"background-color":"","background-image":"","background-repeat":"repeat","background-position":"center center","background-size":"auto","background-attachment":"scroll","background-type":"","background-media":"","overlay-type":"","overlay-color":"","overlay-opacity":"","overlay-gradient":""},"mobile":{"background-color":"","background-image":"","background-repeat":"repeat","background-position":"center center","background-size":"auto","background-attachment":"scroll","background-type":"","background-media":"","overlay-type":"","overlay-color":"","overlay-opacity":"","overlay-gradient":""}},"ast-content-background-meta":{"desktop":{"background-color":"var(--ast-global-color-5)","background-image":"","background-repeat":"repeat","background-position":"center center","background-size":"auto","background-attachment":"scroll","background-type":"","background-media":"","overlay-type":"","overlay-color":"","overlay-opacity":"","overlay-gradient":""},"tablet":{"background-color":"var(--ast-global-color-5)","background-image":"","background-repeat":"repeat","background-position":"center center","background-size":"auto","background-attachment":"scroll","background-type":"","background-media":"","overlay-type":"","overlay-color":"","overlay-opacity":"","overlay-gradient":""},"mobile":{"background-color":"var(--ast-global-color-5)","background-image":"","background-repeat":"repeat","background-position":"center center","background-size":"auto","background-attachment":"scroll","background-type":"","background-media":"","overlay-type":"","overlay-color":"","overlay-opacity":"","overlay-gradient":""}},"footnotes":""},"categories":[4],"tags":[32],"class_list":["post-4566","post","type-post","status-publish","format-standard","hentry","category-nazionali-ue","tag-rifiuti"],"yoast_head":"<!-- This site is optimized with the Yoast SEO plugin v27.5 - https:\/\/yoast.com\/product\/yoast-seo-wordpress\/ -->\r\n<title>MiTE, Interpello riutilizzo capsule caff\u00e8 &#060; Studio Brancaleone<\/title>\r\n<meta name=\"description\" content=\"Il MiTE fornisce chiarimenti sul sistema di preparazione per il riutilizzo all\u2019interno degli esercizi commerciali di rivendita di capsule di caff\u00e8.\" \/>\r\n<meta name=\"robots\" content=\"index, follow, max-snippet:-1, max-image-preview:large, max-video-preview:-1\" \/>\r\n<link rel=\"canonical\" href=\"https:\/\/www.studiobrancaleone.it\/news\/mite-interpello-riutilizzo-capsule-caffe\/\" \/>\r\n<meta property=\"og:locale\" content=\"it_IT\" \/>\r\n<meta property=\"og:type\" content=\"article\" \/>\r\n<meta property=\"og:title\" content=\"MiTE, Interpello riutilizzo capsule caff\u00e8 &#060; Studio Brancaleone\" \/>\r\n<meta property=\"og:description\" content=\"Il MiTE fornisce chiarimenti sul sistema di preparazione per il riutilizzo all\u2019interno degli esercizi commerciali di rivendita di capsule di caff\u00e8.\" \/>\r\n<meta property=\"og:url\" content=\"https:\/\/www.studiobrancaleone.it\/news\/mite-interpello-riutilizzo-capsule-caffe\/\" \/>\r\n<meta property=\"og:site_name\" content=\"Studio Brancaleone\" \/>\r\n<meta property=\"article:published_time\" content=\"2022-08-22T08:39:12+00:00\" \/>\r\n<meta property=\"article:modified_time\" content=\"2023-08-08T15:02:25+00:00\" \/>\r\n<meta name=\"author\" content=\"Giorgio Ferrari\" \/>\r\n<meta name=\"twitter:card\" content=\"summary_large_image\" \/>\r\n<meta name=\"twitter:label1\" content=\"Scritto da\" \/>\n\t<meta name=\"twitter:data1\" content=\"Giorgio Ferrari\" \/>\n\t<meta name=\"twitter:label2\" content=\"Tempo di lettura stimato\" \/>\n\t<meta name=\"twitter:data2\" content=\"2 minuti\" \/>\r\n<script type=\"application\/ld+json\" class=\"yoast-schema-graph\">{\"@context\":\"https:\\\/\\\/schema.org\",\"@graph\":[{\"@type\":\"Article\",\"@id\":\"https:\\\/\\\/www.studiobrancaleone.it\\\/news\\\/mite-interpello-riutilizzo-capsule-caffe\\\/#article\",\"isPartOf\":{\"@id\":\"https:\\\/\\\/www.studiobrancaleone.it\\\/news\\\/mite-interpello-riutilizzo-capsule-caffe\\\/\"},\"author\":{\"name\":\"Giorgio Ferrari\",\"@id\":\"https:\\\/\\\/www.studiobrancaleone.it\\\/news\\\/#\\\/schema\\\/person\\\/da5920864810e22fb65389a0a5cff7e3\"},\"headline\":\"MiTE, Interpello riutilizzo capsule caff\u00e8\",\"datePublished\":\"2022-08-22T08:39:12+00:00\",\"dateModified\":\"2023-08-08T15:02:25+00:00\",\"mainEntityOfPage\":{\"@id\":\"https:\\\/\\\/www.studiobrancaleone.it\\\/news\\\/mite-interpello-riutilizzo-capsule-caffe\\\/\"},\"wordCount\":379,\"publisher\":{\"@id\":\"https:\\\/\\\/www.studiobrancaleone.it\\\/news\\\/#organization\"},\"keywords\":[\"Rifiuti\"],\"articleSection\":[\"Nazionali\\\/Ue\"],\"inLanguage\":\"it-IT\"},{\"@type\":\"WebPage\",\"@id\":\"https:\\\/\\\/www.studiobrancaleone.it\\\/news\\\/mite-interpello-riutilizzo-capsule-caffe\\\/\",\"url\":\"https:\\\/\\\/www.studiobrancaleone.it\\\/news\\\/mite-interpello-riutilizzo-capsule-caffe\\\/\",\"name\":\"MiTE, Interpello riutilizzo capsule caff\u00e8 &#060; Studio Brancaleone\",\"isPartOf\":{\"@id\":\"https:\\\/\\\/www.studiobrancaleone.it\\\/news\\\/#website\"},\"datePublished\":\"2022-08-22T08:39:12+00:00\",\"dateModified\":\"2023-08-08T15:02:25+00:00\",\"description\":\"Il MiTE fornisce chiarimenti sul sistema di preparazione per il riutilizzo all\u2019interno degli esercizi commerciali di rivendita di capsule di caff\u00e8.\",\"breadcrumb\":{\"@id\":\"https:\\\/\\\/www.studiobrancaleone.it\\\/news\\\/mite-interpello-riutilizzo-capsule-caffe\\\/#breadcrumb\"},\"inLanguage\":\"it-IT\",\"potentialAction\":[{\"@type\":\"ReadAction\",\"target\":[\"https:\\\/\\\/www.studiobrancaleone.it\\\/news\\\/mite-interpello-riutilizzo-capsule-caffe\\\/\"]}]},{\"@type\":\"BreadcrumbList\",\"@id\":\"https:\\\/\\\/www.studiobrancaleone.it\\\/news\\\/mite-interpello-riutilizzo-capsule-caffe\\\/#breadcrumb\",\"itemListElement\":[{\"@type\":\"ListItem\",\"position\":1,\"name\":\"Home\",\"item\":\"https:\\\/\\\/www.studiobrancaleone.it\\\/news\\\/\"},{\"@type\":\"ListItem\",\"position\":2,\"name\":\"MiTE, Interpello riutilizzo capsule caff\u00e8\"}]},{\"@type\":\"WebSite\",\"@id\":\"https:\\\/\\\/www.studiobrancaleone.it\\\/news\\\/#website\",\"url\":\"https:\\\/\\\/www.studiobrancaleone.it\\\/news\\\/\",\"name\":\"Studio Brancaleone\",\"description\":\"Notizie giuridiche aggiornate regolarmente\",\"publisher\":{\"@id\":\"https:\\\/\\\/www.studiobrancaleone.it\\\/news\\\/#organization\"},\"potentialAction\":[{\"@type\":\"SearchAction\",\"target\":{\"@type\":\"EntryPoint\",\"urlTemplate\":\"https:\\\/\\\/www.studiobrancaleone.it\\\/news\\\/?s={search_term_string}\"},\"query-input\":{\"@type\":\"PropertyValueSpecification\",\"valueRequired\":true,\"valueName\":\"search_term_string\"}}],\"inLanguage\":\"it-IT\"},{\"@type\":\"Organization\",\"@id\":\"https:\\\/\\\/www.studiobrancaleone.it\\\/news\\\/#organization\",\"name\":\"Studio Brancaleone\",\"url\":\"https:\\\/\\\/www.studiobrancaleone.it\\\/news\\\/\",\"logo\":{\"@type\":\"ImageObject\",\"inLanguage\":\"it-IT\",\"@id\":\"https:\\\/\\\/www.studiobrancaleone.it\\\/news\\\/#\\\/schema\\\/logo\\\/image\\\/\",\"url\":\"https:\\\/\\\/www.studiobrancaleone.it\\\/news\\\/wp-content\\\/uploads\\\/2025\\\/02\\\/Testata-sito-scaled.webp\",\"contentUrl\":\"https:\\\/\\\/www.studiobrancaleone.it\\\/news\\\/wp-content\\\/uploads\\\/2025\\\/02\\\/Testata-sito-scaled.webp\",\"width\":2560,\"height\":481,\"caption\":\"Studio Brancaleone\"},\"image\":{\"@id\":\"https:\\\/\\\/www.studiobrancaleone.it\\\/news\\\/#\\\/schema\\\/logo\\\/image\\\/\"}},{\"@type\":\"Person\",\"@id\":\"https:\\\/\\\/www.studiobrancaleone.it\\\/news\\\/#\\\/schema\\\/person\\\/da5920864810e22fb65389a0a5cff7e3\",\"name\":\"Giorgio Ferrari\",\"image\":{\"@type\":\"ImageObject\",\"inLanguage\":\"it-IT\",\"@id\":\"https:\\\/\\\/secure.gravatar.com\\\/avatar\\\/e5a8c666e3c03788ccd80843664b7c6eb2fb548eb37bb5cd6598134bf5d56ae1?s=96&d=mm&r=g\",\"url\":\"https:\\\/\\\/secure.gravatar.com\\\/avatar\\\/e5a8c666e3c03788ccd80843664b7c6eb2fb548eb37bb5cd6598134bf5d56ae1?s=96&d=mm&r=g\",\"contentUrl\":\"https:\\\/\\\/secure.gravatar.com\\\/avatar\\\/e5a8c666e3c03788ccd80843664b7c6eb2fb548eb37bb5cd6598134bf5d56ae1?s=96&d=mm&r=g\",\"caption\":\"Giorgio Ferrari\"},\"sameAs\":[\"https:\\\/\\\/www.studiobrancaleone.it\\\/news\"],\"url\":\"https:\\\/\\\/www.studiobrancaleone.it\\\/news\\\/author\\\/giorfer\\\/\"}]}<\/script>\r\n<!-- \/ Yoast SEO plugin. -->","yoast_head_json":{"title":"MiTE, Interpello riutilizzo capsule caff\u00e8 &#060; Studio Brancaleone","description":"Il MiTE fornisce chiarimenti sul sistema di preparazione per il riutilizzo all\u2019interno degli esercizi commerciali di rivendita di capsule di caff\u00e8.","robots":{"index":"index","follow":"follow","max-snippet":"max-snippet:-1","max-image-preview":"max-image-preview:large","max-video-preview":"max-video-preview:-1"},"canonical":"https:\/\/www.studiobrancaleone.it\/news\/mite-interpello-riutilizzo-capsule-caffe\/","og_locale":"it_IT","og_type":"article","og_title":"MiTE, Interpello riutilizzo capsule caff\u00e8 &#060; Studio Brancaleone","og_description":"Il MiTE fornisce chiarimenti sul sistema di preparazione per il riutilizzo all\u2019interno degli esercizi commerciali di rivendita di capsule di caff\u00e8.","og_url":"https:\/\/www.studiobrancaleone.it\/news\/mite-interpello-riutilizzo-capsule-caffe\/","og_site_name":"Studio Brancaleone","article_published_time":"2022-08-22T08:39:12+00:00","article_modified_time":"2023-08-08T15:02:25+00:00","author":"Giorgio Ferrari","twitter_card":"summary_large_image","twitter_misc":{"Scritto da":"Giorgio Ferrari","Tempo di lettura stimato":"2 minuti"},"schema":{"@context":"https:\/\/schema.org","@graph":[{"@type":"Article","@id":"https:\/\/www.studiobrancaleone.it\/news\/mite-interpello-riutilizzo-capsule-caffe\/#article","isPartOf":{"@id":"https:\/\/www.studiobrancaleone.it\/news\/mite-interpello-riutilizzo-capsule-caffe\/"},"author":{"name":"Giorgio Ferrari","@id":"https:\/\/www.studiobrancaleone.it\/news\/#\/schema\/person\/da5920864810e22fb65389a0a5cff7e3"},"headline":"MiTE, Interpello riutilizzo capsule caff\u00e8","datePublished":"2022-08-22T08:39:12+00:00","dateModified":"2023-08-08T15:02:25+00:00","mainEntityOfPage":{"@id":"https:\/\/www.studiobrancaleone.it\/news\/mite-interpello-riutilizzo-capsule-caffe\/"},"wordCount":379,"publisher":{"@id":"https:\/\/www.studiobrancaleone.it\/news\/#organization"},"keywords":["Rifiuti"],"articleSection":["Nazionali\/Ue"],"inLanguage":"it-IT"},{"@type":"WebPage","@id":"https:\/\/www.studiobrancaleone.it\/news\/mite-interpello-riutilizzo-capsule-caffe\/","url":"https:\/\/www.studiobrancaleone.it\/news\/mite-interpello-riutilizzo-capsule-caffe\/","name":"MiTE, Interpello riutilizzo capsule caff\u00e8 &#060; Studio Brancaleone","isPartOf":{"@id":"https:\/\/www.studiobrancaleone.it\/news\/#website"},"datePublished":"2022-08-22T08:39:12+00:00","dateModified":"2023-08-08T15:02:25+00:00","description":"Il MiTE fornisce chiarimenti sul sistema di preparazione per il riutilizzo all\u2019interno degli esercizi commerciali di rivendita di capsule di caff\u00e8.","breadcrumb":{"@id":"https:\/\/www.studiobrancaleone.it\/news\/mite-interpello-riutilizzo-capsule-caffe\/#breadcrumb"},"inLanguage":"it-IT","potentialAction":[{"@type":"ReadAction","target":["https:\/\/www.studiobrancaleone.it\/news\/mite-interpello-riutilizzo-capsule-caffe\/"]}]},{"@type":"BreadcrumbList","@id":"https:\/\/www.studiobrancaleone.it\/news\/mite-interpello-riutilizzo-capsule-caffe\/#breadcrumb","itemListElement":[{"@type":"ListItem","position":1,"name":"Home","item":"https:\/\/www.studiobrancaleone.it\/news\/"},{"@type":"ListItem","position":2,"name":"MiTE, Interpello riutilizzo capsule caff\u00e8"}]},{"@type":"WebSite","@id":"https:\/\/www.studiobrancaleone.it\/news\/#website","url":"https:\/\/www.studiobrancaleone.it\/news\/","name":"Studio Brancaleone","description":"Notizie giuridiche aggiornate regolarmente","publisher":{"@id":"https:\/\/www.studiobrancaleone.it\/news\/#organization"},"potentialAction":[{"@type":"SearchAction","target":{"@type":"EntryPoint","urlTemplate":"https:\/\/www.studiobrancaleone.it\/news\/?s={search_term_string}"},"query-input":{"@type":"PropertyValueSpecification","valueRequired":true,"valueName":"search_term_string"}}],"inLanguage":"it-IT"},{"@type":"Organization","@id":"https:\/\/www.studiobrancaleone.it\/news\/#organization","name":"Studio Brancaleone","url":"https:\/\/www.studiobrancaleone.it\/news\/","logo":{"@type":"ImageObject","inLanguage":"it-IT","@id":"https:\/\/www.studiobrancaleone.it\/news\/#\/schema\/logo\/image\/","url":"https:\/\/www.studiobrancaleone.it\/news\/wp-content\/uploads\/2025\/02\/Testata-sito-scaled.webp","contentUrl":"https:\/\/www.studiobrancaleone.it\/news\/wp-content\/uploads\/2025\/02\/Testata-sito-scaled.webp","width":2560,"height":481,"caption":"Studio Brancaleone"},"image":{"@id":"https:\/\/www.studiobrancaleone.it\/news\/#\/schema\/logo\/image\/"}},{"@type":"Person","@id":"https:\/\/www.studiobrancaleone.it\/news\/#\/schema\/person\/da5920864810e22fb65389a0a5cff7e3","name":"Giorgio Ferrari","image":{"@type":"ImageObject","inLanguage":"it-IT","@id":"https:\/\/secure.gravatar.com\/avatar\/e5a8c666e3c03788ccd80843664b7c6eb2fb548eb37bb5cd6598134bf5d56ae1?s=96&d=mm&r=g","url":"https:\/\/secure.gravatar.com\/avatar\/e5a8c666e3c03788ccd80843664b7c6eb2fb548eb37bb5cd6598134bf5d56ae1?s=96&d=mm&r=g","contentUrl":"https:\/\/secure.gravatar.com\/avatar\/e5a8c666e3c03788ccd80843664b7c6eb2fb548eb37bb5cd6598134bf5d56ae1?s=96&d=mm&r=g","caption":"Giorgio Ferrari"},"sameAs":["https:\/\/www.studiobrancaleone.it\/news"],"url":"https:\/\/www.studiobrancaleone.it\/news\/author\/giorfer\/"}]}},"uagb_featured_image_src":{"full":false,"thumbnail":false,"medium":false,"medium_large":false,"large":false,"1536x1536":false,"2048x2048":false},"uagb_author_info":{"display_name":"Giorgio Ferrari","author_link":"https:\/\/www.studiobrancaleone.it\/news\/author\/giorfer\/"},"uagb_comment_info":0,"uagb_excerpt":"Il MiTE, in risposta ad interpello, fornisce chiarimenti sul sistema di preparazione per il riutilizzo all\u2019interno degli esercizi commerciali di rivendita di capsule di caff\u00e8, ove le medesime capsule vengano conferite dai clienti. Il MiTE chiarisce che l\u2019operazione di \u201cdisassemblaggio\u201d della capsula di caff\u00e8 esausto, si configura come un\u2019operazione di \u201ctrattamento\u201d di rifiuti, che pu\u00f2&hellip;","_links":{"self":[{"href":"https:\/\/www.studiobrancaleone.it\/news\/wp-json\/wp\/v2\/posts\/4566","targetHints":{"allow":["GET"]}}],"collection":[{"href":"https:\/\/www.studiobrancaleone.it\/news\/wp-json\/wp\/v2\/posts"}],"about":[{"href":"https:\/\/www.studiobrancaleone.it\/news\/wp-json\/wp\/v2\/types\/post"}],"author":[{"embeddable":true,"href":"https:\/\/www.studiobrancaleone.it\/news\/wp-json\/wp\/v2\/users\/1"}],"replies":[{"embeddable":true,"href":"https:\/\/www.studiobrancaleone.it\/news\/wp-json\/wp\/v2\/comments?post=4566"}],"version-history":[{"count":0,"href":"https:\/\/www.studiobrancaleone.it\/news\/wp-json\/wp\/v2\/posts\/4566\/revisions"}],"wp:attachment":[{"href":"https:\/\/www.studiobrancaleone.it\/news\/wp-json\/wp\/v2\/media?parent=4566"}],"wp:term":[{"taxonomy":"category","embeddable":true,"href":"https:\/\/www.studiobrancaleone.it\/news\/wp-json\/wp\/v2\/categories?post=4566"},{"taxonomy":"post_tag","embeddable":true,"href":"https:\/\/www.studiobrancaleone.it\/news\/wp-json\/wp\/v2\/tags?post=4566"}],"curies":[{"name":"wp","href":"https:\/\/api.w.org\/{rel}","templated":true}]}}