{"id":4833,"date":"2022-09-12T09:49:22","date_gmt":"2022-09-12T07:49:22","guid":{"rendered":"https:\/\/www.studiobrancaleone.it\/news\/?p=4833"},"modified":"2023-05-23T12:46:21","modified_gmt":"2023-05-23T10:46:21","slug":"inail-riduzione-tasso-medio-prevenzione-2023","status":"publish","type":"post","link":"https:\/\/www.studiobrancaleone.it\/news\/inail-riduzione-tasso-medio-prevenzione-2023\/","title":{"rendered":"Inail, Riduzione tasso medio prevenzione 2023"},"content":{"rendered":"\n<p>L&#8217;Inail ha pubblicato nel proprio sito il Modello di domanda per la <strong>riduzione <\/strong>del<strong> tasso medio <\/strong>di tariffa per <strong>prevenzione<\/strong> per l\u2019anno <strong>2023<\/strong>, in relazione agli interventi per la <strong>prevenzione <\/strong>e la <strong>tutela della salute e sicurezza nei luoghi di lavoro<\/strong> adottati dalle aziende nel corso del 2022, che prevedono uno <strong>sconto <\/strong>del <strong>premio assicurativo<\/strong> che le aziende devono versare.<\/p>\n\n\n\n<p>L&#8217;Inail premia con uno &#8220;sconto&#8221; denominato &#8220;<strong>oscillazione per prevenzione<\/strong>&#8221; le aziende che eseguono interventi per il miglioramento delle condizioni di<strong>&nbsp;prevenzione e tutela della salute e sicurezza nei luoghi di lavoro,<\/strong> in aggiunta a quelli previsti dalla normativa in materia (d.lgs. 81\/2008 e s.m.i.).<\/p>\n\n\n\n<p>L'&#8221;oscillazione per prevenzione&#8221; riduce il tasso di premio applicabile all&#8217;azienda, determinando un risparmio sul premio dovuto all&#8217;Inail.<\/p>\n\n\n\n<p>La domanda deve essere inoltrata esclusivamente in modalit\u00e0 telematica attraverso i Servizi online del portale Inail, <strong>entro il 28 febbraio<\/strong> (29 febbraio in caso di anno bisestile) dell&#8217;anno per il quale la riduzione \u00e8 richiesta. <\/p>\n\n\n\n<p>La riduzione riconosciuta dall&#8217;Inail opera solo per l&#8217;anno nel quale \u00e8 stata presentata la domanda ed \u00e8 applicata dall&#8217;azienda stessa, in sede di regolazione del premio assicurativo dovuto per lo stesso anno.<\/p>\n\n\n\n<p><strong>Nel primo biennio di attivit\u00e0 della Pat<\/strong><\/p>\n\n\n\n<p>Anche per le Pat di nuova costituzione le aziende che eseguono interventi per il miglioramento delle condizioni di prevenzione e tutela della salute e sicurezza nei luoghi di lavoro, in aggiunta a quelli previsti dalla normativa in materia, possono ottenere la riduzione per prevenzione.<\/p>\n\n\n\n<p><strong>La riduzione \u00e8 applicata nella misura fissa dell\u20198%.<\/strong><\/p>\n\n\n\n<p><strong>Dopo il primo biennio di attivit\u00e0 della Pat<\/strong><\/p>\n\n\n\n<p>Trascorsi i primi due anni dalla data di inizio dell&#8217;attivit\u00e0 della Pat, la riduzione del tasso medio di tariffa \u00e8 determinata in relazione al numero dei lavoratori-anno del triennio della Pat, calcolati secondo le modalit\u00e0 previste dall\u2019art. 20 Mat, come segue:<\/p>\n\n\n\n<figure class=\"wp-block-table\"><table><tbody><tr><td><strong>lavoratori-anno del triennio della Pat<\/strong><\/td><td><strong>riduzione<\/strong><\/td><\/tr><tr><td>fino a 10<\/td><td>28%<\/td><\/tr><tr><td>da 10,01 a 50<\/td><td>18%<\/td><\/tr><tr><td>da 50,01 a 200<\/td><td>10%<\/td><\/tr><tr><td>oltre 200<\/td><td>5%<\/td><\/tr><\/tbody><\/table><\/figure>\n\n\n\n<hr class=\"wp-block-separator has-text-color has-ast-global-color-0-color has-alpha-channel-opacity has-ast-global-color-0-background-color has-background is-style-wide\"\/>\n\n\n\n<p>Sito internet: Inail<\/p>\n\n\n\n<p><strong>Documentazione<\/strong><\/p>\n\n\n\n<ul class=\"wp-block-list\">\n<li><a href=\"https:\/\/www.inail.it\/cs\/internet\/docs\/alg-istruzione-operativa-1-8-2022.pdf\" target=\"_blank\" rel=\"noreferrer noopener\">Istruzione operativa del 1\u00b0 agosto 2022<\/a><\/li>\n\n\n\n<li><a href=\"https:\/\/www.inail.it\/cs\/internet\/docs\/alg-modello-ot23-2023_6443180645235.pdf\" target=\"_blank\" rel=\"noreferrer noopener\">Modello domanda riduzione tasso medio per prevenzione anno 2023 (OT23)<\/a><\/li>\n\n\n\n<li><a href=\"https:\/\/www.inail.it\/cs\/internet\/docs\/alg-guida-modello-ot23-2023.pdf\" target=\"_blank\" rel=\"noreferrer noopener\">Guida compilazione domanda riduzione tasso medio per prevenzione anno 2023 (OT23)<\/a><\/li>\n<\/ul>\n","protected":false},"excerpt":{"rendered":"<p>L&#8217;Inail ha pubblicato nel proprio sito il Modello di domanda per la riduzione del tasso medio di tariffa per prevenzione per l\u2019anno 2023, in relazione agli interventi per la prevenzione e la tutela della salute e sicurezza nei luoghi di lavoro adottati dalle aziende nel corso del 2022, che prevedono uno sconto del premio assicurativo [&hellip;]<\/p>\n","protected":false},"author":2,"featured_media":0,"comment_status":"closed","ping_status":"open","sticky":false,"template":"","format":"standard","meta":{"_uag_custom_page_level_css":"","site-sidebar-layout":"default","site-content-layout":"","ast-site-content-layout":"default","site-content-style":"default","site-sidebar-style":"default","ast-global-header-display":"","ast-banner-title-visibility":"","ast-main-header-display":"","ast-hfb-above-header-display":"","ast-hfb-below-header-display":"","ast-hfb-mobile-header-display":"","site-post-title":"","ast-breadcrumbs-content":"","ast-featured-img":"","footer-sml-layout":"","ast-disable-related-posts":"","theme-transparent-header-meta":"","adv-header-id-meta":"","stick-header-meta":"","header-above-stick-meta":"","header-main-stick-meta":"","header-below-stick-meta":"","astra-migrate-meta-layouts":"default","ast-page-background-enabled":"default","ast-page-background-meta":{"desktop":{"background-color":"var(--ast-global-color-4)","background-image":"","background-repeat":"repeat","background-position":"center center","background-size":"auto","background-attachment":"scroll","background-type":"","background-media":"","overlay-type":"","overlay-color":"","overlay-opacity":"","overlay-gradient":""},"tablet":{"background-color":"","background-image":"","background-repeat":"repeat","background-position":"center center","background-size":"auto","background-attachment":"scroll","background-type":"","background-media":"","overlay-type":"","overlay-color":"","overlay-opacity":"","overlay-gradient":""},"mobile":{"background-color":"","background-image":"","background-repeat":"repeat","background-position":"center center","background-size":"auto","background-attachment":"scroll","background-type":"","background-media":"","overlay-type":"","overlay-color":"","overlay-opacity":"","overlay-gradient":""}},"ast-content-background-meta":{"desktop":{"background-color":"var(--ast-global-color-5)","background-image":"","background-repeat":"repeat","background-position":"center center","background-size":"auto","background-attachment":"scroll","background-type":"","background-media":"","overlay-type":"","overlay-color":"","overlay-opacity":"","overlay-gradient":""},"tablet":{"background-color":"var(--ast-global-color-5)","background-image":"","background-repeat":"repeat","background-position":"center center","background-size":"auto","background-attachment":"scroll","background-type":"","background-media":"","overlay-type":"","overlay-color":"","overlay-opacity":"","overlay-gradient":""},"mobile":{"background-color":"var(--ast-global-color-5)","background-image":"","background-repeat":"repeat","background-position":"center center","background-size":"auto","background-attachment":"scroll","background-type":"","background-media":"","overlay-type":"","overlay-color":"","overlay-opacity":"","overlay-gradient":""}},"footnotes":""},"categories":[10],"tags":[],"class_list":["post-4833","post","type-post","status-publish","format-standard","hentry","category-finanziamenti"],"yoast_head":"<!-- This site is optimized with the Yoast SEO plugin v27.5 - https:\/\/yoast.com\/product\/yoast-seo-wordpress\/ -->\r\n<title>Inail, Riduzione tasso medio prevenzione 2023 &#060; Studio Brancaleone<\/title>\r\n<meta name=\"description\" content=\"L&#039;Inail ha pubblicato il Modello di domanda per la riduzione del tasso medio di tariffa 2023 per interventi di prevenzione sicurezza.\" \/>\r\n<meta name=\"robots\" content=\"index, follow, max-snippet:-1, max-image-preview:large, max-video-preview:-1\" \/>\r\n<link rel=\"canonical\" href=\"https:\/\/www.studiobrancaleone.it\/news\/inail-riduzione-tasso-medio-prevenzione-2023\/\" \/>\r\n<meta property=\"og:locale\" content=\"it_IT\" \/>\r\n<meta property=\"og:type\" content=\"article\" \/>\r\n<meta property=\"og:title\" content=\"Inail, Riduzione tasso medio prevenzione 2023 &#060; Studio Brancaleone\" \/>\r\n<meta property=\"og:description\" content=\"L&#039;Inail ha pubblicato il Modello di domanda per la riduzione del tasso medio di tariffa 2023 per interventi di prevenzione sicurezza.\" \/>\r\n<meta property=\"og:url\" content=\"https:\/\/www.studiobrancaleone.it\/news\/inail-riduzione-tasso-medio-prevenzione-2023\/\" \/>\r\n<meta property=\"og:site_name\" content=\"Studio Brancaleone\" \/>\r\n<meta property=\"article:published_time\" content=\"2022-09-12T07:49:22+00:00\" \/>\r\n<meta property=\"article:modified_time\" content=\"2023-05-23T10:46:21+00:00\" \/>\r\n<meta name=\"author\" content=\"Ivana Brancaleone\" \/>\r\n<meta name=\"twitter:card\" content=\"summary_large_image\" \/>\r\n<meta name=\"twitter:label1\" content=\"Scritto da\" \/>\n\t<meta name=\"twitter:data1\" content=\"Ivana Brancaleone\" \/>\n\t<meta name=\"twitter:label2\" content=\"Tempo di lettura stimato\" \/>\n\t<meta name=\"twitter:data2\" content=\"2 minuti\" \/>\r\n<script type=\"application\/ld+json\" class=\"yoast-schema-graph\">{\"@context\":\"https:\\\/\\\/schema.org\",\"@graph\":[{\"@type\":\"Article\",\"@id\":\"https:\\\/\\\/www.studiobrancaleone.it\\\/news\\\/inail-riduzione-tasso-medio-prevenzione-2023\\\/#article\",\"isPartOf\":{\"@id\":\"https:\\\/\\\/www.studiobrancaleone.it\\\/news\\\/inail-riduzione-tasso-medio-prevenzione-2023\\\/\"},\"author\":{\"name\":\"Ivana Brancaleone\",\"@id\":\"https:\\\/\\\/www.studiobrancaleone.it\\\/news\\\/#\\\/schema\\\/person\\\/3df132515081baef5f0ea457e1dfcf6d\"},\"headline\":\"Inail, Riduzione tasso medio prevenzione 2023\",\"datePublished\":\"2022-09-12T07:49:22+00:00\",\"dateModified\":\"2023-05-23T10:46:21+00:00\",\"mainEntityOfPage\":{\"@id\":\"https:\\\/\\\/www.studiobrancaleone.it\\\/news\\\/inail-riduzione-tasso-medio-prevenzione-2023\\\/\"},\"wordCount\":346,\"publisher\":{\"@id\":\"https:\\\/\\\/www.studiobrancaleone.it\\\/news\\\/#organization\"},\"articleSection\":[\"Finanziamenti\"],\"inLanguage\":\"it-IT\"},{\"@type\":\"WebPage\",\"@id\":\"https:\\\/\\\/www.studiobrancaleone.it\\\/news\\\/inail-riduzione-tasso-medio-prevenzione-2023\\\/\",\"url\":\"https:\\\/\\\/www.studiobrancaleone.it\\\/news\\\/inail-riduzione-tasso-medio-prevenzione-2023\\\/\",\"name\":\"Inail, Riduzione tasso medio prevenzione 2023 &#060; Studio Brancaleone\",\"isPartOf\":{\"@id\":\"https:\\\/\\\/www.studiobrancaleone.it\\\/news\\\/#website\"},\"datePublished\":\"2022-09-12T07:49:22+00:00\",\"dateModified\":\"2023-05-23T10:46:21+00:00\",\"description\":\"L'Inail ha pubblicato il Modello di domanda per la riduzione del tasso medio di tariffa 2023 per interventi di prevenzione sicurezza.\",\"breadcrumb\":{\"@id\":\"https:\\\/\\\/www.studiobrancaleone.it\\\/news\\\/inail-riduzione-tasso-medio-prevenzione-2023\\\/#breadcrumb\"},\"inLanguage\":\"it-IT\",\"potentialAction\":[{\"@type\":\"ReadAction\",\"target\":[\"https:\\\/\\\/www.studiobrancaleone.it\\\/news\\\/inail-riduzione-tasso-medio-prevenzione-2023\\\/\"]}]},{\"@type\":\"BreadcrumbList\",\"@id\":\"https:\\\/\\\/www.studiobrancaleone.it\\\/news\\\/inail-riduzione-tasso-medio-prevenzione-2023\\\/#breadcrumb\",\"itemListElement\":[{\"@type\":\"ListItem\",\"position\":1,\"name\":\"Home\",\"item\":\"https:\\\/\\\/www.studiobrancaleone.it\\\/news\\\/\"},{\"@type\":\"ListItem\",\"position\":2,\"name\":\"Inail, Riduzione tasso medio prevenzione 2023\"}]},{\"@type\":\"WebSite\",\"@id\":\"https:\\\/\\\/www.studiobrancaleone.it\\\/news\\\/#website\",\"url\":\"https:\\\/\\\/www.studiobrancaleone.it\\\/news\\\/\",\"name\":\"Studio Brancaleone\",\"description\":\"Notizie giuridiche aggiornate regolarmente\",\"publisher\":{\"@id\":\"https:\\\/\\\/www.studiobrancaleone.it\\\/news\\\/#organization\"},\"potentialAction\":[{\"@type\":\"SearchAction\",\"target\":{\"@type\":\"EntryPoint\",\"urlTemplate\":\"https:\\\/\\\/www.studiobrancaleone.it\\\/news\\\/?s={search_term_string}\"},\"query-input\":{\"@type\":\"PropertyValueSpecification\",\"valueRequired\":true,\"valueName\":\"search_term_string\"}}],\"inLanguage\":\"it-IT\"},{\"@type\":\"Organization\",\"@id\":\"https:\\\/\\\/www.studiobrancaleone.it\\\/news\\\/#organization\",\"name\":\"Studio Brancaleone\",\"url\":\"https:\\\/\\\/www.studiobrancaleone.it\\\/news\\\/\",\"logo\":{\"@type\":\"ImageObject\",\"inLanguage\":\"it-IT\",\"@id\":\"https:\\\/\\\/www.studiobrancaleone.it\\\/news\\\/#\\\/schema\\\/logo\\\/image\\\/\",\"url\":\"https:\\\/\\\/www.studiobrancaleone.it\\\/news\\\/wp-content\\\/uploads\\\/2025\\\/02\\\/Testata-sito-scaled.webp\",\"contentUrl\":\"https:\\\/\\\/www.studiobrancaleone.it\\\/news\\\/wp-content\\\/uploads\\\/2025\\\/02\\\/Testata-sito-scaled.webp\",\"width\":2560,\"height\":481,\"caption\":\"Studio Brancaleone\"},\"image\":{\"@id\":\"https:\\\/\\\/www.studiobrancaleone.it\\\/news\\\/#\\\/schema\\\/logo\\\/image\\\/\"}},{\"@type\":\"Person\",\"@id\":\"https:\\\/\\\/www.studiobrancaleone.it\\\/news\\\/#\\\/schema\\\/person\\\/3df132515081baef5f0ea457e1dfcf6d\",\"name\":\"Ivana Brancaleone\",\"image\":{\"@type\":\"ImageObject\",\"inLanguage\":\"it-IT\",\"@id\":\"https:\\\/\\\/secure.gravatar.com\\\/avatar\\\/9f6d2be41a5115d34c5114a0a78ade583fa3a3bd63a144dfc88c9da356eca16c?s=96&d=mm&r=g\",\"url\":\"https:\\\/\\\/secure.gravatar.com\\\/avatar\\\/9f6d2be41a5115d34c5114a0a78ade583fa3a3bd63a144dfc88c9da356eca16c?s=96&d=mm&r=g\",\"contentUrl\":\"https:\\\/\\\/secure.gravatar.com\\\/avatar\\\/9f6d2be41a5115d34c5114a0a78ade583fa3a3bd63a144dfc88c9da356eca16c?s=96&d=mm&r=g\",\"caption\":\"Ivana Brancaleone\"},\"url\":\"https:\\\/\\\/www.studiobrancaleone.it\\\/news\\\/author\\\/ivanbra\\\/\"}]}<\/script>\r\n<!-- \/ Yoast SEO plugin. -->","yoast_head_json":{"title":"Inail, Riduzione tasso medio prevenzione 2023 &#060; Studio Brancaleone","description":"L'Inail ha pubblicato il Modello di domanda per la riduzione del tasso medio di tariffa 2023 per interventi di prevenzione sicurezza.","robots":{"index":"index","follow":"follow","max-snippet":"max-snippet:-1","max-image-preview":"max-image-preview:large","max-video-preview":"max-video-preview:-1"},"canonical":"https:\/\/www.studiobrancaleone.it\/news\/inail-riduzione-tasso-medio-prevenzione-2023\/","og_locale":"it_IT","og_type":"article","og_title":"Inail, Riduzione tasso medio prevenzione 2023 &#060; Studio Brancaleone","og_description":"L'Inail ha pubblicato il Modello di domanda per la riduzione del tasso medio di tariffa 2023 per interventi di prevenzione sicurezza.","og_url":"https:\/\/www.studiobrancaleone.it\/news\/inail-riduzione-tasso-medio-prevenzione-2023\/","og_site_name":"Studio Brancaleone","article_published_time":"2022-09-12T07:49:22+00:00","article_modified_time":"2023-05-23T10:46:21+00:00","author":"Ivana Brancaleone","twitter_card":"summary_large_image","twitter_misc":{"Scritto da":"Ivana Brancaleone","Tempo di lettura stimato":"2 minuti"},"schema":{"@context":"https:\/\/schema.org","@graph":[{"@type":"Article","@id":"https:\/\/www.studiobrancaleone.it\/news\/inail-riduzione-tasso-medio-prevenzione-2023\/#article","isPartOf":{"@id":"https:\/\/www.studiobrancaleone.it\/news\/inail-riduzione-tasso-medio-prevenzione-2023\/"},"author":{"name":"Ivana Brancaleone","@id":"https:\/\/www.studiobrancaleone.it\/news\/#\/schema\/person\/3df132515081baef5f0ea457e1dfcf6d"},"headline":"Inail, Riduzione tasso medio prevenzione 2023","datePublished":"2022-09-12T07:49:22+00:00","dateModified":"2023-05-23T10:46:21+00:00","mainEntityOfPage":{"@id":"https:\/\/www.studiobrancaleone.it\/news\/inail-riduzione-tasso-medio-prevenzione-2023\/"},"wordCount":346,"publisher":{"@id":"https:\/\/www.studiobrancaleone.it\/news\/#organization"},"articleSection":["Finanziamenti"],"inLanguage":"it-IT"},{"@type":"WebPage","@id":"https:\/\/www.studiobrancaleone.it\/news\/inail-riduzione-tasso-medio-prevenzione-2023\/","url":"https:\/\/www.studiobrancaleone.it\/news\/inail-riduzione-tasso-medio-prevenzione-2023\/","name":"Inail, Riduzione tasso medio prevenzione 2023 &#060; Studio Brancaleone","isPartOf":{"@id":"https:\/\/www.studiobrancaleone.it\/news\/#website"},"datePublished":"2022-09-12T07:49:22+00:00","dateModified":"2023-05-23T10:46:21+00:00","description":"L'Inail ha pubblicato il Modello di domanda per la riduzione del tasso medio di tariffa 2023 per interventi di prevenzione sicurezza.","breadcrumb":{"@id":"https:\/\/www.studiobrancaleone.it\/news\/inail-riduzione-tasso-medio-prevenzione-2023\/#breadcrumb"},"inLanguage":"it-IT","potentialAction":[{"@type":"ReadAction","target":["https:\/\/www.studiobrancaleone.it\/news\/inail-riduzione-tasso-medio-prevenzione-2023\/"]}]},{"@type":"BreadcrumbList","@id":"https:\/\/www.studiobrancaleone.it\/news\/inail-riduzione-tasso-medio-prevenzione-2023\/#breadcrumb","itemListElement":[{"@type":"ListItem","position":1,"name":"Home","item":"https:\/\/www.studiobrancaleone.it\/news\/"},{"@type":"ListItem","position":2,"name":"Inail, Riduzione tasso medio prevenzione 2023"}]},{"@type":"WebSite","@id":"https:\/\/www.studiobrancaleone.it\/news\/#website","url":"https:\/\/www.studiobrancaleone.it\/news\/","name":"Studio Brancaleone","description":"Notizie giuridiche aggiornate regolarmente","publisher":{"@id":"https:\/\/www.studiobrancaleone.it\/news\/#organization"},"potentialAction":[{"@type":"SearchAction","target":{"@type":"EntryPoint","urlTemplate":"https:\/\/www.studiobrancaleone.it\/news\/?s={search_term_string}"},"query-input":{"@type":"PropertyValueSpecification","valueRequired":true,"valueName":"search_term_string"}}],"inLanguage":"it-IT"},{"@type":"Organization","@id":"https:\/\/www.studiobrancaleone.it\/news\/#organization","name":"Studio Brancaleone","url":"https:\/\/www.studiobrancaleone.it\/news\/","logo":{"@type":"ImageObject","inLanguage":"it-IT","@id":"https:\/\/www.studiobrancaleone.it\/news\/#\/schema\/logo\/image\/","url":"https:\/\/www.studiobrancaleone.it\/news\/wp-content\/uploads\/2025\/02\/Testata-sito-scaled.webp","contentUrl":"https:\/\/www.studiobrancaleone.it\/news\/wp-content\/uploads\/2025\/02\/Testata-sito-scaled.webp","width":2560,"height":481,"caption":"Studio Brancaleone"},"image":{"@id":"https:\/\/www.studiobrancaleone.it\/news\/#\/schema\/logo\/image\/"}},{"@type":"Person","@id":"https:\/\/www.studiobrancaleone.it\/news\/#\/schema\/person\/3df132515081baef5f0ea457e1dfcf6d","name":"Ivana Brancaleone","image":{"@type":"ImageObject","inLanguage":"it-IT","@id":"https:\/\/secure.gravatar.com\/avatar\/9f6d2be41a5115d34c5114a0a78ade583fa3a3bd63a144dfc88c9da356eca16c?s=96&d=mm&r=g","url":"https:\/\/secure.gravatar.com\/avatar\/9f6d2be41a5115d34c5114a0a78ade583fa3a3bd63a144dfc88c9da356eca16c?s=96&d=mm&r=g","contentUrl":"https:\/\/secure.gravatar.com\/avatar\/9f6d2be41a5115d34c5114a0a78ade583fa3a3bd63a144dfc88c9da356eca16c?s=96&d=mm&r=g","caption":"Ivana Brancaleone"},"url":"https:\/\/www.studiobrancaleone.it\/news\/author\/ivanbra\/"}]}},"uagb_featured_image_src":{"full":false,"thumbnail":false,"medium":false,"medium_large":false,"large":false,"1536x1536":false,"2048x2048":false},"uagb_author_info":{"display_name":"Ivana Brancaleone","author_link":"https:\/\/www.studiobrancaleone.it\/news\/author\/ivanbra\/"},"uagb_comment_info":0,"uagb_excerpt":"L&#8217;Inail ha pubblicato nel proprio sito il Modello di domanda per la riduzione del tasso medio di tariffa per prevenzione per l\u2019anno 2023, in relazione agli interventi per la prevenzione e la tutela della salute e sicurezza nei luoghi di lavoro adottati dalle aziende nel corso del 2022, che prevedono uno sconto del premio assicurativo&hellip;","_links":{"self":[{"href":"https:\/\/www.studiobrancaleone.it\/news\/wp-json\/wp\/v2\/posts\/4833","targetHints":{"allow":["GET"]}}],"collection":[{"href":"https:\/\/www.studiobrancaleone.it\/news\/wp-json\/wp\/v2\/posts"}],"about":[{"href":"https:\/\/www.studiobrancaleone.it\/news\/wp-json\/wp\/v2\/types\/post"}],"author":[{"embeddable":true,"href":"https:\/\/www.studiobrancaleone.it\/news\/wp-json\/wp\/v2\/users\/2"}],"replies":[{"embeddable":true,"href":"https:\/\/www.studiobrancaleone.it\/news\/wp-json\/wp\/v2\/comments?post=4833"}],"version-history":[{"count":0,"href":"https:\/\/www.studiobrancaleone.it\/news\/wp-json\/wp\/v2\/posts\/4833\/revisions"}],"wp:attachment":[{"href":"https:\/\/www.studiobrancaleone.it\/news\/wp-json\/wp\/v2\/media?parent=4833"}],"wp:term":[{"taxonomy":"category","embeddable":true,"href":"https:\/\/www.studiobrancaleone.it\/news\/wp-json\/wp\/v2\/categories?post=4833"},{"taxonomy":"post_tag","embeddable":true,"href":"https:\/\/www.studiobrancaleone.it\/news\/wp-json\/wp\/v2\/tags?post=4833"}],"curies":[{"name":"wp","href":"https:\/\/api.w.org\/{rel}","templated":true}]}}