{"id":6382,"date":"2022-12-01T12:05:22","date_gmt":"2022-12-01T11:05:22","guid":{"rendered":"https:\/\/www.studiobrancaleone.it\/news\/?p=6382"},"modified":"2022-12-01T12:25:08","modified_gmt":"2022-12-01T11:25:08","slug":"mase-chiarimenti-su-attivita-di-depurazione-e-aia","status":"publish","type":"post","link":"https:\/\/www.studiobrancaleone.it\/news\/mase-chiarimenti-su-attivita-di-depurazione-e-aia\/","title":{"rendered":"MASE, chiarimenti su attivit\u00e0 di depurazione e Aia"},"content":{"rendered":"\n<p>Il MASE, in risposta ad interpello, fornisce chiarimenti in merito ad <strong>attivit\u00e0 di depurazione di reflui collettati tramite due distinte reti fognarie<\/strong> ad un impianto di trattamento con una delle due reti fognarie che, oltre a convogliare reflui urbani, colletta anche reflui industriali.<\/p>\n\n\n\n<p>In particolare, il MASE risponde ad una istanza di <strong>interpello n. 147204 del 24 novembre 2022<\/strong> di un Comune che ha chiesto come classificare le attivit\u00e0 di depurazione di reflui collettati tramite due distinte reti fognarie ad un impianto di trattamento assoggettato alle norme di recepimento della direttiva comunitaria 91\/271\/CEE, in considerazione del fatto che una delle due reti fognarie, oltre a convogliare reflui urbani, colletta anche reflui industriali che rispettano le specifiche di conferibilit\u00e0 specificate nell\u2019articolo 107, comma 1, del DLgs 152\/06.<\/p>\n\n\n\n<p>Il Ministero innanzitutto precisa che l\u2019assoggettamento alla disciplina di recepimento della direttiva 91\/271\/CEE <strong>non esclude<\/strong> di per s\u00e9 l\u2019assoggettamento anche alla disciplina IED.<\/p>\n\n\n\n<p>Ci\u00f2 premesso, ove al depuratore siano convogliate <strong>esclusivamente acque soggette alla disciplina di recepimento della direttiva 91\/271\/CEE<\/strong>, le attivit\u00e0 di depurazione non si configurano nella categoria 6.11 e pertanto <strong>l\u2019AIA non \u00e8 necessaria <\/strong>a esercire il depuratore.<\/p>\n\n\n\n<p>Difatti, alla lettera i) del comma 1 dell\u2019articolo 74 del TUA, <strong>non appare alcun riferimento alla necessaria prevalenza di un tipo di acqu<\/strong>e (domestiche, industriali o di dilavamento) per poter connotare la qualifica di acque reflue urbane. Pertanto l\u2019elemento indicato (prevalenza di acque reflue industriali) appare inessenziale per decidere se ricomprendere il depuratore dalla categoria 6.11.<\/p>\n\n\n\n<p>Diversamente, nel caso in cui al <strong>medesimo depuratore<\/strong> pervengano (attraverso distinti sistemi di collettamento) <strong>acque reflue urbane<\/strong> (soggette a direttiva 91\/271\/CEE) e <strong>diverse acque di scarico<\/strong> (non soggette a tale direttiva, quali ad esempio un miscuglio di acque industriali non assimilate a reflui urbani e acque domestiche) provenienti anche da impianti soggetti ad AIA, <strong>nulla osta che l\u2019intero depuratore sia assoggettato ad AIA<\/strong> (considerato che tale autorizzazione sostituisce l\u2019autorizzazione allo scarico) considerando quindi la linea di trattamento dei reflui urbani come una unit\u00e0 tecnicamente connessa all\u2019attivit\u00e0 6.11 di trattamento dei reflui industriali.<\/p>\n\n\n\n<p>In <strong>alternativa<\/strong>, le due linee di trattamento possono essere considerate non tecnicamente connesse, e quindi <strong>oggetto di distinte autorizzazioni <\/strong>(una con riferimento alla direttiva 91\/271\/CEE e l\u2019altra una AIA). Ci\u00f2 \u00e8 senz\u2019altro necessario se non sono coinsediate. <\/p>\n\n\n\n<p>Il rilascio di due <strong>distinte autorizzazioni<\/strong> \u00e8 altres\u00ec previsto se la funzionalit\u00e0 della prima linea di trattamento (per i reflui urbani) non \u00e8 suscettibile di influenzare il funzionamento dell\u2019attivit\u00e0 6.11, o comunque se esiste un disaccoppiamento tra il funzionamento delle due linee.<\/p>\n\n\n\n<hr class=\"wp-block-separator has-alpha-channel-opacity\"\/>\n\n\n\n<hr class=\"wp-block-separator has-text-color has-ast-global-color-0-color has-alpha-channel-opacity has-ast-global-color-0-background-color has-background is-style-wide\"\/>\n\n\n\n<p><strong><a href=\"https:\/\/www.mite.gov.it\/sites\/default\/files\/archivio\/allegati\/interpello_ambientale\/VA\/prot_147204_24.11.2022.pdf\" target=\"_blank\" rel=\"noreferrer noopener\">MASE, interpello 24 novembre 2022, n. 147204<\/a><\/strong><br><em>Interpello ambientale, ai sensi dell&#8217;art. 3 septies del D.lgs. 152\/2006, in ordine alla identificazione di attivit\u00e0 ricadenti nella categoria 6.11 dell&#8217;allegato VIII alla Parte Seconda del D.Lgs. 152\/06<\/em><\/p>\n","protected":false},"excerpt":{"rendered":"<p>Il MASE, in risposta ad interpello, fornisce chiarimenti in merito ad attivit\u00e0 di depurazione di reflui collettati tramite due distinte reti fognarie ad un impianto di trattamento con una delle due reti fognarie che, oltre a convogliare reflui urbani, colletta anche reflui industriali. In particolare, il MASE risponde ad una istanza di interpello n. 147204 [&hellip;]<\/p>\n","protected":false},"author":1,"featured_media":0,"comment_status":"closed","ping_status":"open","sticky":false,"template":"","format":"standard","meta":{"_uag_custom_page_level_css":"","site-sidebar-layout":"default","site-content-layout":"","ast-site-content-layout":"default","site-content-style":"default","site-sidebar-style":"default","ast-global-header-display":"","ast-banner-title-visibility":"","ast-main-header-display":"","ast-hfb-above-header-display":"","ast-hfb-below-header-display":"","ast-hfb-mobile-header-display":"","site-post-title":"","ast-breadcrumbs-content":"","ast-featured-img":"","footer-sml-layout":"","ast-disable-related-posts":"","theme-transparent-header-meta":"","adv-header-id-meta":"","stick-header-meta":"","header-above-stick-meta":"","header-main-stick-meta":"","header-below-stick-meta":"","astra-migrate-meta-layouts":"default","ast-page-background-enabled":"default","ast-page-background-meta":{"desktop":{"background-color":"var(--ast-global-color-4)","background-image":"","background-repeat":"repeat","background-position":"center center","background-size":"auto","background-attachment":"scroll","background-type":"","background-media":"","overlay-type":"","overlay-color":"","overlay-opacity":"","overlay-gradient":""},"tablet":{"background-color":"","background-image":"","background-repeat":"repeat","background-position":"center center","background-size":"auto","background-attachment":"scroll","background-type":"","background-media":"","overlay-type":"","overlay-color":"","overlay-opacity":"","overlay-gradient":""},"mobile":{"background-color":"","background-image":"","background-repeat":"repeat","background-position":"center center","background-size":"auto","background-attachment":"scroll","background-type":"","background-media":"","overlay-type":"","overlay-color":"","overlay-opacity":"","overlay-gradient":""}},"ast-content-background-meta":{"desktop":{"background-color":"var(--ast-global-color-5)","background-image":"","background-repeat":"repeat","background-position":"center center","background-size":"auto","background-attachment":"scroll","background-type":"","background-media":"","overlay-type":"","overlay-color":"","overlay-opacity":"","overlay-gradient":""},"tablet":{"background-color":"var(--ast-global-color-5)","background-image":"","background-repeat":"repeat","background-position":"center center","background-size":"auto","background-attachment":"scroll","background-type":"","background-media":"","overlay-type":"","overlay-color":"","overlay-opacity":"","overlay-gradient":""},"mobile":{"background-color":"var(--ast-global-color-5)","background-image":"","background-repeat":"repeat","background-position":"center center","background-size":"auto","background-attachment":"scroll","background-type":"","background-media":"","overlay-type":"","overlay-color":"","overlay-opacity":"","overlay-gradient":""}},"footnotes":""},"categories":[4],"tags":[96,54],"class_list":["post-6382","post","type-post","status-publish","format-standard","hentry","category-nazionali-ue","tag-acque","tag-aia"],"yoast_head":"<!-- This site is optimized with the Yoast SEO plugin v27.5 - https:\/\/yoast.com\/product\/yoast-seo-wordpress\/ -->\r\n<title>MASE, chiarimenti su attivit\u00e0 di depurazione e Aia &#060; Studio Brancaleone<\/title>\r\n<meta name=\"robots\" content=\"index, follow, max-snippet:-1, max-image-preview:large, max-video-preview:-1\" \/>\r\n<link rel=\"canonical\" href=\"https:\/\/www.studiobrancaleone.it\/news\/mase-chiarimenti-su-attivita-di-depurazione-e-aia\/\" \/>\r\n<meta property=\"og:locale\" content=\"it_IT\" \/>\r\n<meta property=\"og:type\" content=\"article\" \/>\r\n<meta property=\"og:title\" content=\"MASE, chiarimenti su attivit\u00e0 di depurazione e Aia &#060; Studio Brancaleone\" \/>\r\n<meta property=\"og:description\" content=\"Il MASE, in risposta ad interpello, fornisce chiarimenti in merito ad attivit\u00e0 di depurazione di reflui collettati tramite due distinte reti fognarie ad un impianto di trattamento con una delle due reti fognarie che, oltre a convogliare reflui urbani, colletta anche reflui industriali. In particolare, il MASE risponde ad una istanza di interpello n. 147204 [&hellip;]\" \/>\r\n<meta property=\"og:url\" content=\"https:\/\/www.studiobrancaleone.it\/news\/mase-chiarimenti-su-attivita-di-depurazione-e-aia\/\" \/>\r\n<meta property=\"og:site_name\" content=\"Studio Brancaleone\" \/>\r\n<meta property=\"article:published_time\" content=\"2022-12-01T11:05:22+00:00\" \/>\r\n<meta property=\"article:modified_time\" content=\"2022-12-01T11:25:08+00:00\" \/>\r\n<meta name=\"author\" content=\"Giorgio Ferrari\" \/>\r\n<meta name=\"twitter:card\" content=\"summary_large_image\" \/>\r\n<meta name=\"twitter:label1\" content=\"Scritto da\" \/>\n\t<meta name=\"twitter:data1\" content=\"Giorgio Ferrari\" \/>\n\t<meta name=\"twitter:label2\" content=\"Tempo di lettura stimato\" \/>\n\t<meta name=\"twitter:data2\" content=\"3 minuti\" \/>\r\n<script type=\"application\/ld+json\" class=\"yoast-schema-graph\">{\"@context\":\"https:\\\/\\\/schema.org\",\"@graph\":[{\"@type\":\"Article\",\"@id\":\"https:\\\/\\\/www.studiobrancaleone.it\\\/news\\\/mase-chiarimenti-su-attivita-di-depurazione-e-aia\\\/#article\",\"isPartOf\":{\"@id\":\"https:\\\/\\\/www.studiobrancaleone.it\\\/news\\\/mase-chiarimenti-su-attivita-di-depurazione-e-aia\\\/\"},\"author\":{\"name\":\"Giorgio Ferrari\",\"@id\":\"https:\\\/\\\/www.studiobrancaleone.it\\\/news\\\/#\\\/schema\\\/person\\\/da5920864810e22fb65389a0a5cff7e3\"},\"headline\":\"MASE, chiarimenti su attivit\u00e0 di depurazione e Aia\",\"datePublished\":\"2022-12-01T11:05:22+00:00\",\"dateModified\":\"2022-12-01T11:25:08+00:00\",\"mainEntityOfPage\":{\"@id\":\"https:\\\/\\\/www.studiobrancaleone.it\\\/news\\\/mase-chiarimenti-su-attivita-di-depurazione-e-aia\\\/\"},\"wordCount\":449,\"publisher\":{\"@id\":\"https:\\\/\\\/www.studiobrancaleone.it\\\/news\\\/#organization\"},\"keywords\":[\"Acque\",\"Aia-Ippc\"],\"articleSection\":[\"Nazionali\\\/Ue\"],\"inLanguage\":\"it-IT\"},{\"@type\":\"WebPage\",\"@id\":\"https:\\\/\\\/www.studiobrancaleone.it\\\/news\\\/mase-chiarimenti-su-attivita-di-depurazione-e-aia\\\/\",\"url\":\"https:\\\/\\\/www.studiobrancaleone.it\\\/news\\\/mase-chiarimenti-su-attivita-di-depurazione-e-aia\\\/\",\"name\":\"MASE, chiarimenti su attivit\u00e0 di depurazione e Aia &#060; Studio Brancaleone\",\"isPartOf\":{\"@id\":\"https:\\\/\\\/www.studiobrancaleone.it\\\/news\\\/#website\"},\"datePublished\":\"2022-12-01T11:05:22+00:00\",\"dateModified\":\"2022-12-01T11:25:08+00:00\",\"breadcrumb\":{\"@id\":\"https:\\\/\\\/www.studiobrancaleone.it\\\/news\\\/mase-chiarimenti-su-attivita-di-depurazione-e-aia\\\/#breadcrumb\"},\"inLanguage\":\"it-IT\",\"potentialAction\":[{\"@type\":\"ReadAction\",\"target\":[\"https:\\\/\\\/www.studiobrancaleone.it\\\/news\\\/mase-chiarimenti-su-attivita-di-depurazione-e-aia\\\/\"]}]},{\"@type\":\"BreadcrumbList\",\"@id\":\"https:\\\/\\\/www.studiobrancaleone.it\\\/news\\\/mase-chiarimenti-su-attivita-di-depurazione-e-aia\\\/#breadcrumb\",\"itemListElement\":[{\"@type\":\"ListItem\",\"position\":1,\"name\":\"Home\",\"item\":\"https:\\\/\\\/www.studiobrancaleone.it\\\/news\\\/\"},{\"@type\":\"ListItem\",\"position\":2,\"name\":\"MASE, chiarimenti su attivit\u00e0 di depurazione e Aia\"}]},{\"@type\":\"WebSite\",\"@id\":\"https:\\\/\\\/www.studiobrancaleone.it\\\/news\\\/#website\",\"url\":\"https:\\\/\\\/www.studiobrancaleone.it\\\/news\\\/\",\"name\":\"Studio Brancaleone\",\"description\":\"Notizie giuridiche aggiornate regolarmente\",\"publisher\":{\"@id\":\"https:\\\/\\\/www.studiobrancaleone.it\\\/news\\\/#organization\"},\"potentialAction\":[{\"@type\":\"SearchAction\",\"target\":{\"@type\":\"EntryPoint\",\"urlTemplate\":\"https:\\\/\\\/www.studiobrancaleone.it\\\/news\\\/?s={search_term_string}\"},\"query-input\":{\"@type\":\"PropertyValueSpecification\",\"valueRequired\":true,\"valueName\":\"search_term_string\"}}],\"inLanguage\":\"it-IT\"},{\"@type\":\"Organization\",\"@id\":\"https:\\\/\\\/www.studiobrancaleone.it\\\/news\\\/#organization\",\"name\":\"Studio Brancaleone\",\"url\":\"https:\\\/\\\/www.studiobrancaleone.it\\\/news\\\/\",\"logo\":{\"@type\":\"ImageObject\",\"inLanguage\":\"it-IT\",\"@id\":\"https:\\\/\\\/www.studiobrancaleone.it\\\/news\\\/#\\\/schema\\\/logo\\\/image\\\/\",\"url\":\"https:\\\/\\\/www.studiobrancaleone.it\\\/news\\\/wp-content\\\/uploads\\\/2025\\\/02\\\/Testata-sito-scaled.webp\",\"contentUrl\":\"https:\\\/\\\/www.studiobrancaleone.it\\\/news\\\/wp-content\\\/uploads\\\/2025\\\/02\\\/Testata-sito-scaled.webp\",\"width\":2560,\"height\":481,\"caption\":\"Studio Brancaleone\"},\"image\":{\"@id\":\"https:\\\/\\\/www.studiobrancaleone.it\\\/news\\\/#\\\/schema\\\/logo\\\/image\\\/\"}},{\"@type\":\"Person\",\"@id\":\"https:\\\/\\\/www.studiobrancaleone.it\\\/news\\\/#\\\/schema\\\/person\\\/da5920864810e22fb65389a0a5cff7e3\",\"name\":\"Giorgio Ferrari\",\"image\":{\"@type\":\"ImageObject\",\"inLanguage\":\"it-IT\",\"@id\":\"https:\\\/\\\/secure.gravatar.com\\\/avatar\\\/e5a8c666e3c03788ccd80843664b7c6eb2fb548eb37bb5cd6598134bf5d56ae1?s=96&d=mm&r=g\",\"url\":\"https:\\\/\\\/secure.gravatar.com\\\/avatar\\\/e5a8c666e3c03788ccd80843664b7c6eb2fb548eb37bb5cd6598134bf5d56ae1?s=96&d=mm&r=g\",\"contentUrl\":\"https:\\\/\\\/secure.gravatar.com\\\/avatar\\\/e5a8c666e3c03788ccd80843664b7c6eb2fb548eb37bb5cd6598134bf5d56ae1?s=96&d=mm&r=g\",\"caption\":\"Giorgio Ferrari\"},\"sameAs\":[\"https:\\\/\\\/www.studiobrancaleone.it\\\/news\"],\"url\":\"https:\\\/\\\/www.studiobrancaleone.it\\\/news\\\/author\\\/giorfer\\\/\"}]}<\/script>\r\n<!-- \/ Yoast SEO plugin. -->","yoast_head_json":{"title":"MASE, chiarimenti su attivit\u00e0 di depurazione e Aia &#060; Studio Brancaleone","robots":{"index":"index","follow":"follow","max-snippet":"max-snippet:-1","max-image-preview":"max-image-preview:large","max-video-preview":"max-video-preview:-1"},"canonical":"https:\/\/www.studiobrancaleone.it\/news\/mase-chiarimenti-su-attivita-di-depurazione-e-aia\/","og_locale":"it_IT","og_type":"article","og_title":"MASE, chiarimenti su attivit\u00e0 di depurazione e Aia &#060; Studio Brancaleone","og_description":"Il MASE, in risposta ad interpello, fornisce chiarimenti in merito ad attivit\u00e0 di depurazione di reflui collettati tramite due distinte reti fognarie ad un impianto di trattamento con una delle due reti fognarie che, oltre a convogliare reflui urbani, colletta anche reflui industriali. In particolare, il MASE risponde ad una istanza di interpello n. 147204 [&hellip;]","og_url":"https:\/\/www.studiobrancaleone.it\/news\/mase-chiarimenti-su-attivita-di-depurazione-e-aia\/","og_site_name":"Studio Brancaleone","article_published_time":"2022-12-01T11:05:22+00:00","article_modified_time":"2022-12-01T11:25:08+00:00","author":"Giorgio Ferrari","twitter_card":"summary_large_image","twitter_misc":{"Scritto da":"Giorgio Ferrari","Tempo di lettura stimato":"3 minuti"},"schema":{"@context":"https:\/\/schema.org","@graph":[{"@type":"Article","@id":"https:\/\/www.studiobrancaleone.it\/news\/mase-chiarimenti-su-attivita-di-depurazione-e-aia\/#article","isPartOf":{"@id":"https:\/\/www.studiobrancaleone.it\/news\/mase-chiarimenti-su-attivita-di-depurazione-e-aia\/"},"author":{"name":"Giorgio Ferrari","@id":"https:\/\/www.studiobrancaleone.it\/news\/#\/schema\/person\/da5920864810e22fb65389a0a5cff7e3"},"headline":"MASE, chiarimenti su attivit\u00e0 di depurazione e Aia","datePublished":"2022-12-01T11:05:22+00:00","dateModified":"2022-12-01T11:25:08+00:00","mainEntityOfPage":{"@id":"https:\/\/www.studiobrancaleone.it\/news\/mase-chiarimenti-su-attivita-di-depurazione-e-aia\/"},"wordCount":449,"publisher":{"@id":"https:\/\/www.studiobrancaleone.it\/news\/#organization"},"keywords":["Acque","Aia-Ippc"],"articleSection":["Nazionali\/Ue"],"inLanguage":"it-IT"},{"@type":"WebPage","@id":"https:\/\/www.studiobrancaleone.it\/news\/mase-chiarimenti-su-attivita-di-depurazione-e-aia\/","url":"https:\/\/www.studiobrancaleone.it\/news\/mase-chiarimenti-su-attivita-di-depurazione-e-aia\/","name":"MASE, chiarimenti su attivit\u00e0 di depurazione e Aia &#060; Studio Brancaleone","isPartOf":{"@id":"https:\/\/www.studiobrancaleone.it\/news\/#website"},"datePublished":"2022-12-01T11:05:22+00:00","dateModified":"2022-12-01T11:25:08+00:00","breadcrumb":{"@id":"https:\/\/www.studiobrancaleone.it\/news\/mase-chiarimenti-su-attivita-di-depurazione-e-aia\/#breadcrumb"},"inLanguage":"it-IT","potentialAction":[{"@type":"ReadAction","target":["https:\/\/www.studiobrancaleone.it\/news\/mase-chiarimenti-su-attivita-di-depurazione-e-aia\/"]}]},{"@type":"BreadcrumbList","@id":"https:\/\/www.studiobrancaleone.it\/news\/mase-chiarimenti-su-attivita-di-depurazione-e-aia\/#breadcrumb","itemListElement":[{"@type":"ListItem","position":1,"name":"Home","item":"https:\/\/www.studiobrancaleone.it\/news\/"},{"@type":"ListItem","position":2,"name":"MASE, chiarimenti su attivit\u00e0 di depurazione e Aia"}]},{"@type":"WebSite","@id":"https:\/\/www.studiobrancaleone.it\/news\/#website","url":"https:\/\/www.studiobrancaleone.it\/news\/","name":"Studio Brancaleone","description":"Notizie giuridiche aggiornate regolarmente","publisher":{"@id":"https:\/\/www.studiobrancaleone.it\/news\/#organization"},"potentialAction":[{"@type":"SearchAction","target":{"@type":"EntryPoint","urlTemplate":"https:\/\/www.studiobrancaleone.it\/news\/?s={search_term_string}"},"query-input":{"@type":"PropertyValueSpecification","valueRequired":true,"valueName":"search_term_string"}}],"inLanguage":"it-IT"},{"@type":"Organization","@id":"https:\/\/www.studiobrancaleone.it\/news\/#organization","name":"Studio Brancaleone","url":"https:\/\/www.studiobrancaleone.it\/news\/","logo":{"@type":"ImageObject","inLanguage":"it-IT","@id":"https:\/\/www.studiobrancaleone.it\/news\/#\/schema\/logo\/image\/","url":"https:\/\/www.studiobrancaleone.it\/news\/wp-content\/uploads\/2025\/02\/Testata-sito-scaled.webp","contentUrl":"https:\/\/www.studiobrancaleone.it\/news\/wp-content\/uploads\/2025\/02\/Testata-sito-scaled.webp","width":2560,"height":481,"caption":"Studio Brancaleone"},"image":{"@id":"https:\/\/www.studiobrancaleone.it\/news\/#\/schema\/logo\/image\/"}},{"@type":"Person","@id":"https:\/\/www.studiobrancaleone.it\/news\/#\/schema\/person\/da5920864810e22fb65389a0a5cff7e3","name":"Giorgio Ferrari","image":{"@type":"ImageObject","inLanguage":"it-IT","@id":"https:\/\/secure.gravatar.com\/avatar\/e5a8c666e3c03788ccd80843664b7c6eb2fb548eb37bb5cd6598134bf5d56ae1?s=96&d=mm&r=g","url":"https:\/\/secure.gravatar.com\/avatar\/e5a8c666e3c03788ccd80843664b7c6eb2fb548eb37bb5cd6598134bf5d56ae1?s=96&d=mm&r=g","contentUrl":"https:\/\/secure.gravatar.com\/avatar\/e5a8c666e3c03788ccd80843664b7c6eb2fb548eb37bb5cd6598134bf5d56ae1?s=96&d=mm&r=g","caption":"Giorgio Ferrari"},"sameAs":["https:\/\/www.studiobrancaleone.it\/news"],"url":"https:\/\/www.studiobrancaleone.it\/news\/author\/giorfer\/"}]}},"uagb_featured_image_src":{"full":false,"thumbnail":false,"medium":false,"medium_large":false,"large":false,"1536x1536":false,"2048x2048":false},"uagb_author_info":{"display_name":"Giorgio Ferrari","author_link":"https:\/\/www.studiobrancaleone.it\/news\/author\/giorfer\/"},"uagb_comment_info":0,"uagb_excerpt":"Il MASE, in risposta ad interpello, fornisce chiarimenti in merito ad attivit\u00e0 di depurazione di reflui collettati tramite due distinte reti fognarie ad un impianto di trattamento con una delle due reti fognarie che, oltre a convogliare reflui urbani, colletta anche reflui industriali. In particolare, il MASE risponde ad una istanza di interpello n. 147204&hellip;","_links":{"self":[{"href":"https:\/\/www.studiobrancaleone.it\/news\/wp-json\/wp\/v2\/posts\/6382","targetHints":{"allow":["GET"]}}],"collection":[{"href":"https:\/\/www.studiobrancaleone.it\/news\/wp-json\/wp\/v2\/posts"}],"about":[{"href":"https:\/\/www.studiobrancaleone.it\/news\/wp-json\/wp\/v2\/types\/post"}],"author":[{"embeddable":true,"href":"https:\/\/www.studiobrancaleone.it\/news\/wp-json\/wp\/v2\/users\/1"}],"replies":[{"embeddable":true,"href":"https:\/\/www.studiobrancaleone.it\/news\/wp-json\/wp\/v2\/comments?post=6382"}],"version-history":[{"count":0,"href":"https:\/\/www.studiobrancaleone.it\/news\/wp-json\/wp\/v2\/posts\/6382\/revisions"}],"wp:attachment":[{"href":"https:\/\/www.studiobrancaleone.it\/news\/wp-json\/wp\/v2\/media?parent=6382"}],"wp:term":[{"taxonomy":"category","embeddable":true,"href":"https:\/\/www.studiobrancaleone.it\/news\/wp-json\/wp\/v2\/categories?post=6382"},{"taxonomy":"post_tag","embeddable":true,"href":"https:\/\/www.studiobrancaleone.it\/news\/wp-json\/wp\/v2\/tags?post=6382"}],"curies":[{"name":"wp","href":"https:\/\/api.w.org\/{rel}","templated":true}]}}