{"id":7420,"date":"2023-01-11T17:35:38","date_gmt":"2023-01-11T16:35:38","guid":{"rendered":"https:\/\/www.studiobrancaleone.it\/news\/?p=7420"},"modified":"2023-01-12T16:49:55","modified_gmt":"2023-01-12T15:49:55","slug":"riutilizzo-semplificato-rifiuti-notificato-allue-regolamento","status":"publish","type":"post","link":"https:\/\/www.studiobrancaleone.it\/news\/riutilizzo-semplificato-rifiuti-notificato-allue-regolamento\/","title":{"rendered":"Riutilizzo semplificato rifiuti, notificato regolamento all&#8217;Ue"},"content":{"rendered":"\n<p>Notificata all&#8217;Ue la nuova versione dello <strong>schema di regolamento<\/strong>, recante <em>\u201cDeterminazione delle condizioni per l&#8217;esercizio delle operazioni di preparazione per il riutilizzo in forma semplificata.\u201d<\/em>, ai sensi dell\u2019articolo 214-ter del DLgs. 152 del 2006.<\/p>\n\n\n\n<p>L&#8217;<strong>articolo 1 <\/strong>dello schema di regolamento dispone:<\/p>\n\n\n\n<p>1. Ai sensi degli articoli 181 e 214-<em>ter<\/em> del decreto legislativo 3 aprile 2006, n. 152, il presente regolamento definisce:<\/p>\n\n\n\n<ul class=\"wp-block-list\" type=\"a\">\n<li>a) le modalit\u00e0 operative ed i requisiti minimi di qualificazione degli operatori necessari per l\u2019esercizio di attivit\u00e0 di preparazione per il riutilizzo dei rifiuti in procedura semplificata;<\/li>\n\n\n\n<li>b) le dotazioni tecniche e strutturali necessarie per l\u2019esercizio delle attivit\u00e0 di cui al punto a);<\/li>\n\n\n\n<li>c) le quantit\u00e0 massime impiegabili, la provenienza, i tipi e le caratteristiche dei rifiuti, nonch\u00e9 le condizioni specifiche in base alle quali prodotti o componenti di prodotti diventati rifiuti sono sottoposti a operazioni di preparazione per il riutilizzo;<\/li>\n\n\n\n<li>d) le condizioni specifiche per l\u2019esercizio di operazioni di preparazione per il riutilizzo.<\/li>\n<\/ul>\n\n\n\n<p>A tal riguardo, il <strong>regolamento \u00e8 di attuazione dell\u2019art. 214-ter del TUA<\/strong>, che prevede l\u2019adozione di un apposito decreto per <strong>la definizione<\/strong> delle <strong>modalit\u00e0 <\/strong>operative, le dotazioni tecniche e strutturali, <strong>i requisiti minimi <\/strong>di qualificazione degli operatori necessari per l\u2019esercizio delle operazioni di preparazione <strong>per il riutilizzo<\/strong>, le quantit\u00e0 massime impiegabili, la provenienza, i tipi e <strong>le caratteristiche dei rifiuti<\/strong>, nonch\u00e9 le condizioni specifiche di utilizzo degli stessi in base alle quali prodotti o componenti di prodotti diventati rifiuti sono sottoposti a operazioni di preparazione per il riutilizzo.<\/p>\n\n\n\n<p>Come riportato nel messaggio, l\u2019intervento regolatorio ha <strong>l\u2019obiettivo di fornire gli elementi utili per gli operatori<\/strong> al fine di svolgere attivit\u00e0 di operazioni di preparazione per il riutilizzo in linea con la gerarchia dei rifiuti. La norma consente anche il perseguimento degli obiettivi definiti dalla CE per i rifiuti preparati per il riutilizzo e il recupero.<\/p>\n\n\n\n<p>Si segnala, inoltre, che lo schema di regolamento \u00e8 stato gi\u00e0 oggetto di una precedente notifica, alla quale non \u00e8 seguita alcuna osservazione. Lo schema di regolamento viene <strong>notificato nuovamente<\/strong> in quanto \u00e8 stato modificato all\u2019articolo 4 a seguito del parere interlocutorio del Consiglio di Stato.<\/p>\n\n\n\n<hr class=\"wp-block-separator has-text-color has-ast-global-color-0-color has-alpha-channel-opacity has-ast-global-color-0-background-color has-background is-style-wide\"\/>\n\n\n\n<p>Per ulteriori informazioni, si rimanda alla pagina della Commissione Europea:<\/p>\n\n\n\n<p><a href=\"https:\/\/ec.europa.eu\/growth\/tools-databases\/tris\/it\/search\/?trisaction=search.detail&amp;year=2023&amp;num=8\" target=\"_blank\" rel=\"noreferrer noopener\"><strong>Schema di regolamento<\/strong><\/a><\/p>\n","protected":false},"excerpt":{"rendered":"<p>Notificata all&#8217;Ue la nuova versione dello schema di regolamento, recante \u201cDeterminazione delle condizioni per l&#8217;esercizio delle operazioni di preparazione per il riutilizzo in forma semplificata.\u201d, ai sensi dell\u2019articolo 214-ter del DLgs. 152 del 2006. L&#8217;articolo 1 dello schema di regolamento dispone: 1. Ai sensi degli articoli 181 e 214-ter del decreto legislativo 3 aprile 2006, [&hellip;]<\/p>\n","protected":false},"author":1,"featured_media":0,"comment_status":"closed","ping_status":"open","sticky":false,"template":"","format":"standard","meta":{"_uag_custom_page_level_css":"","site-sidebar-layout":"default","site-content-layout":"","ast-site-content-layout":"default","site-content-style":"default","site-sidebar-style":"default","ast-global-header-display":"","ast-banner-title-visibility":"","ast-main-header-display":"","ast-hfb-above-header-display":"","ast-hfb-below-header-display":"","ast-hfb-mobile-header-display":"","site-post-title":"","ast-breadcrumbs-content":"","ast-featured-img":"","footer-sml-layout":"","ast-disable-related-posts":"","theme-transparent-header-meta":"","adv-header-id-meta":"","stick-header-meta":"","header-above-stick-meta":"","header-main-stick-meta":"","header-below-stick-meta":"","astra-migrate-meta-layouts":"default","ast-page-background-enabled":"default","ast-page-background-meta":{"desktop":{"background-color":"var(--ast-global-color-4)","background-image":"","background-repeat":"repeat","background-position":"center center","background-size":"auto","background-attachment":"scroll","background-type":"","background-media":"","overlay-type":"","overlay-color":"","overlay-opacity":"","overlay-gradient":""},"tablet":{"background-color":"","background-image":"","background-repeat":"repeat","background-position":"center center","background-size":"auto","background-attachment":"scroll","background-type":"","background-media":"","overlay-type":"","overlay-color":"","overlay-opacity":"","overlay-gradient":""},"mobile":{"background-color":"","background-image":"","background-repeat":"repeat","background-position":"center center","background-size":"auto","background-attachment":"scroll","background-type":"","background-media":"","overlay-type":"","overlay-color":"","overlay-opacity":"","overlay-gradient":""}},"ast-content-background-meta":{"desktop":{"background-color":"var(--ast-global-color-5)","background-image":"","background-repeat":"repeat","background-position":"center center","background-size":"auto","background-attachment":"scroll","background-type":"","background-media":"","overlay-type":"","overlay-color":"","overlay-opacity":"","overlay-gradient":""},"tablet":{"background-color":"var(--ast-global-color-5)","background-image":"","background-repeat":"repeat","background-position":"center center","background-size":"auto","background-attachment":"scroll","background-type":"","background-media":"","overlay-type":"","overlay-color":"","overlay-opacity":"","overlay-gradient":""},"mobile":{"background-color":"var(--ast-global-color-5)","background-image":"","background-repeat":"repeat","background-position":"center center","background-size":"auto","background-attachment":"scroll","background-type":"","background-media":"","overlay-type":"","overlay-color":"","overlay-opacity":"","overlay-gradient":""}},"footnotes":""},"categories":[4],"tags":[32],"class_list":["post-7420","post","type-post","status-publish","format-standard","hentry","category-nazionali-ue","tag-rifiuti"],"yoast_head":"<!-- This site is optimized with the Yoast SEO plugin v27.5 - https:\/\/yoast.com\/product\/yoast-seo-wordpress\/ -->\r\n<title>Riutilizzo semplificato rifiuti, notificato regolamento all&#039;Ue &#060; Studio Brancaleone<\/title>\r\n<meta name=\"robots\" content=\"index, follow, max-snippet:-1, max-image-preview:large, max-video-preview:-1\" \/>\r\n<link rel=\"canonical\" href=\"https:\/\/www.studiobrancaleone.it\/news\/riutilizzo-semplificato-rifiuti-notificato-allue-regolamento\/\" \/>\r\n<meta property=\"og:locale\" content=\"it_IT\" \/>\r\n<meta property=\"og:type\" content=\"article\" \/>\r\n<meta property=\"og:title\" content=\"Riutilizzo semplificato rifiuti, notificato regolamento all&#039;Ue &#060; Studio Brancaleone\" \/>\r\n<meta property=\"og:description\" content=\"Notificata all&#8217;Ue la nuova versione dello schema di regolamento, recante \u201cDeterminazione delle condizioni per l&#8217;esercizio delle operazioni di preparazione per il riutilizzo in forma semplificata.\u201d, ai sensi dell\u2019articolo 214-ter del DLgs. 152 del 2006. L&#8217;articolo 1 dello schema di regolamento dispone: 1. Ai sensi degli articoli 181 e 214-ter del decreto legislativo 3 aprile 2006, [&hellip;]\" \/>\r\n<meta property=\"og:url\" content=\"https:\/\/www.studiobrancaleone.it\/news\/riutilizzo-semplificato-rifiuti-notificato-allue-regolamento\/\" \/>\r\n<meta property=\"og:site_name\" content=\"Studio Brancaleone\" \/>\r\n<meta property=\"article:published_time\" content=\"2023-01-11T16:35:38+00:00\" \/>\r\n<meta property=\"article:modified_time\" content=\"2023-01-12T15:49:55+00:00\" \/>\r\n<meta name=\"author\" content=\"Giorgio Ferrari\" \/>\r\n<meta name=\"twitter:card\" content=\"summary_large_image\" \/>\r\n<meta name=\"twitter:label1\" content=\"Scritto da\" \/>\n\t<meta name=\"twitter:data1\" content=\"Giorgio Ferrari\" \/>\n\t<meta name=\"twitter:label2\" content=\"Tempo di lettura stimato\" \/>\n\t<meta name=\"twitter:data2\" content=\"2 minuti\" \/>\r\n<script type=\"application\/ld+json\" class=\"yoast-schema-graph\">{\"@context\":\"https:\\\/\\\/schema.org\",\"@graph\":[{\"@type\":\"Article\",\"@id\":\"https:\\\/\\\/www.studiobrancaleone.it\\\/news\\\/riutilizzo-semplificato-rifiuti-notificato-allue-regolamento\\\/#article\",\"isPartOf\":{\"@id\":\"https:\\\/\\\/www.studiobrancaleone.it\\\/news\\\/riutilizzo-semplificato-rifiuti-notificato-allue-regolamento\\\/\"},\"author\":{\"name\":\"Giorgio Ferrari\",\"@id\":\"https:\\\/\\\/www.studiobrancaleone.it\\\/news\\\/#\\\/schema\\\/person\\\/da5920864810e22fb65389a0a5cff7e3\"},\"headline\":\"Riutilizzo semplificato rifiuti, notificato regolamento all&#8217;Ue\",\"datePublished\":\"2023-01-11T16:35:38+00:00\",\"dateModified\":\"2023-01-12T15:49:55+00:00\",\"mainEntityOfPage\":{\"@id\":\"https:\\\/\\\/www.studiobrancaleone.it\\\/news\\\/riutilizzo-semplificato-rifiuti-notificato-allue-regolamento\\\/\"},\"wordCount\":365,\"publisher\":{\"@id\":\"https:\\\/\\\/www.studiobrancaleone.it\\\/news\\\/#organization\"},\"keywords\":[\"Rifiuti\"],\"articleSection\":[\"Nazionali\\\/Ue\"],\"inLanguage\":\"it-IT\"},{\"@type\":\"WebPage\",\"@id\":\"https:\\\/\\\/www.studiobrancaleone.it\\\/news\\\/riutilizzo-semplificato-rifiuti-notificato-allue-regolamento\\\/\",\"url\":\"https:\\\/\\\/www.studiobrancaleone.it\\\/news\\\/riutilizzo-semplificato-rifiuti-notificato-allue-regolamento\\\/\",\"name\":\"Riutilizzo semplificato rifiuti, notificato regolamento all'Ue &#060; Studio Brancaleone\",\"isPartOf\":{\"@id\":\"https:\\\/\\\/www.studiobrancaleone.it\\\/news\\\/#website\"},\"datePublished\":\"2023-01-11T16:35:38+00:00\",\"dateModified\":\"2023-01-12T15:49:55+00:00\",\"breadcrumb\":{\"@id\":\"https:\\\/\\\/www.studiobrancaleone.it\\\/news\\\/riutilizzo-semplificato-rifiuti-notificato-allue-regolamento\\\/#breadcrumb\"},\"inLanguage\":\"it-IT\",\"potentialAction\":[{\"@type\":\"ReadAction\",\"target\":[\"https:\\\/\\\/www.studiobrancaleone.it\\\/news\\\/riutilizzo-semplificato-rifiuti-notificato-allue-regolamento\\\/\"]}]},{\"@type\":\"BreadcrumbList\",\"@id\":\"https:\\\/\\\/www.studiobrancaleone.it\\\/news\\\/riutilizzo-semplificato-rifiuti-notificato-allue-regolamento\\\/#breadcrumb\",\"itemListElement\":[{\"@type\":\"ListItem\",\"position\":1,\"name\":\"Home\",\"item\":\"https:\\\/\\\/www.studiobrancaleone.it\\\/news\\\/\"},{\"@type\":\"ListItem\",\"position\":2,\"name\":\"Riutilizzo semplificato rifiuti, notificato regolamento all'Ue\"}]},{\"@type\":\"WebSite\",\"@id\":\"https:\\\/\\\/www.studiobrancaleone.it\\\/news\\\/#website\",\"url\":\"https:\\\/\\\/www.studiobrancaleone.it\\\/news\\\/\",\"name\":\"Studio Brancaleone\",\"description\":\"Notizie giuridiche aggiornate regolarmente\",\"publisher\":{\"@id\":\"https:\\\/\\\/www.studiobrancaleone.it\\\/news\\\/#organization\"},\"potentialAction\":[{\"@type\":\"SearchAction\",\"target\":{\"@type\":\"EntryPoint\",\"urlTemplate\":\"https:\\\/\\\/www.studiobrancaleone.it\\\/news\\\/?s={search_term_string}\"},\"query-input\":{\"@type\":\"PropertyValueSpecification\",\"valueRequired\":true,\"valueName\":\"search_term_string\"}}],\"inLanguage\":\"it-IT\"},{\"@type\":\"Organization\",\"@id\":\"https:\\\/\\\/www.studiobrancaleone.it\\\/news\\\/#organization\",\"name\":\"Studio Brancaleone\",\"url\":\"https:\\\/\\\/www.studiobrancaleone.it\\\/news\\\/\",\"logo\":{\"@type\":\"ImageObject\",\"inLanguage\":\"it-IT\",\"@id\":\"https:\\\/\\\/www.studiobrancaleone.it\\\/news\\\/#\\\/schema\\\/logo\\\/image\\\/\",\"url\":\"https:\\\/\\\/www.studiobrancaleone.it\\\/news\\\/wp-content\\\/uploads\\\/2025\\\/02\\\/Testata-sito-scaled.webp\",\"contentUrl\":\"https:\\\/\\\/www.studiobrancaleone.it\\\/news\\\/wp-content\\\/uploads\\\/2025\\\/02\\\/Testata-sito-scaled.webp\",\"width\":2560,\"height\":481,\"caption\":\"Studio Brancaleone\"},\"image\":{\"@id\":\"https:\\\/\\\/www.studiobrancaleone.it\\\/news\\\/#\\\/schema\\\/logo\\\/image\\\/\"}},{\"@type\":\"Person\",\"@id\":\"https:\\\/\\\/www.studiobrancaleone.it\\\/news\\\/#\\\/schema\\\/person\\\/da5920864810e22fb65389a0a5cff7e3\",\"name\":\"Giorgio Ferrari\",\"image\":{\"@type\":\"ImageObject\",\"inLanguage\":\"it-IT\",\"@id\":\"https:\\\/\\\/secure.gravatar.com\\\/avatar\\\/e5a8c666e3c03788ccd80843664b7c6eb2fb548eb37bb5cd6598134bf5d56ae1?s=96&d=mm&r=g\",\"url\":\"https:\\\/\\\/secure.gravatar.com\\\/avatar\\\/e5a8c666e3c03788ccd80843664b7c6eb2fb548eb37bb5cd6598134bf5d56ae1?s=96&d=mm&r=g\",\"contentUrl\":\"https:\\\/\\\/secure.gravatar.com\\\/avatar\\\/e5a8c666e3c03788ccd80843664b7c6eb2fb548eb37bb5cd6598134bf5d56ae1?s=96&d=mm&r=g\",\"caption\":\"Giorgio Ferrari\"},\"sameAs\":[\"https:\\\/\\\/www.studiobrancaleone.it\\\/news\"],\"url\":\"https:\\\/\\\/www.studiobrancaleone.it\\\/news\\\/author\\\/giorfer\\\/\"}]}<\/script>\r\n<!-- \/ Yoast SEO plugin. -->","yoast_head_json":{"title":"Riutilizzo semplificato rifiuti, notificato regolamento all'Ue &#060; Studio Brancaleone","robots":{"index":"index","follow":"follow","max-snippet":"max-snippet:-1","max-image-preview":"max-image-preview:large","max-video-preview":"max-video-preview:-1"},"canonical":"https:\/\/www.studiobrancaleone.it\/news\/riutilizzo-semplificato-rifiuti-notificato-allue-regolamento\/","og_locale":"it_IT","og_type":"article","og_title":"Riutilizzo semplificato rifiuti, notificato regolamento all'Ue &#060; Studio Brancaleone","og_description":"Notificata all&#8217;Ue la nuova versione dello schema di regolamento, recante \u201cDeterminazione delle condizioni per l&#8217;esercizio delle operazioni di preparazione per il riutilizzo in forma semplificata.\u201d, ai sensi dell\u2019articolo 214-ter del DLgs. 152 del 2006. L&#8217;articolo 1 dello schema di regolamento dispone: 1. Ai sensi degli articoli 181 e 214-ter del decreto legislativo 3 aprile 2006, [&hellip;]","og_url":"https:\/\/www.studiobrancaleone.it\/news\/riutilizzo-semplificato-rifiuti-notificato-allue-regolamento\/","og_site_name":"Studio Brancaleone","article_published_time":"2023-01-11T16:35:38+00:00","article_modified_time":"2023-01-12T15:49:55+00:00","author":"Giorgio Ferrari","twitter_card":"summary_large_image","twitter_misc":{"Scritto da":"Giorgio Ferrari","Tempo di lettura stimato":"2 minuti"},"schema":{"@context":"https:\/\/schema.org","@graph":[{"@type":"Article","@id":"https:\/\/www.studiobrancaleone.it\/news\/riutilizzo-semplificato-rifiuti-notificato-allue-regolamento\/#article","isPartOf":{"@id":"https:\/\/www.studiobrancaleone.it\/news\/riutilizzo-semplificato-rifiuti-notificato-allue-regolamento\/"},"author":{"name":"Giorgio Ferrari","@id":"https:\/\/www.studiobrancaleone.it\/news\/#\/schema\/person\/da5920864810e22fb65389a0a5cff7e3"},"headline":"Riutilizzo semplificato rifiuti, notificato regolamento all&#8217;Ue","datePublished":"2023-01-11T16:35:38+00:00","dateModified":"2023-01-12T15:49:55+00:00","mainEntityOfPage":{"@id":"https:\/\/www.studiobrancaleone.it\/news\/riutilizzo-semplificato-rifiuti-notificato-allue-regolamento\/"},"wordCount":365,"publisher":{"@id":"https:\/\/www.studiobrancaleone.it\/news\/#organization"},"keywords":["Rifiuti"],"articleSection":["Nazionali\/Ue"],"inLanguage":"it-IT"},{"@type":"WebPage","@id":"https:\/\/www.studiobrancaleone.it\/news\/riutilizzo-semplificato-rifiuti-notificato-allue-regolamento\/","url":"https:\/\/www.studiobrancaleone.it\/news\/riutilizzo-semplificato-rifiuti-notificato-allue-regolamento\/","name":"Riutilizzo semplificato rifiuti, notificato regolamento all'Ue &#060; Studio Brancaleone","isPartOf":{"@id":"https:\/\/www.studiobrancaleone.it\/news\/#website"},"datePublished":"2023-01-11T16:35:38+00:00","dateModified":"2023-01-12T15:49:55+00:00","breadcrumb":{"@id":"https:\/\/www.studiobrancaleone.it\/news\/riutilizzo-semplificato-rifiuti-notificato-allue-regolamento\/#breadcrumb"},"inLanguage":"it-IT","potentialAction":[{"@type":"ReadAction","target":["https:\/\/www.studiobrancaleone.it\/news\/riutilizzo-semplificato-rifiuti-notificato-allue-regolamento\/"]}]},{"@type":"BreadcrumbList","@id":"https:\/\/www.studiobrancaleone.it\/news\/riutilizzo-semplificato-rifiuti-notificato-allue-regolamento\/#breadcrumb","itemListElement":[{"@type":"ListItem","position":1,"name":"Home","item":"https:\/\/www.studiobrancaleone.it\/news\/"},{"@type":"ListItem","position":2,"name":"Riutilizzo semplificato rifiuti, notificato regolamento all'Ue"}]},{"@type":"WebSite","@id":"https:\/\/www.studiobrancaleone.it\/news\/#website","url":"https:\/\/www.studiobrancaleone.it\/news\/","name":"Studio Brancaleone","description":"Notizie giuridiche aggiornate regolarmente","publisher":{"@id":"https:\/\/www.studiobrancaleone.it\/news\/#organization"},"potentialAction":[{"@type":"SearchAction","target":{"@type":"EntryPoint","urlTemplate":"https:\/\/www.studiobrancaleone.it\/news\/?s={search_term_string}"},"query-input":{"@type":"PropertyValueSpecification","valueRequired":true,"valueName":"search_term_string"}}],"inLanguage":"it-IT"},{"@type":"Organization","@id":"https:\/\/www.studiobrancaleone.it\/news\/#organization","name":"Studio Brancaleone","url":"https:\/\/www.studiobrancaleone.it\/news\/","logo":{"@type":"ImageObject","inLanguage":"it-IT","@id":"https:\/\/www.studiobrancaleone.it\/news\/#\/schema\/logo\/image\/","url":"https:\/\/www.studiobrancaleone.it\/news\/wp-content\/uploads\/2025\/02\/Testata-sito-scaled.webp","contentUrl":"https:\/\/www.studiobrancaleone.it\/news\/wp-content\/uploads\/2025\/02\/Testata-sito-scaled.webp","width":2560,"height":481,"caption":"Studio Brancaleone"},"image":{"@id":"https:\/\/www.studiobrancaleone.it\/news\/#\/schema\/logo\/image\/"}},{"@type":"Person","@id":"https:\/\/www.studiobrancaleone.it\/news\/#\/schema\/person\/da5920864810e22fb65389a0a5cff7e3","name":"Giorgio Ferrari","image":{"@type":"ImageObject","inLanguage":"it-IT","@id":"https:\/\/secure.gravatar.com\/avatar\/e5a8c666e3c03788ccd80843664b7c6eb2fb548eb37bb5cd6598134bf5d56ae1?s=96&d=mm&r=g","url":"https:\/\/secure.gravatar.com\/avatar\/e5a8c666e3c03788ccd80843664b7c6eb2fb548eb37bb5cd6598134bf5d56ae1?s=96&d=mm&r=g","contentUrl":"https:\/\/secure.gravatar.com\/avatar\/e5a8c666e3c03788ccd80843664b7c6eb2fb548eb37bb5cd6598134bf5d56ae1?s=96&d=mm&r=g","caption":"Giorgio Ferrari"},"sameAs":["https:\/\/www.studiobrancaleone.it\/news"],"url":"https:\/\/www.studiobrancaleone.it\/news\/author\/giorfer\/"}]}},"uagb_featured_image_src":{"full":false,"thumbnail":false,"medium":false,"medium_large":false,"large":false,"1536x1536":false,"2048x2048":false},"uagb_author_info":{"display_name":"Giorgio Ferrari","author_link":"https:\/\/www.studiobrancaleone.it\/news\/author\/giorfer\/"},"uagb_comment_info":0,"uagb_excerpt":"Notificata all&#8217;Ue la nuova versione dello schema di regolamento, recante \u201cDeterminazione delle condizioni per l&#8217;esercizio delle operazioni di preparazione per il riutilizzo in forma semplificata.\u201d, ai sensi dell\u2019articolo 214-ter del DLgs. 152 del 2006. L&#8217;articolo 1 dello schema di regolamento dispone: 1. Ai sensi degli articoli 181 e 214-ter del decreto legislativo 3 aprile 2006,&hellip;","_links":{"self":[{"href":"https:\/\/www.studiobrancaleone.it\/news\/wp-json\/wp\/v2\/posts\/7420","targetHints":{"allow":["GET"]}}],"collection":[{"href":"https:\/\/www.studiobrancaleone.it\/news\/wp-json\/wp\/v2\/posts"}],"about":[{"href":"https:\/\/www.studiobrancaleone.it\/news\/wp-json\/wp\/v2\/types\/post"}],"author":[{"embeddable":true,"href":"https:\/\/www.studiobrancaleone.it\/news\/wp-json\/wp\/v2\/users\/1"}],"replies":[{"embeddable":true,"href":"https:\/\/www.studiobrancaleone.it\/news\/wp-json\/wp\/v2\/comments?post=7420"}],"version-history":[{"count":0,"href":"https:\/\/www.studiobrancaleone.it\/news\/wp-json\/wp\/v2\/posts\/7420\/revisions"}],"wp:attachment":[{"href":"https:\/\/www.studiobrancaleone.it\/news\/wp-json\/wp\/v2\/media?parent=7420"}],"wp:term":[{"taxonomy":"category","embeddable":true,"href":"https:\/\/www.studiobrancaleone.it\/news\/wp-json\/wp\/v2\/categories?post=7420"},{"taxonomy":"post_tag","embeddable":true,"href":"https:\/\/www.studiobrancaleone.it\/news\/wp-json\/wp\/v2\/tags?post=7420"}],"curies":[{"name":"wp","href":"https:\/\/api.w.org\/{rel}","templated":true}]}}