{"id":7436,"date":"2023-01-12T18:17:53","date_gmt":"2023-01-12T17:17:53","guid":{"rendered":"https:\/\/www.studiobrancaleone.it\/news\/?p=7436"},"modified":"2023-01-12T18:21:33","modified_gmt":"2023-01-12T17:21:33","slug":"tar-abbandono-rifiuti-e-omessa-recinzione-proprietario","status":"publish","type":"post","link":"https:\/\/www.studiobrancaleone.it\/news\/tar-abbandono-rifiuti-e-omessa-recinzione-proprietario\/","title":{"rendered":"Tar, abbandono rifiuti e omessa recinzione proprietario"},"content":{"rendered":"\n<p>Il Tar Campania, con <strong>sentenza n. 103\/2023<\/strong>, si \u00e8 pronunciato sulla fattispecie di <strong>abbandono rifiuti in un fondo altrui<\/strong> affermando che il proprietario del fondo non pu\u00f2 essere ritenuto responsabile &#8211; della rimozione dei rifiuti abbandonati e il ripristino dello stato dei luoghi &#8211; per la sola <strong>omessa recinzione del fondo<\/strong>.<\/p>\n\n\n\n<p>&#8220;In virt\u00f9 dell&#8217;art. 192, d.lgs. n. 152\/2006, l&#8217;obbligo di rimozione dei rifiuti grava in via principale sull&#8217;inquinatore e, in solido, sul proprietario del terreno e sui titolari di diritti reali o personali di godimento dell&#8217;area, qualora a costoro sia imputabile una condotta dolosa o colposa, da accertarsi previo contraddittorio, secondo il principio di matrice eurounitaria in materia ambientale per cui \u00ab\u2009chi inquina paga\u2009\u00bb. <\/p>\n\n\n\n<p>Secondo il Tar, la disposizione in questione \u00e8, infatti, chiara nell&#8217;imporre, in via solidale, le conseguenze ripristinatorie della condotta lesiva dell&#8217;ambiente anche al proprietario nell&#8217;eventualit\u00e0 in cui quest&#8217;ultimo si sia reso colpevole di inidonea vigilanza sui beni interessati dall&#8217;abbandono di rifiuti. Ci\u00f2 implica l&#8217;insufficienza della sola titolarit\u00e0 del diritto reale o di godimento sulle aree interessate, richiedendo, invero, il legislatore l&#8217;accertamento della sussistenza dell&#8217;elemento psicologico in ordine ai fatti contestati. <\/p>\n\n\n\n<p>Ne consegue che, in linea generale, prima di ordinare la rimozione dei rifiuti abbandonati e il ripristino dello stato dei luoghi, il <strong>Comune \u00e8 tenuto ad accertare che il proprietario \u00ab\u2009non responsabile\u2009\u00bb dell&#8217;abbandono abbia tenuto una condotta quanto meno colposa<\/strong>, con la precisazione che, ai fini dell&#8217;accertamento de quo, <strong>l&#8217;omessa recinzione del fondo inquinato non costituisce ex se un indice di negligenza<\/strong>, posto che nel nostro sistema (art. 841 c.c.) la recinzione \u00e8 una facolt\u00e0 (ossia un agere licere) del dominus, come tale la scelta di non fruirne non pu\u00f2 tradursi in un fatto colposo (art. 1127, comma 1, c.c.) ovvero in un onere di ordinaria diligenza (art. 1227, comma 2, c.c.) che circoscrive (recte, elide) il diritto al risarcimento del danno&#8221;.<\/p>\n\n\n\n<hr class=\"wp-block-separator has-text-color has-ast-global-color-0-color has-alpha-channel-opacity has-ast-global-color-0-background-color has-background is-style-wide\"\/>\n\n\n\n<p>Vedi anche: <a href=\"https:\/\/www.studiobrancaleone.it\/news\/consiglio-di-stato-rimozione-rifiuti-proprietario-terreno\/\">Consiglio di Stato, rimozione rifiuti proprietario terreno<\/a><\/p>\n","protected":false},"excerpt":{"rendered":"<p>Il Tar Campania, con sentenza n. 103\/2023, si \u00e8 pronunciato sulla fattispecie di abbandono rifiuti in un fondo altrui affermando che il proprietario del fondo non pu\u00f2 essere ritenuto responsabile &#8211; della rimozione dei rifiuti abbandonati e il ripristino dello stato dei luoghi &#8211; per la sola omessa recinzione del fondo. &#8220;In virt\u00f9 dell&#8217;art. 192, [&hellip;]<\/p>\n","protected":false},"author":1,"featured_media":0,"comment_status":"closed","ping_status":"open","sticky":false,"template":"","format":"standard","meta":{"_uag_custom_page_level_css":"","site-sidebar-layout":"default","site-content-layout":"","ast-site-content-layout":"default","site-content-style":"default","site-sidebar-style":"default","ast-global-header-display":"","ast-banner-title-visibility":"","ast-main-header-display":"","ast-hfb-above-header-display":"","ast-hfb-below-header-display":"","ast-hfb-mobile-header-display":"","site-post-title":"","ast-breadcrumbs-content":"","ast-featured-img":"","footer-sml-layout":"","ast-disable-related-posts":"","theme-transparent-header-meta":"","adv-header-id-meta":"","stick-header-meta":"","header-above-stick-meta":"","header-main-stick-meta":"","header-below-stick-meta":"","astra-migrate-meta-layouts":"default","ast-page-background-enabled":"default","ast-page-background-meta":{"desktop":{"background-color":"var(--ast-global-color-4)","background-image":"","background-repeat":"repeat","background-position":"center center","background-size":"auto","background-attachment":"scroll","background-type":"","background-media":"","overlay-type":"","overlay-color":"","overlay-opacity":"","overlay-gradient":""},"tablet":{"background-color":"","background-image":"","background-repeat":"repeat","background-position":"center center","background-size":"auto","background-attachment":"scroll","background-type":"","background-media":"","overlay-type":"","overlay-color":"","overlay-opacity":"","overlay-gradient":""},"mobile":{"background-color":"","background-image":"","background-repeat":"repeat","background-position":"center center","background-size":"auto","background-attachment":"scroll","background-type":"","background-media":"","overlay-type":"","overlay-color":"","overlay-opacity":"","overlay-gradient":""}},"ast-content-background-meta":{"desktop":{"background-color":"var(--ast-global-color-5)","background-image":"","background-repeat":"repeat","background-position":"center center","background-size":"auto","background-attachment":"scroll","background-type":"","background-media":"","overlay-type":"","overlay-color":"","overlay-opacity":"","overlay-gradient":""},"tablet":{"background-color":"var(--ast-global-color-5)","background-image":"","background-repeat":"repeat","background-position":"center center","background-size":"auto","background-attachment":"scroll","background-type":"","background-media":"","overlay-type":"","overlay-color":"","overlay-opacity":"","overlay-gradient":""},"mobile":{"background-color":"var(--ast-global-color-5)","background-image":"","background-repeat":"repeat","background-position":"center center","background-size":"auto","background-attachment":"scroll","background-type":"","background-media":"","overlay-type":"","overlay-color":"","overlay-opacity":"","overlay-gradient":""}},"footnotes":""},"categories":[9],"tags":[32],"class_list":["post-7436","post","type-post","status-publish","format-standard","hentry","category-giurisprudenza","tag-rifiuti"],"yoast_head":"<!-- This site is optimized with the Yoast SEO plugin v27.5 - https:\/\/yoast.com\/product\/yoast-seo-wordpress\/ -->\r\n<title>Tar, abbandono rifiuti e omessa recinzione proprietario &#060; Studio Brancaleone<\/title>\r\n<meta name=\"robots\" content=\"index, follow, max-snippet:-1, max-image-preview:large, max-video-preview:-1\" \/>\r\n<link rel=\"canonical\" href=\"https:\/\/www.studiobrancaleone.it\/news\/tar-abbandono-rifiuti-e-omessa-recinzione-proprietario\/\" \/>\r\n<meta property=\"og:locale\" content=\"it_IT\" \/>\r\n<meta property=\"og:type\" content=\"article\" \/>\r\n<meta property=\"og:title\" content=\"Tar, abbandono rifiuti e omessa recinzione proprietario &#060; Studio Brancaleone\" \/>\r\n<meta property=\"og:description\" content=\"Il Tar Campania, con sentenza n. 103\/2023, si \u00e8 pronunciato sulla fattispecie di abbandono rifiuti in un fondo altrui affermando che il proprietario del fondo non pu\u00f2 essere ritenuto responsabile &#8211; della rimozione dei rifiuti abbandonati e il ripristino dello stato dei luoghi &#8211; per la sola omessa recinzione del fondo. &#8220;In virt\u00f9 dell&#8217;art. 192, [&hellip;]\" \/>\r\n<meta property=\"og:url\" content=\"https:\/\/www.studiobrancaleone.it\/news\/tar-abbandono-rifiuti-e-omessa-recinzione-proprietario\/\" \/>\r\n<meta property=\"og:site_name\" content=\"Studio Brancaleone\" \/>\r\n<meta property=\"article:published_time\" content=\"2023-01-12T17:17:53+00:00\" \/>\r\n<meta property=\"article:modified_time\" content=\"2023-01-12T17:21:33+00:00\" \/>\r\n<meta name=\"author\" content=\"Giorgio Ferrari\" \/>\r\n<meta name=\"twitter:card\" content=\"summary_large_image\" \/>\r\n<meta name=\"twitter:label1\" content=\"Scritto da\" \/>\n\t<meta name=\"twitter:data1\" content=\"Giorgio Ferrari\" \/>\n\t<meta name=\"twitter:label2\" content=\"Tempo di lettura stimato\" \/>\n\t<meta name=\"twitter:data2\" content=\"2 minuti\" \/>\r\n<script type=\"application\/ld+json\" class=\"yoast-schema-graph\">{\"@context\":\"https:\\\/\\\/schema.org\",\"@graph\":[{\"@type\":\"Article\",\"@id\":\"https:\\\/\\\/www.studiobrancaleone.it\\\/news\\\/tar-abbandono-rifiuti-e-omessa-recinzione-proprietario\\\/#article\",\"isPartOf\":{\"@id\":\"https:\\\/\\\/www.studiobrancaleone.it\\\/news\\\/tar-abbandono-rifiuti-e-omessa-recinzione-proprietario\\\/\"},\"author\":{\"name\":\"Giorgio Ferrari\",\"@id\":\"https:\\\/\\\/www.studiobrancaleone.it\\\/news\\\/#\\\/schema\\\/person\\\/da5920864810e22fb65389a0a5cff7e3\"},\"headline\":\"Tar, abbandono rifiuti e omessa recinzione proprietario\",\"datePublished\":\"2023-01-12T17:17:53+00:00\",\"dateModified\":\"2023-01-12T17:21:33+00:00\",\"mainEntityOfPage\":{\"@id\":\"https:\\\/\\\/www.studiobrancaleone.it\\\/news\\\/tar-abbandono-rifiuti-e-omessa-recinzione-proprietario\\\/\"},\"wordCount\":329,\"publisher\":{\"@id\":\"https:\\\/\\\/www.studiobrancaleone.it\\\/news\\\/#organization\"},\"keywords\":[\"Rifiuti\"],\"articleSection\":[\"Giurisprudenza\"],\"inLanguage\":\"it-IT\"},{\"@type\":\"WebPage\",\"@id\":\"https:\\\/\\\/www.studiobrancaleone.it\\\/news\\\/tar-abbandono-rifiuti-e-omessa-recinzione-proprietario\\\/\",\"url\":\"https:\\\/\\\/www.studiobrancaleone.it\\\/news\\\/tar-abbandono-rifiuti-e-omessa-recinzione-proprietario\\\/\",\"name\":\"Tar, abbandono rifiuti e omessa recinzione proprietario &#060; Studio Brancaleone\",\"isPartOf\":{\"@id\":\"https:\\\/\\\/www.studiobrancaleone.it\\\/news\\\/#website\"},\"datePublished\":\"2023-01-12T17:17:53+00:00\",\"dateModified\":\"2023-01-12T17:21:33+00:00\",\"breadcrumb\":{\"@id\":\"https:\\\/\\\/www.studiobrancaleone.it\\\/news\\\/tar-abbandono-rifiuti-e-omessa-recinzione-proprietario\\\/#breadcrumb\"},\"inLanguage\":\"it-IT\",\"potentialAction\":[{\"@type\":\"ReadAction\",\"target\":[\"https:\\\/\\\/www.studiobrancaleone.it\\\/news\\\/tar-abbandono-rifiuti-e-omessa-recinzione-proprietario\\\/\"]}]},{\"@type\":\"BreadcrumbList\",\"@id\":\"https:\\\/\\\/www.studiobrancaleone.it\\\/news\\\/tar-abbandono-rifiuti-e-omessa-recinzione-proprietario\\\/#breadcrumb\",\"itemListElement\":[{\"@type\":\"ListItem\",\"position\":1,\"name\":\"Home\",\"item\":\"https:\\\/\\\/www.studiobrancaleone.it\\\/news\\\/\"},{\"@type\":\"ListItem\",\"position\":2,\"name\":\"Tar, abbandono rifiuti e omessa recinzione proprietario\"}]},{\"@type\":\"WebSite\",\"@id\":\"https:\\\/\\\/www.studiobrancaleone.it\\\/news\\\/#website\",\"url\":\"https:\\\/\\\/www.studiobrancaleone.it\\\/news\\\/\",\"name\":\"Studio Brancaleone\",\"description\":\"Notizie giuridiche aggiornate regolarmente\",\"publisher\":{\"@id\":\"https:\\\/\\\/www.studiobrancaleone.it\\\/news\\\/#organization\"},\"potentialAction\":[{\"@type\":\"SearchAction\",\"target\":{\"@type\":\"EntryPoint\",\"urlTemplate\":\"https:\\\/\\\/www.studiobrancaleone.it\\\/news\\\/?s={search_term_string}\"},\"query-input\":{\"@type\":\"PropertyValueSpecification\",\"valueRequired\":true,\"valueName\":\"search_term_string\"}}],\"inLanguage\":\"it-IT\"},{\"@type\":\"Organization\",\"@id\":\"https:\\\/\\\/www.studiobrancaleone.it\\\/news\\\/#organization\",\"name\":\"Studio Brancaleone\",\"url\":\"https:\\\/\\\/www.studiobrancaleone.it\\\/news\\\/\",\"logo\":{\"@type\":\"ImageObject\",\"inLanguage\":\"it-IT\",\"@id\":\"https:\\\/\\\/www.studiobrancaleone.it\\\/news\\\/#\\\/schema\\\/logo\\\/image\\\/\",\"url\":\"https:\\\/\\\/www.studiobrancaleone.it\\\/news\\\/wp-content\\\/uploads\\\/2025\\\/02\\\/Testata-sito-scaled.webp\",\"contentUrl\":\"https:\\\/\\\/www.studiobrancaleone.it\\\/news\\\/wp-content\\\/uploads\\\/2025\\\/02\\\/Testata-sito-scaled.webp\",\"width\":2560,\"height\":481,\"caption\":\"Studio Brancaleone\"},\"image\":{\"@id\":\"https:\\\/\\\/www.studiobrancaleone.it\\\/news\\\/#\\\/schema\\\/logo\\\/image\\\/\"}},{\"@type\":\"Person\",\"@id\":\"https:\\\/\\\/www.studiobrancaleone.it\\\/news\\\/#\\\/schema\\\/person\\\/da5920864810e22fb65389a0a5cff7e3\",\"name\":\"Giorgio Ferrari\",\"image\":{\"@type\":\"ImageObject\",\"inLanguage\":\"it-IT\",\"@id\":\"https:\\\/\\\/secure.gravatar.com\\\/avatar\\\/e5a8c666e3c03788ccd80843664b7c6eb2fb548eb37bb5cd6598134bf5d56ae1?s=96&d=mm&r=g\",\"url\":\"https:\\\/\\\/secure.gravatar.com\\\/avatar\\\/e5a8c666e3c03788ccd80843664b7c6eb2fb548eb37bb5cd6598134bf5d56ae1?s=96&d=mm&r=g\",\"contentUrl\":\"https:\\\/\\\/secure.gravatar.com\\\/avatar\\\/e5a8c666e3c03788ccd80843664b7c6eb2fb548eb37bb5cd6598134bf5d56ae1?s=96&d=mm&r=g\",\"caption\":\"Giorgio Ferrari\"},\"sameAs\":[\"https:\\\/\\\/www.studiobrancaleone.it\\\/news\"],\"url\":\"https:\\\/\\\/www.studiobrancaleone.it\\\/news\\\/author\\\/giorfer\\\/\"}]}<\/script>\r\n<!-- \/ Yoast SEO plugin. -->","yoast_head_json":{"title":"Tar, abbandono rifiuti e omessa recinzione proprietario &#060; Studio Brancaleone","robots":{"index":"index","follow":"follow","max-snippet":"max-snippet:-1","max-image-preview":"max-image-preview:large","max-video-preview":"max-video-preview:-1"},"canonical":"https:\/\/www.studiobrancaleone.it\/news\/tar-abbandono-rifiuti-e-omessa-recinzione-proprietario\/","og_locale":"it_IT","og_type":"article","og_title":"Tar, abbandono rifiuti e omessa recinzione proprietario &#060; Studio Brancaleone","og_description":"Il Tar Campania, con sentenza n. 103\/2023, si \u00e8 pronunciato sulla fattispecie di abbandono rifiuti in un fondo altrui affermando che il proprietario del fondo non pu\u00f2 essere ritenuto responsabile &#8211; della rimozione dei rifiuti abbandonati e il ripristino dello stato dei luoghi &#8211; per la sola omessa recinzione del fondo. &#8220;In virt\u00f9 dell&#8217;art. 192, [&hellip;]","og_url":"https:\/\/www.studiobrancaleone.it\/news\/tar-abbandono-rifiuti-e-omessa-recinzione-proprietario\/","og_site_name":"Studio Brancaleone","article_published_time":"2023-01-12T17:17:53+00:00","article_modified_time":"2023-01-12T17:21:33+00:00","author":"Giorgio Ferrari","twitter_card":"summary_large_image","twitter_misc":{"Scritto da":"Giorgio Ferrari","Tempo di lettura stimato":"2 minuti"},"schema":{"@context":"https:\/\/schema.org","@graph":[{"@type":"Article","@id":"https:\/\/www.studiobrancaleone.it\/news\/tar-abbandono-rifiuti-e-omessa-recinzione-proprietario\/#article","isPartOf":{"@id":"https:\/\/www.studiobrancaleone.it\/news\/tar-abbandono-rifiuti-e-omessa-recinzione-proprietario\/"},"author":{"name":"Giorgio Ferrari","@id":"https:\/\/www.studiobrancaleone.it\/news\/#\/schema\/person\/da5920864810e22fb65389a0a5cff7e3"},"headline":"Tar, abbandono rifiuti e omessa recinzione proprietario","datePublished":"2023-01-12T17:17:53+00:00","dateModified":"2023-01-12T17:21:33+00:00","mainEntityOfPage":{"@id":"https:\/\/www.studiobrancaleone.it\/news\/tar-abbandono-rifiuti-e-omessa-recinzione-proprietario\/"},"wordCount":329,"publisher":{"@id":"https:\/\/www.studiobrancaleone.it\/news\/#organization"},"keywords":["Rifiuti"],"articleSection":["Giurisprudenza"],"inLanguage":"it-IT"},{"@type":"WebPage","@id":"https:\/\/www.studiobrancaleone.it\/news\/tar-abbandono-rifiuti-e-omessa-recinzione-proprietario\/","url":"https:\/\/www.studiobrancaleone.it\/news\/tar-abbandono-rifiuti-e-omessa-recinzione-proprietario\/","name":"Tar, abbandono rifiuti e omessa recinzione proprietario &#060; Studio Brancaleone","isPartOf":{"@id":"https:\/\/www.studiobrancaleone.it\/news\/#website"},"datePublished":"2023-01-12T17:17:53+00:00","dateModified":"2023-01-12T17:21:33+00:00","breadcrumb":{"@id":"https:\/\/www.studiobrancaleone.it\/news\/tar-abbandono-rifiuti-e-omessa-recinzione-proprietario\/#breadcrumb"},"inLanguage":"it-IT","potentialAction":[{"@type":"ReadAction","target":["https:\/\/www.studiobrancaleone.it\/news\/tar-abbandono-rifiuti-e-omessa-recinzione-proprietario\/"]}]},{"@type":"BreadcrumbList","@id":"https:\/\/www.studiobrancaleone.it\/news\/tar-abbandono-rifiuti-e-omessa-recinzione-proprietario\/#breadcrumb","itemListElement":[{"@type":"ListItem","position":1,"name":"Home","item":"https:\/\/www.studiobrancaleone.it\/news\/"},{"@type":"ListItem","position":2,"name":"Tar, abbandono rifiuti e omessa recinzione proprietario"}]},{"@type":"WebSite","@id":"https:\/\/www.studiobrancaleone.it\/news\/#website","url":"https:\/\/www.studiobrancaleone.it\/news\/","name":"Studio Brancaleone","description":"Notizie giuridiche aggiornate regolarmente","publisher":{"@id":"https:\/\/www.studiobrancaleone.it\/news\/#organization"},"potentialAction":[{"@type":"SearchAction","target":{"@type":"EntryPoint","urlTemplate":"https:\/\/www.studiobrancaleone.it\/news\/?s={search_term_string}"},"query-input":{"@type":"PropertyValueSpecification","valueRequired":true,"valueName":"search_term_string"}}],"inLanguage":"it-IT"},{"@type":"Organization","@id":"https:\/\/www.studiobrancaleone.it\/news\/#organization","name":"Studio Brancaleone","url":"https:\/\/www.studiobrancaleone.it\/news\/","logo":{"@type":"ImageObject","inLanguage":"it-IT","@id":"https:\/\/www.studiobrancaleone.it\/news\/#\/schema\/logo\/image\/","url":"https:\/\/www.studiobrancaleone.it\/news\/wp-content\/uploads\/2025\/02\/Testata-sito-scaled.webp","contentUrl":"https:\/\/www.studiobrancaleone.it\/news\/wp-content\/uploads\/2025\/02\/Testata-sito-scaled.webp","width":2560,"height":481,"caption":"Studio Brancaleone"},"image":{"@id":"https:\/\/www.studiobrancaleone.it\/news\/#\/schema\/logo\/image\/"}},{"@type":"Person","@id":"https:\/\/www.studiobrancaleone.it\/news\/#\/schema\/person\/da5920864810e22fb65389a0a5cff7e3","name":"Giorgio Ferrari","image":{"@type":"ImageObject","inLanguage":"it-IT","@id":"https:\/\/secure.gravatar.com\/avatar\/e5a8c666e3c03788ccd80843664b7c6eb2fb548eb37bb5cd6598134bf5d56ae1?s=96&d=mm&r=g","url":"https:\/\/secure.gravatar.com\/avatar\/e5a8c666e3c03788ccd80843664b7c6eb2fb548eb37bb5cd6598134bf5d56ae1?s=96&d=mm&r=g","contentUrl":"https:\/\/secure.gravatar.com\/avatar\/e5a8c666e3c03788ccd80843664b7c6eb2fb548eb37bb5cd6598134bf5d56ae1?s=96&d=mm&r=g","caption":"Giorgio Ferrari"},"sameAs":["https:\/\/www.studiobrancaleone.it\/news"],"url":"https:\/\/www.studiobrancaleone.it\/news\/author\/giorfer\/"}]}},"uagb_featured_image_src":{"full":false,"thumbnail":false,"medium":false,"medium_large":false,"large":false,"1536x1536":false,"2048x2048":false},"uagb_author_info":{"display_name":"Giorgio Ferrari","author_link":"https:\/\/www.studiobrancaleone.it\/news\/author\/giorfer\/"},"uagb_comment_info":0,"uagb_excerpt":"Il Tar Campania, con sentenza n. 103\/2023, si \u00e8 pronunciato sulla fattispecie di abbandono rifiuti in un fondo altrui affermando che il proprietario del fondo non pu\u00f2 essere ritenuto responsabile &#8211; della rimozione dei rifiuti abbandonati e il ripristino dello stato dei luoghi &#8211; per la sola omessa recinzione del fondo. &#8220;In virt\u00f9 dell&#8217;art. 192,&hellip;","_links":{"self":[{"href":"https:\/\/www.studiobrancaleone.it\/news\/wp-json\/wp\/v2\/posts\/7436","targetHints":{"allow":["GET"]}}],"collection":[{"href":"https:\/\/www.studiobrancaleone.it\/news\/wp-json\/wp\/v2\/posts"}],"about":[{"href":"https:\/\/www.studiobrancaleone.it\/news\/wp-json\/wp\/v2\/types\/post"}],"author":[{"embeddable":true,"href":"https:\/\/www.studiobrancaleone.it\/news\/wp-json\/wp\/v2\/users\/1"}],"replies":[{"embeddable":true,"href":"https:\/\/www.studiobrancaleone.it\/news\/wp-json\/wp\/v2\/comments?post=7436"}],"version-history":[{"count":0,"href":"https:\/\/www.studiobrancaleone.it\/news\/wp-json\/wp\/v2\/posts\/7436\/revisions"}],"wp:attachment":[{"href":"https:\/\/www.studiobrancaleone.it\/news\/wp-json\/wp\/v2\/media?parent=7436"}],"wp:term":[{"taxonomy":"category","embeddable":true,"href":"https:\/\/www.studiobrancaleone.it\/news\/wp-json\/wp\/v2\/categories?post=7436"},{"taxonomy":"post_tag","embeddable":true,"href":"https:\/\/www.studiobrancaleone.it\/news\/wp-json\/wp\/v2\/tags?post=7436"}],"curies":[{"name":"wp","href":"https:\/\/api.w.org\/{rel}","templated":true}]}}