{"id":8692,"date":"2023-03-27T09:00:00","date_gmt":"2023-03-27T07:00:00","guid":{"rendered":"https:\/\/www.studiobrancaleone.it\/news\/?p=8692"},"modified":"2023-03-26T11:41:02","modified_gmt":"2023-03-26T09:41:02","slug":"emilia-romagna-bandi-fondi-europei","status":"publish","type":"post","link":"https:\/\/www.studiobrancaleone.it\/news\/emilia-romagna-bandi-fondi-europei\/","title":{"rendered":"Emilia Romagna, Bandi Fondi europei"},"content":{"rendered":"\n<p>La Regione <strong>Emilia-Romagna <\/strong>entro giugno, metter\u00e0 a bando quasi un terzo delle risorse disponibili dai <strong>Fondi europei<\/strong> per la Regione con i programmi <strong><strong>Fondo europeo di sviluppo regionale (Fesr)<\/strong><\/strong>, <strong>Fondo sociale europeo Plus (Fse+)<\/strong> e <strong>Strategie territoriali integrate<\/strong>.<\/p>\n\n\n\n<p>Saranno&nbsp;<strong>87<\/strong>&nbsp;i bandi e gli avvisi regionali approvati entro giugno, per un totale di&nbsp;<strong>995,6 milioni di euro<\/strong>, quasi un terzo dei Fondi europei assegnati all\u2019Emilia-Romagna con la nuova programmazione al 2027 (pi\u00f9 di 3 miliardi di euro).&nbsp;&nbsp;<\/p>\n\n\n\n<h2 class=\"wp-block-heading\"><strong>Fondo europeo di sviluppo regionale (Fesr)&nbsp;&nbsp;<\/strong><\/h2>\n\n\n\n<p>Il&nbsp;<strong>Programma regionale Fesr 2021-2027<\/strong>&nbsp;sostiene&nbsp;un rilancio capace di coniugare qualit\u00e0 del lavoro, incremento della produttivit\u00e0 e valore aggiunto, innovazione tecnologica, ambientale e sociale, attrattivit\u00e0 internazionale, accompagnando il sistema regionale nella transizione ecologica e nella trasformazione digitale e contribuendo a ridurre le diseguaglianze economiche, sociali, di genere, generazionali e territoriali.&nbsp;I dati del primo monitoraggio evidenziano un totale di&nbsp;<strong>517,7 milioni,&nbsp;<\/strong>di cui 44,7 milioni sulla trasformazione digitale, per 30 bandi e&nbsp;1.448 progetti presentati, di cui 702 gi\u00e0 approvati; la terza tranche di bandi&nbsp;con finanziamenti&nbsp;Fesr \u00e8 prevista da&nbsp;<strong>maggio a giugno 2023<\/strong>, con una dotazione di&nbsp;<strong>17 milioni di euro<\/strong>&nbsp;da destinare a interventi per la conservazione delle&nbsp;<strong>biodiversit\u00e0<\/strong>, per l\u2019implementazione delle&nbsp;<strong>infrastrutture verdi e blu delle citt\u00e0<\/strong>, per il sostegno ai processi di&nbsp;<strong>innovazione sociale<\/strong>, allo sviluppo delle&nbsp;<strong>comunit\u00e0 energetiche<\/strong>&nbsp;e agli investimenti per le&nbsp;<strong>imprese culturali e creative<\/strong>.&nbsp;&nbsp;<\/p>\n\n\n\n<h2 class=\"wp-block-heading\"><strong>Fondo sociale europeo Plus (Fse+)&nbsp;&nbsp;<\/strong><\/h2>\n\n\n\n<p>In Emilia-Romagna il&nbsp;<strong>Programma regionale Fse+<\/strong>&nbsp;si pone l\u2019obiettivo di assicurare a tutte le persone il diritto di accedere a servizi di qualit\u00e0 e di accrescere le proprie conoscenze e competenze&nbsp;sostenendo&nbsp;percorsi di crescita professionale&nbsp;e la qualit\u00e0 dell\u2019occupazione,&nbsp;accompagnando&nbsp;la&nbsp;transizione&nbsp;ecologica e digitale.&nbsp;Sono&nbsp;<strong>302,7 milioni<\/strong>&nbsp;le risorse&nbsp;<strong>gi\u00e0 allocate&nbsp;<\/strong>attraverso&nbsp;43 avvisi, 718 operazioni&nbsp;approvate e oltre 10 mila persone coinvolte.&nbsp;Le attivit\u00e0 finanziate dal Fondo sociale europeo si&nbsp;uniscono al <strong>Programma nazionale&nbsp;GOL<\/strong>, previsto dal&nbsp;Pnrr&nbsp;(Missione 5, Componente 1) per riqualificare i servizi di politiche attive del lavoro.&nbsp;&nbsp;<\/p>\n\n\n\n<h2 class=\"wp-block-heading\"><strong>Strategie territoriali integrate&nbsp;&nbsp;<\/strong><\/h2>\n\n\n\n<p>In commissione \u00e8 stato fatto anche un primo punto sulle&nbsp;<strong>Strategie territoriali integrate<a href=\"https:\/\/fondieuropei.regione.emilia-romagna.it\/fondi-strutturali\/temi\/programmazione-strategica-2021-27\/le-politiche-territoriali\">&nbsp;<\/a><\/strong>Atuss&nbsp;(Agende Trasformative Urbane per lo Sviluppo Sostenibile)&nbsp;e&nbsp;Stami&nbsp;(Strategie Territoriali Aree Interne e Montane).<\/p>\n\n\n\n<p>Con finalit\u00e0 diverse e specifiche, hanno come obiettivi quello di<strong>&nbsp;condividere con i territori<\/strong>&nbsp;scelte per il raggiungimento di obiettivi comuni, garantire il&nbsp;<strong>protagonismo&nbsp;<\/strong>degli&nbsp;<strong>enti locali&nbsp;<\/strong>e delle&nbsp;<strong>comunit\u00e0<\/strong>&nbsp;nella programmazione 2021-2027, promuovere una&nbsp;<strong>governance multilivello<\/strong>,&nbsp;il pieno coinvolgimento dei&nbsp;<strong>partenariati locali&nbsp;<\/strong>e adottare un&nbsp;<strong>approccio multi-obiettivo&nbsp;<\/strong>e&nbsp;<strong>multi-fondo<\/strong>&nbsp;(Fse+, Fesr, Fsc, ecc.), massimizzando le opportunit\u00e0 del <strong>PNRR<\/strong>.<\/p>\n\n\n\n<p>Rispetto alla precedente programmazione, la Giunta ha esteso la possibilit\u00e0 di elaborare le&nbsp;<strong>Atuss&nbsp;<\/strong>anche alle&nbsp;<strong>aree intermedie,&nbsp;<\/strong>ovvero alle&nbsp;<strong>Unioni di comuni&nbsp;<\/strong>con popolazione superiore ai 50mila abitanti e in possesso di determinati requisiti.<\/p>\n\n\n\n<hr class=\"wp-block-separator has-text-color has-ast-global-color-0-color has-alpha-channel-opacity has-ast-global-color-0-background-color has-background is-style-wide\"\/>\n\n\n\n<p>Sito internet: Regione Emilia-Romagna<\/p>\n\n\n\n<p><strong>Per approfondire<\/strong><\/p>\n\n\n\n<ul class=\"wp-block-list\">\n<li><a href=\"https:\/\/fesr.regione.emilia-romagna.it\/2021-2027\/programma\" target=\"_blank\" rel=\"noreferrer noopener\">Programma regionale Fesr 2021-2027<\/a><\/li>\n\n\n\n<li><a href=\"https:\/\/formazionelavoro.regione.emilia-romagna.it\/sito-fse\/programmazione-2021-2027\/programma\" target=\"_blank\" rel=\"noreferrer noopener\">Programma regionale Fse+<\/a><\/li>\n\n\n\n<li><a href=\"https:\/\/www.anpal.gov.it\/programma-gol\" target=\"_blank\" rel=\"noreferrer noopener\">Programma nazionale&nbsp;GOL<\/a><\/li>\n\n\n\n<li><a href=\"https:\/\/fondieuropei.regione.emilia-romagna.it\/fondi-strutturali\/temi\/programmazione-strategica-2021-27\/le-politiche-territoriali\" target=\"_blank\" rel=\"noreferrer noopener\">Strategie territoriali integrate<\/a><\/li>\n<\/ul>\n","protected":false},"excerpt":{"rendered":"<p>La Regione Emilia-Romagna entro giugno, metter\u00e0 a bando quasi un terzo delle risorse disponibili dai Fondi europei per la Regione con i programmi Fondo europeo di sviluppo regionale (Fesr), Fondo sociale europeo Plus (Fse+) e Strategie territoriali integrate. Saranno&nbsp;87&nbsp;i bandi e gli avvisi regionali approvati entro giugno, per un totale di&nbsp;995,6 milioni di euro, quasi [&hellip;]<\/p>\n","protected":false},"author":2,"featured_media":0,"comment_status":"closed","ping_status":"open","sticky":false,"template":"","format":"standard","meta":{"_uag_custom_page_level_css":"","site-sidebar-layout":"default","site-content-layout":"","ast-site-content-layout":"default","site-content-style":"default","site-sidebar-style":"default","ast-global-header-display":"","ast-banner-title-visibility":"","ast-main-header-display":"","ast-hfb-above-header-display":"","ast-hfb-below-header-display":"","ast-hfb-mobile-header-display":"","site-post-title":"","ast-breadcrumbs-content":"","ast-featured-img":"","footer-sml-layout":"","ast-disable-related-posts":"","theme-transparent-header-meta":"","adv-header-id-meta":"","stick-header-meta":"","header-above-stick-meta":"","header-main-stick-meta":"","header-below-stick-meta":"","astra-migrate-meta-layouts":"default","ast-page-background-enabled":"default","ast-page-background-meta":{"desktop":{"background-color":"var(--ast-global-color-4)","background-image":"","background-repeat":"repeat","background-position":"center center","background-size":"auto","background-attachment":"scroll","background-type":"","background-media":"","overlay-type":"","overlay-color":"","overlay-opacity":"","overlay-gradient":""},"tablet":{"background-color":"","background-image":"","background-repeat":"repeat","background-position":"center center","background-size":"auto","background-attachment":"scroll","background-type":"","background-media":"","overlay-type":"","overlay-color":"","overlay-opacity":"","overlay-gradient":""},"mobile":{"background-color":"","background-image":"","background-repeat":"repeat","background-position":"center center","background-size":"auto","background-attachment":"scroll","background-type":"","background-media":"","overlay-type":"","overlay-color":"","overlay-opacity":"","overlay-gradient":""}},"ast-content-background-meta":{"desktop":{"background-color":"var(--ast-global-color-5)","background-image":"","background-repeat":"repeat","background-position":"center center","background-size":"auto","background-attachment":"scroll","background-type":"","background-media":"","overlay-type":"","overlay-color":"","overlay-opacity":"","overlay-gradient":""},"tablet":{"background-color":"var(--ast-global-color-5)","background-image":"","background-repeat":"repeat","background-position":"center center","background-size":"auto","background-attachment":"scroll","background-type":"","background-media":"","overlay-type":"","overlay-color":"","overlay-opacity":"","overlay-gradient":""},"mobile":{"background-color":"var(--ast-global-color-5)","background-image":"","background-repeat":"repeat","background-position":"center center","background-size":"auto","background-attachment":"scroll","background-type":"","background-media":"","overlay-type":"","overlay-color":"","overlay-opacity":"","overlay-gradient":""}},"footnotes":""},"categories":[10],"tags":[],"class_list":["post-8692","post","type-post","status-publish","format-standard","hentry","category-finanziamenti"],"yoast_head":"<!-- This site is optimized with the Yoast SEO plugin v27.5 - https:\/\/yoast.com\/product\/yoast-seo-wordpress\/ -->\r\n<title>Emilia Romagna, Bandi Fondi europei &#060; Studio Brancaleone<\/title>\r\n<meta name=\"robots\" content=\"index, follow, max-snippet:-1, max-image-preview:large, max-video-preview:-1\" \/>\r\n<link rel=\"canonical\" href=\"https:\/\/www.studiobrancaleone.it\/news\/emilia-romagna-bandi-fondi-europei\/\" \/>\r\n<meta property=\"og:locale\" content=\"it_IT\" \/>\r\n<meta property=\"og:type\" content=\"article\" \/>\r\n<meta property=\"og:title\" content=\"Emilia Romagna, Bandi Fondi europei &#060; Studio Brancaleone\" \/>\r\n<meta property=\"og:description\" content=\"La Regione Emilia-Romagna entro giugno, metter\u00e0 a bando quasi un terzo delle risorse disponibili dai Fondi europei per la Regione con i programmi Fondo europeo di sviluppo regionale (Fesr), Fondo sociale europeo Plus (Fse+) e Strategie territoriali integrate. Saranno&nbsp;87&nbsp;i bandi e gli avvisi regionali approvati entro giugno, per un totale di&nbsp;995,6 milioni di euro, quasi [&hellip;]\" \/>\r\n<meta property=\"og:url\" content=\"https:\/\/www.studiobrancaleone.it\/news\/emilia-romagna-bandi-fondi-europei\/\" \/>\r\n<meta property=\"og:site_name\" content=\"Studio Brancaleone\" \/>\r\n<meta property=\"article:published_time\" content=\"2023-03-27T07:00:00+00:00\" \/>\r\n<meta name=\"author\" content=\"Ivana Brancaleone\" \/>\r\n<meta name=\"twitter:card\" content=\"summary_large_image\" \/>\r\n<meta name=\"twitter:label1\" content=\"Scritto da\" \/>\n\t<meta name=\"twitter:data1\" content=\"Ivana Brancaleone\" \/>\r\n<script type=\"application\/ld+json\" class=\"yoast-schema-graph\">{\"@context\":\"https:\\\/\\\/schema.org\",\"@graph\":[{\"@type\":\"Article\",\"@id\":\"https:\\\/\\\/www.studiobrancaleone.it\\\/news\\\/emilia-romagna-bandi-fondi-europei\\\/#article\",\"isPartOf\":{\"@id\":\"https:\\\/\\\/www.studiobrancaleone.it\\\/news\\\/emilia-romagna-bandi-fondi-europei\\\/\"},\"author\":{\"name\":\"Ivana Brancaleone\",\"@id\":\"https:\\\/\\\/www.studiobrancaleone.it\\\/news\\\/#\\\/schema\\\/person\\\/3df132515081baef5f0ea457e1dfcf6d\"},\"headline\":\"Emilia Romagna, Bandi Fondi europei\",\"datePublished\":\"2023-03-27T07:00:00+00:00\",\"mainEntityOfPage\":{\"@id\":\"https:\\\/\\\/www.studiobrancaleone.it\\\/news\\\/emilia-romagna-bandi-fondi-europei\\\/\"},\"wordCount\":544,\"publisher\":{\"@id\":\"https:\\\/\\\/www.studiobrancaleone.it\\\/news\\\/#organization\"},\"articleSection\":[\"Finanziamenti\"],\"inLanguage\":\"it-IT\"},{\"@type\":\"WebPage\",\"@id\":\"https:\\\/\\\/www.studiobrancaleone.it\\\/news\\\/emilia-romagna-bandi-fondi-europei\\\/\",\"url\":\"https:\\\/\\\/www.studiobrancaleone.it\\\/news\\\/emilia-romagna-bandi-fondi-europei\\\/\",\"name\":\"Emilia Romagna, Bandi Fondi europei &#060; Studio Brancaleone\",\"isPartOf\":{\"@id\":\"https:\\\/\\\/www.studiobrancaleone.it\\\/news\\\/#website\"},\"datePublished\":\"2023-03-27T07:00:00+00:00\",\"breadcrumb\":{\"@id\":\"https:\\\/\\\/www.studiobrancaleone.it\\\/news\\\/emilia-romagna-bandi-fondi-europei\\\/#breadcrumb\"},\"inLanguage\":\"it-IT\",\"potentialAction\":[{\"@type\":\"ReadAction\",\"target\":[\"https:\\\/\\\/www.studiobrancaleone.it\\\/news\\\/emilia-romagna-bandi-fondi-europei\\\/\"]}]},{\"@type\":\"BreadcrumbList\",\"@id\":\"https:\\\/\\\/www.studiobrancaleone.it\\\/news\\\/emilia-romagna-bandi-fondi-europei\\\/#breadcrumb\",\"itemListElement\":[{\"@type\":\"ListItem\",\"position\":1,\"name\":\"Home\",\"item\":\"https:\\\/\\\/www.studiobrancaleone.it\\\/news\\\/\"},{\"@type\":\"ListItem\",\"position\":2,\"name\":\"Emilia Romagna, Bandi Fondi europei\"}]},{\"@type\":\"WebSite\",\"@id\":\"https:\\\/\\\/www.studiobrancaleone.it\\\/news\\\/#website\",\"url\":\"https:\\\/\\\/www.studiobrancaleone.it\\\/news\\\/\",\"name\":\"Studio Brancaleone\",\"description\":\"Notizie giuridiche aggiornate regolarmente\",\"publisher\":{\"@id\":\"https:\\\/\\\/www.studiobrancaleone.it\\\/news\\\/#organization\"},\"potentialAction\":[{\"@type\":\"SearchAction\",\"target\":{\"@type\":\"EntryPoint\",\"urlTemplate\":\"https:\\\/\\\/www.studiobrancaleone.it\\\/news\\\/?s={search_term_string}\"},\"query-input\":{\"@type\":\"PropertyValueSpecification\",\"valueRequired\":true,\"valueName\":\"search_term_string\"}}],\"inLanguage\":\"it-IT\"},{\"@type\":\"Organization\",\"@id\":\"https:\\\/\\\/www.studiobrancaleone.it\\\/news\\\/#organization\",\"name\":\"Studio Brancaleone\",\"url\":\"https:\\\/\\\/www.studiobrancaleone.it\\\/news\\\/\",\"logo\":{\"@type\":\"ImageObject\",\"inLanguage\":\"it-IT\",\"@id\":\"https:\\\/\\\/www.studiobrancaleone.it\\\/news\\\/#\\\/schema\\\/logo\\\/image\\\/\",\"url\":\"https:\\\/\\\/www.studiobrancaleone.it\\\/news\\\/wp-content\\\/uploads\\\/2025\\\/02\\\/Testata-sito-scaled.webp\",\"contentUrl\":\"https:\\\/\\\/www.studiobrancaleone.it\\\/news\\\/wp-content\\\/uploads\\\/2025\\\/02\\\/Testata-sito-scaled.webp\",\"width\":2560,\"height\":481,\"caption\":\"Studio Brancaleone\"},\"image\":{\"@id\":\"https:\\\/\\\/www.studiobrancaleone.it\\\/news\\\/#\\\/schema\\\/logo\\\/image\\\/\"}},{\"@type\":\"Person\",\"@id\":\"https:\\\/\\\/www.studiobrancaleone.it\\\/news\\\/#\\\/schema\\\/person\\\/3df132515081baef5f0ea457e1dfcf6d\",\"name\":\"Ivana Brancaleone\",\"image\":{\"@type\":\"ImageObject\",\"inLanguage\":\"it-IT\",\"@id\":\"https:\\\/\\\/secure.gravatar.com\\\/avatar\\\/9f6d2be41a5115d34c5114a0a78ade583fa3a3bd63a144dfc88c9da356eca16c?s=96&d=mm&r=g\",\"url\":\"https:\\\/\\\/secure.gravatar.com\\\/avatar\\\/9f6d2be41a5115d34c5114a0a78ade583fa3a3bd63a144dfc88c9da356eca16c?s=96&d=mm&r=g\",\"contentUrl\":\"https:\\\/\\\/secure.gravatar.com\\\/avatar\\\/9f6d2be41a5115d34c5114a0a78ade583fa3a3bd63a144dfc88c9da356eca16c?s=96&d=mm&r=g\",\"caption\":\"Ivana Brancaleone\"},\"url\":\"https:\\\/\\\/www.studiobrancaleone.it\\\/news\\\/author\\\/ivanbra\\\/\"}]}<\/script>\r\n<!-- \/ Yoast SEO plugin. -->","yoast_head_json":{"title":"Emilia Romagna, Bandi Fondi europei &#060; Studio Brancaleone","robots":{"index":"index","follow":"follow","max-snippet":"max-snippet:-1","max-image-preview":"max-image-preview:large","max-video-preview":"max-video-preview:-1"},"canonical":"https:\/\/www.studiobrancaleone.it\/news\/emilia-romagna-bandi-fondi-europei\/","og_locale":"it_IT","og_type":"article","og_title":"Emilia Romagna, Bandi Fondi europei &#060; Studio Brancaleone","og_description":"La Regione Emilia-Romagna entro giugno, metter\u00e0 a bando quasi un terzo delle risorse disponibili dai Fondi europei per la Regione con i programmi Fondo europeo di sviluppo regionale (Fesr), Fondo sociale europeo Plus (Fse+) e Strategie territoriali integrate. Saranno&nbsp;87&nbsp;i bandi e gli avvisi regionali approvati entro giugno, per un totale di&nbsp;995,6 milioni di euro, quasi [&hellip;]","og_url":"https:\/\/www.studiobrancaleone.it\/news\/emilia-romagna-bandi-fondi-europei\/","og_site_name":"Studio Brancaleone","article_published_time":"2023-03-27T07:00:00+00:00","author":"Ivana Brancaleone","twitter_card":"summary_large_image","twitter_misc":{"Scritto da":"Ivana Brancaleone"},"schema":{"@context":"https:\/\/schema.org","@graph":[{"@type":"Article","@id":"https:\/\/www.studiobrancaleone.it\/news\/emilia-romagna-bandi-fondi-europei\/#article","isPartOf":{"@id":"https:\/\/www.studiobrancaleone.it\/news\/emilia-romagna-bandi-fondi-europei\/"},"author":{"name":"Ivana Brancaleone","@id":"https:\/\/www.studiobrancaleone.it\/news\/#\/schema\/person\/3df132515081baef5f0ea457e1dfcf6d"},"headline":"Emilia Romagna, Bandi Fondi europei","datePublished":"2023-03-27T07:00:00+00:00","mainEntityOfPage":{"@id":"https:\/\/www.studiobrancaleone.it\/news\/emilia-romagna-bandi-fondi-europei\/"},"wordCount":544,"publisher":{"@id":"https:\/\/www.studiobrancaleone.it\/news\/#organization"},"articleSection":["Finanziamenti"],"inLanguage":"it-IT"},{"@type":"WebPage","@id":"https:\/\/www.studiobrancaleone.it\/news\/emilia-romagna-bandi-fondi-europei\/","url":"https:\/\/www.studiobrancaleone.it\/news\/emilia-romagna-bandi-fondi-europei\/","name":"Emilia Romagna, Bandi Fondi europei &#060; Studio Brancaleone","isPartOf":{"@id":"https:\/\/www.studiobrancaleone.it\/news\/#website"},"datePublished":"2023-03-27T07:00:00+00:00","breadcrumb":{"@id":"https:\/\/www.studiobrancaleone.it\/news\/emilia-romagna-bandi-fondi-europei\/#breadcrumb"},"inLanguage":"it-IT","potentialAction":[{"@type":"ReadAction","target":["https:\/\/www.studiobrancaleone.it\/news\/emilia-romagna-bandi-fondi-europei\/"]}]},{"@type":"BreadcrumbList","@id":"https:\/\/www.studiobrancaleone.it\/news\/emilia-romagna-bandi-fondi-europei\/#breadcrumb","itemListElement":[{"@type":"ListItem","position":1,"name":"Home","item":"https:\/\/www.studiobrancaleone.it\/news\/"},{"@type":"ListItem","position":2,"name":"Emilia Romagna, Bandi Fondi europei"}]},{"@type":"WebSite","@id":"https:\/\/www.studiobrancaleone.it\/news\/#website","url":"https:\/\/www.studiobrancaleone.it\/news\/","name":"Studio Brancaleone","description":"Notizie giuridiche aggiornate regolarmente","publisher":{"@id":"https:\/\/www.studiobrancaleone.it\/news\/#organization"},"potentialAction":[{"@type":"SearchAction","target":{"@type":"EntryPoint","urlTemplate":"https:\/\/www.studiobrancaleone.it\/news\/?s={search_term_string}"},"query-input":{"@type":"PropertyValueSpecification","valueRequired":true,"valueName":"search_term_string"}}],"inLanguage":"it-IT"},{"@type":"Organization","@id":"https:\/\/www.studiobrancaleone.it\/news\/#organization","name":"Studio Brancaleone","url":"https:\/\/www.studiobrancaleone.it\/news\/","logo":{"@type":"ImageObject","inLanguage":"it-IT","@id":"https:\/\/www.studiobrancaleone.it\/news\/#\/schema\/logo\/image\/","url":"https:\/\/www.studiobrancaleone.it\/news\/wp-content\/uploads\/2025\/02\/Testata-sito-scaled.webp","contentUrl":"https:\/\/www.studiobrancaleone.it\/news\/wp-content\/uploads\/2025\/02\/Testata-sito-scaled.webp","width":2560,"height":481,"caption":"Studio Brancaleone"},"image":{"@id":"https:\/\/www.studiobrancaleone.it\/news\/#\/schema\/logo\/image\/"}},{"@type":"Person","@id":"https:\/\/www.studiobrancaleone.it\/news\/#\/schema\/person\/3df132515081baef5f0ea457e1dfcf6d","name":"Ivana Brancaleone","image":{"@type":"ImageObject","inLanguage":"it-IT","@id":"https:\/\/secure.gravatar.com\/avatar\/9f6d2be41a5115d34c5114a0a78ade583fa3a3bd63a144dfc88c9da356eca16c?s=96&d=mm&r=g","url":"https:\/\/secure.gravatar.com\/avatar\/9f6d2be41a5115d34c5114a0a78ade583fa3a3bd63a144dfc88c9da356eca16c?s=96&d=mm&r=g","contentUrl":"https:\/\/secure.gravatar.com\/avatar\/9f6d2be41a5115d34c5114a0a78ade583fa3a3bd63a144dfc88c9da356eca16c?s=96&d=mm&r=g","caption":"Ivana Brancaleone"},"url":"https:\/\/www.studiobrancaleone.it\/news\/author\/ivanbra\/"}]}},"uagb_featured_image_src":{"full":false,"thumbnail":false,"medium":false,"medium_large":false,"large":false,"1536x1536":false,"2048x2048":false},"uagb_author_info":{"display_name":"Ivana Brancaleone","author_link":"https:\/\/www.studiobrancaleone.it\/news\/author\/ivanbra\/"},"uagb_comment_info":0,"uagb_excerpt":"La Regione Emilia-Romagna entro giugno, metter\u00e0 a bando quasi un terzo delle risorse disponibili dai Fondi europei per la Regione con i programmi Fondo europeo di sviluppo regionale (Fesr), Fondo sociale europeo Plus (Fse+) e Strategie territoriali integrate. Saranno&nbsp;87&nbsp;i bandi e gli avvisi regionali approvati entro giugno, per un totale di&nbsp;995,6 milioni di euro, quasi&hellip;","_links":{"self":[{"href":"https:\/\/www.studiobrancaleone.it\/news\/wp-json\/wp\/v2\/posts\/8692","targetHints":{"allow":["GET"]}}],"collection":[{"href":"https:\/\/www.studiobrancaleone.it\/news\/wp-json\/wp\/v2\/posts"}],"about":[{"href":"https:\/\/www.studiobrancaleone.it\/news\/wp-json\/wp\/v2\/types\/post"}],"author":[{"embeddable":true,"href":"https:\/\/www.studiobrancaleone.it\/news\/wp-json\/wp\/v2\/users\/2"}],"replies":[{"embeddable":true,"href":"https:\/\/www.studiobrancaleone.it\/news\/wp-json\/wp\/v2\/comments?post=8692"}],"version-history":[{"count":0,"href":"https:\/\/www.studiobrancaleone.it\/news\/wp-json\/wp\/v2\/posts\/8692\/revisions"}],"wp:attachment":[{"href":"https:\/\/www.studiobrancaleone.it\/news\/wp-json\/wp\/v2\/media?parent=8692"}],"wp:term":[{"taxonomy":"category","embeddable":true,"href":"https:\/\/www.studiobrancaleone.it\/news\/wp-json\/wp\/v2\/categories?post=8692"},{"taxonomy":"post_tag","embeddable":true,"href":"https:\/\/www.studiobrancaleone.it\/news\/wp-json\/wp\/v2\/tags?post=8692"}],"curies":[{"name":"wp","href":"https:\/\/api.w.org\/{rel}","templated":true}]}}