{"id":9543,"date":"2023-05-29T09:04:00","date_gmt":"2023-05-29T07:04:00","guid":{"rendered":"https:\/\/www.studiobrancaleone.it\/news\/?p=9543"},"modified":"2023-09-29T11:54:14","modified_gmt":"2023-09-29T09:54:14","slug":"calabria-aree-protette-e-biodiversita","status":"publish","type":"post","link":"https:\/\/www.studiobrancaleone.it\/news\/calabria-aree-protette-e-biodiversita\/","title":{"rendered":"Calabria, Aree protette e biodiversit\u00e0"},"content":{"rendered":"\n<p>La regione Calabria, con <strong>legge n. 22\/2023<\/strong>, approva norme in materia di <strong>aree protette e sistema regionale della biodiversit\u00e0<\/strong>. <a href=\"file:\/\/\/E:\/Portable\/Local%20Website%20Archive\/archive\/main\/data\/4202305261944506452_wsa\/4202305261944506452.htm#\"><\/a><\/p>\n\n\n\n<p>La legge, in <strong>vigore dall&#8217;8 giugno 2023<\/strong>, disciplina l&#8217;istituzione e la <strong>gestione delle aree protette della Calabria<\/strong> al fine di garantire e promuovere la conservazione e la valorizzazione delle aree di particolare rilevanza naturalistica della Regione, nonch\u00e9 il recupero e il restauro ambientale di quelle degradate.<\/p>\n\n\n\n<p>La <strong>legge 22\/2023<\/strong>, per i fini citati:<\/p>\n\n\n\n<ul class=\"wp-block-list\">\n<li>a) individua le <strong>funzioni <\/strong>della Regione, degli enti locali e degli altri enti in materia di istituzione, organizzazione e gestione delle aree protette regionali e del sistema della biodiversit\u00e0 della Calabria;<\/li>\n\n\n\n<li>b) definisce le misure e gli strumenti per la <strong>valorizzazione del patrimonio naturalistico ambientale<\/strong> regionale, assicurandone la corretta fruizione da parte dei cittadini;<\/li>\n\n\n\n<li>c) persegue la <strong>conservazione delle specie di fauna selvatica<\/strong> e l\u2019incremento della biodiversit\u00e0, promuovendo programmi, progetti e modalit\u00e0 di gestione idonei al conseguimento e al mantenimento di densit\u00e0 ottimali per la coesistenza fra le specie e sostenibili per le attivit\u00e0 antropiche;<\/li>\n\n\n\n<li>d) assicura la <strong>salvaguardia <\/strong>dei biotopi, di associazioni di vegetali o forestali e di formazioni geologiche, geomorfologiche e paleontologiche di rilevante valore storico, scientifico e culturale;<\/li>\n\n\n\n<li>e) individua le forme di <strong>partecipazione delle comunit\u00e0 locali<\/strong> ai processi di pianificazione e di gestione sostenibile delle aree protette naturali regionali e del sistema della biodiversit\u00e0 calabrese;<\/li>\n\n\n\n<li>f) individua le modalit\u00e0 di diffusione uniforme sul territorio regionale delle <strong>informazioni <\/strong>relative alle singole componenti del patrimonio naturalistico ambientale;<\/li>\n\n\n\n<li>g) applica e promuove <strong>modelli di gestione ambientale<\/strong> idonee a realizzare l\u2019equilibrio tra l\u2019ambiente naturale e le attivit\u00e0 antropiche mediante la salvaguardia dei valori antropologici, architettonici, archeologici e storici, nonch\u00e9, delle attivit\u00e0 agricole produttive e agrosilvopastorali, di agricoltura biologica e agrituristica, nonch\u00e9 di ogni altra attivit\u00e0 economica tradizionale attualmente in uso, del turismo naturalistico e del tempo libero, nel rispetto delle finalit\u00e0 di tutela e conservazione naturalistica;<\/li>\n\n\n\n<li>h) promuove il <strong>contratto di fiume<\/strong>, di lago e di costa, quale strumento volontario di programmazione strategica e negoziata;<\/li>\n\n\n\n<li>i) promuove lo strumento aperto della<strong> comunit\u00e0 di energia rinnovabile<\/strong>, per favorire lo sviluppo e la coesione delle comunit\u00e0 grazie alla disponibilit\u00e0 di fonti di reddito e alla creazione di posti di lavoro a livello locale, aumentare l&#8217;efficienza energetica delle famiglie e contribuire a combattere la povert\u00e0 energetica;<\/li>\n\n\n\n<li>j) favorisce azioni rivolte alla <strong>informazione<\/strong>, formazione, ed educazione alla sostenibilit\u00e0.<\/li>\n<\/ul>\n\n\n\n<h2 class=\"wp-block-heading\">Aggiornamento<\/h2>\n\n\n\n<p>La <strong><a href=\"https:\/\/www.studiobrancaleone.it\/news\/calabria-modifica-disciplina-aree-protette-e-biodiversita\/\">legge 40\/2023<\/a><\/strong>, in vigore dal 28 settembre 2023, modifica diversi articoli della legge in commento, tra cui l&#8217;articolo 32 (Funzioni di indirizzo e coordinamento sull&#8217;attivit\u00e0 degli enti parco regionali. Vigilanza sulla gestione del parco) e l&#8217;articolo 65 (Sanzioni in materia di valutazione di incidenza).<\/p>\n\n\n\n<hr class=\"wp-block-separator has-text-color has-ast-global-color-0-color has-alpha-channel-opacity has-ast-global-color-0-background-color has-background is-style-wide\"\/>\n\n\n\n<h4 class=\"wp-block-heading\"><a href=\"https:\/\/www.studiobrancaleone.it\/lex\/calabria-lr-24-05-2023-n-22.pdf\" target=\"_blank\" rel=\"noreferrer noopener\">Legge Regionale 24 maggio 2023, n. 22<\/a><\/h4>\n\n\n\n<p><em> Norme in materia di aree protette e sistema regionale della biodiversit\u00e0.<\/em><\/p>\n","protected":false},"excerpt":{"rendered":"<p>La regione Calabria, con legge n. 22\/2023, approva norme in materia di aree protette e sistema regionale della biodiversit\u00e0. La legge, in vigore dall&#8217;8 giugno 2023, disciplina l&#8217;istituzione e la gestione delle aree protette della Calabria al fine di garantire e promuovere la conservazione e la valorizzazione delle aree di particolare rilevanza naturalistica della Regione, [&hellip;]<\/p>\n","protected":false},"author":1,"featured_media":0,"comment_status":"closed","ping_status":"open","sticky":false,"template":"","format":"standard","meta":{"_uag_custom_page_level_css":"","site-sidebar-layout":"default","site-content-layout":"","ast-site-content-layout":"default","site-content-style":"default","site-sidebar-style":"default","ast-global-header-display":"","ast-banner-title-visibility":"","ast-main-header-display":"","ast-hfb-above-header-display":"","ast-hfb-below-header-display":"","ast-hfb-mobile-header-display":"","site-post-title":"","ast-breadcrumbs-content":"","ast-featured-img":"","footer-sml-layout":"","ast-disable-related-posts":"","theme-transparent-header-meta":"","adv-header-id-meta":"","stick-header-meta":"","header-above-stick-meta":"","header-main-stick-meta":"","header-below-stick-meta":"","astra-migrate-meta-layouts":"set","ast-page-background-enabled":"default","ast-page-background-meta":{"desktop":{"background-color":"var(--ast-global-color-4)","background-image":"","background-repeat":"repeat","background-position":"center center","background-size":"auto","background-attachment":"scroll","background-type":"","background-media":"","overlay-type":"","overlay-color":"","overlay-opacity":"","overlay-gradient":""},"tablet":{"background-color":"","background-image":"","background-repeat":"repeat","background-position":"center center","background-size":"auto","background-attachment":"scroll","background-type":"","background-media":"","overlay-type":"","overlay-color":"","overlay-opacity":"","overlay-gradient":""},"mobile":{"background-color":"","background-image":"","background-repeat":"repeat","background-position":"center center","background-size":"auto","background-attachment":"scroll","background-type":"","background-media":"","overlay-type":"","overlay-color":"","overlay-opacity":"","overlay-gradient":""}},"ast-content-background-meta":{"desktop":{"background-color":"var(--ast-global-color-5)","background-image":"","background-repeat":"repeat","background-position":"center center","background-size":"auto","background-attachment":"scroll","background-type":"","background-media":"","overlay-type":"","overlay-color":"","overlay-opacity":"","overlay-gradient":""},"tablet":{"background-color":"var(--ast-global-color-5)","background-image":"","background-repeat":"repeat","background-position":"center center","background-size":"auto","background-attachment":"scroll","background-type":"","background-media":"","overlay-type":"","overlay-color":"","overlay-opacity":"","overlay-gradient":""},"mobile":{"background-color":"var(--ast-global-color-5)","background-image":"","background-repeat":"repeat","background-position":"center center","background-size":"auto","background-attachment":"scroll","background-type":"","background-media":"","overlay-type":"","overlay-color":"","overlay-opacity":"","overlay-gradient":""}},"footnotes":""},"categories":[94,8],"tags":[122],"class_list":["post-9543","post","type-post","status-publish","format-standard","hentry","category-calabria","category-regionali","tag-ambiente"],"yoast_head":"<!-- This site is optimized with the Yoast SEO plugin v27.5 - https:\/\/yoast.com\/product\/yoast-seo-wordpress\/ -->\r\n<title>Calabria, Aree protette e biodiversit\u00e0 &#060; Studio Brancaleone<\/title>\r\n<meta name=\"description\" content=\"La regione Calabria, con legge n. 22\/2023, approva norme in materia di aree protette e sistema regionale della biodiversit\u00e0.\" \/>\r\n<meta name=\"robots\" content=\"index, follow, max-snippet:-1, max-image-preview:large, max-video-preview:-1\" \/>\r\n<link rel=\"canonical\" href=\"https:\/\/www.studiobrancaleone.it\/news\/calabria-aree-protette-e-biodiversita\/\" \/>\r\n<meta property=\"og:locale\" content=\"it_IT\" \/>\r\n<meta property=\"og:type\" content=\"article\" \/>\r\n<meta property=\"og:title\" content=\"Calabria, Aree protette e biodiversit\u00e0 &#060; Studio Brancaleone\" \/>\r\n<meta property=\"og:description\" content=\"La regione Calabria, con legge n. 22\/2023, approva norme in materia di aree protette e sistema regionale della biodiversit\u00e0.\" \/>\r\n<meta property=\"og:url\" content=\"https:\/\/www.studiobrancaleone.it\/news\/calabria-aree-protette-e-biodiversita\/\" \/>\r\n<meta property=\"og:site_name\" content=\"Studio Brancaleone\" \/>\r\n<meta property=\"article:published_time\" content=\"2023-05-29T07:04:00+00:00\" \/>\r\n<meta property=\"article:modified_time\" content=\"2023-09-29T09:54:14+00:00\" \/>\r\n<meta name=\"author\" content=\"Giorgio Ferrari\" \/>\r\n<meta name=\"twitter:card\" content=\"summary_large_image\" \/>\r\n<meta name=\"twitter:label1\" content=\"Scritto da\" \/>\n\t<meta name=\"twitter:data1\" content=\"Giorgio Ferrari\" \/>\n\t<meta name=\"twitter:label2\" content=\"Tempo di lettura stimato\" \/>\n\t<meta name=\"twitter:data2\" content=\"3 minuti\" \/>\r\n<script type=\"application\/ld+json\" class=\"yoast-schema-graph\">{\"@context\":\"https:\\\/\\\/schema.org\",\"@graph\":[{\"@type\":\"Article\",\"@id\":\"https:\\\/\\\/www.studiobrancaleone.it\\\/news\\\/calabria-aree-protette-e-biodiversita\\\/#article\",\"isPartOf\":{\"@id\":\"https:\\\/\\\/www.studiobrancaleone.it\\\/news\\\/calabria-aree-protette-e-biodiversita\\\/\"},\"author\":{\"name\":\"Giorgio Ferrari\",\"@id\":\"https:\\\/\\\/www.studiobrancaleone.it\\\/news\\\/#\\\/schema\\\/person\\\/da5920864810e22fb65389a0a5cff7e3\"},\"headline\":\"Calabria, Aree protette e biodiversit\u00e0\",\"datePublished\":\"2023-05-29T07:04:00+00:00\",\"dateModified\":\"2023-09-29T09:54:14+00:00\",\"mainEntityOfPage\":{\"@id\":\"https:\\\/\\\/www.studiobrancaleone.it\\\/news\\\/calabria-aree-protette-e-biodiversita\\\/\"},\"wordCount\":452,\"publisher\":{\"@id\":\"https:\\\/\\\/www.studiobrancaleone.it\\\/news\\\/#organization\"},\"keywords\":[\"Ambiente\"],\"articleSection\":[\"Calabria\",\"Regionali\"],\"inLanguage\":\"it-IT\"},{\"@type\":\"WebPage\",\"@id\":\"https:\\\/\\\/www.studiobrancaleone.it\\\/news\\\/calabria-aree-protette-e-biodiversita\\\/\",\"url\":\"https:\\\/\\\/www.studiobrancaleone.it\\\/news\\\/calabria-aree-protette-e-biodiversita\\\/\",\"name\":\"Calabria, Aree protette e biodiversit\u00e0 &#060; Studio Brancaleone\",\"isPartOf\":{\"@id\":\"https:\\\/\\\/www.studiobrancaleone.it\\\/news\\\/#website\"},\"datePublished\":\"2023-05-29T07:04:00+00:00\",\"dateModified\":\"2023-09-29T09:54:14+00:00\",\"description\":\"La regione Calabria, con legge n. 22\\\/2023, approva norme in materia di aree protette e sistema regionale della biodiversit\u00e0.\",\"breadcrumb\":{\"@id\":\"https:\\\/\\\/www.studiobrancaleone.it\\\/news\\\/calabria-aree-protette-e-biodiversita\\\/#breadcrumb\"},\"inLanguage\":\"it-IT\",\"potentialAction\":[{\"@type\":\"ReadAction\",\"target\":[\"https:\\\/\\\/www.studiobrancaleone.it\\\/news\\\/calabria-aree-protette-e-biodiversita\\\/\"]}]},{\"@type\":\"BreadcrumbList\",\"@id\":\"https:\\\/\\\/www.studiobrancaleone.it\\\/news\\\/calabria-aree-protette-e-biodiversita\\\/#breadcrumb\",\"itemListElement\":[{\"@type\":\"ListItem\",\"position\":1,\"name\":\"Home\",\"item\":\"https:\\\/\\\/www.studiobrancaleone.it\\\/news\\\/\"},{\"@type\":\"ListItem\",\"position\":2,\"name\":\"Calabria, Aree protette e biodiversit\u00e0\"}]},{\"@type\":\"WebSite\",\"@id\":\"https:\\\/\\\/www.studiobrancaleone.it\\\/news\\\/#website\",\"url\":\"https:\\\/\\\/www.studiobrancaleone.it\\\/news\\\/\",\"name\":\"Studio Brancaleone\",\"description\":\"Notizie giuridiche aggiornate regolarmente\",\"publisher\":{\"@id\":\"https:\\\/\\\/www.studiobrancaleone.it\\\/news\\\/#organization\"},\"potentialAction\":[{\"@type\":\"SearchAction\",\"target\":{\"@type\":\"EntryPoint\",\"urlTemplate\":\"https:\\\/\\\/www.studiobrancaleone.it\\\/news\\\/?s={search_term_string}\"},\"query-input\":{\"@type\":\"PropertyValueSpecification\",\"valueRequired\":true,\"valueName\":\"search_term_string\"}}],\"inLanguage\":\"it-IT\"},{\"@type\":\"Organization\",\"@id\":\"https:\\\/\\\/www.studiobrancaleone.it\\\/news\\\/#organization\",\"name\":\"Studio Brancaleone\",\"url\":\"https:\\\/\\\/www.studiobrancaleone.it\\\/news\\\/\",\"logo\":{\"@type\":\"ImageObject\",\"inLanguage\":\"it-IT\",\"@id\":\"https:\\\/\\\/www.studiobrancaleone.it\\\/news\\\/#\\\/schema\\\/logo\\\/image\\\/\",\"url\":\"https:\\\/\\\/www.studiobrancaleone.it\\\/news\\\/wp-content\\\/uploads\\\/2025\\\/02\\\/Testata-sito-scaled.webp\",\"contentUrl\":\"https:\\\/\\\/www.studiobrancaleone.it\\\/news\\\/wp-content\\\/uploads\\\/2025\\\/02\\\/Testata-sito-scaled.webp\",\"width\":2560,\"height\":481,\"caption\":\"Studio Brancaleone\"},\"image\":{\"@id\":\"https:\\\/\\\/www.studiobrancaleone.it\\\/news\\\/#\\\/schema\\\/logo\\\/image\\\/\"}},{\"@type\":\"Person\",\"@id\":\"https:\\\/\\\/www.studiobrancaleone.it\\\/news\\\/#\\\/schema\\\/person\\\/da5920864810e22fb65389a0a5cff7e3\",\"name\":\"Giorgio Ferrari\",\"image\":{\"@type\":\"ImageObject\",\"inLanguage\":\"it-IT\",\"@id\":\"https:\\\/\\\/secure.gravatar.com\\\/avatar\\\/e5a8c666e3c03788ccd80843664b7c6eb2fb548eb37bb5cd6598134bf5d56ae1?s=96&d=mm&r=g\",\"url\":\"https:\\\/\\\/secure.gravatar.com\\\/avatar\\\/e5a8c666e3c03788ccd80843664b7c6eb2fb548eb37bb5cd6598134bf5d56ae1?s=96&d=mm&r=g\",\"contentUrl\":\"https:\\\/\\\/secure.gravatar.com\\\/avatar\\\/e5a8c666e3c03788ccd80843664b7c6eb2fb548eb37bb5cd6598134bf5d56ae1?s=96&d=mm&r=g\",\"caption\":\"Giorgio Ferrari\"},\"sameAs\":[\"https:\\\/\\\/www.studiobrancaleone.it\\\/news\"],\"url\":\"https:\\\/\\\/www.studiobrancaleone.it\\\/news\\\/author\\\/giorfer\\\/\"}]}<\/script>\r\n<!-- \/ Yoast SEO plugin. -->","yoast_head_json":{"title":"Calabria, Aree protette e biodiversit\u00e0 &#060; Studio Brancaleone","description":"La regione Calabria, con legge n. 22\/2023, approva norme in materia di aree protette e sistema regionale della biodiversit\u00e0.","robots":{"index":"index","follow":"follow","max-snippet":"max-snippet:-1","max-image-preview":"max-image-preview:large","max-video-preview":"max-video-preview:-1"},"canonical":"https:\/\/www.studiobrancaleone.it\/news\/calabria-aree-protette-e-biodiversita\/","og_locale":"it_IT","og_type":"article","og_title":"Calabria, Aree protette e biodiversit\u00e0 &#060; Studio Brancaleone","og_description":"La regione Calabria, con legge n. 22\/2023, approva norme in materia di aree protette e sistema regionale della biodiversit\u00e0.","og_url":"https:\/\/www.studiobrancaleone.it\/news\/calabria-aree-protette-e-biodiversita\/","og_site_name":"Studio Brancaleone","article_published_time":"2023-05-29T07:04:00+00:00","article_modified_time":"2023-09-29T09:54:14+00:00","author":"Giorgio Ferrari","twitter_card":"summary_large_image","twitter_misc":{"Scritto da":"Giorgio Ferrari","Tempo di lettura stimato":"3 minuti"},"schema":{"@context":"https:\/\/schema.org","@graph":[{"@type":"Article","@id":"https:\/\/www.studiobrancaleone.it\/news\/calabria-aree-protette-e-biodiversita\/#article","isPartOf":{"@id":"https:\/\/www.studiobrancaleone.it\/news\/calabria-aree-protette-e-biodiversita\/"},"author":{"name":"Giorgio Ferrari","@id":"https:\/\/www.studiobrancaleone.it\/news\/#\/schema\/person\/da5920864810e22fb65389a0a5cff7e3"},"headline":"Calabria, Aree protette e biodiversit\u00e0","datePublished":"2023-05-29T07:04:00+00:00","dateModified":"2023-09-29T09:54:14+00:00","mainEntityOfPage":{"@id":"https:\/\/www.studiobrancaleone.it\/news\/calabria-aree-protette-e-biodiversita\/"},"wordCount":452,"publisher":{"@id":"https:\/\/www.studiobrancaleone.it\/news\/#organization"},"keywords":["Ambiente"],"articleSection":["Calabria","Regionali"],"inLanguage":"it-IT"},{"@type":"WebPage","@id":"https:\/\/www.studiobrancaleone.it\/news\/calabria-aree-protette-e-biodiversita\/","url":"https:\/\/www.studiobrancaleone.it\/news\/calabria-aree-protette-e-biodiversita\/","name":"Calabria, Aree protette e biodiversit\u00e0 &#060; Studio Brancaleone","isPartOf":{"@id":"https:\/\/www.studiobrancaleone.it\/news\/#website"},"datePublished":"2023-05-29T07:04:00+00:00","dateModified":"2023-09-29T09:54:14+00:00","description":"La regione Calabria, con legge n. 22\/2023, approva norme in materia di aree protette e sistema regionale della biodiversit\u00e0.","breadcrumb":{"@id":"https:\/\/www.studiobrancaleone.it\/news\/calabria-aree-protette-e-biodiversita\/#breadcrumb"},"inLanguage":"it-IT","potentialAction":[{"@type":"ReadAction","target":["https:\/\/www.studiobrancaleone.it\/news\/calabria-aree-protette-e-biodiversita\/"]}]},{"@type":"BreadcrumbList","@id":"https:\/\/www.studiobrancaleone.it\/news\/calabria-aree-protette-e-biodiversita\/#breadcrumb","itemListElement":[{"@type":"ListItem","position":1,"name":"Home","item":"https:\/\/www.studiobrancaleone.it\/news\/"},{"@type":"ListItem","position":2,"name":"Calabria, Aree protette e biodiversit\u00e0"}]},{"@type":"WebSite","@id":"https:\/\/www.studiobrancaleone.it\/news\/#website","url":"https:\/\/www.studiobrancaleone.it\/news\/","name":"Studio Brancaleone","description":"Notizie giuridiche aggiornate regolarmente","publisher":{"@id":"https:\/\/www.studiobrancaleone.it\/news\/#organization"},"potentialAction":[{"@type":"SearchAction","target":{"@type":"EntryPoint","urlTemplate":"https:\/\/www.studiobrancaleone.it\/news\/?s={search_term_string}"},"query-input":{"@type":"PropertyValueSpecification","valueRequired":true,"valueName":"search_term_string"}}],"inLanguage":"it-IT"},{"@type":"Organization","@id":"https:\/\/www.studiobrancaleone.it\/news\/#organization","name":"Studio Brancaleone","url":"https:\/\/www.studiobrancaleone.it\/news\/","logo":{"@type":"ImageObject","inLanguage":"it-IT","@id":"https:\/\/www.studiobrancaleone.it\/news\/#\/schema\/logo\/image\/","url":"https:\/\/www.studiobrancaleone.it\/news\/wp-content\/uploads\/2025\/02\/Testata-sito-scaled.webp","contentUrl":"https:\/\/www.studiobrancaleone.it\/news\/wp-content\/uploads\/2025\/02\/Testata-sito-scaled.webp","width":2560,"height":481,"caption":"Studio Brancaleone"},"image":{"@id":"https:\/\/www.studiobrancaleone.it\/news\/#\/schema\/logo\/image\/"}},{"@type":"Person","@id":"https:\/\/www.studiobrancaleone.it\/news\/#\/schema\/person\/da5920864810e22fb65389a0a5cff7e3","name":"Giorgio Ferrari","image":{"@type":"ImageObject","inLanguage":"it-IT","@id":"https:\/\/secure.gravatar.com\/avatar\/e5a8c666e3c03788ccd80843664b7c6eb2fb548eb37bb5cd6598134bf5d56ae1?s=96&d=mm&r=g","url":"https:\/\/secure.gravatar.com\/avatar\/e5a8c666e3c03788ccd80843664b7c6eb2fb548eb37bb5cd6598134bf5d56ae1?s=96&d=mm&r=g","contentUrl":"https:\/\/secure.gravatar.com\/avatar\/e5a8c666e3c03788ccd80843664b7c6eb2fb548eb37bb5cd6598134bf5d56ae1?s=96&d=mm&r=g","caption":"Giorgio Ferrari"},"sameAs":["https:\/\/www.studiobrancaleone.it\/news"],"url":"https:\/\/www.studiobrancaleone.it\/news\/author\/giorfer\/"}]}},"uagb_featured_image_src":{"full":false,"thumbnail":false,"medium":false,"medium_large":false,"large":false,"1536x1536":false,"2048x2048":false},"uagb_author_info":{"display_name":"Giorgio Ferrari","author_link":"https:\/\/www.studiobrancaleone.it\/news\/author\/giorfer\/"},"uagb_comment_info":0,"uagb_excerpt":"La regione Calabria, con legge n. 22\/2023, approva norme in materia di aree protette e sistema regionale della biodiversit\u00e0. La legge, in vigore dall&#8217;8 giugno 2023, disciplina l&#8217;istituzione e la gestione delle aree protette della Calabria al fine di garantire e promuovere la conservazione e la valorizzazione delle aree di particolare rilevanza naturalistica della Regione,&hellip;","_links":{"self":[{"href":"https:\/\/www.studiobrancaleone.it\/news\/wp-json\/wp\/v2\/posts\/9543","targetHints":{"allow":["GET"]}}],"collection":[{"href":"https:\/\/www.studiobrancaleone.it\/news\/wp-json\/wp\/v2\/posts"}],"about":[{"href":"https:\/\/www.studiobrancaleone.it\/news\/wp-json\/wp\/v2\/types\/post"}],"author":[{"embeddable":true,"href":"https:\/\/www.studiobrancaleone.it\/news\/wp-json\/wp\/v2\/users\/1"}],"replies":[{"embeddable":true,"href":"https:\/\/www.studiobrancaleone.it\/news\/wp-json\/wp\/v2\/comments?post=9543"}],"version-history":[{"count":0,"href":"https:\/\/www.studiobrancaleone.it\/news\/wp-json\/wp\/v2\/posts\/9543\/revisions"}],"wp:attachment":[{"href":"https:\/\/www.studiobrancaleone.it\/news\/wp-json\/wp\/v2\/media?parent=9543"}],"wp:term":[{"taxonomy":"category","embeddable":true,"href":"https:\/\/www.studiobrancaleone.it\/news\/wp-json\/wp\/v2\/categories?post=9543"},{"taxonomy":"post_tag","embeddable":true,"href":"https:\/\/www.studiobrancaleone.it\/news\/wp-json\/wp\/v2\/tags?post=9543"}],"curies":[{"name":"wp","href":"https:\/\/api.w.org\/{rel}","templated":true}]}}