{"id":9782,"date":"2023-06-12T09:58:45","date_gmt":"2023-06-12T07:58:45","guid":{"rendered":"https:\/\/www.studiobrancaleone.it\/news\/?p=9782"},"modified":"2023-06-12T09:58:50","modified_gmt":"2023-06-12T07:58:50","slug":"piemonte-bando-digitalizzazione-imprese","status":"publish","type":"post","link":"https:\/\/www.studiobrancaleone.it\/news\/piemonte-bando-digitalizzazione-imprese\/","title":{"rendered":"Piemonte, Bando digitalizzazione imprese"},"content":{"rendered":"\n<p>La Regione Piemonte ha pubblicato il bando per la <strong>digitalizzazione <\/strong>ed <strong>efficientamento produttivo<\/strong> delle imprese del territorio, nell\u2019ambito del Fondo europeo di sviluppo regionale (<strong>Fesr<\/strong>), tra gli interventi previsti <strong>cybersecurity<\/strong>, <strong>protezione ambientale<\/strong> inclusa la <strong>decarbonizzazione<\/strong> e <strong>sostenibilit\u00e0 <\/strong>dei processi.<\/p>\n\n\n\n<h2 class=\"wp-block-heading\">Bando digitalizzazione<\/h2>\n\n\n\n<p>Il bando per la <strong>digitalizzazione <\/strong>del Piemonte, che si avvale di una dotazione di <strong>80 milioni di euro<\/strong>, prevede due linee di intervento:<\/p>\n\n\n\n<ul class=\"wp-block-list\">\n<li><strong>digitalizzazione<\/strong> per diffusione delle tecnologie digitali con investimenti in infrastrutture digitali, cybersecurity, sistemi integrati, commercio elettronico, e-business, processi in rete, tecnologie emergenti, aumento della protezione ambientale inclusa la decarbonizzazione, acquisto di sistemi 5G, cloud e di pagamento mobile, manifatture additiva e stampa 3D (50 milioni);<\/li>\n\n\n\n<li><strong>efficientamento produttivo<\/strong>, con priorit\u00e0 a progetti di investimento finalizzati a migliorare la competitivit\u00e0 e la sostenibilit\u00e0 dei processi e dei prodotti\/servizi (30 milioni).<\/li>\n<\/ul>\n\n\n\n<h2 class=\"wp-block-heading\">Destinatari<\/h2>\n\n\n\n<p>Micro e piccole imprese, medie imprese, imprese a media capitalizzazione con un processo produttivo attivo.<\/p>\n\n\n\n<h2 class=\"wp-block-heading\">Contributi previsti<\/h2>\n\n\n\n<p>I progetti dovranno avere una durata massima di <strong>18 mesi <\/strong>e un importo minimo di <strong>50.000 euro<\/strong> per le micro e piccole imprese, <strong>100.000 euro<\/strong> per le medie imprese, <strong>250.000 euro<\/strong> per le imprese a media capitalizzazione. <\/p>\n\n\n\n<p>L\u2019importo massimo dei costi ammissibili \u00e8 invece fissato in <strong>3 milioni di euro<\/strong>. <\/p>\n\n\n\n<p>Il contributo potr\u00e0 avvenire tramite <strong>finanziamento agevolato<\/strong> combinato con <strong>sovvenzione a fondo perduto<\/strong>.<\/p>\n\n\n\n<h2 class=\"wp-block-heading\">Spese ammissibili<\/h2>\n\n\n\n<p>Le spese potranno coprire costi per:<\/p>\n\n\n\n<ul class=\"wp-block-list\">\n<li>acquisto di macchinari e attrezzature,<\/li>\n\n\n\n<li>installazione e posa in opera degli impianti, <\/li>\n\n\n\n<li>diritti di propriet\u00e0 intellettuale, <\/li>\n\n\n\n<li>progettazione e sviluppo. <\/li>\n<\/ul>\n\n\n\n<h2 class=\"wp-block-heading\">Apertura bando<\/h2>\n\n\n\n<p>La data presunta di apertura del bando \u00e8 il 29 giugno 2023 qualora la pubblicazione del regolamento di modifica del Regolamento (UE) n. 651\/2014 avvenga entro il 22 giugno 2023; altrimenti il settimo giorno di calendario successivo al giorno di pubblicazione del Regolamento.<\/p>\n\n\n\n<hr class=\"wp-block-separator has-text-color has-ast-global-color-0-color has-alpha-channel-opacity has-ast-global-color-0-background-color has-background is-style-wide\"\/>\n\n\n\n<p>Sito internet: Regione Piemonte<\/p>\n\n\n\n<p><strong>Per informazioni<\/strong><\/p>\n\n\n\n<p><a href=\"https:\/\/bandi.regione.piemonte.it\/pre-informazione-fondi-ue\/digitalizzazione-efficientamento-produttivo-imprese\" target=\"_blank\" rel=\"noreferrer noopener\">Bando digitalizzazione imprese<\/a><\/p>\n","protected":false},"excerpt":{"rendered":"<p>La Regione Piemonte ha pubblicato il bando per la digitalizzazione ed efficientamento produttivo delle imprese del territorio, nell\u2019ambito del Fondo europeo di sviluppo regionale (Fesr), tra gli interventi previsti cybersecurity, protezione ambientale inclusa la decarbonizzazione e sostenibilit\u00e0 dei processi. Bando digitalizzazione Il bando per la digitalizzazione del Piemonte, che si avvale di una dotazione di [&hellip;]<\/p>\n","protected":false},"author":2,"featured_media":0,"comment_status":"closed","ping_status":"open","sticky":false,"template":"","format":"standard","meta":{"_uag_custom_page_level_css":"","site-sidebar-layout":"default","site-content-layout":"","ast-site-content-layout":"default","site-content-style":"default","site-sidebar-style":"default","ast-global-header-display":"","ast-banner-title-visibility":"","ast-main-header-display":"","ast-hfb-above-header-display":"","ast-hfb-below-header-display":"","ast-hfb-mobile-header-display":"","site-post-title":"","ast-breadcrumbs-content":"","ast-featured-img":"","footer-sml-layout":"","ast-disable-related-posts":"","theme-transparent-header-meta":"","adv-header-id-meta":"","stick-header-meta":"","header-above-stick-meta":"","header-main-stick-meta":"","header-below-stick-meta":"","astra-migrate-meta-layouts":"default","ast-page-background-enabled":"default","ast-page-background-meta":{"desktop":{"background-color":"var(--ast-global-color-4)","background-image":"","background-repeat":"repeat","background-position":"center center","background-size":"auto","background-attachment":"scroll","background-type":"","background-media":"","overlay-type":"","overlay-color":"","overlay-opacity":"","overlay-gradient":""},"tablet":{"background-color":"","background-image":"","background-repeat":"repeat","background-position":"center center","background-size":"auto","background-attachment":"scroll","background-type":"","background-media":"","overlay-type":"","overlay-color":"","overlay-opacity":"","overlay-gradient":""},"mobile":{"background-color":"","background-image":"","background-repeat":"repeat","background-position":"center center","background-size":"auto","background-attachment":"scroll","background-type":"","background-media":"","overlay-type":"","overlay-color":"","overlay-opacity":"","overlay-gradient":""}},"ast-content-background-meta":{"desktop":{"background-color":"var(--ast-global-color-5)","background-image":"","background-repeat":"repeat","background-position":"center center","background-size":"auto","background-attachment":"scroll","background-type":"","background-media":"","overlay-type":"","overlay-color":"","overlay-opacity":"","overlay-gradient":""},"tablet":{"background-color":"var(--ast-global-color-5)","background-image":"","background-repeat":"repeat","background-position":"center center","background-size":"auto","background-attachment":"scroll","background-type":"","background-media":"","overlay-type":"","overlay-color":"","overlay-opacity":"","overlay-gradient":""},"mobile":{"background-color":"var(--ast-global-color-5)","background-image":"","background-repeat":"repeat","background-position":"center center","background-size":"auto","background-attachment":"scroll","background-type":"","background-media":"","overlay-type":"","overlay-color":"","overlay-opacity":"","overlay-gradient":""}},"footnotes":""},"categories":[10],"tags":[],"class_list":["post-9782","post","type-post","status-publish","format-standard","hentry","category-finanziamenti"],"yoast_head":"<!-- This site is optimized with the Yoast SEO plugin v27.5 - https:\/\/yoast.com\/product\/yoast-seo-wordpress\/ -->\r\n<title>Piemonte, Bando digitalizzazione imprese &#060; Studio Brancaleone<\/title>\r\n<meta name=\"robots\" content=\"index, follow, max-snippet:-1, max-image-preview:large, max-video-preview:-1\" \/>\r\n<link rel=\"canonical\" href=\"https:\/\/www.studiobrancaleone.it\/news\/piemonte-bando-digitalizzazione-imprese\/\" \/>\r\n<meta property=\"og:locale\" content=\"it_IT\" \/>\r\n<meta property=\"og:type\" content=\"article\" \/>\r\n<meta property=\"og:title\" content=\"Piemonte, Bando digitalizzazione imprese &#060; Studio Brancaleone\" \/>\r\n<meta property=\"og:description\" content=\"La Regione Piemonte ha pubblicato il bando per la digitalizzazione ed efficientamento produttivo delle imprese del territorio, nell\u2019ambito del Fondo europeo di sviluppo regionale (Fesr), tra gli interventi previsti cybersecurity, protezione ambientale inclusa la decarbonizzazione e sostenibilit\u00e0 dei processi. Bando digitalizzazione Il bando per la digitalizzazione del Piemonte, che si avvale di una dotazione di [&hellip;]\" \/>\r\n<meta property=\"og:url\" content=\"https:\/\/www.studiobrancaleone.it\/news\/piemonte-bando-digitalizzazione-imprese\/\" \/>\r\n<meta property=\"og:site_name\" content=\"Studio Brancaleone\" \/>\r\n<meta property=\"article:published_time\" content=\"2023-06-12T07:58:45+00:00\" \/>\r\n<meta property=\"article:modified_time\" content=\"2023-06-12T07:58:50+00:00\" \/>\r\n<meta name=\"author\" content=\"Ivana Brancaleone\" \/>\r\n<meta name=\"twitter:card\" content=\"summary_large_image\" \/>\r\n<meta name=\"twitter:label1\" content=\"Scritto da\" \/>\n\t<meta name=\"twitter:data1\" content=\"Ivana Brancaleone\" \/>\n\t<meta name=\"twitter:label2\" content=\"Tempo di lettura stimato\" \/>\n\t<meta name=\"twitter:data2\" content=\"2 minuti\" \/>\r\n<script type=\"application\/ld+json\" class=\"yoast-schema-graph\">{\"@context\":\"https:\\\/\\\/schema.org\",\"@graph\":[{\"@type\":\"Article\",\"@id\":\"https:\\\/\\\/www.studiobrancaleone.it\\\/news\\\/piemonte-bando-digitalizzazione-imprese\\\/#article\",\"isPartOf\":{\"@id\":\"https:\\\/\\\/www.studiobrancaleone.it\\\/news\\\/piemonte-bando-digitalizzazione-imprese\\\/\"},\"author\":{\"name\":\"Ivana Brancaleone\",\"@id\":\"https:\\\/\\\/www.studiobrancaleone.it\\\/news\\\/#\\\/schema\\\/person\\\/3df132515081baef5f0ea457e1dfcf6d\"},\"headline\":\"Piemonte, Bando digitalizzazione imprese\",\"datePublished\":\"2023-06-12T07:58:45+00:00\",\"dateModified\":\"2023-06-12T07:58:50+00:00\",\"mainEntityOfPage\":{\"@id\":\"https:\\\/\\\/www.studiobrancaleone.it\\\/news\\\/piemonte-bando-digitalizzazione-imprese\\\/\"},\"wordCount\":286,\"publisher\":{\"@id\":\"https:\\\/\\\/www.studiobrancaleone.it\\\/news\\\/#organization\"},\"articleSection\":[\"Finanziamenti\"],\"inLanguage\":\"it-IT\"},{\"@type\":\"WebPage\",\"@id\":\"https:\\\/\\\/www.studiobrancaleone.it\\\/news\\\/piemonte-bando-digitalizzazione-imprese\\\/\",\"url\":\"https:\\\/\\\/www.studiobrancaleone.it\\\/news\\\/piemonte-bando-digitalizzazione-imprese\\\/\",\"name\":\"Piemonte, Bando digitalizzazione imprese &#060; Studio Brancaleone\",\"isPartOf\":{\"@id\":\"https:\\\/\\\/www.studiobrancaleone.it\\\/news\\\/#website\"},\"datePublished\":\"2023-06-12T07:58:45+00:00\",\"dateModified\":\"2023-06-12T07:58:50+00:00\",\"breadcrumb\":{\"@id\":\"https:\\\/\\\/www.studiobrancaleone.it\\\/news\\\/piemonte-bando-digitalizzazione-imprese\\\/#breadcrumb\"},\"inLanguage\":\"it-IT\",\"potentialAction\":[{\"@type\":\"ReadAction\",\"target\":[\"https:\\\/\\\/www.studiobrancaleone.it\\\/news\\\/piemonte-bando-digitalizzazione-imprese\\\/\"]}]},{\"@type\":\"BreadcrumbList\",\"@id\":\"https:\\\/\\\/www.studiobrancaleone.it\\\/news\\\/piemonte-bando-digitalizzazione-imprese\\\/#breadcrumb\",\"itemListElement\":[{\"@type\":\"ListItem\",\"position\":1,\"name\":\"Home\",\"item\":\"https:\\\/\\\/www.studiobrancaleone.it\\\/news\\\/\"},{\"@type\":\"ListItem\",\"position\":2,\"name\":\"Piemonte, Bando digitalizzazione imprese\"}]},{\"@type\":\"WebSite\",\"@id\":\"https:\\\/\\\/www.studiobrancaleone.it\\\/news\\\/#website\",\"url\":\"https:\\\/\\\/www.studiobrancaleone.it\\\/news\\\/\",\"name\":\"Studio Brancaleone\",\"description\":\"Notizie giuridiche aggiornate regolarmente\",\"publisher\":{\"@id\":\"https:\\\/\\\/www.studiobrancaleone.it\\\/news\\\/#organization\"},\"potentialAction\":[{\"@type\":\"SearchAction\",\"target\":{\"@type\":\"EntryPoint\",\"urlTemplate\":\"https:\\\/\\\/www.studiobrancaleone.it\\\/news\\\/?s={search_term_string}\"},\"query-input\":{\"@type\":\"PropertyValueSpecification\",\"valueRequired\":true,\"valueName\":\"search_term_string\"}}],\"inLanguage\":\"it-IT\"},{\"@type\":\"Organization\",\"@id\":\"https:\\\/\\\/www.studiobrancaleone.it\\\/news\\\/#organization\",\"name\":\"Studio Brancaleone\",\"url\":\"https:\\\/\\\/www.studiobrancaleone.it\\\/news\\\/\",\"logo\":{\"@type\":\"ImageObject\",\"inLanguage\":\"it-IT\",\"@id\":\"https:\\\/\\\/www.studiobrancaleone.it\\\/news\\\/#\\\/schema\\\/logo\\\/image\\\/\",\"url\":\"https:\\\/\\\/www.studiobrancaleone.it\\\/news\\\/wp-content\\\/uploads\\\/2025\\\/02\\\/Testata-sito-scaled.webp\",\"contentUrl\":\"https:\\\/\\\/www.studiobrancaleone.it\\\/news\\\/wp-content\\\/uploads\\\/2025\\\/02\\\/Testata-sito-scaled.webp\",\"width\":2560,\"height\":481,\"caption\":\"Studio Brancaleone\"},\"image\":{\"@id\":\"https:\\\/\\\/www.studiobrancaleone.it\\\/news\\\/#\\\/schema\\\/logo\\\/image\\\/\"}},{\"@type\":\"Person\",\"@id\":\"https:\\\/\\\/www.studiobrancaleone.it\\\/news\\\/#\\\/schema\\\/person\\\/3df132515081baef5f0ea457e1dfcf6d\",\"name\":\"Ivana Brancaleone\",\"image\":{\"@type\":\"ImageObject\",\"inLanguage\":\"it-IT\",\"@id\":\"https:\\\/\\\/secure.gravatar.com\\\/avatar\\\/9f6d2be41a5115d34c5114a0a78ade583fa3a3bd63a144dfc88c9da356eca16c?s=96&d=mm&r=g\",\"url\":\"https:\\\/\\\/secure.gravatar.com\\\/avatar\\\/9f6d2be41a5115d34c5114a0a78ade583fa3a3bd63a144dfc88c9da356eca16c?s=96&d=mm&r=g\",\"contentUrl\":\"https:\\\/\\\/secure.gravatar.com\\\/avatar\\\/9f6d2be41a5115d34c5114a0a78ade583fa3a3bd63a144dfc88c9da356eca16c?s=96&d=mm&r=g\",\"caption\":\"Ivana Brancaleone\"},\"url\":\"https:\\\/\\\/www.studiobrancaleone.it\\\/news\\\/author\\\/ivanbra\\\/\"}]}<\/script>\r\n<!-- \/ Yoast SEO plugin. -->","yoast_head_json":{"title":"Piemonte, Bando digitalizzazione imprese &#060; Studio Brancaleone","robots":{"index":"index","follow":"follow","max-snippet":"max-snippet:-1","max-image-preview":"max-image-preview:large","max-video-preview":"max-video-preview:-1"},"canonical":"https:\/\/www.studiobrancaleone.it\/news\/piemonte-bando-digitalizzazione-imprese\/","og_locale":"it_IT","og_type":"article","og_title":"Piemonte, Bando digitalizzazione imprese &#060; Studio Brancaleone","og_description":"La Regione Piemonte ha pubblicato il bando per la digitalizzazione ed efficientamento produttivo delle imprese del territorio, nell\u2019ambito del Fondo europeo di sviluppo regionale (Fesr), tra gli interventi previsti cybersecurity, protezione ambientale inclusa la decarbonizzazione e sostenibilit\u00e0 dei processi. Bando digitalizzazione Il bando per la digitalizzazione del Piemonte, che si avvale di una dotazione di [&hellip;]","og_url":"https:\/\/www.studiobrancaleone.it\/news\/piemonte-bando-digitalizzazione-imprese\/","og_site_name":"Studio Brancaleone","article_published_time":"2023-06-12T07:58:45+00:00","article_modified_time":"2023-06-12T07:58:50+00:00","author":"Ivana Brancaleone","twitter_card":"summary_large_image","twitter_misc":{"Scritto da":"Ivana Brancaleone","Tempo di lettura stimato":"2 minuti"},"schema":{"@context":"https:\/\/schema.org","@graph":[{"@type":"Article","@id":"https:\/\/www.studiobrancaleone.it\/news\/piemonte-bando-digitalizzazione-imprese\/#article","isPartOf":{"@id":"https:\/\/www.studiobrancaleone.it\/news\/piemonte-bando-digitalizzazione-imprese\/"},"author":{"name":"Ivana Brancaleone","@id":"https:\/\/www.studiobrancaleone.it\/news\/#\/schema\/person\/3df132515081baef5f0ea457e1dfcf6d"},"headline":"Piemonte, Bando digitalizzazione imprese","datePublished":"2023-06-12T07:58:45+00:00","dateModified":"2023-06-12T07:58:50+00:00","mainEntityOfPage":{"@id":"https:\/\/www.studiobrancaleone.it\/news\/piemonte-bando-digitalizzazione-imprese\/"},"wordCount":286,"publisher":{"@id":"https:\/\/www.studiobrancaleone.it\/news\/#organization"},"articleSection":["Finanziamenti"],"inLanguage":"it-IT"},{"@type":"WebPage","@id":"https:\/\/www.studiobrancaleone.it\/news\/piemonte-bando-digitalizzazione-imprese\/","url":"https:\/\/www.studiobrancaleone.it\/news\/piemonte-bando-digitalizzazione-imprese\/","name":"Piemonte, Bando digitalizzazione imprese &#060; Studio Brancaleone","isPartOf":{"@id":"https:\/\/www.studiobrancaleone.it\/news\/#website"},"datePublished":"2023-06-12T07:58:45+00:00","dateModified":"2023-06-12T07:58:50+00:00","breadcrumb":{"@id":"https:\/\/www.studiobrancaleone.it\/news\/piemonte-bando-digitalizzazione-imprese\/#breadcrumb"},"inLanguage":"it-IT","potentialAction":[{"@type":"ReadAction","target":["https:\/\/www.studiobrancaleone.it\/news\/piemonte-bando-digitalizzazione-imprese\/"]}]},{"@type":"BreadcrumbList","@id":"https:\/\/www.studiobrancaleone.it\/news\/piemonte-bando-digitalizzazione-imprese\/#breadcrumb","itemListElement":[{"@type":"ListItem","position":1,"name":"Home","item":"https:\/\/www.studiobrancaleone.it\/news\/"},{"@type":"ListItem","position":2,"name":"Piemonte, Bando digitalizzazione imprese"}]},{"@type":"WebSite","@id":"https:\/\/www.studiobrancaleone.it\/news\/#website","url":"https:\/\/www.studiobrancaleone.it\/news\/","name":"Studio Brancaleone","description":"Notizie giuridiche aggiornate regolarmente","publisher":{"@id":"https:\/\/www.studiobrancaleone.it\/news\/#organization"},"potentialAction":[{"@type":"SearchAction","target":{"@type":"EntryPoint","urlTemplate":"https:\/\/www.studiobrancaleone.it\/news\/?s={search_term_string}"},"query-input":{"@type":"PropertyValueSpecification","valueRequired":true,"valueName":"search_term_string"}}],"inLanguage":"it-IT"},{"@type":"Organization","@id":"https:\/\/www.studiobrancaleone.it\/news\/#organization","name":"Studio Brancaleone","url":"https:\/\/www.studiobrancaleone.it\/news\/","logo":{"@type":"ImageObject","inLanguage":"it-IT","@id":"https:\/\/www.studiobrancaleone.it\/news\/#\/schema\/logo\/image\/","url":"https:\/\/www.studiobrancaleone.it\/news\/wp-content\/uploads\/2025\/02\/Testata-sito-scaled.webp","contentUrl":"https:\/\/www.studiobrancaleone.it\/news\/wp-content\/uploads\/2025\/02\/Testata-sito-scaled.webp","width":2560,"height":481,"caption":"Studio Brancaleone"},"image":{"@id":"https:\/\/www.studiobrancaleone.it\/news\/#\/schema\/logo\/image\/"}},{"@type":"Person","@id":"https:\/\/www.studiobrancaleone.it\/news\/#\/schema\/person\/3df132515081baef5f0ea457e1dfcf6d","name":"Ivana Brancaleone","image":{"@type":"ImageObject","inLanguage":"it-IT","@id":"https:\/\/secure.gravatar.com\/avatar\/9f6d2be41a5115d34c5114a0a78ade583fa3a3bd63a144dfc88c9da356eca16c?s=96&d=mm&r=g","url":"https:\/\/secure.gravatar.com\/avatar\/9f6d2be41a5115d34c5114a0a78ade583fa3a3bd63a144dfc88c9da356eca16c?s=96&d=mm&r=g","contentUrl":"https:\/\/secure.gravatar.com\/avatar\/9f6d2be41a5115d34c5114a0a78ade583fa3a3bd63a144dfc88c9da356eca16c?s=96&d=mm&r=g","caption":"Ivana Brancaleone"},"url":"https:\/\/www.studiobrancaleone.it\/news\/author\/ivanbra\/"}]}},"uagb_featured_image_src":{"full":false,"thumbnail":false,"medium":false,"medium_large":false,"large":false,"1536x1536":false,"2048x2048":false},"uagb_author_info":{"display_name":"Ivana Brancaleone","author_link":"https:\/\/www.studiobrancaleone.it\/news\/author\/ivanbra\/"},"uagb_comment_info":0,"uagb_excerpt":"La Regione Piemonte ha pubblicato il bando per la digitalizzazione ed efficientamento produttivo delle imprese del territorio, nell\u2019ambito del Fondo europeo di sviluppo regionale (Fesr), tra gli interventi previsti cybersecurity, protezione ambientale inclusa la decarbonizzazione e sostenibilit\u00e0 dei processi. Bando digitalizzazione Il bando per la digitalizzazione del Piemonte, che si avvale di una dotazione di&hellip;","_links":{"self":[{"href":"https:\/\/www.studiobrancaleone.it\/news\/wp-json\/wp\/v2\/posts\/9782","targetHints":{"allow":["GET"]}}],"collection":[{"href":"https:\/\/www.studiobrancaleone.it\/news\/wp-json\/wp\/v2\/posts"}],"about":[{"href":"https:\/\/www.studiobrancaleone.it\/news\/wp-json\/wp\/v2\/types\/post"}],"author":[{"embeddable":true,"href":"https:\/\/www.studiobrancaleone.it\/news\/wp-json\/wp\/v2\/users\/2"}],"replies":[{"embeddable":true,"href":"https:\/\/www.studiobrancaleone.it\/news\/wp-json\/wp\/v2\/comments?post=9782"}],"version-history":[{"count":0,"href":"https:\/\/www.studiobrancaleone.it\/news\/wp-json\/wp\/v2\/posts\/9782\/revisions"}],"wp:attachment":[{"href":"https:\/\/www.studiobrancaleone.it\/news\/wp-json\/wp\/v2\/media?parent=9782"}],"wp:term":[{"taxonomy":"category","embeddable":true,"href":"https:\/\/www.studiobrancaleone.it\/news\/wp-json\/wp\/v2\/categories?post=9782"},{"taxonomy":"post_tag","embeddable":true,"href":"https:\/\/www.studiobrancaleone.it\/news\/wp-json\/wp\/v2\/tags?post=9782"}],"curies":[{"name":"wp","href":"https:\/\/api.w.org\/{rel}","templated":true}]}}